{"id":25362,"date":"2016-09-22T15:01:40","date_gmt":"2016-09-22T15:01:40","guid":{"rendered":"https:\/\/abarevegan.com.br\/index.php\/2016\/09\/22\/crm-e-governo-nao-vao-punir-medica-apos-agredir-crianca-com-down\/"},"modified":"2016-09-22T15:01:40","modified_gmt":"2016-09-22T15:01:40","slug":"crm-e-governo-nao-vao-punir-medica-apos-agredir-crianca-com-down","status":"publish","type":"post","link":"https:\/\/nk7-testes.com.br\/agazeta\/crm-e-governo-nao-vao-punir-medica-apos-agredir-crianca-com-down\/","title":{"rendered":"CRM e Governo n\u00e3o v\u00e3o punir m\u00e9dica ap\u00f3s agredir crian\u00e7a"},"content":{"rendered":"<p style=\"text-align: justify;\">&#8220;Ele tem que ser respeitado por ser humano&#8221;<\/p>\n<p style=\"text-align: justify;\">O Conselho Regional de Medicina e o Governo do Estado n\u00e3o ir\u00e3o punir a m\u00e9dica Sirl\u00e2ndia Brito pela agress\u00e3o a uma crian\u00e7a com S\u00edndrome de Down em uma unidade administrativa da Unimed. Sirl\u00e2ndia Brito, a m\u00e9dica acusada, \u00b4trabalha para o Governo do Estado em Feij\u00f3.<\/p>\n<p style=\"text-align: justify;\">O CRM argumenta que, embora o caso seja lament\u00e1vel, n\u00e3o h\u00e1 como investigar o caso porque a m\u00e9dica n\u00e3o estava no exerc\u00edcio da profiss\u00e3o. O Governo do Estado acompanha racioc\u00ednio semelhante. O argumento da Secretaria de Estado de Sa\u00fade \u00e9 que o problema n\u00e3o ocorreu em uma unidade p\u00fablica.<\/p>\n<p style=\"text-align: justify;\">O caso ocorreu na quarta-feira, dia 14, e foi registrado pelas c\u00e2meras de seguran\u00e7a. Al\u00e9m de bater no garoto, a m\u00e9dica continuou a agress\u00e3o, com palavras. Mesmo ap\u00f3s ser informada pela m\u00e3e do menino que ele tinha a doen\u00e7a, Sirl\u00e2ndia n\u00e3o hesitou.<\/p>\n<p style=\"text-align: justify;\">\u201cEla come\u00e7ou a xingar ele <em>(sic)<\/em>. Disse que ele era doido, que era d\u00e9bil mental, que crian\u00e7a como ele n\u00e3o podia andar em sociedade, que tinha que andar amarrado\u201d, indigna-se a m\u00e3e Liliane de Aguiar Carlos Pereira. \u201cEu fiquei muito nervosa e comecei a chorar. Eu travei. Nesse momento do xingamento, eu n\u00e3o sabia que ela tinha batido nele. Uma mo\u00e7a que estava sendo atendida foi quem me informou\u201d.<\/p>\n<p style=\"text-align: justify;\">Liliane de Aguiar Carlos Pereira relata que o marido chegou momentos ap\u00f3s e buscou saber quem havia batido no filho. O marido da m\u00e9dica que a acompanhava disse que \u201chavia sido um reflexo\u201d (uma rea\u00e7\u00e3o autom\u00e1tica da m\u00e9dica).<\/p>\n<p style=\"text-align: justify;\">A m\u00e9dica, segundo declara\u00e7\u00e3o da m\u00e3e, continuou a falar palavr\u00f5es em rela\u00e7\u00e3o ao garoto e \u00e0 fam\u00edlia. A seguran\u00e7a do local foi acionada. O guarda e o pr\u00f3prio marido da m\u00e9dica tentaram acalm\u00e1-la. Mas, mesmo assim, as agress\u00f5es verbais continuavam.<\/p>\n<p style=\"text-align: justify;\">Um boletim de ocorr\u00eancia foi registrado na Primeira Delegacia Regional. \u201cQuero ressaltar que, al\u00e9m de todo transtorno que ela causou \u00e0 minha fam\u00edlia, ela causou principalmente ao meu filho. Ele est\u00e1 tendo pesadelo. Ele nunca teve pesadelo\u201d, lamenta a m\u00e3e. \u201cEle n\u00e3o sabe se expressar de forma convencional. Se ele deu um tapa nela foi uma forma de chamar a aten\u00e7\u00e3o dela. N\u00e3o foi para agredi-la\u201d.<\/p>\n<p style=\"text-align: justify;\">A m\u00e3e tem um racioc\u00ednio cristalino na defesa do filho. \u201cPor que ele n\u00e3o pode viver em sociedade? Ele \u00e9 uma crian\u00e7a e ele \u00e9, acima de tudo, um ser humano. Ele tem que ser respeitado por ser humano\u201d, exige a m\u00e3e.<\/p>\n","protected":false},"excerpt":{"rendered":"<p style=\"text-align: justify;\">&#8220;Ele tem que ser respeitado por ser humano&#8221;<\/p>\n","protected":false},"author":4,"featured_media":25361,"comment_status":"open","ping_status":"open","sticky":false,"template":"","format":"standard","meta":{"jnews-multi-image_gallery":[],"jnews_single_post":[],"jnews_primary_category":[],"jnews_social_meta":[],"jnews_review":[],"enable_review":"","type":"","name":"","summary":"","brand":"","sku":"","good":[],"bad":[],"score_override":"","override_value":"","rating":[],"price":[],"footnotes":""},"categories":[44],"tags":[],"class_list":["post-25362","post","type-post","status-publish","format-standard","has-post-thumbnail","hentry","category-policia"],"yoast_head":"<!-- This site is optimized with the Yoast SEO plugin v26.5 - https:\/\/yoast.com\/wordpress\/plugins\/seo\/ -->\n<title>CRM e Governo n\u00e3o v\u00e3o punir m\u00e9dica ap\u00f3s agredir crian\u00e7a - Agazeta.net<\/title>\n<meta name=\"robots\" content=\"index, follow, max-snippet:-1, max-image-preview:large, max-video-preview:-1\" \/>\n<link rel=\"canonical\" href=\"https:\/\/nk7-testes.com.br\/agazeta\/crm-e-governo-nao-vao-punir-medica-apos-agredir-crianca-com-down\/\" \/>\n<meta property=\"og:locale\" content=\"pt_BR\" \/>\n<meta property=\"og:type\" content=\"article\" \/>\n<meta property=\"og:title\" content=\"CRM e Governo n\u00e3o v\u00e3o punir m\u00e9dica ap\u00f3s agredir crian\u00e7a - Agazeta.net\" \/>\n<meta property=\"og:description\" content=\"&quot;Ele tem que ser respeitado por ser humano&quot;\" \/>\n<meta property=\"og:url\" content=\"https:\/\/nk7-testes.com.br\/agazeta\/crm-e-governo-nao-vao-punir-medica-apos-agredir-crianca-com-down\/\" \/>\n<meta property=\"og:site_name\" content=\"Agazeta.net\" \/>\n<meta property=\"article:published_time\" content=\"2016-09-22T15:01:40+00:00\" \/>\n<meta property=\"og:image\" content=\"https:\/\/nk7-testes.com.br\/agazeta\/wp-content\/uploads\/2016\/09\/220916-policia-casocriancaagredida-cleriston2.jpg\" \/>\n\t<meta property=\"og:image:width\" content=\"458\" \/>\n\t<meta property=\"og:image:height\" content=\"340\" \/>\n\t<meta property=\"og:image:type\" content=\"image\/jpeg\" \/>\n<meta name=\"author\" content=\"Agazeta.Net\" \/>\n<meta name=\"twitter:card\" content=\"summary_large_image\" \/>\n<meta name=\"twitter:label1\" content=\"Escrito por\" \/>\n\t<meta name=\"twitter:data1\" content=\"Agazeta.Net\" \/>\n\t<meta name=\"twitter:label2\" content=\"Est. tempo de leitura\" \/>\n\t<meta name=\"twitter:data2\" content=\"2 minutos\" \/>\n<script type=\"application\/ld+json\" class=\"yoast-schema-graph\">{\"@context\":\"https:\/\/schema.org\",\"@graph\":[{\"@type\":\"WebPage\",\"@id\":\"https:\/\/nk7-testes.com.br\/agazeta\/crm-e-governo-nao-vao-punir-medica-apos-agredir-crianca-com-down\/\",\"url\":\"https:\/\/nk7-testes.com.br\/agazeta\/crm-e-governo-nao-vao-punir-medica-apos-agredir-crianca-com-down\/\",\"name\":\"CRM e Governo n\u00e3o v\u00e3o punir m\u00e9dica ap\u00f3s agredir crian\u00e7a - Agazeta.net\",\"isPartOf\":{\"@id\":\"https:\/\/nk7-testes.com.br\/agazeta\/#website\"},\"primaryImageOfPage\":{\"@id\":\"https:\/\/nk7-testes.com.br\/agazeta\/crm-e-governo-nao-vao-punir-medica-apos-agredir-crianca-com-down\/#primaryimage\"},\"image\":{\"@id\":\"https:\/\/nk7-testes.com.br\/agazeta\/crm-e-governo-nao-vao-punir-medica-apos-agredir-crianca-com-down\/#primaryimage\"},\"thumbnailUrl\":\"https:\/\/nk7-testes.com.br\/agazeta\/wp-content\/uploads\/2016\/09\/220916-policia-casocriancaagredida-cleriston2.jpg\",\"datePublished\":\"2016-09-22T15:01:40+00:00\",\"author\":{\"@id\":\"https:\/\/nk7-testes.com.br\/agazeta\/#\/schema\/person\/6d6e25cb0435eb4a02fd44d30b4e3020\"},\"breadcrumb\":{\"@id\":\"https:\/\/nk7-testes.com.br\/agazeta\/crm-e-governo-nao-vao-punir-medica-apos-agredir-crianca-com-down\/#breadcrumb\"},\"inLanguage\":\"pt-BR\",\"potentialAction\":[{\"@type\":\"ReadAction\",\"target\":[\"https:\/\/nk7-testes.com.br\/agazeta\/crm-e-governo-nao-vao-punir-medica-apos-agredir-crianca-com-down\/\"]}]},{\"@type\":\"ImageObject\",\"inLanguage\":\"pt-BR\",\"@id\":\"https:\/\/nk7-testes.com.br\/agazeta\/crm-e-governo-nao-vao-punir-medica-apos-agredir-crianca-com-down\/#primaryimage\",\"url\":\"https:\/\/nk7-testes.com.br\/agazeta\/wp-content\/uploads\/2016\/09\/220916-policia-casocriancaagredida-cleriston2.jpg\",\"contentUrl\":\"https:\/\/nk7-testes.com.br\/agazeta\/wp-content\/uploads\/2016\/09\/220916-policia-casocriancaagredida-cleriston2.jpg\",\"width\":458,\"height\":340,\"caption\":\"220916-policia-casocriancaagredida-cleriston2\"},{\"@type\":\"BreadcrumbList\",\"@id\":\"https:\/\/nk7-testes.com.br\/agazeta\/crm-e-governo-nao-vao-punir-medica-apos-agredir-crianca-com-down\/#breadcrumb\",\"itemListElement\":[{\"@type\":\"ListItem\",\"position\":1,\"name\":\"In\u00edcio\",\"item\":\"https:\/\/nk7-testes.com.br\/agazeta\/\"},{\"@type\":\"ListItem\",\"position\":2,\"name\":\"CRM e Governo n\u00e3o v\u00e3o punir m\u00e9dica ap\u00f3s agredir crian\u00e7a\"}]},{\"@type\":\"WebSite\",\"@id\":\"https:\/\/nk7-testes.com.br\/agazeta\/#website\",\"url\":\"https:\/\/nk7-testes.com.br\/agazeta\/\",\"name\":\"Agazeta.net\",\"description\":\"Agazeta.net - Not\u00edcias de Rio Branco\/AC\",\"potentialAction\":[{\"@type\":\"SearchAction\",\"target\":{\"@type\":\"EntryPoint\",\"urlTemplate\":\"https:\/\/nk7-testes.com.br\/agazeta\/?s={search_term_string}\"},\"query-input\":{\"@type\":\"PropertyValueSpecification\",\"valueRequired\":true,\"valueName\":\"search_term_string\"}}],\"inLanguage\":\"pt-BR\"},{\"@type\":\"Person\",\"@id\":\"https:\/\/nk7-testes.com.br\/agazeta\/#\/schema\/person\/6d6e25cb0435eb4a02fd44d30b4e3020\",\"name\":\"Agazeta.Net\",\"url\":\"https:\/\/nk7-testes.com.br\/agazeta\/author\/agazeta\/\"}]}<\/script>\n<!-- \/ Yoast SEO plugin. -->","yoast_head_json":{"title":"CRM e Governo n\u00e3o v\u00e3o punir m\u00e9dica ap\u00f3s agredir crian\u00e7a - Agazeta.net","robots":{"index":"index","follow":"follow","max-snippet":"max-snippet:-1","max-image-preview":"max-image-preview:large","max-video-preview":"max-video-preview:-1"},"canonical":"https:\/\/nk7-testes.com.br\/agazeta\/crm-e-governo-nao-vao-punir-medica-apos-agredir-crianca-com-down\/","og_locale":"pt_BR","og_type":"article","og_title":"CRM e Governo n\u00e3o v\u00e3o punir m\u00e9dica ap\u00f3s agredir crian\u00e7a - Agazeta.net","og_description":"\"Ele tem que ser respeitado por ser humano\"","og_url":"https:\/\/nk7-testes.com.br\/agazeta\/crm-e-governo-nao-vao-punir-medica-apos-agredir-crianca-com-down\/","og_site_name":"Agazeta.net","article_published_time":"2016-09-22T15:01:40+00:00","og_image":[{"width":458,"height":340,"url":"https:\/\/nk7-testes.com.br\/agazeta\/wp-content\/uploads\/2016\/09\/220916-policia-casocriancaagredida-cleriston2.jpg","type":"image\/jpeg"}],"author":"Agazeta.Net","twitter_card":"summary_large_image","twitter_misc":{"Escrito por":"Agazeta.Net","Est. tempo de leitura":"2 minutos"},"schema":{"@context":"https:\/\/schema.org","@graph":[{"@type":"WebPage","@id":"https:\/\/nk7-testes.com.br\/agazeta\/crm-e-governo-nao-vao-punir-medica-apos-agredir-crianca-com-down\/","url":"https:\/\/nk7-testes.com.br\/agazeta\/crm-e-governo-nao-vao-punir-medica-apos-agredir-crianca-com-down\/","name":"CRM e Governo n\u00e3o v\u00e3o punir m\u00e9dica ap\u00f3s agredir crian\u00e7a - Agazeta.net","isPartOf":{"@id":"https:\/\/nk7-testes.com.br\/agazeta\/#website"},"primaryImageOfPage":{"@id":"https:\/\/nk7-testes.com.br\/agazeta\/crm-e-governo-nao-vao-punir-medica-apos-agredir-crianca-com-down\/#primaryimage"},"image":{"@id":"https:\/\/nk7-testes.com.br\/agazeta\/crm-e-governo-nao-vao-punir-medica-apos-agredir-crianca-com-down\/#primaryimage"},"thumbnailUrl":"https:\/\/nk7-testes.com.br\/agazeta\/wp-content\/uploads\/2016\/09\/220916-policia-casocriancaagredida-cleriston2.jpg","datePublished":"2016-09-22T15:01:40+00:00","author":{"@id":"https:\/\/nk7-testes.com.br\/agazeta\/#\/schema\/person\/6d6e25cb0435eb4a02fd44d30b4e3020"},"breadcrumb":{"@id":"https:\/\/nk7-testes.com.br\/agazeta\/crm-e-governo-nao-vao-punir-medica-apos-agredir-crianca-com-down\/#breadcrumb"},"inLanguage":"pt-BR","potentialAction":[{"@type":"ReadAction","target":["https:\/\/nk7-testes.com.br\/agazeta\/crm-e-governo-nao-vao-punir-medica-apos-agredir-crianca-com-down\/"]}]},{"@type":"ImageObject","inLanguage":"pt-BR","@id":"https:\/\/nk7-testes.com.br\/agazeta\/crm-e-governo-nao-vao-punir-medica-apos-agredir-crianca-com-down\/#primaryimage","url":"https:\/\/nk7-testes.com.br\/agazeta\/wp-content\/uploads\/2016\/09\/220916-policia-casocriancaagredida-cleriston2.jpg","contentUrl":"https:\/\/nk7-testes.com.br\/agazeta\/wp-content\/uploads\/2016\/09\/220916-policia-casocriancaagredida-cleriston2.jpg","width":458,"height":340,"caption":"220916-policia-casocriancaagredida-cleriston2"},{"@type":"BreadcrumbList","@id":"https:\/\/nk7-testes.com.br\/agazeta\/crm-e-governo-nao-vao-punir-medica-apos-agredir-crianca-com-down\/#breadcrumb","itemListElement":[{"@type":"ListItem","position":1,"name":"In\u00edcio","item":"https:\/\/nk7-testes.com.br\/agazeta\/"},{"@type":"ListItem","position":2,"name":"CRM e Governo n\u00e3o v\u00e3o punir m\u00e9dica ap\u00f3s agredir crian\u00e7a"}]},{"@type":"WebSite","@id":"https:\/\/nk7-testes.com.br\/agazeta\/#website","url":"https:\/\/nk7-testes.com.br\/agazeta\/","name":"Agazeta.net","description":"Agazeta.net - Not\u00edcias de Rio Branco\/AC","potentialAction":[{"@type":"SearchAction","target":{"@type":"EntryPoint","urlTemplate":"https:\/\/nk7-testes.com.br\/agazeta\/?s={search_term_string}"},"query-input":{"@type":"PropertyValueSpecification","valueRequired":true,"valueName":"search_term_string"}}],"inLanguage":"pt-BR"},{"@type":"Person","@id":"https:\/\/nk7-testes.com.br\/agazeta\/#\/schema\/person\/6d6e25cb0435eb4a02fd44d30b4e3020","name":"Agazeta.Net","url":"https:\/\/nk7-testes.com.br\/agazeta\/author\/agazeta\/"}]}},"_links":{"self":[{"href":"https:\/\/nk7-testes.com.br\/agazeta\/wp-json\/wp\/v2\/posts\/25362","targetHints":{"allow":["GET"]}}],"collection":[{"href":"https:\/\/nk7-testes.com.br\/agazeta\/wp-json\/wp\/v2\/posts"}],"about":[{"href":"https:\/\/nk7-testes.com.br\/agazeta\/wp-json\/wp\/v2\/types\/post"}],"author":[{"embeddable":true,"href":"https:\/\/nk7-testes.com.br\/agazeta\/wp-json\/wp\/v2\/users\/4"}],"replies":[{"embeddable":true,"href":"https:\/\/nk7-testes.com.br\/agazeta\/wp-json\/wp\/v2\/comments?post=25362"}],"version-history":[{"count":0,"href":"https:\/\/nk7-testes.com.br\/agazeta\/wp-json\/wp\/v2\/posts\/25362\/revisions"}],"wp:featuredmedia":[{"embeddable":true,"href":"https:\/\/nk7-testes.com.br\/agazeta\/wp-json\/wp\/v2\/media\/25361"}],"wp:attachment":[{"href":"https:\/\/nk7-testes.com.br\/agazeta\/wp-json\/wp\/v2\/media?parent=25362"}],"wp:term":[{"taxonomy":"category","embeddable":true,"href":"https:\/\/nk7-testes.com.br\/agazeta\/wp-json\/wp\/v2\/categories?post=25362"},{"taxonomy":"post_tag","embeddable":true,"href":"https:\/\/nk7-testes.com.br\/agazeta\/wp-json\/wp\/v2\/tags?post=25362"}],"curies":[{"name":"wp","href":"https:\/\/api.w.org\/{rel}","templated":true}]}}