{"id":25352,"date":"2016-09-21T20:04:37","date_gmt":"2016-09-21T20:04:37","guid":{"rendered":"https:\/\/abarevegan.com.br\/index.php\/2016\/09\/21\/tribunal-frustra-defesa-dos-prefeitos-presos\/"},"modified":"2016-09-21T20:04:37","modified_gmt":"2016-09-21T20:04:37","slug":"tribunal-frustra-defesa-dos-prefeitos-presos","status":"publish","type":"post","link":"https:\/\/nk7-testes.com.br\/agazeta\/tribunal-frustra-defesa-dos-prefeitos-presos\/","title":{"rendered":"Tribunal frustra defesa dos prefeitos presos"},"content":{"rendered":"<p><span style=\"font-size: 13.1999998092651px; line-height: 21.1199989318848px; text-align: justify;\"><\/span><\/p>\n<p style=\"text-align: justify;\">Decis\u00e3o agora est\u00e1 com Superior Tribunal de Justi\u00e7a<\/p>\n<p style=\"text-align: justify;\"><span style=\"font-size: 13.1999998092651px; line-height: 21.1199989318848px; text-align: justify;\"><\/span><\/p>\n<p style=\"text-align: justify;\">A sess\u00e3o dessa quarta-feira do pleno do Tribunal de Justi\u00e7a do Acre foi frustrante para advogados dos prefeitos presos durante a opera\u00e7\u00e3o labor da Pol\u00edcia Federal. <br \/>Os defensores queriam fazer a defesa oral e garantir a liberdade dos clientes que est\u00e3o presos no quartel do BOPE desde a semana passada. S\u00f3 que os desembargadores apenas referendaram a decis\u00e3o pela pris\u00e3o e negaram aos advogados a sustenta\u00e7\u00e3o oral.<\/p>\n<p style=\"text-align: justify;\"><span style=\"font-size: 13.1999998092651px; line-height: 21.1199989318848px; text-align: justify;\"><\/span><\/p>\n<p style=\"text-align: justify;\">Os prefeitos Raimundo Ramos, o \u201cTonheiro\u201d, de Bujari, Roney Firmino de Pl\u00e1cido de Castro e Rivelino Costa de Santa Rosa do Purus s\u00e3o acusados de fraudar licita\u00e7\u00f5es em contratos de empresas de servi\u00e7os. Um esquema que desviou milh\u00f5es de reais dos munic\u00edpios.<\/p>\n<p style=\"text-align: justify;\"><span style=\"font-size: 13.1999998092651px; line-height: 21.1199989318848px; text-align: justify;\"><\/span><\/p>\n<p style=\"text-align: justify;\">Para o advogado Valdir Perazzo, houve uma falta de respeito com os advogados que foram intimados a comparecer a sess\u00e3o para mostrar o contradit\u00f3rio nos autos e quando se preparavam para as argumenta\u00e7\u00f5es foram negados os pedidos de fala.<\/p>\n<p style=\"text-align: justify;\"><span style=\"font-size: 13.1999998092651px; line-height: 21.1199989318848px; text-align: justify;\"><\/span><\/p>\n<p style=\"text-align: justify;\">\u201cAinda nos alertaram que dever\u00edamos impetrar um agravo regimental, como se n\u00e3o soub\u00e9ssemos das regras. A quest\u00e3o n\u00e3o \u00e9 essa. Por que nos chamaram?\u201d, indagou.<\/p>\n<p style=\"text-align: justify;\"><span style=\"font-size: 13.1999998092651px; line-height: 21.1199989318848px; text-align: justify;\"><\/span><\/p>\n<p style=\"text-align: justify;\">Os advogados informaram que j\u00e1 enviaram os habeas corpus ao Superior Tribunal de Justi\u00e7a para a liberdade dos prefeitos, na qual dois deles, Roney e Rivelino s\u00e3o candidatos \u00e0 reelei\u00e7\u00e3o.<\/p>\n<p style=\"text-align: justify;\"><span style=\"font-size: 13.1999998092651px; line-height: 21.1199989318848px; text-align: justify;\"><\/span><\/p>\n<p style=\"text-align: justify;\">Outra medida ser\u00e1 impetrar agravo regimental contra o relator o desembargador Roberto Barros, questionando a compet\u00eancia do TJ para julgar esse caso.<\/p>\n<p><span style=\"font-size: 13.1999998092651px; line-height: 21.1199989318848px; text-align: justify;\">&nbsp;<\/span><\/p>\n","protected":false},"excerpt":{"rendered":"<p><span style=\"font-size: 13.1999998092651px; line-height: 21.1199989318848px; text-align: justify;\"><\/span><\/p>\n<p style=\"text-align: justify;\">Decis\u00e3o agora est\u00e1 com Superior Tribunal de Justi\u00e7a<\/p>\n","protected":false},"author":4,"featured_media":25351,"comment_status":"open","ping_status":"open","sticky":false,"template":"","format":"standard","meta":{"jnews-multi-image_gallery":[],"jnews_single_post":[],"jnews_primary_category":[],"jnews_social_meta":[],"jnews_review":[],"enable_review":"","type":"","name":"","summary":"","brand":"","sku":"","good":[],"bad":[],"score_override":"","override_value":"","rating":[],"price":[],"footnotes":""},"categories":[44],"tags":[],"class_list":["post-25352","post","type-post","status-publish","format-standard","has-post-thumbnail","hentry","category-policia"],"yoast_head":"<!-- This site is optimized with the Yoast SEO plugin v26.5 - https:\/\/yoast.com\/wordpress\/plugins\/seo\/ -->\n<title>Tribunal frustra defesa dos prefeitos presos - Agazeta.net<\/title>\n<meta name=\"robots\" content=\"index, follow, max-snippet:-1, max-image-preview:large, max-video-preview:-1\" \/>\n<link rel=\"canonical\" href=\"https:\/\/nk7-testes.com.br\/agazeta\/tribunal-frustra-defesa-dos-prefeitos-presos\/\" \/>\n<meta property=\"og:locale\" content=\"pt_BR\" \/>\n<meta property=\"og:type\" content=\"article\" \/>\n<meta property=\"og:title\" content=\"Tribunal frustra defesa dos prefeitos presos - Agazeta.net\" \/>\n<meta property=\"og:description\" content=\"Decis\u00e3o agora est\u00e1 com Superior Tribunal de Justi\u00e7a\" \/>\n<meta property=\"og:url\" content=\"https:\/\/nk7-testes.com.br\/agazeta\/tribunal-frustra-defesa-dos-prefeitos-presos\/\" \/>\n<meta property=\"og:site_name\" content=\"Agazeta.net\" \/>\n<meta property=\"article:published_time\" content=\"2016-09-21T20:04:37+00:00\" \/>\n<meta property=\"og:image\" content=\"https:\/\/nk7-testes.com.br\/agazeta\/wp-content\/uploads\/2016\/09\/210916-policia-tribunaldejustica-tvgazeta.jpg\" \/>\n\t<meta property=\"og:image:width\" content=\"458\" \/>\n\t<meta property=\"og:image:height\" content=\"340\" \/>\n\t<meta property=\"og:image:type\" content=\"image\/jpeg\" \/>\n<meta name=\"author\" content=\"Agazeta.Net\" \/>\n<meta name=\"twitter:card\" content=\"summary_large_image\" \/>\n<meta name=\"twitter:label1\" content=\"Escrito por\" \/>\n\t<meta name=\"twitter:data1\" content=\"Agazeta.Net\" \/>\n\t<meta name=\"twitter:label2\" content=\"Est. tempo de leitura\" \/>\n\t<meta name=\"twitter:data2\" content=\"1 minuto\" \/>\n<script type=\"application\/ld+json\" class=\"yoast-schema-graph\">{\"@context\":\"https:\/\/schema.org\",\"@graph\":[{\"@type\":\"WebPage\",\"@id\":\"https:\/\/nk7-testes.com.br\/agazeta\/tribunal-frustra-defesa-dos-prefeitos-presos\/\",\"url\":\"https:\/\/nk7-testes.com.br\/agazeta\/tribunal-frustra-defesa-dos-prefeitos-presos\/\",\"name\":\"Tribunal frustra defesa dos prefeitos presos - Agazeta.net\",\"isPartOf\":{\"@id\":\"https:\/\/nk7-testes.com.br\/agazeta\/#website\"},\"primaryImageOfPage\":{\"@id\":\"https:\/\/nk7-testes.com.br\/agazeta\/tribunal-frustra-defesa-dos-prefeitos-presos\/#primaryimage\"},\"image\":{\"@id\":\"https:\/\/nk7-testes.com.br\/agazeta\/tribunal-frustra-defesa-dos-prefeitos-presos\/#primaryimage\"},\"thumbnailUrl\":\"https:\/\/nk7-testes.com.br\/agazeta\/wp-content\/uploads\/2016\/09\/210916-policia-tribunaldejustica-tvgazeta.jpg\",\"datePublished\":\"2016-09-21T20:04:37+00:00\",\"author\":{\"@id\":\"https:\/\/nk7-testes.com.br\/agazeta\/#\/schema\/person\/6d6e25cb0435eb4a02fd44d30b4e3020\"},\"breadcrumb\":{\"@id\":\"https:\/\/nk7-testes.com.br\/agazeta\/tribunal-frustra-defesa-dos-prefeitos-presos\/#breadcrumb\"},\"inLanguage\":\"pt-BR\",\"potentialAction\":[{\"@type\":\"ReadAction\",\"target\":[\"https:\/\/nk7-testes.com.br\/agazeta\/tribunal-frustra-defesa-dos-prefeitos-presos\/\"]}]},{\"@type\":\"ImageObject\",\"inLanguage\":\"pt-BR\",\"@id\":\"https:\/\/nk7-testes.com.br\/agazeta\/tribunal-frustra-defesa-dos-prefeitos-presos\/#primaryimage\",\"url\":\"https:\/\/nk7-testes.com.br\/agazeta\/wp-content\/uploads\/2016\/09\/210916-policia-tribunaldejustica-tvgazeta.jpg\",\"contentUrl\":\"https:\/\/nk7-testes.com.br\/agazeta\/wp-content\/uploads\/2016\/09\/210916-policia-tribunaldejustica-tvgazeta.jpg\",\"width\":458,\"height\":340,\"caption\":\"210916-policia-tribunaldejustica-tvgazeta\"},{\"@type\":\"BreadcrumbList\",\"@id\":\"https:\/\/nk7-testes.com.br\/agazeta\/tribunal-frustra-defesa-dos-prefeitos-presos\/#breadcrumb\",\"itemListElement\":[{\"@type\":\"ListItem\",\"position\":1,\"name\":\"In\u00edcio\",\"item\":\"https:\/\/nk7-testes.com.br\/agazeta\/\"},{\"@type\":\"ListItem\",\"position\":2,\"name\":\"Tribunal frustra defesa dos prefeitos presos\"}]},{\"@type\":\"WebSite\",\"@id\":\"https:\/\/nk7-testes.com.br\/agazeta\/#website\",\"url\":\"https:\/\/nk7-testes.com.br\/agazeta\/\",\"name\":\"Agazeta.net\",\"description\":\"Agazeta.net - Not\u00edcias de Rio Branco\/AC\",\"potentialAction\":[{\"@type\":\"SearchAction\",\"target\":{\"@type\":\"EntryPoint\",\"urlTemplate\":\"https:\/\/nk7-testes.com.br\/agazeta\/?s={search_term_string}\"},\"query-input\":{\"@type\":\"PropertyValueSpecification\",\"valueRequired\":true,\"valueName\":\"search_term_string\"}}],\"inLanguage\":\"pt-BR\"},{\"@type\":\"Person\",\"@id\":\"https:\/\/nk7-testes.com.br\/agazeta\/#\/schema\/person\/6d6e25cb0435eb4a02fd44d30b4e3020\",\"name\":\"Agazeta.Net\",\"url\":\"https:\/\/nk7-testes.com.br\/agazeta\/author\/agazeta\/\"}]}<\/script>\n<!-- \/ Yoast SEO plugin. -->","yoast_head_json":{"title":"Tribunal frustra defesa dos prefeitos presos - Agazeta.net","robots":{"index":"index","follow":"follow","max-snippet":"max-snippet:-1","max-image-preview":"max-image-preview:large","max-video-preview":"max-video-preview:-1"},"canonical":"https:\/\/nk7-testes.com.br\/agazeta\/tribunal-frustra-defesa-dos-prefeitos-presos\/","og_locale":"pt_BR","og_type":"article","og_title":"Tribunal frustra defesa dos prefeitos presos - Agazeta.net","og_description":"Decis\u00e3o agora est\u00e1 com Superior Tribunal de Justi\u00e7a","og_url":"https:\/\/nk7-testes.com.br\/agazeta\/tribunal-frustra-defesa-dos-prefeitos-presos\/","og_site_name":"Agazeta.net","article_published_time":"2016-09-21T20:04:37+00:00","og_image":[{"width":458,"height":340,"url":"https:\/\/nk7-testes.com.br\/agazeta\/wp-content\/uploads\/2016\/09\/210916-policia-tribunaldejustica-tvgazeta.jpg","type":"image\/jpeg"}],"author":"Agazeta.Net","twitter_card":"summary_large_image","twitter_misc":{"Escrito por":"Agazeta.Net","Est. tempo de leitura":"1 minuto"},"schema":{"@context":"https:\/\/schema.org","@graph":[{"@type":"WebPage","@id":"https:\/\/nk7-testes.com.br\/agazeta\/tribunal-frustra-defesa-dos-prefeitos-presos\/","url":"https:\/\/nk7-testes.com.br\/agazeta\/tribunal-frustra-defesa-dos-prefeitos-presos\/","name":"Tribunal frustra defesa dos prefeitos presos - Agazeta.net","isPartOf":{"@id":"https:\/\/nk7-testes.com.br\/agazeta\/#website"},"primaryImageOfPage":{"@id":"https:\/\/nk7-testes.com.br\/agazeta\/tribunal-frustra-defesa-dos-prefeitos-presos\/#primaryimage"},"image":{"@id":"https:\/\/nk7-testes.com.br\/agazeta\/tribunal-frustra-defesa-dos-prefeitos-presos\/#primaryimage"},"thumbnailUrl":"https:\/\/nk7-testes.com.br\/agazeta\/wp-content\/uploads\/2016\/09\/210916-policia-tribunaldejustica-tvgazeta.jpg","datePublished":"2016-09-21T20:04:37+00:00","author":{"@id":"https:\/\/nk7-testes.com.br\/agazeta\/#\/schema\/person\/6d6e25cb0435eb4a02fd44d30b4e3020"},"breadcrumb":{"@id":"https:\/\/nk7-testes.com.br\/agazeta\/tribunal-frustra-defesa-dos-prefeitos-presos\/#breadcrumb"},"inLanguage":"pt-BR","potentialAction":[{"@type":"ReadAction","target":["https:\/\/nk7-testes.com.br\/agazeta\/tribunal-frustra-defesa-dos-prefeitos-presos\/"]}]},{"@type":"ImageObject","inLanguage":"pt-BR","@id":"https:\/\/nk7-testes.com.br\/agazeta\/tribunal-frustra-defesa-dos-prefeitos-presos\/#primaryimage","url":"https:\/\/nk7-testes.com.br\/agazeta\/wp-content\/uploads\/2016\/09\/210916-policia-tribunaldejustica-tvgazeta.jpg","contentUrl":"https:\/\/nk7-testes.com.br\/agazeta\/wp-content\/uploads\/2016\/09\/210916-policia-tribunaldejustica-tvgazeta.jpg","width":458,"height":340,"caption":"210916-policia-tribunaldejustica-tvgazeta"},{"@type":"BreadcrumbList","@id":"https:\/\/nk7-testes.com.br\/agazeta\/tribunal-frustra-defesa-dos-prefeitos-presos\/#breadcrumb","itemListElement":[{"@type":"ListItem","position":1,"name":"In\u00edcio","item":"https:\/\/nk7-testes.com.br\/agazeta\/"},{"@type":"ListItem","position":2,"name":"Tribunal frustra defesa dos prefeitos presos"}]},{"@type":"WebSite","@id":"https:\/\/nk7-testes.com.br\/agazeta\/#website","url":"https:\/\/nk7-testes.com.br\/agazeta\/","name":"Agazeta.net","description":"Agazeta.net - Not\u00edcias de Rio Branco\/AC","potentialAction":[{"@type":"SearchAction","target":{"@type":"EntryPoint","urlTemplate":"https:\/\/nk7-testes.com.br\/agazeta\/?s={search_term_string}"},"query-input":{"@type":"PropertyValueSpecification","valueRequired":true,"valueName":"search_term_string"}}],"inLanguage":"pt-BR"},{"@type":"Person","@id":"https:\/\/nk7-testes.com.br\/agazeta\/#\/schema\/person\/6d6e25cb0435eb4a02fd44d30b4e3020","name":"Agazeta.Net","url":"https:\/\/nk7-testes.com.br\/agazeta\/author\/agazeta\/"}]}},"_links":{"self":[{"href":"https:\/\/nk7-testes.com.br\/agazeta\/wp-json\/wp\/v2\/posts\/25352","targetHints":{"allow":["GET"]}}],"collection":[{"href":"https:\/\/nk7-testes.com.br\/agazeta\/wp-json\/wp\/v2\/posts"}],"about":[{"href":"https:\/\/nk7-testes.com.br\/agazeta\/wp-json\/wp\/v2\/types\/post"}],"author":[{"embeddable":true,"href":"https:\/\/nk7-testes.com.br\/agazeta\/wp-json\/wp\/v2\/users\/4"}],"replies":[{"embeddable":true,"href":"https:\/\/nk7-testes.com.br\/agazeta\/wp-json\/wp\/v2\/comments?post=25352"}],"version-history":[{"count":0,"href":"https:\/\/nk7-testes.com.br\/agazeta\/wp-json\/wp\/v2\/posts\/25352\/revisions"}],"wp:featuredmedia":[{"embeddable":true,"href":"https:\/\/nk7-testes.com.br\/agazeta\/wp-json\/wp\/v2\/media\/25351"}],"wp:attachment":[{"href":"https:\/\/nk7-testes.com.br\/agazeta\/wp-json\/wp\/v2\/media?parent=25352"}],"wp:term":[{"taxonomy":"category","embeddable":true,"href":"https:\/\/nk7-testes.com.br\/agazeta\/wp-json\/wp\/v2\/categories?post=25352"},{"taxonomy":"post_tag","embeddable":true,"href":"https:\/\/nk7-testes.com.br\/agazeta\/wp-json\/wp\/v2\/tags?post=25352"}],"curies":[{"name":"wp","href":"https:\/\/api.w.org\/{rel}","templated":true}]}}