{"id":25332,"date":"2016-09-20T22:46:35","date_gmt":"2016-09-20T22:46:35","guid":{"rendered":"https:\/\/abarevegan.com.br\/index.php\/2016\/09\/20\/governo-nega-calote-em-pagamento-do-vdp\/"},"modified":"2016-09-20T22:46:35","modified_gmt":"2016-09-20T22:46:35","slug":"governo-nega-calote-em-pagamento-do-vdp","status":"publish","type":"post","link":"https:\/\/nk7-testes.com.br\/agazeta\/governo-nega-calote-em-pagamento-do-vdp\/","title":{"rendered":"Governo nega calote em pagamento do VDP"},"content":{"rendered":"<p style=\"text-align: justify;\">Sinteac disse que informa\u00e7\u00e3o partiu do pr\u00f3prio governo<\/p>\n<p style=\"text-align: justify;\">Governo e Sinteac abrem mais uma zona de disputa. Desta vez, o que motiva o conflito \u00e9 o pagamento do Pr\u00eamio de Valoriza\u00e7\u00e3o Profissional de 2013. Na segunda-feira, parte da dire\u00e7\u00e3o do sindicato se reuniu com representantes de v\u00e1rios departamentos da Secretaria de Estado de Educa\u00e7\u00e3o.<\/p>\n<p style=\"text-align: justify;\">Desta reuni\u00e3o, o Sinteac j\u00e1 saiu com a perceo\u00e7\u00e3o de que o Governo daria o calote no pagamento do DVP. \u201cO dinheiro caiu na conta no ano seguinte (2014), e somente agora a Secretaria de Educa\u00e7\u00e3o (SEE) alega que os professores e funcion\u00e1rios de escola \u2018n\u00e3o teriam direito \u00e0 VDP\u2019. A informa\u00e7\u00e3o foi oficializada pela chefe do Departamento de Pessoas da SEE, Carmen S\u00edlvia\u201d, pontuou um informativo do Sinteac.<\/p>\n<p style=\"text-align: justify;\">O sindicato diz que est\u00e1 \u201cexigindo da SEE a lista das escolas e dos funcion\u00e1rios que ter\u00e3o seus sal\u00e1rios reduzidos para cobrir erros de gest\u00e3o \u2018imperdo\u00e1veis\u2019\u201d, assegurou.<\/p>\n<p style=\"text-align: justify;\">O governo rebate a acusa\u00e7\u00e3o. Soltou uma nota de rep\u00fadio sobre o assunto. \u201cO Governo do Estado pagou a VDP relativa a 2013 e a 2014 e est\u00e1 pagando a de 2015 conforme o decreto\u201d, diz a nota. O documento pontua ainda que a \u00fanica a\u00e7\u00e3o restritiva feita pela Controladoria Geral do Estado diz respeito ao DVP de 2014.<\/p>\n<p style=\"text-align: justify;\">\u201cO Sinteac, com mecanismos maldosos, tenta descontruir o que j\u00e1 est\u00e1 consolidado e ratificado pelo Governo do Estado e seus trabalhadores\u201d, diz a nota.<\/p>\n","protected":false},"excerpt":{"rendered":"<p style=\"text-align: justify;\">Sinteac disse que informa\u00e7\u00e3o partiu do pr\u00f3prio governo<\/p>\n","protected":false},"author":4,"featured_media":12430,"comment_status":"open","ping_status":"open","sticky":false,"template":"","format":"standard","meta":{"jnews-multi-image_gallery":[],"jnews_single_post":[],"jnews_primary_category":[],"jnews_social_meta":[],"jnews_review":[],"enable_review":"","type":"","name":"","summary":"","brand":"","sku":"","good":[],"bad":[],"score_override":"","override_value":"","rating":[],"price":[],"footnotes":""},"categories":[54],"tags":[],"class_list":["post-25332","post","type-post","status-publish","format-standard","has-post-thumbnail","hentry","category-cotidiano"],"yoast_head":"<!-- This site is optimized with the Yoast SEO plugin v26.5 - https:\/\/yoast.com\/wordpress\/plugins\/seo\/ -->\n<title>Governo nega calote em pagamento do VDP - Agazeta.net<\/title>\n<meta name=\"robots\" content=\"index, follow, max-snippet:-1, max-image-preview:large, max-video-preview:-1\" \/>\n<link rel=\"canonical\" href=\"https:\/\/nk7-testes.com.br\/agazeta\/governo-nega-calote-em-pagamento-do-vdp\/\" \/>\n<meta property=\"og:locale\" content=\"pt_BR\" \/>\n<meta property=\"og:type\" content=\"article\" \/>\n<meta property=\"og:title\" content=\"Governo nega calote em pagamento do VDP - Agazeta.net\" \/>\n<meta property=\"og:description\" content=\"Sinteac disse que informa\u00e7\u00e3o partiu do pr\u00f3prio governo\" \/>\n<meta property=\"og:url\" content=\"https:\/\/nk7-testes.com.br\/agazeta\/governo-nega-calote-em-pagamento-do-vdp\/\" \/>\n<meta property=\"og:site_name\" content=\"Agazeta.net\" \/>\n<meta property=\"article:published_time\" content=\"2016-09-20T22:46:35+00:00\" \/>\n<meta property=\"og:image\" content=\"https:\/\/nk7-testes.com.br\/agazeta\/wp-content\/uploads\/2015\/01\/050115-cotidiano-see-tvgazeta.jpg\" \/>\n\t<meta property=\"og:image:width\" content=\"458\" \/>\n\t<meta property=\"og:image:height\" content=\"340\" \/>\n\t<meta property=\"og:image:type\" content=\"image\/jpeg\" \/>\n<meta name=\"author\" content=\"Agazeta.Net\" \/>\n<meta name=\"twitter:card\" content=\"summary_large_image\" \/>\n<meta name=\"twitter:label1\" content=\"Escrito por\" \/>\n\t<meta name=\"twitter:data1\" content=\"Agazeta.Net\" \/>\n\t<meta name=\"twitter:label2\" content=\"Est. tempo de leitura\" \/>\n\t<meta name=\"twitter:data2\" content=\"1 minuto\" \/>\n<script type=\"application\/ld+json\" class=\"yoast-schema-graph\">{\"@context\":\"https:\/\/schema.org\",\"@graph\":[{\"@type\":\"WebPage\",\"@id\":\"https:\/\/nk7-testes.com.br\/agazeta\/governo-nega-calote-em-pagamento-do-vdp\/\",\"url\":\"https:\/\/nk7-testes.com.br\/agazeta\/governo-nega-calote-em-pagamento-do-vdp\/\",\"name\":\"Governo nega calote em pagamento do VDP - Agazeta.net\",\"isPartOf\":{\"@id\":\"https:\/\/nk7-testes.com.br\/agazeta\/#website\"},\"primaryImageOfPage\":{\"@id\":\"https:\/\/nk7-testes.com.br\/agazeta\/governo-nega-calote-em-pagamento-do-vdp\/#primaryimage\"},\"image\":{\"@id\":\"https:\/\/nk7-testes.com.br\/agazeta\/governo-nega-calote-em-pagamento-do-vdp\/#primaryimage\"},\"thumbnailUrl\":\"https:\/\/nk7-testes.com.br\/agazeta\/wp-content\/uploads\/2015\/01\/050115-cotidiano-see-tvgazeta.jpg\",\"datePublished\":\"2016-09-20T22:46:35+00:00\",\"author\":{\"@id\":\"https:\/\/nk7-testes.com.br\/agazeta\/#\/schema\/person\/ff6b39d54d6973bfc57f4140f659b23f\"},\"breadcrumb\":{\"@id\":\"https:\/\/nk7-testes.com.br\/agazeta\/governo-nega-calote-em-pagamento-do-vdp\/#breadcrumb\"},\"inLanguage\":\"pt-BR\",\"potentialAction\":[{\"@type\":\"ReadAction\",\"target\":[\"https:\/\/nk7-testes.com.br\/agazeta\/governo-nega-calote-em-pagamento-do-vdp\/\"]}]},{\"@type\":\"ImageObject\",\"inLanguage\":\"pt-BR\",\"@id\":\"https:\/\/nk7-testes.com.br\/agazeta\/governo-nega-calote-em-pagamento-do-vdp\/#primaryimage\",\"url\":\"https:\/\/nk7-testes.com.br\/agazeta\/wp-content\/uploads\/2015\/01\/050115-cotidiano-see-tvgazeta.jpg\",\"contentUrl\":\"https:\/\/nk7-testes.com.br\/agazeta\/wp-content\/uploads\/2015\/01\/050115-cotidiano-see-tvgazeta.jpg\",\"width\":458,\"height\":340,\"caption\":\"050115-cotidiano-see-tvgazeta\"},{\"@type\":\"BreadcrumbList\",\"@id\":\"https:\/\/nk7-testes.com.br\/agazeta\/governo-nega-calote-em-pagamento-do-vdp\/#breadcrumb\",\"itemListElement\":[{\"@type\":\"ListItem\",\"position\":1,\"name\":\"In\u00edcio\",\"item\":\"https:\/\/nk7-testes.com.br\/agazeta\/\"},{\"@type\":\"ListItem\",\"position\":2,\"name\":\"Governo nega calote em pagamento do VDP\"}]},{\"@type\":\"WebSite\",\"@id\":\"https:\/\/nk7-testes.com.br\/agazeta\/#website\",\"url\":\"https:\/\/nk7-testes.com.br\/agazeta\/\",\"name\":\"Agazeta.net\",\"description\":\"Agazeta.net - Not\u00edcias de Rio Branco\/AC\",\"potentialAction\":[{\"@type\":\"SearchAction\",\"target\":{\"@type\":\"EntryPoint\",\"urlTemplate\":\"https:\/\/nk7-testes.com.br\/agazeta\/?s={search_term_string}\"},\"query-input\":{\"@type\":\"PropertyValueSpecification\",\"valueRequired\":true,\"valueName\":\"search_term_string\"}}],\"inLanguage\":\"pt-BR\"},{\"@type\":\"Person\",\"@id\":\"https:\/\/nk7-testes.com.br\/agazeta\/#\/schema\/person\/ff6b39d54d6973bfc57f4140f659b23f\",\"name\":\"Agazeta.Net\",\"url\":\"https:\/\/nk7-testes.com.br\/agazeta\/author\/agazeta\/\"}]}<\/script>\n<!-- \/ Yoast SEO plugin. -->","yoast_head_json":{"title":"Governo nega calote em pagamento do VDP - Agazeta.net","robots":{"index":"index","follow":"follow","max-snippet":"max-snippet:-1","max-image-preview":"max-image-preview:large","max-video-preview":"max-video-preview:-1"},"canonical":"https:\/\/nk7-testes.com.br\/agazeta\/governo-nega-calote-em-pagamento-do-vdp\/","og_locale":"pt_BR","og_type":"article","og_title":"Governo nega calote em pagamento do VDP - Agazeta.net","og_description":"Sinteac disse que informa\u00e7\u00e3o partiu do pr\u00f3prio governo","og_url":"https:\/\/nk7-testes.com.br\/agazeta\/governo-nega-calote-em-pagamento-do-vdp\/","og_site_name":"Agazeta.net","article_published_time":"2016-09-20T22:46:35+00:00","og_image":[{"width":458,"height":340,"url":"https:\/\/nk7-testes.com.br\/agazeta\/wp-content\/uploads\/2015\/01\/050115-cotidiano-see-tvgazeta.jpg","type":"image\/jpeg"}],"author":"Agazeta.Net","twitter_card":"summary_large_image","twitter_misc":{"Escrito por":"Agazeta.Net","Est. tempo de leitura":"1 minuto"},"schema":{"@context":"https:\/\/schema.org","@graph":[{"@type":"WebPage","@id":"https:\/\/nk7-testes.com.br\/agazeta\/governo-nega-calote-em-pagamento-do-vdp\/","url":"https:\/\/nk7-testes.com.br\/agazeta\/governo-nega-calote-em-pagamento-do-vdp\/","name":"Governo nega calote em pagamento do VDP - Agazeta.net","isPartOf":{"@id":"https:\/\/nk7-testes.com.br\/agazeta\/#website"},"primaryImageOfPage":{"@id":"https:\/\/nk7-testes.com.br\/agazeta\/governo-nega-calote-em-pagamento-do-vdp\/#primaryimage"},"image":{"@id":"https:\/\/nk7-testes.com.br\/agazeta\/governo-nega-calote-em-pagamento-do-vdp\/#primaryimage"},"thumbnailUrl":"https:\/\/nk7-testes.com.br\/agazeta\/wp-content\/uploads\/2015\/01\/050115-cotidiano-see-tvgazeta.jpg","datePublished":"2016-09-20T22:46:35+00:00","author":{"@id":"https:\/\/nk7-testes.com.br\/agazeta\/#\/schema\/person\/ff6b39d54d6973bfc57f4140f659b23f"},"breadcrumb":{"@id":"https:\/\/nk7-testes.com.br\/agazeta\/governo-nega-calote-em-pagamento-do-vdp\/#breadcrumb"},"inLanguage":"pt-BR","potentialAction":[{"@type":"ReadAction","target":["https:\/\/nk7-testes.com.br\/agazeta\/governo-nega-calote-em-pagamento-do-vdp\/"]}]},{"@type":"ImageObject","inLanguage":"pt-BR","@id":"https:\/\/nk7-testes.com.br\/agazeta\/governo-nega-calote-em-pagamento-do-vdp\/#primaryimage","url":"https:\/\/nk7-testes.com.br\/agazeta\/wp-content\/uploads\/2015\/01\/050115-cotidiano-see-tvgazeta.jpg","contentUrl":"https:\/\/nk7-testes.com.br\/agazeta\/wp-content\/uploads\/2015\/01\/050115-cotidiano-see-tvgazeta.jpg","width":458,"height":340,"caption":"050115-cotidiano-see-tvgazeta"},{"@type":"BreadcrumbList","@id":"https:\/\/nk7-testes.com.br\/agazeta\/governo-nega-calote-em-pagamento-do-vdp\/#breadcrumb","itemListElement":[{"@type":"ListItem","position":1,"name":"In\u00edcio","item":"https:\/\/nk7-testes.com.br\/agazeta\/"},{"@type":"ListItem","position":2,"name":"Governo nega calote em pagamento do VDP"}]},{"@type":"WebSite","@id":"https:\/\/nk7-testes.com.br\/agazeta\/#website","url":"https:\/\/nk7-testes.com.br\/agazeta\/","name":"Agazeta.net","description":"Agazeta.net - Not\u00edcias de Rio Branco\/AC","potentialAction":[{"@type":"SearchAction","target":{"@type":"EntryPoint","urlTemplate":"https:\/\/nk7-testes.com.br\/agazeta\/?s={search_term_string}"},"query-input":{"@type":"PropertyValueSpecification","valueRequired":true,"valueName":"search_term_string"}}],"inLanguage":"pt-BR"},{"@type":"Person","@id":"https:\/\/nk7-testes.com.br\/agazeta\/#\/schema\/person\/ff6b39d54d6973bfc57f4140f659b23f","name":"Agazeta.Net","url":"https:\/\/nk7-testes.com.br\/agazeta\/author\/agazeta\/"}]}},"_links":{"self":[{"href":"https:\/\/nk7-testes.com.br\/agazeta\/wp-json\/wp\/v2\/posts\/25332","targetHints":{"allow":["GET"]}}],"collection":[{"href":"https:\/\/nk7-testes.com.br\/agazeta\/wp-json\/wp\/v2\/posts"}],"about":[{"href":"https:\/\/nk7-testes.com.br\/agazeta\/wp-json\/wp\/v2\/types\/post"}],"author":[{"embeddable":true,"href":"https:\/\/nk7-testes.com.br\/agazeta\/wp-json\/wp\/v2\/users\/4"}],"replies":[{"embeddable":true,"href":"https:\/\/nk7-testes.com.br\/agazeta\/wp-json\/wp\/v2\/comments?post=25332"}],"version-history":[{"count":0,"href":"https:\/\/nk7-testes.com.br\/agazeta\/wp-json\/wp\/v2\/posts\/25332\/revisions"}],"wp:featuredmedia":[{"embeddable":true,"href":"https:\/\/nk7-testes.com.br\/agazeta\/wp-json\/wp\/v2\/media\/12430"}],"wp:attachment":[{"href":"https:\/\/nk7-testes.com.br\/agazeta\/wp-json\/wp\/v2\/media?parent=25332"}],"wp:term":[{"taxonomy":"category","embeddable":true,"href":"https:\/\/nk7-testes.com.br\/agazeta\/wp-json\/wp\/v2\/categories?post=25332"},{"taxonomy":"post_tag","embeddable":true,"href":"https:\/\/nk7-testes.com.br\/agazeta\/wp-json\/wp\/v2\/tags?post=25332"}],"curies":[{"name":"wp","href":"https:\/\/api.w.org\/{rel}","templated":true}]}}