{"id":25323,"date":"2016-09-20T20:19:39","date_gmt":"2016-09-20T20:19:39","guid":{"rendered":"https:\/\/abarevegan.com.br\/index.php\/2016\/09\/20\/nesta-quarta-sera-definida-empresa-que-fara-obra-na-br\/"},"modified":"2016-09-20T20:19:39","modified_gmt":"2016-09-20T20:19:39","slug":"nesta-quarta-sera-definida-empresa-que-fara-obra-na-br","status":"publish","type":"post","link":"https:\/\/nk7-testes.com.br\/agazeta\/nesta-quarta-sera-definida-empresa-que-fara-obra-na-br\/","title":{"rendered":"Nesta quarta, ser\u00e1 definida empresa que far\u00e1 obra na BR"},"content":{"rendered":"<p style=\"text-align: justify;\">Restaura\u00e7\u00e3o s\u00f3 dever\u00e1 ficar pronto no final de 2017<\/p>\n<p style=\"text-align: justify;\">Nessa quarta-feira devem ser conhecidas as empresas que v\u00e3o trabalhar nas obras de restaura\u00e7\u00e3o de 400 quil\u00f4metros da BR-364 entre Sena Madureira e o Rio liberdade, a 80 quil\u00f4metros de Cruzeiro do Sul.<\/p>\n<p style=\"text-align: justify;\">Para essas obras o governo federal disponibilizou R$ 300 milh\u00f5es. O DNIT (Departamento Nacional de Infraestrutura em Transportes) dividiu a restaura\u00e7\u00e3o em seis trechos: o primeiro vai de Sena Madureira ao acesso de Manoel Urbano, que aumenta em mais 7 quil\u00f4metros o trabalho.<\/p>\n<p style=\"text-align: justify;\">A empresa contratada vai ter que refazer a entrada da cidade, uma forte eros\u00e3o levou quase todo o asfalto. O segundo trecho \u00e9 entre Manoel Urbano e o Rio Jurupari; o terceiro entre o Jurupari e Feij\u00f3; o quarto fica entre Feij\u00f3 e Tarauac\u00e1 e de Tarauac\u00e1 ao Rio Greg\u00f3rio ser\u00e1 o quinto, ficando o sexto trecho do Greg\u00f3rio ao Rio Liberdade.<\/p>\n<p style=\"text-align: justify;\">O supervisor do DNIT no Acre, Tiago Caetano, explicou que esse ano as empresas v\u00e3o usar uma nova tecnologia para dar mais resist\u00eancia \u00e0 base do asfalto. No lugar de misturar cimento ao barro, os engenheiros decidiram usar brita misturada a um barro vermelho mais denso, que pode garantir uma resist\u00eancia \u00e0s chuvas no per\u00edodo de at\u00e9 dois anos.<\/p>\n<p style=\"text-align: justify;\">\u201cA estrutura da base, misturada com brita, torna a obra mais cara. No entanto, deixa o asfalto mais resistente. Precisamos restaurar esses 400 quil\u00f4metros com toda qualidade poss\u00edvel\u201d, declarou.<\/p>\n<p style=\"text-align: justify;\">O DNIT est\u00e1 preparando os estudos para reconstruir a BR364 no Acre, mas esse projeto que custar\u00e1 um R$ 1 bilh\u00e3o deve come\u00e7ar daqui a tr\u00eas anos. \u201cA meta agora \u00e9 restaurar a estrada e evitar que ele seja fechada nesse inverno\u201d, disse Caetano.<\/p>\n<p style=\"text-align: justify;\">Segundo o supervisor do DNIT no Acre, Tiago Caetano, os maiores problemas da rodovia est\u00e3o nas eros\u00f5es entre Sena Madureira e Manoel Urbano e os atoleiros que se formaram da regi\u00e3o do Jurupari ao Feij\u00f3.<\/p>\n<p style=\"text-align: justify;\">Como houve muita burocracia para a disponibiliza\u00e7\u00e3o dos recursos, a obra da BR deve come\u00e7ar em novembro, quando vamos estar em pleno per\u00edodo de chuvas. Segundo Tiago Caetano, o trabalho deve atrasar e a restaura\u00e7\u00e3o s\u00f3 dever\u00e1 ficar pronto no final de 2017.<\/p>\n","protected":false},"excerpt":{"rendered":"<p style=\"text-align: justify;\">Restaura\u00e7\u00e3o s\u00f3 dever\u00e1 ficar pronto no final de 2017<\/p>\n","protected":false},"author":4,"featured_media":25322,"comment_status":"open","ping_status":"open","sticky":false,"template":"","format":"standard","meta":{"jnews-multi-image_gallery":[],"jnews_single_post":[],"jnews_primary_category":[],"jnews_social_meta":[],"jnews_review":[],"enable_review":"","type":"","name":"","summary":"","brand":"","sku":"","good":[],"bad":[],"score_override":"","override_value":"","rating":[],"price":[],"footnotes":""},"categories":[54],"tags":[],"class_list":["post-25323","post","type-post","status-publish","format-standard","has-post-thumbnail","hentry","category-cotidiano"],"yoast_head":"<!-- This site is optimized with the Yoast SEO plugin v26.5 - https:\/\/yoast.com\/wordpress\/plugins\/seo\/ -->\n<title>Nesta quarta, ser\u00e1 definida empresa que far\u00e1 obra na BR - Agazeta.net<\/title>\n<meta name=\"robots\" content=\"index, follow, max-snippet:-1, max-image-preview:large, max-video-preview:-1\" \/>\n<link rel=\"canonical\" href=\"https:\/\/nk7-testes.com.br\/agazeta\/nesta-quarta-sera-definida-empresa-que-fara-obra-na-br\/\" \/>\n<meta property=\"og:locale\" content=\"pt_BR\" \/>\n<meta property=\"og:type\" content=\"article\" \/>\n<meta property=\"og:title\" content=\"Nesta quarta, ser\u00e1 definida empresa que far\u00e1 obra na BR - Agazeta.net\" \/>\n<meta property=\"og:description\" content=\"Restaura\u00e7\u00e3o s\u00f3 dever\u00e1 ficar pronto no final de 2017\" \/>\n<meta property=\"og:url\" content=\"https:\/\/nk7-testes.com.br\/agazeta\/nesta-quarta-sera-definida-empresa-que-fara-obra-na-br\/\" \/>\n<meta property=\"og:site_name\" content=\"Agazeta.net\" \/>\n<meta property=\"article:published_time\" content=\"2016-09-20T20:19:39+00:00\" \/>\n<meta property=\"og:image\" content=\"https:\/\/nk7-testes.com.br\/agazeta\/wp-content\/uploads\/2016\/09\/280316-politica-br364-jornalatribuna.jpg\" \/>\n\t<meta property=\"og:image:width\" content=\"458\" \/>\n\t<meta property=\"og:image:height\" content=\"340\" \/>\n\t<meta property=\"og:image:type\" content=\"image\/jpeg\" \/>\n<meta name=\"author\" content=\"Agazeta.Net\" \/>\n<meta name=\"twitter:card\" content=\"summary_large_image\" \/>\n<meta name=\"twitter:label1\" content=\"Escrito por\" \/>\n\t<meta name=\"twitter:data1\" content=\"Agazeta.Net\" \/>\n\t<meta name=\"twitter:label2\" content=\"Est. tempo de leitura\" \/>\n\t<meta name=\"twitter:data2\" content=\"2 minutos\" \/>\n<script type=\"application\/ld+json\" class=\"yoast-schema-graph\">{\"@context\":\"https:\/\/schema.org\",\"@graph\":[{\"@type\":\"WebPage\",\"@id\":\"https:\/\/nk7-testes.com.br\/agazeta\/nesta-quarta-sera-definida-empresa-que-fara-obra-na-br\/\",\"url\":\"https:\/\/nk7-testes.com.br\/agazeta\/nesta-quarta-sera-definida-empresa-que-fara-obra-na-br\/\",\"name\":\"Nesta quarta, ser\u00e1 definida empresa que far\u00e1 obra na BR - Agazeta.net\",\"isPartOf\":{\"@id\":\"https:\/\/nk7-testes.com.br\/agazeta\/#website\"},\"primaryImageOfPage\":{\"@id\":\"https:\/\/nk7-testes.com.br\/agazeta\/nesta-quarta-sera-definida-empresa-que-fara-obra-na-br\/#primaryimage\"},\"image\":{\"@id\":\"https:\/\/nk7-testes.com.br\/agazeta\/nesta-quarta-sera-definida-empresa-que-fara-obra-na-br\/#primaryimage\"},\"thumbnailUrl\":\"https:\/\/nk7-testes.com.br\/agazeta\/wp-content\/uploads\/2016\/09\/280316-politica-br364-jornalatribuna.jpg\",\"datePublished\":\"2016-09-20T20:19:39+00:00\",\"author\":{\"@id\":\"https:\/\/nk7-testes.com.br\/agazeta\/#\/schema\/person\/ff6b39d54d6973bfc57f4140f659b23f\"},\"breadcrumb\":{\"@id\":\"https:\/\/nk7-testes.com.br\/agazeta\/nesta-quarta-sera-definida-empresa-que-fara-obra-na-br\/#breadcrumb\"},\"inLanguage\":\"pt-BR\",\"potentialAction\":[{\"@type\":\"ReadAction\",\"target\":[\"https:\/\/nk7-testes.com.br\/agazeta\/nesta-quarta-sera-definida-empresa-que-fara-obra-na-br\/\"]}]},{\"@type\":\"ImageObject\",\"inLanguage\":\"pt-BR\",\"@id\":\"https:\/\/nk7-testes.com.br\/agazeta\/nesta-quarta-sera-definida-empresa-que-fara-obra-na-br\/#primaryimage\",\"url\":\"https:\/\/nk7-testes.com.br\/agazeta\/wp-content\/uploads\/2016\/09\/280316-politica-br364-jornalatribuna.jpg\",\"contentUrl\":\"https:\/\/nk7-testes.com.br\/agazeta\/wp-content\/uploads\/2016\/09\/280316-politica-br364-jornalatribuna.jpg\",\"width\":458,\"height\":340,\"caption\":\"280316-politica-br364-jornalatribuna\"},{\"@type\":\"BreadcrumbList\",\"@id\":\"https:\/\/nk7-testes.com.br\/agazeta\/nesta-quarta-sera-definida-empresa-que-fara-obra-na-br\/#breadcrumb\",\"itemListElement\":[{\"@type\":\"ListItem\",\"position\":1,\"name\":\"In\u00edcio\",\"item\":\"https:\/\/nk7-testes.com.br\/agazeta\/\"},{\"@type\":\"ListItem\",\"position\":2,\"name\":\"Nesta quarta, ser\u00e1 definida empresa que far\u00e1 obra na BR\"}]},{\"@type\":\"WebSite\",\"@id\":\"https:\/\/nk7-testes.com.br\/agazeta\/#website\",\"url\":\"https:\/\/nk7-testes.com.br\/agazeta\/\",\"name\":\"Agazeta.net\",\"description\":\"Agazeta.net - Not\u00edcias de Rio Branco\/AC\",\"potentialAction\":[{\"@type\":\"SearchAction\",\"target\":{\"@type\":\"EntryPoint\",\"urlTemplate\":\"https:\/\/nk7-testes.com.br\/agazeta\/?s={search_term_string}\"},\"query-input\":{\"@type\":\"PropertyValueSpecification\",\"valueRequired\":true,\"valueName\":\"search_term_string\"}}],\"inLanguage\":\"pt-BR\"},{\"@type\":\"Person\",\"@id\":\"https:\/\/nk7-testes.com.br\/agazeta\/#\/schema\/person\/ff6b39d54d6973bfc57f4140f659b23f\",\"name\":\"Agazeta.Net\",\"url\":\"https:\/\/nk7-testes.com.br\/agazeta\/author\/agazeta\/\"}]}<\/script>\n<!-- \/ Yoast SEO plugin. -->","yoast_head_json":{"title":"Nesta quarta, ser\u00e1 definida empresa que far\u00e1 obra na BR - Agazeta.net","robots":{"index":"index","follow":"follow","max-snippet":"max-snippet:-1","max-image-preview":"max-image-preview:large","max-video-preview":"max-video-preview:-1"},"canonical":"https:\/\/nk7-testes.com.br\/agazeta\/nesta-quarta-sera-definida-empresa-que-fara-obra-na-br\/","og_locale":"pt_BR","og_type":"article","og_title":"Nesta quarta, ser\u00e1 definida empresa que far\u00e1 obra na BR - Agazeta.net","og_description":"Restaura\u00e7\u00e3o s\u00f3 dever\u00e1 ficar pronto no final de 2017","og_url":"https:\/\/nk7-testes.com.br\/agazeta\/nesta-quarta-sera-definida-empresa-que-fara-obra-na-br\/","og_site_name":"Agazeta.net","article_published_time":"2016-09-20T20:19:39+00:00","og_image":[{"width":458,"height":340,"url":"https:\/\/nk7-testes.com.br\/agazeta\/wp-content\/uploads\/2016\/09\/280316-politica-br364-jornalatribuna.jpg","type":"image\/jpeg"}],"author":"Agazeta.Net","twitter_card":"summary_large_image","twitter_misc":{"Escrito por":"Agazeta.Net","Est. tempo de leitura":"2 minutos"},"schema":{"@context":"https:\/\/schema.org","@graph":[{"@type":"WebPage","@id":"https:\/\/nk7-testes.com.br\/agazeta\/nesta-quarta-sera-definida-empresa-que-fara-obra-na-br\/","url":"https:\/\/nk7-testes.com.br\/agazeta\/nesta-quarta-sera-definida-empresa-que-fara-obra-na-br\/","name":"Nesta quarta, ser\u00e1 definida empresa que far\u00e1 obra na BR - Agazeta.net","isPartOf":{"@id":"https:\/\/nk7-testes.com.br\/agazeta\/#website"},"primaryImageOfPage":{"@id":"https:\/\/nk7-testes.com.br\/agazeta\/nesta-quarta-sera-definida-empresa-que-fara-obra-na-br\/#primaryimage"},"image":{"@id":"https:\/\/nk7-testes.com.br\/agazeta\/nesta-quarta-sera-definida-empresa-que-fara-obra-na-br\/#primaryimage"},"thumbnailUrl":"https:\/\/nk7-testes.com.br\/agazeta\/wp-content\/uploads\/2016\/09\/280316-politica-br364-jornalatribuna.jpg","datePublished":"2016-09-20T20:19:39+00:00","author":{"@id":"https:\/\/nk7-testes.com.br\/agazeta\/#\/schema\/person\/ff6b39d54d6973bfc57f4140f659b23f"},"breadcrumb":{"@id":"https:\/\/nk7-testes.com.br\/agazeta\/nesta-quarta-sera-definida-empresa-que-fara-obra-na-br\/#breadcrumb"},"inLanguage":"pt-BR","potentialAction":[{"@type":"ReadAction","target":["https:\/\/nk7-testes.com.br\/agazeta\/nesta-quarta-sera-definida-empresa-que-fara-obra-na-br\/"]}]},{"@type":"ImageObject","inLanguage":"pt-BR","@id":"https:\/\/nk7-testes.com.br\/agazeta\/nesta-quarta-sera-definida-empresa-que-fara-obra-na-br\/#primaryimage","url":"https:\/\/nk7-testes.com.br\/agazeta\/wp-content\/uploads\/2016\/09\/280316-politica-br364-jornalatribuna.jpg","contentUrl":"https:\/\/nk7-testes.com.br\/agazeta\/wp-content\/uploads\/2016\/09\/280316-politica-br364-jornalatribuna.jpg","width":458,"height":340,"caption":"280316-politica-br364-jornalatribuna"},{"@type":"BreadcrumbList","@id":"https:\/\/nk7-testes.com.br\/agazeta\/nesta-quarta-sera-definida-empresa-que-fara-obra-na-br\/#breadcrumb","itemListElement":[{"@type":"ListItem","position":1,"name":"In\u00edcio","item":"https:\/\/nk7-testes.com.br\/agazeta\/"},{"@type":"ListItem","position":2,"name":"Nesta quarta, ser\u00e1 definida empresa que far\u00e1 obra na BR"}]},{"@type":"WebSite","@id":"https:\/\/nk7-testes.com.br\/agazeta\/#website","url":"https:\/\/nk7-testes.com.br\/agazeta\/","name":"Agazeta.net","description":"Agazeta.net - Not\u00edcias de Rio Branco\/AC","potentialAction":[{"@type":"SearchAction","target":{"@type":"EntryPoint","urlTemplate":"https:\/\/nk7-testes.com.br\/agazeta\/?s={search_term_string}"},"query-input":{"@type":"PropertyValueSpecification","valueRequired":true,"valueName":"search_term_string"}}],"inLanguage":"pt-BR"},{"@type":"Person","@id":"https:\/\/nk7-testes.com.br\/agazeta\/#\/schema\/person\/ff6b39d54d6973bfc57f4140f659b23f","name":"Agazeta.Net","url":"https:\/\/nk7-testes.com.br\/agazeta\/author\/agazeta\/"}]}},"_links":{"self":[{"href":"https:\/\/nk7-testes.com.br\/agazeta\/wp-json\/wp\/v2\/posts\/25323","targetHints":{"allow":["GET"]}}],"collection":[{"href":"https:\/\/nk7-testes.com.br\/agazeta\/wp-json\/wp\/v2\/posts"}],"about":[{"href":"https:\/\/nk7-testes.com.br\/agazeta\/wp-json\/wp\/v2\/types\/post"}],"author":[{"embeddable":true,"href":"https:\/\/nk7-testes.com.br\/agazeta\/wp-json\/wp\/v2\/users\/4"}],"replies":[{"embeddable":true,"href":"https:\/\/nk7-testes.com.br\/agazeta\/wp-json\/wp\/v2\/comments?post=25323"}],"version-history":[{"count":0,"href":"https:\/\/nk7-testes.com.br\/agazeta\/wp-json\/wp\/v2\/posts\/25323\/revisions"}],"wp:featuredmedia":[{"embeddable":true,"href":"https:\/\/nk7-testes.com.br\/agazeta\/wp-json\/wp\/v2\/media\/25322"}],"wp:attachment":[{"href":"https:\/\/nk7-testes.com.br\/agazeta\/wp-json\/wp\/v2\/media?parent=25323"}],"wp:term":[{"taxonomy":"category","embeddable":true,"href":"https:\/\/nk7-testes.com.br\/agazeta\/wp-json\/wp\/v2\/categories?post=25323"},{"taxonomy":"post_tag","embeddable":true,"href":"https:\/\/nk7-testes.com.br\/agazeta\/wp-json\/wp\/v2\/tags?post=25323"}],"curies":[{"name":"wp","href":"https:\/\/api.w.org\/{rel}","templated":true}]}}