{"id":25316,"date":"2016-09-20T14:24:35","date_gmt":"2016-09-20T14:24:35","guid":{"rendered":"https:\/\/abarevegan.com.br\/index.php\/2016\/09\/20\/homem-e-preso-acusado-de-furtar-igreja\/"},"modified":"2016-09-20T14:24:35","modified_gmt":"2016-09-20T14:24:35","slug":"homem-e-preso-acusado-de-furtar-igreja","status":"publish","type":"post","link":"https:\/\/nk7-testes.com.br\/agazeta\/homem-e-preso-acusado-de-furtar-igreja\/","title":{"rendered":"Homem \u00e9 preso acusado de furtar igreja"},"content":{"rendered":"<p style=\"text-align: justify;\">Aproveitou o momento de ora\u00e7\u00e3o para agir<\/p>\n<p style=\"text-align: justify;\">Oto Ara\u00fajo Nascimento Filho, 48, foi preso na manh\u00e3 desta segunda-feira (19), acusado de furtar uma igreja. Segundo as v\u00edtimas, o furto aconteceu na rua coronel Jos\u00e9 Galdino, no bairro do Bosque, por volta das 8 horas da manh\u00e3.<\/p>\n<p style=\"text-align: justify;\">Os irm\u00e3os estavam na igreja orando quando o acusado teria se aproveitado da ocasi\u00e3o, entrou na igreja e foi at\u00e9 a parte de tr\u00e1s e teria furtado uma sanduicheira. Quando ele estava saindo, uma pessoa teria percebido que o acusado estava levando algo.<\/p>\n<p style=\"text-align: justify;\">Os irm\u00e3os seguiram o Oto e acionaram a Pol\u00edcia Militar. Com medo de ser preso, ele teria praticamente se jogado na frente de um \u00f4nibus que faz a linha do Bujari para que o motorista parasse. Logo ap\u00f3s, entrou.<\/p>\n<p style=\"text-align: justify;\">Os policias j\u00e1 foram abordar o \u00f4nibus j\u00e1 na Estrada Dias Martins ao onde teria conseguido prende o acusado. Que foi levado para a delegacia Central de Flagrantes.<\/p>\n<p style=\"text-align: justify;\">Na delegacia, Oto contou ao delegado que seria dependente de \u00e1lcool e que teria furtado para trocar por bebida. O detalhe \u00e9 que a igreja em que o acusado teria furtado fica ao lado do AA.<\/p>\n","protected":false},"excerpt":{"rendered":"<p style=\"text-align: justify;\">Aproveitou o momento de ora\u00e7\u00e3o para agir<\/p>\n","protected":false},"author":4,"featured_media":25315,"comment_status":"open","ping_status":"open","sticky":false,"template":"","format":"standard","meta":{"jnews-multi-image_gallery":[],"jnews_single_post":[],"jnews_primary_category":[],"jnews_social_meta":[],"jnews_review":[],"enable_review":"","type":"","name":"","summary":"","brand":"","sku":"","good":[],"bad":[],"score_override":"","override_value":"","rating":[],"price":[],"footnotes":""},"categories":[44],"tags":[],"class_list":["post-25316","post","type-post","status-publish","format-standard","has-post-thumbnail","hentry","category-policia"],"yoast_head":"<!-- This site is optimized with the Yoast SEO plugin v26.5 - https:\/\/yoast.com\/wordpress\/plugins\/seo\/ -->\n<title>Homem \u00e9 preso acusado de furtar igreja - Agazeta.net<\/title>\n<meta name=\"robots\" content=\"index, follow, max-snippet:-1, max-image-preview:large, max-video-preview:-1\" \/>\n<link rel=\"canonical\" href=\"https:\/\/nk7-testes.com.br\/agazeta\/homem-e-preso-acusado-de-furtar-igreja\/\" \/>\n<meta property=\"og:locale\" content=\"pt_BR\" \/>\n<meta property=\"og:type\" content=\"article\" \/>\n<meta property=\"og:title\" content=\"Homem \u00e9 preso acusado de furtar igreja - Agazeta.net\" \/>\n<meta property=\"og:description\" content=\"Aproveitou o momento de ora\u00e7\u00e3o para agir\" \/>\n<meta property=\"og:url\" content=\"https:\/\/nk7-testes.com.br\/agazeta\/homem-e-preso-acusado-de-furtar-igreja\/\" \/>\n<meta property=\"og:site_name\" content=\"Agazeta.net\" \/>\n<meta property=\"article:published_time\" content=\"2016-09-20T14:24:35+00:00\" \/>\n<meta property=\"og:image\" content=\"https:\/\/nk7-testes.com.br\/agazeta\/wp-content\/uploads\/2016\/09\/200916-policia-homempresodois-cleriston.jpg\" \/>\n\t<meta property=\"og:image:width\" content=\"458\" \/>\n\t<meta property=\"og:image:height\" content=\"340\" \/>\n\t<meta property=\"og:image:type\" content=\"image\/jpeg\" \/>\n<meta name=\"author\" content=\"Agazeta.Net\" \/>\n<meta name=\"twitter:card\" content=\"summary_large_image\" \/>\n<meta name=\"twitter:label1\" content=\"Escrito por\" \/>\n\t<meta name=\"twitter:data1\" content=\"Agazeta.Net\" \/>\n\t<meta name=\"twitter:label2\" content=\"Est. tempo de leitura\" \/>\n\t<meta name=\"twitter:data2\" content=\"1 minuto\" \/>\n<script type=\"application\/ld+json\" class=\"yoast-schema-graph\">{\"@context\":\"https:\/\/schema.org\",\"@graph\":[{\"@type\":\"WebPage\",\"@id\":\"https:\/\/nk7-testes.com.br\/agazeta\/homem-e-preso-acusado-de-furtar-igreja\/\",\"url\":\"https:\/\/nk7-testes.com.br\/agazeta\/homem-e-preso-acusado-de-furtar-igreja\/\",\"name\":\"Homem \u00e9 preso acusado de furtar igreja - Agazeta.net\",\"isPartOf\":{\"@id\":\"https:\/\/nk7-testes.com.br\/agazeta\/#website\"},\"primaryImageOfPage\":{\"@id\":\"https:\/\/nk7-testes.com.br\/agazeta\/homem-e-preso-acusado-de-furtar-igreja\/#primaryimage\"},\"image\":{\"@id\":\"https:\/\/nk7-testes.com.br\/agazeta\/homem-e-preso-acusado-de-furtar-igreja\/#primaryimage\"},\"thumbnailUrl\":\"https:\/\/nk7-testes.com.br\/agazeta\/wp-content\/uploads\/2016\/09\/200916-policia-homempresodois-cleriston.jpg\",\"datePublished\":\"2016-09-20T14:24:35+00:00\",\"author\":{\"@id\":\"https:\/\/nk7-testes.com.br\/agazeta\/#\/schema\/person\/6d6e25cb0435eb4a02fd44d30b4e3020\"},\"breadcrumb\":{\"@id\":\"https:\/\/nk7-testes.com.br\/agazeta\/homem-e-preso-acusado-de-furtar-igreja\/#breadcrumb\"},\"inLanguage\":\"pt-BR\",\"potentialAction\":[{\"@type\":\"ReadAction\",\"target\":[\"https:\/\/nk7-testes.com.br\/agazeta\/homem-e-preso-acusado-de-furtar-igreja\/\"]}]},{\"@type\":\"ImageObject\",\"inLanguage\":\"pt-BR\",\"@id\":\"https:\/\/nk7-testes.com.br\/agazeta\/homem-e-preso-acusado-de-furtar-igreja\/#primaryimage\",\"url\":\"https:\/\/nk7-testes.com.br\/agazeta\/wp-content\/uploads\/2016\/09\/200916-policia-homempresodois-cleriston.jpg\",\"contentUrl\":\"https:\/\/nk7-testes.com.br\/agazeta\/wp-content\/uploads\/2016\/09\/200916-policia-homempresodois-cleriston.jpg\",\"width\":458,\"height\":340,\"caption\":\"200916-policia-homempresodois-cleriston\"},{\"@type\":\"BreadcrumbList\",\"@id\":\"https:\/\/nk7-testes.com.br\/agazeta\/homem-e-preso-acusado-de-furtar-igreja\/#breadcrumb\",\"itemListElement\":[{\"@type\":\"ListItem\",\"position\":1,\"name\":\"In\u00edcio\",\"item\":\"https:\/\/nk7-testes.com.br\/agazeta\/\"},{\"@type\":\"ListItem\",\"position\":2,\"name\":\"Homem \u00e9 preso acusado de furtar igreja\"}]},{\"@type\":\"WebSite\",\"@id\":\"https:\/\/nk7-testes.com.br\/agazeta\/#website\",\"url\":\"https:\/\/nk7-testes.com.br\/agazeta\/\",\"name\":\"Agazeta.net\",\"description\":\"Agazeta.net - Not\u00edcias de Rio Branco\/AC\",\"potentialAction\":[{\"@type\":\"SearchAction\",\"target\":{\"@type\":\"EntryPoint\",\"urlTemplate\":\"https:\/\/nk7-testes.com.br\/agazeta\/?s={search_term_string}\"},\"query-input\":{\"@type\":\"PropertyValueSpecification\",\"valueRequired\":true,\"valueName\":\"search_term_string\"}}],\"inLanguage\":\"pt-BR\"},{\"@type\":\"Person\",\"@id\":\"https:\/\/nk7-testes.com.br\/agazeta\/#\/schema\/person\/6d6e25cb0435eb4a02fd44d30b4e3020\",\"name\":\"Agazeta.Net\",\"url\":\"https:\/\/nk7-testes.com.br\/agazeta\/author\/agazeta\/\"}]}<\/script>\n<!-- \/ Yoast SEO plugin. -->","yoast_head_json":{"title":"Homem \u00e9 preso acusado de furtar igreja - Agazeta.net","robots":{"index":"index","follow":"follow","max-snippet":"max-snippet:-1","max-image-preview":"max-image-preview:large","max-video-preview":"max-video-preview:-1"},"canonical":"https:\/\/nk7-testes.com.br\/agazeta\/homem-e-preso-acusado-de-furtar-igreja\/","og_locale":"pt_BR","og_type":"article","og_title":"Homem \u00e9 preso acusado de furtar igreja - Agazeta.net","og_description":"Aproveitou o momento de ora\u00e7\u00e3o para agir","og_url":"https:\/\/nk7-testes.com.br\/agazeta\/homem-e-preso-acusado-de-furtar-igreja\/","og_site_name":"Agazeta.net","article_published_time":"2016-09-20T14:24:35+00:00","og_image":[{"width":458,"height":340,"url":"https:\/\/nk7-testes.com.br\/agazeta\/wp-content\/uploads\/2016\/09\/200916-policia-homempresodois-cleriston.jpg","type":"image\/jpeg"}],"author":"Agazeta.Net","twitter_card":"summary_large_image","twitter_misc":{"Escrito por":"Agazeta.Net","Est. tempo de leitura":"1 minuto"},"schema":{"@context":"https:\/\/schema.org","@graph":[{"@type":"WebPage","@id":"https:\/\/nk7-testes.com.br\/agazeta\/homem-e-preso-acusado-de-furtar-igreja\/","url":"https:\/\/nk7-testes.com.br\/agazeta\/homem-e-preso-acusado-de-furtar-igreja\/","name":"Homem \u00e9 preso acusado de furtar igreja - Agazeta.net","isPartOf":{"@id":"https:\/\/nk7-testes.com.br\/agazeta\/#website"},"primaryImageOfPage":{"@id":"https:\/\/nk7-testes.com.br\/agazeta\/homem-e-preso-acusado-de-furtar-igreja\/#primaryimage"},"image":{"@id":"https:\/\/nk7-testes.com.br\/agazeta\/homem-e-preso-acusado-de-furtar-igreja\/#primaryimage"},"thumbnailUrl":"https:\/\/nk7-testes.com.br\/agazeta\/wp-content\/uploads\/2016\/09\/200916-policia-homempresodois-cleriston.jpg","datePublished":"2016-09-20T14:24:35+00:00","author":{"@id":"https:\/\/nk7-testes.com.br\/agazeta\/#\/schema\/person\/6d6e25cb0435eb4a02fd44d30b4e3020"},"breadcrumb":{"@id":"https:\/\/nk7-testes.com.br\/agazeta\/homem-e-preso-acusado-de-furtar-igreja\/#breadcrumb"},"inLanguage":"pt-BR","potentialAction":[{"@type":"ReadAction","target":["https:\/\/nk7-testes.com.br\/agazeta\/homem-e-preso-acusado-de-furtar-igreja\/"]}]},{"@type":"ImageObject","inLanguage":"pt-BR","@id":"https:\/\/nk7-testes.com.br\/agazeta\/homem-e-preso-acusado-de-furtar-igreja\/#primaryimage","url":"https:\/\/nk7-testes.com.br\/agazeta\/wp-content\/uploads\/2016\/09\/200916-policia-homempresodois-cleriston.jpg","contentUrl":"https:\/\/nk7-testes.com.br\/agazeta\/wp-content\/uploads\/2016\/09\/200916-policia-homempresodois-cleriston.jpg","width":458,"height":340,"caption":"200916-policia-homempresodois-cleriston"},{"@type":"BreadcrumbList","@id":"https:\/\/nk7-testes.com.br\/agazeta\/homem-e-preso-acusado-de-furtar-igreja\/#breadcrumb","itemListElement":[{"@type":"ListItem","position":1,"name":"In\u00edcio","item":"https:\/\/nk7-testes.com.br\/agazeta\/"},{"@type":"ListItem","position":2,"name":"Homem \u00e9 preso acusado de furtar igreja"}]},{"@type":"WebSite","@id":"https:\/\/nk7-testes.com.br\/agazeta\/#website","url":"https:\/\/nk7-testes.com.br\/agazeta\/","name":"Agazeta.net","description":"Agazeta.net - Not\u00edcias de Rio Branco\/AC","potentialAction":[{"@type":"SearchAction","target":{"@type":"EntryPoint","urlTemplate":"https:\/\/nk7-testes.com.br\/agazeta\/?s={search_term_string}"},"query-input":{"@type":"PropertyValueSpecification","valueRequired":true,"valueName":"search_term_string"}}],"inLanguage":"pt-BR"},{"@type":"Person","@id":"https:\/\/nk7-testes.com.br\/agazeta\/#\/schema\/person\/6d6e25cb0435eb4a02fd44d30b4e3020","name":"Agazeta.Net","url":"https:\/\/nk7-testes.com.br\/agazeta\/author\/agazeta\/"}]}},"_links":{"self":[{"href":"https:\/\/nk7-testes.com.br\/agazeta\/wp-json\/wp\/v2\/posts\/25316","targetHints":{"allow":["GET"]}}],"collection":[{"href":"https:\/\/nk7-testes.com.br\/agazeta\/wp-json\/wp\/v2\/posts"}],"about":[{"href":"https:\/\/nk7-testes.com.br\/agazeta\/wp-json\/wp\/v2\/types\/post"}],"author":[{"embeddable":true,"href":"https:\/\/nk7-testes.com.br\/agazeta\/wp-json\/wp\/v2\/users\/4"}],"replies":[{"embeddable":true,"href":"https:\/\/nk7-testes.com.br\/agazeta\/wp-json\/wp\/v2\/comments?post=25316"}],"version-history":[{"count":0,"href":"https:\/\/nk7-testes.com.br\/agazeta\/wp-json\/wp\/v2\/posts\/25316\/revisions"}],"wp:featuredmedia":[{"embeddable":true,"href":"https:\/\/nk7-testes.com.br\/agazeta\/wp-json\/wp\/v2\/media\/25315"}],"wp:attachment":[{"href":"https:\/\/nk7-testes.com.br\/agazeta\/wp-json\/wp\/v2\/media?parent=25316"}],"wp:term":[{"taxonomy":"category","embeddable":true,"href":"https:\/\/nk7-testes.com.br\/agazeta\/wp-json\/wp\/v2\/categories?post=25316"},{"taxonomy":"post_tag","embeddable":true,"href":"https:\/\/nk7-testes.com.br\/agazeta\/wp-json\/wp\/v2\/tags?post=25316"}],"curies":[{"name":"wp","href":"https:\/\/api.w.org\/{rel}","templated":true}]}}