{"id":25304,"date":"2016-09-19T20:19:59","date_gmt":"2016-09-19T20:19:59","guid":{"rendered":"https:\/\/abarevegan.com.br\/index.php\/2016\/09\/19\/acre-sedia-semana-nacional-de-transito\/"},"modified":"2016-09-19T20:19:59","modified_gmt":"2016-09-19T20:19:59","slug":"acre-sedia-semana-nacional-de-transito","status":"publish","type":"post","link":"https:\/\/nk7-testes.com.br\/agazeta\/acre-sedia-semana-nacional-de-transito\/","title":{"rendered":"Acre sedia Semana Nacional de Tr\u00e2nsito"},"content":{"rendered":"<p style=\"text-align: justify;\">No Acre, redu\u00e7\u00f5es de acidentes ainda s\u00e3o baixas<\/p>\n<p style=\"text-align: justify;\">A Semana Nacional do Tr\u00e2nsito come\u00e7ou nesta segunda-feira (19), e em todo pa\u00eds at\u00e9 o dia 25, diversas atividades acontecem para tentar reduzir os \u00edndices de acidentes. No Acre, a campanha foi aberta pelo Detran, onde tamb\u00e9m foi apresentado um cronograma de a\u00e7\u00f5es em prol da comemora\u00e7\u00e3o.<\/p>\n<p style=\"text-align: justify;\">Autoridades da seguran\u00e7a p\u00fablica e servidores de v\u00e1rios \u00f3rg\u00e3os ligados ao tr\u00e2nsito participaram da solenidade. Este ano o tema da campanha que visa reduzir os \u00edndices de acidentes \u00e9 &#8220;Eu sou mais um por um tr\u00e2nsito mais seguro&#8221;.<\/p>\n<p style=\"text-align: justify;\">De acordo com estat\u00edsticas do Detran, houve redu\u00e7\u00e3o de 11% no \u00edndice de acidentes de tr\u00e2nsito entre 2014 e 2015 no Acre. Foram registrados em 2014, 6577 acidentes de tr\u00e2nsito e em 2015, 5909. O \u00edndice de v\u00edtimas fatais reduziu para quase 20%. Em 2014, 74 pessoas morreram em vias gerenciadas pelo Estado e em 2015, o tr\u00e2nsito fez 61 v\u00edtimas fatais.<\/p>\n<p style=\"text-align: justify;\">Segundo o diretor do Detran, \u00e9 preciso conscientizar pedestres e motoristas sobre a responsabilidade de cada um no tr\u00e2nsito para que os \u00edndices reduzam ainda mais. \u201cDiferentemente de cat\u00e1strofes de guerras, no tr\u00e2nsito podemos fazer a diferen\u00e7a com pequenas atitudes como respeitar a sinaliza\u00e7\u00e3o, faixa de pedestre, proteger os mais fr\u00e1geis\u201d, disse.<\/p>\n<p style=\"text-align: justify;\">Diversas atividades est\u00e3o previstas durante a semana nacional de tr\u00e2nsito, entre elas, campanhas educativas em escolas e locais com aglomera\u00e7\u00e3o de pessoas. Segundo estudo da Organiza\u00e7\u00e3o Mundial da Sa\u00fade, em 2009, foram contabilizadas mais de 1 milh\u00e3o e 300 mil mortes por acidente de tr\u00e2nsito em 178 pa\u00edses.<\/p>\n<p style=\"text-align: justify;\">Aproximadamente 50 milh\u00f5es de pessoas ficaram com sequelas. O estudo tamb\u00e9m aponta que se nada for feito para evitar acidentes, quase 2 milh\u00f5es de pessoas devem morrer no tr\u00e2nsito entre 2020 e 2030.<\/p>\n","protected":false},"excerpt":{"rendered":"<p style=\"text-align: justify;\">No Acre, redu\u00e7\u00f5es de acidentes ainda s\u00e3o baixas<\/p>\n","protected":false},"author":4,"featured_media":25303,"comment_status":"open","ping_status":"open","sticky":false,"template":"","format":"standard","meta":{"jnews-multi-image_gallery":[],"jnews_single_post":[],"jnews_primary_category":[],"jnews_social_meta":[],"jnews_review":[],"enable_review":"","type":"","name":"","summary":"","brand":"","sku":"","good":[],"bad":[],"score_override":"","override_value":"","rating":[],"price":[],"footnotes":""},"categories":[54],"tags":[],"class_list":["post-25304","post","type-post","status-publish","format-standard","has-post-thumbnail","hentry","category-cotidiano"],"yoast_head":"<!-- This site is optimized with the Yoast SEO plugin v26.5 - https:\/\/yoast.com\/wordpress\/plugins\/seo\/ -->\n<title>Acre sedia Semana Nacional de Tr\u00e2nsito - Agazeta.net<\/title>\n<meta name=\"robots\" content=\"index, follow, max-snippet:-1, max-image-preview:large, max-video-preview:-1\" \/>\n<link rel=\"canonical\" href=\"https:\/\/nk7-testes.com.br\/agazeta\/acre-sedia-semana-nacional-de-transito\/\" \/>\n<meta property=\"og:locale\" content=\"pt_BR\" \/>\n<meta property=\"og:type\" content=\"article\" \/>\n<meta property=\"og:title\" content=\"Acre sedia Semana Nacional de Tr\u00e2nsito - Agazeta.net\" \/>\n<meta property=\"og:description\" content=\"No Acre, redu\u00e7\u00f5es de acidentes ainda s\u00e3o baixas\" \/>\n<meta property=\"og:url\" content=\"https:\/\/nk7-testes.com.br\/agazeta\/acre-sedia-semana-nacional-de-transito\/\" \/>\n<meta property=\"og:site_name\" content=\"Agazeta.net\" \/>\n<meta property=\"article:published_time\" content=\"2016-09-19T20:19:59+00:00\" \/>\n<meta property=\"og:image\" content=\"https:\/\/nk7-testes.com.br\/agazeta\/wp-content\/uploads\/2016\/09\/190916-cotidiano-semanatransito-tvgazeta.jpg\" \/>\n\t<meta property=\"og:image:width\" content=\"458\" \/>\n\t<meta property=\"og:image:height\" content=\"340\" \/>\n\t<meta property=\"og:image:type\" content=\"image\/jpeg\" \/>\n<meta name=\"author\" content=\"Agazeta.Net\" \/>\n<meta name=\"twitter:card\" content=\"summary_large_image\" \/>\n<meta name=\"twitter:label1\" content=\"Escrito por\" \/>\n\t<meta name=\"twitter:data1\" content=\"Agazeta.Net\" \/>\n\t<meta name=\"twitter:label2\" content=\"Est. tempo de leitura\" \/>\n\t<meta name=\"twitter:data2\" content=\"2 minutos\" \/>\n<script type=\"application\/ld+json\" class=\"yoast-schema-graph\">{\"@context\":\"https:\/\/schema.org\",\"@graph\":[{\"@type\":\"WebPage\",\"@id\":\"https:\/\/nk7-testes.com.br\/agazeta\/acre-sedia-semana-nacional-de-transito\/\",\"url\":\"https:\/\/nk7-testes.com.br\/agazeta\/acre-sedia-semana-nacional-de-transito\/\",\"name\":\"Acre sedia Semana Nacional de Tr\u00e2nsito - Agazeta.net\",\"isPartOf\":{\"@id\":\"https:\/\/nk7-testes.com.br\/agazeta\/#website\"},\"primaryImageOfPage\":{\"@id\":\"https:\/\/nk7-testes.com.br\/agazeta\/acre-sedia-semana-nacional-de-transito\/#primaryimage\"},\"image\":{\"@id\":\"https:\/\/nk7-testes.com.br\/agazeta\/acre-sedia-semana-nacional-de-transito\/#primaryimage\"},\"thumbnailUrl\":\"https:\/\/nk7-testes.com.br\/agazeta\/wp-content\/uploads\/2016\/09\/190916-cotidiano-semanatransito-tvgazeta.jpg\",\"datePublished\":\"2016-09-19T20:19:59+00:00\",\"author\":{\"@id\":\"https:\/\/nk7-testes.com.br\/agazeta\/#\/schema\/person\/ff6b39d54d6973bfc57f4140f659b23f\"},\"breadcrumb\":{\"@id\":\"https:\/\/nk7-testes.com.br\/agazeta\/acre-sedia-semana-nacional-de-transito\/#breadcrumb\"},\"inLanguage\":\"pt-BR\",\"potentialAction\":[{\"@type\":\"ReadAction\",\"target\":[\"https:\/\/nk7-testes.com.br\/agazeta\/acre-sedia-semana-nacional-de-transito\/\"]}]},{\"@type\":\"ImageObject\",\"inLanguage\":\"pt-BR\",\"@id\":\"https:\/\/nk7-testes.com.br\/agazeta\/acre-sedia-semana-nacional-de-transito\/#primaryimage\",\"url\":\"https:\/\/nk7-testes.com.br\/agazeta\/wp-content\/uploads\/2016\/09\/190916-cotidiano-semanatransito-tvgazeta.jpg\",\"contentUrl\":\"https:\/\/nk7-testes.com.br\/agazeta\/wp-content\/uploads\/2016\/09\/190916-cotidiano-semanatransito-tvgazeta.jpg\",\"width\":458,\"height\":340,\"caption\":\"190916-cotidiano-semanatransito-tvgazeta\"},{\"@type\":\"BreadcrumbList\",\"@id\":\"https:\/\/nk7-testes.com.br\/agazeta\/acre-sedia-semana-nacional-de-transito\/#breadcrumb\",\"itemListElement\":[{\"@type\":\"ListItem\",\"position\":1,\"name\":\"In\u00edcio\",\"item\":\"https:\/\/nk7-testes.com.br\/agazeta\/\"},{\"@type\":\"ListItem\",\"position\":2,\"name\":\"Acre sedia Semana Nacional de Tr\u00e2nsito\"}]},{\"@type\":\"WebSite\",\"@id\":\"https:\/\/nk7-testes.com.br\/agazeta\/#website\",\"url\":\"https:\/\/nk7-testes.com.br\/agazeta\/\",\"name\":\"Agazeta.net\",\"description\":\"Agazeta.net - Not\u00edcias de Rio Branco\/AC\",\"potentialAction\":[{\"@type\":\"SearchAction\",\"target\":{\"@type\":\"EntryPoint\",\"urlTemplate\":\"https:\/\/nk7-testes.com.br\/agazeta\/?s={search_term_string}\"},\"query-input\":{\"@type\":\"PropertyValueSpecification\",\"valueRequired\":true,\"valueName\":\"search_term_string\"}}],\"inLanguage\":\"pt-BR\"},{\"@type\":\"Person\",\"@id\":\"https:\/\/nk7-testes.com.br\/agazeta\/#\/schema\/person\/ff6b39d54d6973bfc57f4140f659b23f\",\"name\":\"Agazeta.Net\",\"url\":\"https:\/\/nk7-testes.com.br\/agazeta\/author\/agazeta\/\"}]}<\/script>\n<!-- \/ Yoast SEO plugin. -->","yoast_head_json":{"title":"Acre sedia Semana Nacional de Tr\u00e2nsito - Agazeta.net","robots":{"index":"index","follow":"follow","max-snippet":"max-snippet:-1","max-image-preview":"max-image-preview:large","max-video-preview":"max-video-preview:-1"},"canonical":"https:\/\/nk7-testes.com.br\/agazeta\/acre-sedia-semana-nacional-de-transito\/","og_locale":"pt_BR","og_type":"article","og_title":"Acre sedia Semana Nacional de Tr\u00e2nsito - Agazeta.net","og_description":"No Acre, redu\u00e7\u00f5es de acidentes ainda s\u00e3o baixas","og_url":"https:\/\/nk7-testes.com.br\/agazeta\/acre-sedia-semana-nacional-de-transito\/","og_site_name":"Agazeta.net","article_published_time":"2016-09-19T20:19:59+00:00","og_image":[{"width":458,"height":340,"url":"https:\/\/nk7-testes.com.br\/agazeta\/wp-content\/uploads\/2016\/09\/190916-cotidiano-semanatransito-tvgazeta.jpg","type":"image\/jpeg"}],"author":"Agazeta.Net","twitter_card":"summary_large_image","twitter_misc":{"Escrito por":"Agazeta.Net","Est. tempo de leitura":"2 minutos"},"schema":{"@context":"https:\/\/schema.org","@graph":[{"@type":"WebPage","@id":"https:\/\/nk7-testes.com.br\/agazeta\/acre-sedia-semana-nacional-de-transito\/","url":"https:\/\/nk7-testes.com.br\/agazeta\/acre-sedia-semana-nacional-de-transito\/","name":"Acre sedia Semana Nacional de Tr\u00e2nsito - Agazeta.net","isPartOf":{"@id":"https:\/\/nk7-testes.com.br\/agazeta\/#website"},"primaryImageOfPage":{"@id":"https:\/\/nk7-testes.com.br\/agazeta\/acre-sedia-semana-nacional-de-transito\/#primaryimage"},"image":{"@id":"https:\/\/nk7-testes.com.br\/agazeta\/acre-sedia-semana-nacional-de-transito\/#primaryimage"},"thumbnailUrl":"https:\/\/nk7-testes.com.br\/agazeta\/wp-content\/uploads\/2016\/09\/190916-cotidiano-semanatransito-tvgazeta.jpg","datePublished":"2016-09-19T20:19:59+00:00","author":{"@id":"https:\/\/nk7-testes.com.br\/agazeta\/#\/schema\/person\/ff6b39d54d6973bfc57f4140f659b23f"},"breadcrumb":{"@id":"https:\/\/nk7-testes.com.br\/agazeta\/acre-sedia-semana-nacional-de-transito\/#breadcrumb"},"inLanguage":"pt-BR","potentialAction":[{"@type":"ReadAction","target":["https:\/\/nk7-testes.com.br\/agazeta\/acre-sedia-semana-nacional-de-transito\/"]}]},{"@type":"ImageObject","inLanguage":"pt-BR","@id":"https:\/\/nk7-testes.com.br\/agazeta\/acre-sedia-semana-nacional-de-transito\/#primaryimage","url":"https:\/\/nk7-testes.com.br\/agazeta\/wp-content\/uploads\/2016\/09\/190916-cotidiano-semanatransito-tvgazeta.jpg","contentUrl":"https:\/\/nk7-testes.com.br\/agazeta\/wp-content\/uploads\/2016\/09\/190916-cotidiano-semanatransito-tvgazeta.jpg","width":458,"height":340,"caption":"190916-cotidiano-semanatransito-tvgazeta"},{"@type":"BreadcrumbList","@id":"https:\/\/nk7-testes.com.br\/agazeta\/acre-sedia-semana-nacional-de-transito\/#breadcrumb","itemListElement":[{"@type":"ListItem","position":1,"name":"In\u00edcio","item":"https:\/\/nk7-testes.com.br\/agazeta\/"},{"@type":"ListItem","position":2,"name":"Acre sedia Semana Nacional de Tr\u00e2nsito"}]},{"@type":"WebSite","@id":"https:\/\/nk7-testes.com.br\/agazeta\/#website","url":"https:\/\/nk7-testes.com.br\/agazeta\/","name":"Agazeta.net","description":"Agazeta.net - Not\u00edcias de Rio Branco\/AC","potentialAction":[{"@type":"SearchAction","target":{"@type":"EntryPoint","urlTemplate":"https:\/\/nk7-testes.com.br\/agazeta\/?s={search_term_string}"},"query-input":{"@type":"PropertyValueSpecification","valueRequired":true,"valueName":"search_term_string"}}],"inLanguage":"pt-BR"},{"@type":"Person","@id":"https:\/\/nk7-testes.com.br\/agazeta\/#\/schema\/person\/ff6b39d54d6973bfc57f4140f659b23f","name":"Agazeta.Net","url":"https:\/\/nk7-testes.com.br\/agazeta\/author\/agazeta\/"}]}},"_links":{"self":[{"href":"https:\/\/nk7-testes.com.br\/agazeta\/wp-json\/wp\/v2\/posts\/25304","targetHints":{"allow":["GET"]}}],"collection":[{"href":"https:\/\/nk7-testes.com.br\/agazeta\/wp-json\/wp\/v2\/posts"}],"about":[{"href":"https:\/\/nk7-testes.com.br\/agazeta\/wp-json\/wp\/v2\/types\/post"}],"author":[{"embeddable":true,"href":"https:\/\/nk7-testes.com.br\/agazeta\/wp-json\/wp\/v2\/users\/4"}],"replies":[{"embeddable":true,"href":"https:\/\/nk7-testes.com.br\/agazeta\/wp-json\/wp\/v2\/comments?post=25304"}],"version-history":[{"count":0,"href":"https:\/\/nk7-testes.com.br\/agazeta\/wp-json\/wp\/v2\/posts\/25304\/revisions"}],"wp:featuredmedia":[{"embeddable":true,"href":"https:\/\/nk7-testes.com.br\/agazeta\/wp-json\/wp\/v2\/media\/25303"}],"wp:attachment":[{"href":"https:\/\/nk7-testes.com.br\/agazeta\/wp-json\/wp\/v2\/media?parent=25304"}],"wp:term":[{"taxonomy":"category","embeddable":true,"href":"https:\/\/nk7-testes.com.br\/agazeta\/wp-json\/wp\/v2\/categories?post=25304"},{"taxonomy":"post_tag","embeddable":true,"href":"https:\/\/nk7-testes.com.br\/agazeta\/wp-json\/wp\/v2\/tags?post=25304"}],"curies":[{"name":"wp","href":"https:\/\/api.w.org\/{rel}","templated":true}]}}