{"id":25302,"date":"2016-09-19T19:41:01","date_gmt":"2016-09-19T19:41:01","guid":{"rendered":"https:\/\/abarevegan.com.br\/index.php\/2016\/09\/19\/comecou-hoje-campanha-de-multivacinacao\/"},"modified":"2016-09-19T19:41:01","modified_gmt":"2016-09-19T19:41:01","slug":"comecou-hoje-campanha-de-multivacinacao","status":"publish","type":"post","link":"https:\/\/nk7-testes.com.br\/agazeta\/comecou-hoje-campanha-de-multivacinacao\/","title":{"rendered":"Come\u00e7ou campanha de multivacina\u00e7\u00e3o em todo pa\u00eds"},"content":{"rendered":"<p style=\"text-align: justify;\">Minist\u00e9rio oferece mais de 19 milh\u00f5es de doses<\/p>\n<p style=\"text-align: justify;\">O Minist\u00e9rio da Sa\u00fade deu in\u00edcio nesta segunda-feira, a mais uma campanha de multivacina\u00e7\u00e3o. O objetivo \u00e9 atualizar a carteira de vacina\u00e7\u00e3o de crian\u00e7as menores de 5 anos e adolescentes entre 9 e 14 anos de idade.<\/p>\n<p style=\"text-align: justify;\">Os netos da dona de casa Francisca Oliveira foram uns dos primeiros a chegar ao Posto de Sa\u00fade Roney Meireles na manh\u00e3 desta segunda-feira. As crian\u00e7as atualizaram a carteira de vacina\u00e7\u00e3o, no primeiro dia da campanha nacional de imuniza\u00e7\u00e3o. \u201cTem que vacina pra ficar livre da doen\u00e7a\u201d, disse Francisca.<\/p>\n<p style=\"text-align: justify;\">O Minist\u00e9rio da Sa\u00fade oferece mais de 19 milh\u00f5es de doses extras das 14 vacinas para os postos de sa\u00fade de todo pa\u00eds. N\u00e3o existe meta estabelecida, mas o p\u00fablico alvo \u00e9 composto por crian\u00e7as de at\u00e9 5 anos e adolescentes entre 9 e 14 anos completos, incluindo a imuniza\u00e7\u00e3o contra HPV para meninas.<\/p>\n<p style=\"text-align: justify;\">\u201cO objetivo \u00e9 manter o pa\u00eds livre das doen\u00e7as que podem ser prevenidas por vacinas, como exemplo, a paralisia infantil, sarampo e rub\u00e9ola\u201d, explica a enfermeira respons\u00e1vel pela equipe t\u00e9cnica de imuniza\u00e7\u00e3o do Estado, N\u00fabia Campos.<\/p>\n<p style=\"text-align: justify;\">A campanha de multivacina\u00e7\u00e3o vai at\u00e9 o dia 30 de setembro, mas no dia 24, pr\u00f3ximo s\u00e1bado acontece a mobiliza\u00e7\u00e3o nacional. De 8 da manh\u00e3 \u00e0s 5 horasda tarde todas as unidades b\u00e1sicas de sa\u00fade v\u00e3o atender o p\u00fablico alvo.<\/p>\n<p style=\"text-align: justify;\">A vacina\u00e7\u00e3o contra p\u00f3lio ocorre normalmente no m\u00eas de agosto. Este ano, por\u00e9m, ela foi adiada, segundo o Minist\u00e9rio da Sa\u00fade, devido \u00e0 Olimp\u00edada no Rio, que poderia diminuir a ades\u00e3o.<\/p>\n<p style=\"text-align: justify;\">Contra p\u00f3lio, devem ser vacinadas crian\u00e7as entre 6 meses e 5 anos de idade que ainda n\u00e3o tenham completado o esquema vacinal, que consiste em tr\u00eas doses da vacina injet\u00e1vel e mais duas doses de refor\u00e7o com a gotinha.<\/p>\n","protected":false},"excerpt":{"rendered":"<p style=\"text-align: justify;\">Minist\u00e9rio oferece mais de 19 milh\u00f5es de doses<\/p>\n","protected":false},"author":4,"featured_media":25231,"comment_status":"open","ping_status":"open","sticky":false,"template":"","format":"standard","meta":{"jnews-multi-image_gallery":[],"jnews_single_post":[],"jnews_primary_category":[],"jnews_social_meta":[],"jnews_review":[],"enable_review":"","type":"","name":"","summary":"","brand":"","sku":"","good":[],"bad":[],"score_override":"","override_value":"","rating":[],"price":[],"footnotes":""},"categories":[54],"tags":[],"class_list":["post-25302","post","type-post","status-publish","format-standard","has-post-thumbnail","hentry","category-cotidiano"],"yoast_head":"<!-- This site is optimized with the Yoast SEO plugin v26.5 - https:\/\/yoast.com\/wordpress\/plugins\/seo\/ -->\n<title>Come\u00e7ou campanha de multivacina\u00e7\u00e3o em todo pa\u00eds - Agazeta.net<\/title>\n<meta name=\"robots\" content=\"index, follow, max-snippet:-1, max-image-preview:large, max-video-preview:-1\" \/>\n<link rel=\"canonical\" href=\"https:\/\/nk7-testes.com.br\/agazeta\/comecou-hoje-campanha-de-multivacinacao\/\" \/>\n<meta property=\"og:locale\" content=\"pt_BR\" \/>\n<meta property=\"og:type\" content=\"article\" \/>\n<meta property=\"og:title\" content=\"Come\u00e7ou campanha de multivacina\u00e7\u00e3o em todo pa\u00eds - Agazeta.net\" \/>\n<meta property=\"og:description\" content=\"Minist\u00e9rio oferece mais de 19 milh\u00f5es de doses\" \/>\n<meta property=\"og:url\" content=\"https:\/\/nk7-testes.com.br\/agazeta\/comecou-hoje-campanha-de-multivacinacao\/\" \/>\n<meta property=\"og:site_name\" content=\"Agazeta.net\" \/>\n<meta property=\"article:published_time\" content=\"2016-09-19T19:41:01+00:00\" \/>\n<meta property=\"og:image\" content=\"https:\/\/nk7-testes.com.br\/agazeta\/wp-content\/uploads\/2016\/09\/140916-cotidiano-vacinacao-tvgazeta.jpg\" \/>\n\t<meta property=\"og:image:width\" content=\"458\" \/>\n\t<meta property=\"og:image:height\" content=\"340\" \/>\n\t<meta property=\"og:image:type\" content=\"image\/jpeg\" \/>\n<meta name=\"author\" content=\"Agazeta.Net\" \/>\n<meta name=\"twitter:card\" content=\"summary_large_image\" \/>\n<meta name=\"twitter:label1\" content=\"Escrito por\" \/>\n\t<meta name=\"twitter:data1\" content=\"Agazeta.Net\" \/>\n\t<meta name=\"twitter:label2\" content=\"Est. tempo de leitura\" \/>\n\t<meta name=\"twitter:data2\" content=\"2 minutos\" \/>\n<script type=\"application\/ld+json\" class=\"yoast-schema-graph\">{\"@context\":\"https:\/\/schema.org\",\"@graph\":[{\"@type\":\"WebPage\",\"@id\":\"https:\/\/nk7-testes.com.br\/agazeta\/comecou-hoje-campanha-de-multivacinacao\/\",\"url\":\"https:\/\/nk7-testes.com.br\/agazeta\/comecou-hoje-campanha-de-multivacinacao\/\",\"name\":\"Come\u00e7ou campanha de multivacina\u00e7\u00e3o em todo pa\u00eds - Agazeta.net\",\"isPartOf\":{\"@id\":\"https:\/\/nk7-testes.com.br\/agazeta\/#website\"},\"primaryImageOfPage\":{\"@id\":\"https:\/\/nk7-testes.com.br\/agazeta\/comecou-hoje-campanha-de-multivacinacao\/#primaryimage\"},\"image\":{\"@id\":\"https:\/\/nk7-testes.com.br\/agazeta\/comecou-hoje-campanha-de-multivacinacao\/#primaryimage\"},\"thumbnailUrl\":\"https:\/\/nk7-testes.com.br\/agazeta\/wp-content\/uploads\/2016\/09\/140916-cotidiano-vacinacao-tvgazeta.jpg\",\"datePublished\":\"2016-09-19T19:41:01+00:00\",\"author\":{\"@id\":\"https:\/\/nk7-testes.com.br\/agazeta\/#\/schema\/person\/ff6b39d54d6973bfc57f4140f659b23f\"},\"breadcrumb\":{\"@id\":\"https:\/\/nk7-testes.com.br\/agazeta\/comecou-hoje-campanha-de-multivacinacao\/#breadcrumb\"},\"inLanguage\":\"pt-BR\",\"potentialAction\":[{\"@type\":\"ReadAction\",\"target\":[\"https:\/\/nk7-testes.com.br\/agazeta\/comecou-hoje-campanha-de-multivacinacao\/\"]}]},{\"@type\":\"ImageObject\",\"inLanguage\":\"pt-BR\",\"@id\":\"https:\/\/nk7-testes.com.br\/agazeta\/comecou-hoje-campanha-de-multivacinacao\/#primaryimage\",\"url\":\"https:\/\/nk7-testes.com.br\/agazeta\/wp-content\/uploads\/2016\/09\/140916-cotidiano-vacinacao-tvgazeta.jpg\",\"contentUrl\":\"https:\/\/nk7-testes.com.br\/agazeta\/wp-content\/uploads\/2016\/09\/140916-cotidiano-vacinacao-tvgazeta.jpg\",\"width\":458,\"height\":340,\"caption\":\"140916-cotidiano-vacinacao-tvgazeta\"},{\"@type\":\"BreadcrumbList\",\"@id\":\"https:\/\/nk7-testes.com.br\/agazeta\/comecou-hoje-campanha-de-multivacinacao\/#breadcrumb\",\"itemListElement\":[{\"@type\":\"ListItem\",\"position\":1,\"name\":\"In\u00edcio\",\"item\":\"https:\/\/nk7-testes.com.br\/agazeta\/\"},{\"@type\":\"ListItem\",\"position\":2,\"name\":\"Come\u00e7ou campanha de multivacina\u00e7\u00e3o em todo pa\u00eds\"}]},{\"@type\":\"WebSite\",\"@id\":\"https:\/\/nk7-testes.com.br\/agazeta\/#website\",\"url\":\"https:\/\/nk7-testes.com.br\/agazeta\/\",\"name\":\"Agazeta.net\",\"description\":\"Agazeta.net - Not\u00edcias de Rio Branco\/AC\",\"potentialAction\":[{\"@type\":\"SearchAction\",\"target\":{\"@type\":\"EntryPoint\",\"urlTemplate\":\"https:\/\/nk7-testes.com.br\/agazeta\/?s={search_term_string}\"},\"query-input\":{\"@type\":\"PropertyValueSpecification\",\"valueRequired\":true,\"valueName\":\"search_term_string\"}}],\"inLanguage\":\"pt-BR\"},{\"@type\":\"Person\",\"@id\":\"https:\/\/nk7-testes.com.br\/agazeta\/#\/schema\/person\/ff6b39d54d6973bfc57f4140f659b23f\",\"name\":\"Agazeta.Net\",\"url\":\"https:\/\/nk7-testes.com.br\/agazeta\/author\/agazeta\/\"}]}<\/script>\n<!-- \/ Yoast SEO plugin. -->","yoast_head_json":{"title":"Come\u00e7ou campanha de multivacina\u00e7\u00e3o em todo pa\u00eds - Agazeta.net","robots":{"index":"index","follow":"follow","max-snippet":"max-snippet:-1","max-image-preview":"max-image-preview:large","max-video-preview":"max-video-preview:-1"},"canonical":"https:\/\/nk7-testes.com.br\/agazeta\/comecou-hoje-campanha-de-multivacinacao\/","og_locale":"pt_BR","og_type":"article","og_title":"Come\u00e7ou campanha de multivacina\u00e7\u00e3o em todo pa\u00eds - Agazeta.net","og_description":"Minist\u00e9rio oferece mais de 19 milh\u00f5es de doses","og_url":"https:\/\/nk7-testes.com.br\/agazeta\/comecou-hoje-campanha-de-multivacinacao\/","og_site_name":"Agazeta.net","article_published_time":"2016-09-19T19:41:01+00:00","og_image":[{"width":458,"height":340,"url":"https:\/\/nk7-testes.com.br\/agazeta\/wp-content\/uploads\/2016\/09\/140916-cotidiano-vacinacao-tvgazeta.jpg","type":"image\/jpeg"}],"author":"Agazeta.Net","twitter_card":"summary_large_image","twitter_misc":{"Escrito por":"Agazeta.Net","Est. tempo de leitura":"2 minutos"},"schema":{"@context":"https:\/\/schema.org","@graph":[{"@type":"WebPage","@id":"https:\/\/nk7-testes.com.br\/agazeta\/comecou-hoje-campanha-de-multivacinacao\/","url":"https:\/\/nk7-testes.com.br\/agazeta\/comecou-hoje-campanha-de-multivacinacao\/","name":"Come\u00e7ou campanha de multivacina\u00e7\u00e3o em todo pa\u00eds - Agazeta.net","isPartOf":{"@id":"https:\/\/nk7-testes.com.br\/agazeta\/#website"},"primaryImageOfPage":{"@id":"https:\/\/nk7-testes.com.br\/agazeta\/comecou-hoje-campanha-de-multivacinacao\/#primaryimage"},"image":{"@id":"https:\/\/nk7-testes.com.br\/agazeta\/comecou-hoje-campanha-de-multivacinacao\/#primaryimage"},"thumbnailUrl":"https:\/\/nk7-testes.com.br\/agazeta\/wp-content\/uploads\/2016\/09\/140916-cotidiano-vacinacao-tvgazeta.jpg","datePublished":"2016-09-19T19:41:01+00:00","author":{"@id":"https:\/\/nk7-testes.com.br\/agazeta\/#\/schema\/person\/ff6b39d54d6973bfc57f4140f659b23f"},"breadcrumb":{"@id":"https:\/\/nk7-testes.com.br\/agazeta\/comecou-hoje-campanha-de-multivacinacao\/#breadcrumb"},"inLanguage":"pt-BR","potentialAction":[{"@type":"ReadAction","target":["https:\/\/nk7-testes.com.br\/agazeta\/comecou-hoje-campanha-de-multivacinacao\/"]}]},{"@type":"ImageObject","inLanguage":"pt-BR","@id":"https:\/\/nk7-testes.com.br\/agazeta\/comecou-hoje-campanha-de-multivacinacao\/#primaryimage","url":"https:\/\/nk7-testes.com.br\/agazeta\/wp-content\/uploads\/2016\/09\/140916-cotidiano-vacinacao-tvgazeta.jpg","contentUrl":"https:\/\/nk7-testes.com.br\/agazeta\/wp-content\/uploads\/2016\/09\/140916-cotidiano-vacinacao-tvgazeta.jpg","width":458,"height":340,"caption":"140916-cotidiano-vacinacao-tvgazeta"},{"@type":"BreadcrumbList","@id":"https:\/\/nk7-testes.com.br\/agazeta\/comecou-hoje-campanha-de-multivacinacao\/#breadcrumb","itemListElement":[{"@type":"ListItem","position":1,"name":"In\u00edcio","item":"https:\/\/nk7-testes.com.br\/agazeta\/"},{"@type":"ListItem","position":2,"name":"Come\u00e7ou campanha de multivacina\u00e7\u00e3o em todo pa\u00eds"}]},{"@type":"WebSite","@id":"https:\/\/nk7-testes.com.br\/agazeta\/#website","url":"https:\/\/nk7-testes.com.br\/agazeta\/","name":"Agazeta.net","description":"Agazeta.net - Not\u00edcias de Rio Branco\/AC","potentialAction":[{"@type":"SearchAction","target":{"@type":"EntryPoint","urlTemplate":"https:\/\/nk7-testes.com.br\/agazeta\/?s={search_term_string}"},"query-input":{"@type":"PropertyValueSpecification","valueRequired":true,"valueName":"search_term_string"}}],"inLanguage":"pt-BR"},{"@type":"Person","@id":"https:\/\/nk7-testes.com.br\/agazeta\/#\/schema\/person\/ff6b39d54d6973bfc57f4140f659b23f","name":"Agazeta.Net","url":"https:\/\/nk7-testes.com.br\/agazeta\/author\/agazeta\/"}]}},"_links":{"self":[{"href":"https:\/\/nk7-testes.com.br\/agazeta\/wp-json\/wp\/v2\/posts\/25302","targetHints":{"allow":["GET"]}}],"collection":[{"href":"https:\/\/nk7-testes.com.br\/agazeta\/wp-json\/wp\/v2\/posts"}],"about":[{"href":"https:\/\/nk7-testes.com.br\/agazeta\/wp-json\/wp\/v2\/types\/post"}],"author":[{"embeddable":true,"href":"https:\/\/nk7-testes.com.br\/agazeta\/wp-json\/wp\/v2\/users\/4"}],"replies":[{"embeddable":true,"href":"https:\/\/nk7-testes.com.br\/agazeta\/wp-json\/wp\/v2\/comments?post=25302"}],"version-history":[{"count":0,"href":"https:\/\/nk7-testes.com.br\/agazeta\/wp-json\/wp\/v2\/posts\/25302\/revisions"}],"wp:featuredmedia":[{"embeddable":true,"href":"https:\/\/nk7-testes.com.br\/agazeta\/wp-json\/wp\/v2\/media\/25231"}],"wp:attachment":[{"href":"https:\/\/nk7-testes.com.br\/agazeta\/wp-json\/wp\/v2\/media?parent=25302"}],"wp:term":[{"taxonomy":"category","embeddable":true,"href":"https:\/\/nk7-testes.com.br\/agazeta\/wp-json\/wp\/v2\/categories?post=25302"},{"taxonomy":"post_tag","embeddable":true,"href":"https:\/\/nk7-testes.com.br\/agazeta\/wp-json\/wp\/v2\/tags?post=25302"}],"curies":[{"name":"wp","href":"https:\/\/api.w.org\/{rel}","templated":true}]}}