{"id":25301,"date":"2016-09-19T19:33:51","date_gmt":"2016-09-19T19:33:51","guid":{"rendered":"https:\/\/abarevegan.com.br\/index.php\/2016\/09\/19\/rio-acre-registra-pequena-subida-e-alcanca-1-49-metro\/"},"modified":"2016-09-19T19:33:51","modified_gmt":"2016-09-19T19:33:51","slug":"rio-acre-registra-pequena-subida-e-alcanca-1-49-metro","status":"publish","type":"post","link":"https:\/\/nk7-testes.com.br\/agazeta\/rio-acre-registra-pequena-subida-e-alcanca-1-49-metro\/","title":{"rendered":"Defesa Civil registra pequena subida e alcan\u00e7a 1,49 metro"},"content":{"rendered":"<p style=\"text-align: justify;\">Mas, popula\u00e7\u00e3o ainda tem que economizar \u00e1gua<\/p>\n<p style=\"text-align: justify;\">O Rio Acre registrou mais um n\u00edvel de \u00e1gua hist\u00f3rico. No \u00faltimo s\u00e1bado, atingiu a cota de 1,30 cent\u00edmetros. Segundo a Defesa Civil, esse \u00e9 mais um alerta para que a popula\u00e7\u00e3o economize \u00e1gua, j\u00e1 que a previs\u00e3o \u00e9 de estiagem at\u00e9 a segunda quinzena de outubro.<\/p>\n<p style=\"text-align: justify;\">No \u00faltimo s\u00e1bado, dia 17, o Rio Acre atingiu 1,30 metro, o menor n\u00edvel hist\u00f3rico j\u00e1 registrado. A cota se manteve at\u00e9 o domingo e voltou a subir nesta segunda-feira, chegando a 1,49 metro nas primeiras horas da manh\u00e3.<\/p>\n<p style=\"text-align: justify;\">At\u00e9 o \u00faltimo s\u00e1bado a menor cota registrada havia sido 1,32 metro, no dia 12 de agosto. Desde ent\u00e3o o n\u00edvel do rio oscilava. A Defesa Civil trabalha com previs\u00e3o ainda mais dr\u00e1stica, de 1,25 metro, caso a estiagem se prolongue. Enquanto isso, conclama a popula\u00e7\u00e3o a economizar \u00e1gua.<\/p>\n<p style=\"text-align: justify;\">\u201cNossa expectativa \u00e9 alcan\u00e7ar uma cota mais positiva no m\u00eas de outubro. Temos previs\u00e3o de estiagem at\u00e9 a primeira quinzena de outubro\u201d, disse o Major Rocha, do Corpo de Bombeiros.<\/p>\n<p style=\"text-align: justify;\">De acordo com o monitoramento feito pela Defesa Civil, as chuvas que ocorreram quarta e quinta-feira da semana passada na cabeceira do Rio Acre demoraram a chegar em Rio Branco e, por isso, a cota se elevou nesta segunda-feira.<\/p>\n<p style=\"text-align: justify;\">Contudo, o n\u00edvel do rio deve voltar a baixar, porque o Riozinho do Rola, um dos principais afluentes do Rio Acre est\u00e1 com n\u00edvel baixo. Al\u00e9m das altas temperaturas, outro fator que n\u00e3o contribui com o abastecimento do manancial \u00e9 o solo que est\u00e1 muito seco e absorve a \u00e1gua das chuvas.<\/p>\n","protected":false},"excerpt":{"rendered":"<p style=\"text-align: justify;\">Mas, popula\u00e7\u00e3o ainda tem que economizar \u00e1gua<\/p>\n","protected":false},"author":4,"featured_media":24667,"comment_status":"open","ping_status":"open","sticky":false,"template":"","format":"standard","meta":{"jnews-multi-image_gallery":[],"jnews_single_post":[],"jnews_primary_category":[],"jnews_social_meta":[],"jnews_review":[],"enable_review":"","type":"","name":"","summary":"","brand":"","sku":"","good":[],"bad":[],"score_override":"","override_value":"","rating":[],"price":[],"footnotes":""},"categories":[54],"tags":[],"class_list":["post-25301","post","type-post","status-publish","format-standard","has-post-thumbnail","hentry","category-cotidiano"],"yoast_head":"<!-- This site is optimized with the Yoast SEO plugin v26.5 - https:\/\/yoast.com\/wordpress\/plugins\/seo\/ -->\n<title>Defesa Civil registra pequena subida e alcan\u00e7a 1,49 metro - Agazeta.net<\/title>\n<meta name=\"robots\" content=\"index, follow, max-snippet:-1, max-image-preview:large, max-video-preview:-1\" \/>\n<link rel=\"canonical\" href=\"https:\/\/nk7-testes.com.br\/agazeta\/rio-acre-registra-pequena-subida-e-alcanca-1-49-metro\/\" \/>\n<meta property=\"og:locale\" content=\"pt_BR\" \/>\n<meta property=\"og:type\" content=\"article\" \/>\n<meta property=\"og:title\" content=\"Defesa Civil registra pequena subida e alcan\u00e7a 1,49 metro - Agazeta.net\" \/>\n<meta property=\"og:description\" content=\"Mas, popula\u00e7\u00e3o ainda tem que economizar \u00e1gua\" \/>\n<meta property=\"og:url\" content=\"https:\/\/nk7-testes.com.br\/agazeta\/rio-acre-registra-pequena-subida-e-alcanca-1-49-metro\/\" \/>\n<meta property=\"og:site_name\" content=\"Agazeta.net\" \/>\n<meta property=\"article:published_time\" content=\"2016-09-19T19:33:51+00:00\" \/>\n<meta property=\"og:image\" content=\"https:\/\/nk7-testes.com.br\/agazeta\/wp-content\/uploads\/2016\/08\/220816-cotidiano-rioacre-tvgazeta.jpg\" \/>\n\t<meta property=\"og:image:width\" content=\"458\" \/>\n\t<meta property=\"og:image:height\" content=\"340\" \/>\n\t<meta property=\"og:image:type\" content=\"image\/jpeg\" \/>\n<meta name=\"author\" content=\"Agazeta.Net\" \/>\n<meta name=\"twitter:card\" content=\"summary_large_image\" \/>\n<meta name=\"twitter:label1\" content=\"Escrito por\" \/>\n\t<meta name=\"twitter:data1\" content=\"Agazeta.Net\" \/>\n\t<meta name=\"twitter:label2\" content=\"Est. tempo de leitura\" \/>\n\t<meta name=\"twitter:data2\" content=\"1 minuto\" \/>\n<script type=\"application\/ld+json\" class=\"yoast-schema-graph\">{\"@context\":\"https:\/\/schema.org\",\"@graph\":[{\"@type\":\"WebPage\",\"@id\":\"https:\/\/nk7-testes.com.br\/agazeta\/rio-acre-registra-pequena-subida-e-alcanca-1-49-metro\/\",\"url\":\"https:\/\/nk7-testes.com.br\/agazeta\/rio-acre-registra-pequena-subida-e-alcanca-1-49-metro\/\",\"name\":\"Defesa Civil registra pequena subida e alcan\u00e7a 1,49 metro - Agazeta.net\",\"isPartOf\":{\"@id\":\"https:\/\/nk7-testes.com.br\/agazeta\/#website\"},\"primaryImageOfPage\":{\"@id\":\"https:\/\/nk7-testes.com.br\/agazeta\/rio-acre-registra-pequena-subida-e-alcanca-1-49-metro\/#primaryimage\"},\"image\":{\"@id\":\"https:\/\/nk7-testes.com.br\/agazeta\/rio-acre-registra-pequena-subida-e-alcanca-1-49-metro\/#primaryimage\"},\"thumbnailUrl\":\"https:\/\/nk7-testes.com.br\/agazeta\/wp-content\/uploads\/2016\/08\/220816-cotidiano-rioacre-tvgazeta.jpg\",\"datePublished\":\"2016-09-19T19:33:51+00:00\",\"author\":{\"@id\":\"https:\/\/nk7-testes.com.br\/agazeta\/#\/schema\/person\/ff6b39d54d6973bfc57f4140f659b23f\"},\"breadcrumb\":{\"@id\":\"https:\/\/nk7-testes.com.br\/agazeta\/rio-acre-registra-pequena-subida-e-alcanca-1-49-metro\/#breadcrumb\"},\"inLanguage\":\"pt-BR\",\"potentialAction\":[{\"@type\":\"ReadAction\",\"target\":[\"https:\/\/nk7-testes.com.br\/agazeta\/rio-acre-registra-pequena-subida-e-alcanca-1-49-metro\/\"]}]},{\"@type\":\"ImageObject\",\"inLanguage\":\"pt-BR\",\"@id\":\"https:\/\/nk7-testes.com.br\/agazeta\/rio-acre-registra-pequena-subida-e-alcanca-1-49-metro\/#primaryimage\",\"url\":\"https:\/\/nk7-testes.com.br\/agazeta\/wp-content\/uploads\/2016\/08\/220816-cotidiano-rioacre-tvgazeta.jpg\",\"contentUrl\":\"https:\/\/nk7-testes.com.br\/agazeta\/wp-content\/uploads\/2016\/08\/220816-cotidiano-rioacre-tvgazeta.jpg\",\"width\":458,\"height\":340,\"caption\":\"220816-cotidiano-rioacre-tvgazeta\"},{\"@type\":\"BreadcrumbList\",\"@id\":\"https:\/\/nk7-testes.com.br\/agazeta\/rio-acre-registra-pequena-subida-e-alcanca-1-49-metro\/#breadcrumb\",\"itemListElement\":[{\"@type\":\"ListItem\",\"position\":1,\"name\":\"In\u00edcio\",\"item\":\"https:\/\/nk7-testes.com.br\/agazeta\/\"},{\"@type\":\"ListItem\",\"position\":2,\"name\":\"Defesa Civil registra pequena subida e alcan\u00e7a 1,49 metro\"}]},{\"@type\":\"WebSite\",\"@id\":\"https:\/\/nk7-testes.com.br\/agazeta\/#website\",\"url\":\"https:\/\/nk7-testes.com.br\/agazeta\/\",\"name\":\"Agazeta.net\",\"description\":\"Agazeta.net - Not\u00edcias de Rio Branco\/AC\",\"potentialAction\":[{\"@type\":\"SearchAction\",\"target\":{\"@type\":\"EntryPoint\",\"urlTemplate\":\"https:\/\/nk7-testes.com.br\/agazeta\/?s={search_term_string}\"},\"query-input\":{\"@type\":\"PropertyValueSpecification\",\"valueRequired\":true,\"valueName\":\"search_term_string\"}}],\"inLanguage\":\"pt-BR\"},{\"@type\":\"Person\",\"@id\":\"https:\/\/nk7-testes.com.br\/agazeta\/#\/schema\/person\/ff6b39d54d6973bfc57f4140f659b23f\",\"name\":\"Agazeta.Net\",\"url\":\"https:\/\/nk7-testes.com.br\/agazeta\/author\/agazeta\/\"}]}<\/script>\n<!-- \/ Yoast SEO plugin. -->","yoast_head_json":{"title":"Defesa Civil registra pequena subida e alcan\u00e7a 1,49 metro - Agazeta.net","robots":{"index":"index","follow":"follow","max-snippet":"max-snippet:-1","max-image-preview":"max-image-preview:large","max-video-preview":"max-video-preview:-1"},"canonical":"https:\/\/nk7-testes.com.br\/agazeta\/rio-acre-registra-pequena-subida-e-alcanca-1-49-metro\/","og_locale":"pt_BR","og_type":"article","og_title":"Defesa Civil registra pequena subida e alcan\u00e7a 1,49 metro - Agazeta.net","og_description":"Mas, popula\u00e7\u00e3o ainda tem que economizar \u00e1gua","og_url":"https:\/\/nk7-testes.com.br\/agazeta\/rio-acre-registra-pequena-subida-e-alcanca-1-49-metro\/","og_site_name":"Agazeta.net","article_published_time":"2016-09-19T19:33:51+00:00","og_image":[{"width":458,"height":340,"url":"https:\/\/nk7-testes.com.br\/agazeta\/wp-content\/uploads\/2016\/08\/220816-cotidiano-rioacre-tvgazeta.jpg","type":"image\/jpeg"}],"author":"Agazeta.Net","twitter_card":"summary_large_image","twitter_misc":{"Escrito por":"Agazeta.Net","Est. tempo de leitura":"1 minuto"},"schema":{"@context":"https:\/\/schema.org","@graph":[{"@type":"WebPage","@id":"https:\/\/nk7-testes.com.br\/agazeta\/rio-acre-registra-pequena-subida-e-alcanca-1-49-metro\/","url":"https:\/\/nk7-testes.com.br\/agazeta\/rio-acre-registra-pequena-subida-e-alcanca-1-49-metro\/","name":"Defesa Civil registra pequena subida e alcan\u00e7a 1,49 metro - Agazeta.net","isPartOf":{"@id":"https:\/\/nk7-testes.com.br\/agazeta\/#website"},"primaryImageOfPage":{"@id":"https:\/\/nk7-testes.com.br\/agazeta\/rio-acre-registra-pequena-subida-e-alcanca-1-49-metro\/#primaryimage"},"image":{"@id":"https:\/\/nk7-testes.com.br\/agazeta\/rio-acre-registra-pequena-subida-e-alcanca-1-49-metro\/#primaryimage"},"thumbnailUrl":"https:\/\/nk7-testes.com.br\/agazeta\/wp-content\/uploads\/2016\/08\/220816-cotidiano-rioacre-tvgazeta.jpg","datePublished":"2016-09-19T19:33:51+00:00","author":{"@id":"https:\/\/nk7-testes.com.br\/agazeta\/#\/schema\/person\/ff6b39d54d6973bfc57f4140f659b23f"},"breadcrumb":{"@id":"https:\/\/nk7-testes.com.br\/agazeta\/rio-acre-registra-pequena-subida-e-alcanca-1-49-metro\/#breadcrumb"},"inLanguage":"pt-BR","potentialAction":[{"@type":"ReadAction","target":["https:\/\/nk7-testes.com.br\/agazeta\/rio-acre-registra-pequena-subida-e-alcanca-1-49-metro\/"]}]},{"@type":"ImageObject","inLanguage":"pt-BR","@id":"https:\/\/nk7-testes.com.br\/agazeta\/rio-acre-registra-pequena-subida-e-alcanca-1-49-metro\/#primaryimage","url":"https:\/\/nk7-testes.com.br\/agazeta\/wp-content\/uploads\/2016\/08\/220816-cotidiano-rioacre-tvgazeta.jpg","contentUrl":"https:\/\/nk7-testes.com.br\/agazeta\/wp-content\/uploads\/2016\/08\/220816-cotidiano-rioacre-tvgazeta.jpg","width":458,"height":340,"caption":"220816-cotidiano-rioacre-tvgazeta"},{"@type":"BreadcrumbList","@id":"https:\/\/nk7-testes.com.br\/agazeta\/rio-acre-registra-pequena-subida-e-alcanca-1-49-metro\/#breadcrumb","itemListElement":[{"@type":"ListItem","position":1,"name":"In\u00edcio","item":"https:\/\/nk7-testes.com.br\/agazeta\/"},{"@type":"ListItem","position":2,"name":"Defesa Civil registra pequena subida e alcan\u00e7a 1,49 metro"}]},{"@type":"WebSite","@id":"https:\/\/nk7-testes.com.br\/agazeta\/#website","url":"https:\/\/nk7-testes.com.br\/agazeta\/","name":"Agazeta.net","description":"Agazeta.net - Not\u00edcias de Rio Branco\/AC","potentialAction":[{"@type":"SearchAction","target":{"@type":"EntryPoint","urlTemplate":"https:\/\/nk7-testes.com.br\/agazeta\/?s={search_term_string}"},"query-input":{"@type":"PropertyValueSpecification","valueRequired":true,"valueName":"search_term_string"}}],"inLanguage":"pt-BR"},{"@type":"Person","@id":"https:\/\/nk7-testes.com.br\/agazeta\/#\/schema\/person\/ff6b39d54d6973bfc57f4140f659b23f","name":"Agazeta.Net","url":"https:\/\/nk7-testes.com.br\/agazeta\/author\/agazeta\/"}]}},"_links":{"self":[{"href":"https:\/\/nk7-testes.com.br\/agazeta\/wp-json\/wp\/v2\/posts\/25301","targetHints":{"allow":["GET"]}}],"collection":[{"href":"https:\/\/nk7-testes.com.br\/agazeta\/wp-json\/wp\/v2\/posts"}],"about":[{"href":"https:\/\/nk7-testes.com.br\/agazeta\/wp-json\/wp\/v2\/types\/post"}],"author":[{"embeddable":true,"href":"https:\/\/nk7-testes.com.br\/agazeta\/wp-json\/wp\/v2\/users\/4"}],"replies":[{"embeddable":true,"href":"https:\/\/nk7-testes.com.br\/agazeta\/wp-json\/wp\/v2\/comments?post=25301"}],"version-history":[{"count":0,"href":"https:\/\/nk7-testes.com.br\/agazeta\/wp-json\/wp\/v2\/posts\/25301\/revisions"}],"wp:featuredmedia":[{"embeddable":true,"href":"https:\/\/nk7-testes.com.br\/agazeta\/wp-json\/wp\/v2\/media\/24667"}],"wp:attachment":[{"href":"https:\/\/nk7-testes.com.br\/agazeta\/wp-json\/wp\/v2\/media?parent=25301"}],"wp:term":[{"taxonomy":"category","embeddable":true,"href":"https:\/\/nk7-testes.com.br\/agazeta\/wp-json\/wp\/v2\/categories?post=25301"},{"taxonomy":"post_tag","embeddable":true,"href":"https:\/\/nk7-testes.com.br\/agazeta\/wp-json\/wp\/v2\/tags?post=25301"}],"curies":[{"name":"wp","href":"https:\/\/api.w.org\/{rel}","templated":true}]}}