{"id":25299,"date":"2016-09-19T15:58:17","date_gmt":"2016-09-19T15:58:17","guid":{"rendered":"https:\/\/abarevegan.com.br\/index.php\/2016\/09\/19\/falta-capital-de-giro-afirma-presidente-da-anac\/"},"modified":"2016-09-19T15:58:17","modified_gmt":"2016-09-19T15:58:17","slug":"falta-capital-de-giro-afirma-presidente-da-anac","status":"publish","type":"post","link":"https:\/\/nk7-testes.com.br\/agazeta\/falta-capital-de-giro-afirma-presidente-da-anac\/","title":{"rendered":"\u201cFalta capital de giro\u201d, afirma presidente da Anac"},"content":{"rendered":"<p style=\"text-align: justify;\">Moreira defende empresa, mas assume dificuldades<\/p>\n<p style=\"text-align: justify;\">O presidente da Ag\u00eancia de Neg\u00f3cios do Acre, In\u00e1cio Moreira, \u00e9 direto em reconhecer que a Peixes da Amaz\u00f4nia enfrenta problemas de capital de giro na empresa. Isso \u00e9 uma situa\u00e7\u00e3o que, segundo argumenta, faz parte de um cen\u00e1rio econ\u00f4mico nacional.<\/p>\n<p style=\"text-align: justify;\">Moreira, no entanto, rebate a informa\u00e7\u00e3o que, por conta do gargalo de capital de giro, a empresa estaria inviabilizada. O presidente da Anac tamb\u00e9m n\u00e3o esconde o fato de haver problemas no pagamento de alguns produtores justamente pela falta de capital de giro suficiente.<\/p>\n<p style=\"text-align: justify;\">Um pouco dessas dificuldades na gest\u00e3o \u00e9 dita nessa r\u00e1pida entrevista ao site Agazeta.Net.<\/p>\n<p style=\"text-align: justify;\">A Gazeta.Net: A Peixes da Amaz\u00f4nia est\u00e1 com problema de caixa?<\/p>\n<p style=\"text-align: justify;\">In\u00e1cio Moreira: Em 2011, quando os acionistas sentaram para definir planejamento, n\u00f3s fizemos a constitui\u00e7\u00e3o da empresa com capital que era para obra civil [infrestrutura f\u00edsica]: tipo 95% dos investimentos foram para obras civis, para estruturar a empresa. Em abril de 2015, quando n\u00f3s colocamos o produto no mercado, \u00e9 como se n\u00f3s tiv\u00e9ssemos virado uma p\u00e1gina. A segunda fase do processo, j\u00e1 tinha escrito no plano de neg\u00f3cios que a gente precisaria a\u00ed de um capital de giro em torno de 18 a 19 milh\u00f5es de reais que \u00e9 para a gente ficar tranquilo.<\/p>\n<p style=\"text-align: justify;\">E voc\u00eas est\u00e3o tranquilos?<\/p>\n<p style=\"text-align: justify;\">Mas, n\u00f3s n\u00e3o tivemos como fazer um aumento de capital de 19 milh\u00f5es de reais. Mas, n\u00e3o houve consenso entre os acionistas. N\u00f3s j\u00e1 tivemos uma abertura para aporte de capital de 7 milh\u00f5es, de 4 milh\u00f5es.<\/p>\n<p style=\"text-align: justify;\">Qual a crise que existe hoje?<\/p>\n<p style=\"text-align: justify;\">A crise que est\u00e1 \u00e9 a seguinte: uma press\u00e3o do mercado pelos nossos produtos&#8230; s\u00f3 para voc\u00ea ter uma ideia: o Grupo P\u00e3o de A\u00e7\u00facar tem 800 lojas em todo Brasil e n\u00f3s estamos abastecendo 200.<\/p>\n<p style=\"text-align: justify;\">Mas, h\u00e1 problema no Capital de Giro da empresa?<\/p>\n<p style=\"text-align: justify;\">H\u00e1 problema no capital de giro. A empresa que abriu para aportar capital e gente da iniciativa privada colocou mais cinco milh\u00f5es de reais. Investidor privado n\u00e3o coloca dinheiro onde n\u00e3o h\u00e1 seguran\u00e7a e viabilidade. Ele n\u00e3o coloca o dinheiro dele em qualquer lugar. N\u00f3s sabemos que quanto mais aumentam as vendas, mais dinheiro precisa para comprar mat\u00e9ria prima.<\/p>\n<p style=\"text-align: justify;\">Quanto a Peixes da Amaz\u00f4nia precisa para melhorar o capital de giro da empresa?<\/p>\n<p style=\"text-align: justify;\">O ideal era que fosse aportado 18 milh\u00f5es.<\/p>\n<p style=\"text-align: justify;\">E a rela\u00e7\u00e3o com os produtores? O que h\u00e1 de gargalo a ser resolvido?<\/p>\n<p style=\"text-align: justify;\">Em uma crise econ\u00f4mica&#8230; o peixe do produtor&#8230; o cara demora 30 dias para pagar a gente (porque est\u00e1 no contrato)&#8230; \u00e0s vezes h\u00e1 algum atraso. H\u00e1 algum problema com o produtor, sim. E qual \u00e9 o problema? O produtor consegue vender na pra\u00e7a no modo tradicional vende a bom pre\u00e7o, mas sem volume&#8230; Quando ele vende para a ind\u00fastria, ele vende tudo&#8230; vende volume e quer receber mais r\u00e1pido.<\/p>\n<p style=\"text-align: justify;\">E isso \u00e9 o que n\u00e3o est\u00e1 acontecendo.<\/p>\n<p style=\"text-align: justify;\">N\u00e3o est\u00e1 acontecendo por falta de capital de giro.<\/p>\n","protected":false},"excerpt":{"rendered":"<p style=\"text-align: justify;\">Moreira defende empresa, mas assume dificuldades<\/p>\n","protected":false},"author":4,"featured_media":25298,"comment_status":"open","ping_status":"open","sticky":false,"template":"","format":"standard","meta":{"jnews-multi-image_gallery":[],"jnews_single_post":[],"jnews_primary_category":[],"jnews_social_meta":[],"jnews_review":[],"enable_review":"","type":"","name":"","summary":"","brand":"","sku":"","good":[],"bad":[],"score_override":"","override_value":"","rating":[],"price":[],"footnotes":""},"categories":[54],"tags":[],"class_list":["post-25299","post","type-post","status-publish","format-standard","has-post-thumbnail","hentry","category-cotidiano"],"yoast_head":"<!-- This site is optimized with the Yoast SEO plugin v26.5 - https:\/\/yoast.com\/wordpress\/plugins\/seo\/ -->\n<title>\u201cFalta capital de giro\u201d, afirma presidente da Anac - Agazeta.net<\/title>\n<meta name=\"robots\" content=\"index, follow, max-snippet:-1, max-image-preview:large, max-video-preview:-1\" \/>\n<link rel=\"canonical\" href=\"https:\/\/nk7-testes.com.br\/agazeta\/falta-capital-de-giro-afirma-presidente-da-anac\/\" \/>\n<meta property=\"og:locale\" content=\"pt_BR\" \/>\n<meta property=\"og:type\" content=\"article\" \/>\n<meta property=\"og:title\" content=\"\u201cFalta capital de giro\u201d, afirma presidente da Anac - Agazeta.net\" \/>\n<meta property=\"og:description\" content=\"Moreira defende empresa, mas assume dificuldades\" \/>\n<meta property=\"og:url\" content=\"https:\/\/nk7-testes.com.br\/agazeta\/falta-capital-de-giro-afirma-presidente-da-anac\/\" \/>\n<meta property=\"og:site_name\" content=\"Agazeta.net\" \/>\n<meta property=\"article:published_time\" content=\"2016-09-19T15:58:17+00:00\" \/>\n<meta property=\"og:image\" content=\"https:\/\/nk7-testes.com.br\/agazeta\/wp-content\/uploads\/2016\/09\/190916-cotidiano-inacionoreira-tvgazeta.jpg\" \/>\n\t<meta property=\"og:image:width\" content=\"458\" \/>\n\t<meta property=\"og:image:height\" content=\"340\" \/>\n\t<meta property=\"og:image:type\" content=\"image\/jpeg\" \/>\n<meta name=\"author\" content=\"Agazeta.Net\" \/>\n<meta name=\"twitter:card\" content=\"summary_large_image\" \/>\n<meta name=\"twitter:label1\" content=\"Escrito por\" \/>\n\t<meta name=\"twitter:data1\" content=\"Agazeta.Net\" \/>\n\t<meta name=\"twitter:label2\" content=\"Est. tempo de leitura\" \/>\n\t<meta name=\"twitter:data2\" content=\"3 minutos\" \/>\n<script type=\"application\/ld+json\" class=\"yoast-schema-graph\">{\"@context\":\"https:\/\/schema.org\",\"@graph\":[{\"@type\":\"WebPage\",\"@id\":\"https:\/\/nk7-testes.com.br\/agazeta\/falta-capital-de-giro-afirma-presidente-da-anac\/\",\"url\":\"https:\/\/nk7-testes.com.br\/agazeta\/falta-capital-de-giro-afirma-presidente-da-anac\/\",\"name\":\"\u201cFalta capital de giro\u201d, afirma presidente da Anac - Agazeta.net\",\"isPartOf\":{\"@id\":\"https:\/\/nk7-testes.com.br\/agazeta\/#website\"},\"primaryImageOfPage\":{\"@id\":\"https:\/\/nk7-testes.com.br\/agazeta\/falta-capital-de-giro-afirma-presidente-da-anac\/#primaryimage\"},\"image\":{\"@id\":\"https:\/\/nk7-testes.com.br\/agazeta\/falta-capital-de-giro-afirma-presidente-da-anac\/#primaryimage\"},\"thumbnailUrl\":\"https:\/\/nk7-testes.com.br\/agazeta\/wp-content\/uploads\/2016\/09\/190916-cotidiano-inacionoreira-tvgazeta.jpg\",\"datePublished\":\"2016-09-19T15:58:17+00:00\",\"author\":{\"@id\":\"https:\/\/nk7-testes.com.br\/agazeta\/#\/schema\/person\/ff6b39d54d6973bfc57f4140f659b23f\"},\"breadcrumb\":{\"@id\":\"https:\/\/nk7-testes.com.br\/agazeta\/falta-capital-de-giro-afirma-presidente-da-anac\/#breadcrumb\"},\"inLanguage\":\"pt-BR\",\"potentialAction\":[{\"@type\":\"ReadAction\",\"target\":[\"https:\/\/nk7-testes.com.br\/agazeta\/falta-capital-de-giro-afirma-presidente-da-anac\/\"]}]},{\"@type\":\"ImageObject\",\"inLanguage\":\"pt-BR\",\"@id\":\"https:\/\/nk7-testes.com.br\/agazeta\/falta-capital-de-giro-afirma-presidente-da-anac\/#primaryimage\",\"url\":\"https:\/\/nk7-testes.com.br\/agazeta\/wp-content\/uploads\/2016\/09\/190916-cotidiano-inacionoreira-tvgazeta.jpg\",\"contentUrl\":\"https:\/\/nk7-testes.com.br\/agazeta\/wp-content\/uploads\/2016\/09\/190916-cotidiano-inacionoreira-tvgazeta.jpg\",\"width\":458,\"height\":340,\"caption\":\"190916-cotidiano-inacionoreira-tvgazeta\"},{\"@type\":\"BreadcrumbList\",\"@id\":\"https:\/\/nk7-testes.com.br\/agazeta\/falta-capital-de-giro-afirma-presidente-da-anac\/#breadcrumb\",\"itemListElement\":[{\"@type\":\"ListItem\",\"position\":1,\"name\":\"In\u00edcio\",\"item\":\"https:\/\/nk7-testes.com.br\/agazeta\/\"},{\"@type\":\"ListItem\",\"position\":2,\"name\":\"\u201cFalta capital de giro\u201d, afirma presidente da Anac\"}]},{\"@type\":\"WebSite\",\"@id\":\"https:\/\/nk7-testes.com.br\/agazeta\/#website\",\"url\":\"https:\/\/nk7-testes.com.br\/agazeta\/\",\"name\":\"Agazeta.net\",\"description\":\"Agazeta.net - Not\u00edcias de Rio Branco\/AC\",\"potentialAction\":[{\"@type\":\"SearchAction\",\"target\":{\"@type\":\"EntryPoint\",\"urlTemplate\":\"https:\/\/nk7-testes.com.br\/agazeta\/?s={search_term_string}\"},\"query-input\":{\"@type\":\"PropertyValueSpecification\",\"valueRequired\":true,\"valueName\":\"search_term_string\"}}],\"inLanguage\":\"pt-BR\"},{\"@type\":\"Person\",\"@id\":\"https:\/\/nk7-testes.com.br\/agazeta\/#\/schema\/person\/ff6b39d54d6973bfc57f4140f659b23f\",\"name\":\"Agazeta.Net\",\"url\":\"https:\/\/nk7-testes.com.br\/agazeta\/author\/agazeta\/\"}]}<\/script>\n<!-- \/ Yoast SEO plugin. -->","yoast_head_json":{"title":"\u201cFalta capital de giro\u201d, afirma presidente da Anac - Agazeta.net","robots":{"index":"index","follow":"follow","max-snippet":"max-snippet:-1","max-image-preview":"max-image-preview:large","max-video-preview":"max-video-preview:-1"},"canonical":"https:\/\/nk7-testes.com.br\/agazeta\/falta-capital-de-giro-afirma-presidente-da-anac\/","og_locale":"pt_BR","og_type":"article","og_title":"\u201cFalta capital de giro\u201d, afirma presidente da Anac - Agazeta.net","og_description":"Moreira defende empresa, mas assume dificuldades","og_url":"https:\/\/nk7-testes.com.br\/agazeta\/falta-capital-de-giro-afirma-presidente-da-anac\/","og_site_name":"Agazeta.net","article_published_time":"2016-09-19T15:58:17+00:00","og_image":[{"width":458,"height":340,"url":"https:\/\/nk7-testes.com.br\/agazeta\/wp-content\/uploads\/2016\/09\/190916-cotidiano-inacionoreira-tvgazeta.jpg","type":"image\/jpeg"}],"author":"Agazeta.Net","twitter_card":"summary_large_image","twitter_misc":{"Escrito por":"Agazeta.Net","Est. tempo de leitura":"3 minutos"},"schema":{"@context":"https:\/\/schema.org","@graph":[{"@type":"WebPage","@id":"https:\/\/nk7-testes.com.br\/agazeta\/falta-capital-de-giro-afirma-presidente-da-anac\/","url":"https:\/\/nk7-testes.com.br\/agazeta\/falta-capital-de-giro-afirma-presidente-da-anac\/","name":"\u201cFalta capital de giro\u201d, afirma presidente da Anac - Agazeta.net","isPartOf":{"@id":"https:\/\/nk7-testes.com.br\/agazeta\/#website"},"primaryImageOfPage":{"@id":"https:\/\/nk7-testes.com.br\/agazeta\/falta-capital-de-giro-afirma-presidente-da-anac\/#primaryimage"},"image":{"@id":"https:\/\/nk7-testes.com.br\/agazeta\/falta-capital-de-giro-afirma-presidente-da-anac\/#primaryimage"},"thumbnailUrl":"https:\/\/nk7-testes.com.br\/agazeta\/wp-content\/uploads\/2016\/09\/190916-cotidiano-inacionoreira-tvgazeta.jpg","datePublished":"2016-09-19T15:58:17+00:00","author":{"@id":"https:\/\/nk7-testes.com.br\/agazeta\/#\/schema\/person\/ff6b39d54d6973bfc57f4140f659b23f"},"breadcrumb":{"@id":"https:\/\/nk7-testes.com.br\/agazeta\/falta-capital-de-giro-afirma-presidente-da-anac\/#breadcrumb"},"inLanguage":"pt-BR","potentialAction":[{"@type":"ReadAction","target":["https:\/\/nk7-testes.com.br\/agazeta\/falta-capital-de-giro-afirma-presidente-da-anac\/"]}]},{"@type":"ImageObject","inLanguage":"pt-BR","@id":"https:\/\/nk7-testes.com.br\/agazeta\/falta-capital-de-giro-afirma-presidente-da-anac\/#primaryimage","url":"https:\/\/nk7-testes.com.br\/agazeta\/wp-content\/uploads\/2016\/09\/190916-cotidiano-inacionoreira-tvgazeta.jpg","contentUrl":"https:\/\/nk7-testes.com.br\/agazeta\/wp-content\/uploads\/2016\/09\/190916-cotidiano-inacionoreira-tvgazeta.jpg","width":458,"height":340,"caption":"190916-cotidiano-inacionoreira-tvgazeta"},{"@type":"BreadcrumbList","@id":"https:\/\/nk7-testes.com.br\/agazeta\/falta-capital-de-giro-afirma-presidente-da-anac\/#breadcrumb","itemListElement":[{"@type":"ListItem","position":1,"name":"In\u00edcio","item":"https:\/\/nk7-testes.com.br\/agazeta\/"},{"@type":"ListItem","position":2,"name":"\u201cFalta capital de giro\u201d, afirma presidente da Anac"}]},{"@type":"WebSite","@id":"https:\/\/nk7-testes.com.br\/agazeta\/#website","url":"https:\/\/nk7-testes.com.br\/agazeta\/","name":"Agazeta.net","description":"Agazeta.net - Not\u00edcias de Rio Branco\/AC","potentialAction":[{"@type":"SearchAction","target":{"@type":"EntryPoint","urlTemplate":"https:\/\/nk7-testes.com.br\/agazeta\/?s={search_term_string}"},"query-input":{"@type":"PropertyValueSpecification","valueRequired":true,"valueName":"search_term_string"}}],"inLanguage":"pt-BR"},{"@type":"Person","@id":"https:\/\/nk7-testes.com.br\/agazeta\/#\/schema\/person\/ff6b39d54d6973bfc57f4140f659b23f","name":"Agazeta.Net","url":"https:\/\/nk7-testes.com.br\/agazeta\/author\/agazeta\/"}]}},"_links":{"self":[{"href":"https:\/\/nk7-testes.com.br\/agazeta\/wp-json\/wp\/v2\/posts\/25299","targetHints":{"allow":["GET"]}}],"collection":[{"href":"https:\/\/nk7-testes.com.br\/agazeta\/wp-json\/wp\/v2\/posts"}],"about":[{"href":"https:\/\/nk7-testes.com.br\/agazeta\/wp-json\/wp\/v2\/types\/post"}],"author":[{"embeddable":true,"href":"https:\/\/nk7-testes.com.br\/agazeta\/wp-json\/wp\/v2\/users\/4"}],"replies":[{"embeddable":true,"href":"https:\/\/nk7-testes.com.br\/agazeta\/wp-json\/wp\/v2\/comments?post=25299"}],"version-history":[{"count":0,"href":"https:\/\/nk7-testes.com.br\/agazeta\/wp-json\/wp\/v2\/posts\/25299\/revisions"}],"wp:featuredmedia":[{"embeddable":true,"href":"https:\/\/nk7-testes.com.br\/agazeta\/wp-json\/wp\/v2\/media\/25298"}],"wp:attachment":[{"href":"https:\/\/nk7-testes.com.br\/agazeta\/wp-json\/wp\/v2\/media?parent=25299"}],"wp:term":[{"taxonomy":"category","embeddable":true,"href":"https:\/\/nk7-testes.com.br\/agazeta\/wp-json\/wp\/v2\/categories?post=25299"},{"taxonomy":"post_tag","embeddable":true,"href":"https:\/\/nk7-testes.com.br\/agazeta\/wp-json\/wp\/v2\/tags?post=25299"}],"curies":[{"name":"wp","href":"https:\/\/api.w.org\/{rel}","templated":true}]}}