{"id":25272,"date":"2016-09-16T20:00:53","date_gmt":"2016-09-16T20:00:53","guid":{"rendered":"https:\/\/abarevegan.com.br\/index.php\/2016\/09\/16\/bancarios-continuam-em-greve-por-tempo-indeterminado\/"},"modified":"2016-09-16T20:00:53","modified_gmt":"2016-09-16T20:00:53","slug":"bancarios-continuam-em-greve-por-tempo-indeterminado","status":"publish","type":"post","link":"https:\/\/nk7-testes.com.br\/agazeta\/bancarios-continuam-em-greve-por-tempo-indeterminado\/","title":{"rendered":"Banc\u00e1rios continuam em greve por tempo indeterminado"},"content":{"rendered":"<p style=\"text-align: justify;\"><span style=\"font-size: 12pt; line-height: 115%; font-family: 'Times New Roman', serif;\"><\/span><\/p>\n<p style=\"text-align: justify;\">Trabalhadores querem 14,78% de reajustes<\/p>\n<p style=\"text-align: justify;\"><span style=\"font-size: 12pt; line-height: 115%; font-family: 'Times New Roman', serif;\"><\/span><\/p>\n<p style=\"text-align: justify;\">Banc\u00e1rios rejeitam proposta dos bancos e continuam em greve por tempo indeterminado. Segundo o sindicato da categoria no Acre, a falta de negocia\u00e7\u00e3o tem aumentado a ades\u00e3o de ag\u00eancias.<\/p>\n<p style=\"text-align: justify;\"><span style=\"font-size: 12pt; line-height: 115%; font-family: 'Times New Roman', serif;\"><\/span><\/p>\n<p style=\"text-align: justify;\">A oitava rodada de negocia\u00e7\u00f5es entre a Federa\u00e7\u00e3o Nacional dos Bancos (Fenaban) e os banc\u00e1rios terminou sem acordo. Os bancos mantiveram a proposta apresentada no dia 9 onde foi ofertado reajuste de 7% nos sal\u00e1rios e benef\u00edcios e abono de R$ 3,3 mil.<\/p>\n<p style=\"text-align: justify;\"><span style=\"font-size: 12pt; line-height: 115%; font-family: 'Times New Roman', serif;\"><\/span><\/p>\n<p style=\"text-align: justify;\">Segundo o sindicato dos banc\u00e1rios no Acre, a greve continua por tempo indeterminado por que a proposta n\u00e3o atende as reivindica\u00e7\u00f5es sociais e salariais. <br \/>\u201cEles n\u00e3o est\u00e3o dando aumento real, nem reposi\u00e7\u00e3o de infla\u00e7\u00e3o e n\u00e3o contemplam outras lutas sociais, como ass\u00e9dio moral, por exemplo\u201d, disse a secret\u00e1ria geral do sindicato, Janine Lira.<\/p>\n<p style=\"text-align: justify;\"><span style=\"font-size: 12pt; line-height: 115%; font-family: 'Times New Roman', serif;\"><\/span><\/p>\n<p style=\"text-align: justify;\">Na pauta financeira, os banc\u00e1rios lutam por reajuste de 14,78%, mais do que o dobro do que foi ofertado pelos bancos. O percentual reivindicado representa 5% de aumento real, mais corre\u00e7\u00e3o da infla\u00e7\u00e3o. Al\u00e9m disso, a categoria pede participa\u00e7\u00e3o nos lucros e resultados de pouco mais de R$ 8 mil.<\/p>\n<p style=\"text-align: justify;\"><span style=\"font-size: 12pt; line-height: 115%; font-family: 'Times New Roman', serif;\"><\/span><\/p>\n<p style=\"text-align: justify;\">De acordo com o sindicato local, a greve se fortalece, com a falta de avan\u00e7os nas negocia\u00e7\u00f5es. \u201cEm torno de 60% das ag\u00eancias do estado est\u00e3o fechadas. A gente tem 47 ag\u00eancias fechadas, do Banco do Brasil, Caixa, Basa e bancos privados em todo estado\u201d, afirma.<\/p>\n<p style=\"text-align: justify;\"><span style=\"font-size: 12pt; line-height: 115%; font-family: 'Times New Roman', serif;\"><\/span><\/p>\n<p style=\"text-align: justify;\">A greve dos banc\u00e1rios iniciou no dia 6 de setembro e alcan\u00e7ou a ades\u00e3o de aproximadamente 12,7 mil ag\u00eancias em todo pa\u00eds e 54 centros administrativos tiveram as atividades paralisadas, segundo sindicalistas. O n\u00famero representa 54% das ag\u00eancias banc\u00e1rias do Brasil.<\/p>\n<p style=\"text-align: justify;\"><span style=\"font-size: 12pt; line-height: 115%; font-family: 'Times New Roman', serif;\"><\/span><\/p>\n<p style=\"text-align: justify;\">&nbsp;<\/p>\n","protected":false},"excerpt":{"rendered":"<p style=\"text-align: justify;\"><span style=\"font-size: 12pt; line-height: 115%; font-family: 'Times New Roman', serif;\"><\/span><\/p>\n<p style=\"text-align: justify;\">Trabalhadores querem 14,78% de reajustes<\/p>\n","protected":false},"author":4,"featured_media":25271,"comment_status":"open","ping_status":"open","sticky":false,"template":"","format":"standard","meta":{"jnews-multi-image_gallery":[],"jnews_single_post":[],"jnews_primary_category":[],"jnews_social_meta":[],"jnews_review":[],"enable_review":"","type":"","name":"","summary":"","brand":"","sku":"","good":[],"bad":[],"score_override":"","override_value":"","rating":[],"price":[],"footnotes":""},"categories":[54],"tags":[],"class_list":["post-25272","post","type-post","status-publish","format-standard","has-post-thumbnail","hentry","category-cotidiano"],"yoast_head":"<!-- This site is optimized with the Yoast SEO plugin v26.5 - https:\/\/yoast.com\/wordpress\/plugins\/seo\/ -->\n<title>Banc\u00e1rios continuam em greve por tempo indeterminado - Agazeta.net<\/title>\n<meta name=\"robots\" content=\"index, follow, max-snippet:-1, max-image-preview:large, max-video-preview:-1\" \/>\n<link rel=\"canonical\" href=\"https:\/\/nk7-testes.com.br\/agazeta\/bancarios-continuam-em-greve-por-tempo-indeterminado\/\" \/>\n<meta property=\"og:locale\" content=\"pt_BR\" \/>\n<meta property=\"og:type\" content=\"article\" \/>\n<meta property=\"og:title\" content=\"Banc\u00e1rios continuam em greve por tempo indeterminado - Agazeta.net\" \/>\n<meta property=\"og:description\" content=\"Trabalhadores querem 14,78% de reajustes\" \/>\n<meta property=\"og:url\" content=\"https:\/\/nk7-testes.com.br\/agazeta\/bancarios-continuam-em-greve-por-tempo-indeterminado\/\" \/>\n<meta property=\"og:site_name\" content=\"Agazeta.net\" \/>\n<meta property=\"article:published_time\" content=\"2016-09-16T20:00:53+00:00\" \/>\n<meta property=\"og:image\" content=\"https:\/\/nk7-testes.com.br\/agazeta\/wp-content\/uploads\/2016\/09\/160916-cotidiano-grevedosbancarios-tvgazeta.jpg\" \/>\n\t<meta property=\"og:image:width\" content=\"458\" \/>\n\t<meta property=\"og:image:height\" content=\"340\" \/>\n\t<meta property=\"og:image:type\" content=\"image\/jpeg\" \/>\n<meta name=\"author\" content=\"Agazeta.Net\" \/>\n<meta name=\"twitter:card\" content=\"summary_large_image\" \/>\n<meta name=\"twitter:label1\" content=\"Escrito por\" \/>\n\t<meta name=\"twitter:data1\" content=\"Agazeta.Net\" \/>\n\t<meta name=\"twitter:label2\" content=\"Est. tempo de leitura\" \/>\n\t<meta name=\"twitter:data2\" content=\"1 minuto\" \/>\n<script type=\"application\/ld+json\" class=\"yoast-schema-graph\">{\"@context\":\"https:\/\/schema.org\",\"@graph\":[{\"@type\":\"WebPage\",\"@id\":\"https:\/\/nk7-testes.com.br\/agazeta\/bancarios-continuam-em-greve-por-tempo-indeterminado\/\",\"url\":\"https:\/\/nk7-testes.com.br\/agazeta\/bancarios-continuam-em-greve-por-tempo-indeterminado\/\",\"name\":\"Banc\u00e1rios continuam em greve por tempo indeterminado - Agazeta.net\",\"isPartOf\":{\"@id\":\"https:\/\/nk7-testes.com.br\/agazeta\/#website\"},\"primaryImageOfPage\":{\"@id\":\"https:\/\/nk7-testes.com.br\/agazeta\/bancarios-continuam-em-greve-por-tempo-indeterminado\/#primaryimage\"},\"image\":{\"@id\":\"https:\/\/nk7-testes.com.br\/agazeta\/bancarios-continuam-em-greve-por-tempo-indeterminado\/#primaryimage\"},\"thumbnailUrl\":\"https:\/\/nk7-testes.com.br\/agazeta\/wp-content\/uploads\/2016\/09\/160916-cotidiano-grevedosbancarios-tvgazeta.jpg\",\"datePublished\":\"2016-09-16T20:00:53+00:00\",\"author\":{\"@id\":\"https:\/\/nk7-testes.com.br\/agazeta\/#\/schema\/person\/ff6b39d54d6973bfc57f4140f659b23f\"},\"breadcrumb\":{\"@id\":\"https:\/\/nk7-testes.com.br\/agazeta\/bancarios-continuam-em-greve-por-tempo-indeterminado\/#breadcrumb\"},\"inLanguage\":\"pt-BR\",\"potentialAction\":[{\"@type\":\"ReadAction\",\"target\":[\"https:\/\/nk7-testes.com.br\/agazeta\/bancarios-continuam-em-greve-por-tempo-indeterminado\/\"]}]},{\"@type\":\"ImageObject\",\"inLanguage\":\"pt-BR\",\"@id\":\"https:\/\/nk7-testes.com.br\/agazeta\/bancarios-continuam-em-greve-por-tempo-indeterminado\/#primaryimage\",\"url\":\"https:\/\/nk7-testes.com.br\/agazeta\/wp-content\/uploads\/2016\/09\/160916-cotidiano-grevedosbancarios-tvgazeta.jpg\",\"contentUrl\":\"https:\/\/nk7-testes.com.br\/agazeta\/wp-content\/uploads\/2016\/09\/160916-cotidiano-grevedosbancarios-tvgazeta.jpg\",\"width\":458,\"height\":340,\"caption\":\"160916-cotidiano-grevedosbancarios-tvgazeta\"},{\"@type\":\"BreadcrumbList\",\"@id\":\"https:\/\/nk7-testes.com.br\/agazeta\/bancarios-continuam-em-greve-por-tempo-indeterminado\/#breadcrumb\",\"itemListElement\":[{\"@type\":\"ListItem\",\"position\":1,\"name\":\"In\u00edcio\",\"item\":\"https:\/\/nk7-testes.com.br\/agazeta\/\"},{\"@type\":\"ListItem\",\"position\":2,\"name\":\"Banc\u00e1rios continuam em greve por tempo indeterminado\"}]},{\"@type\":\"WebSite\",\"@id\":\"https:\/\/nk7-testes.com.br\/agazeta\/#website\",\"url\":\"https:\/\/nk7-testes.com.br\/agazeta\/\",\"name\":\"Agazeta.net\",\"description\":\"Agazeta.net - Not\u00edcias de Rio Branco\/AC\",\"potentialAction\":[{\"@type\":\"SearchAction\",\"target\":{\"@type\":\"EntryPoint\",\"urlTemplate\":\"https:\/\/nk7-testes.com.br\/agazeta\/?s={search_term_string}\"},\"query-input\":{\"@type\":\"PropertyValueSpecification\",\"valueRequired\":true,\"valueName\":\"search_term_string\"}}],\"inLanguage\":\"pt-BR\"},{\"@type\":\"Person\",\"@id\":\"https:\/\/nk7-testes.com.br\/agazeta\/#\/schema\/person\/ff6b39d54d6973bfc57f4140f659b23f\",\"name\":\"Agazeta.Net\",\"url\":\"https:\/\/nk7-testes.com.br\/agazeta\/author\/agazeta\/\"}]}<\/script>\n<!-- \/ Yoast SEO plugin. -->","yoast_head_json":{"title":"Banc\u00e1rios continuam em greve por tempo indeterminado - Agazeta.net","robots":{"index":"index","follow":"follow","max-snippet":"max-snippet:-1","max-image-preview":"max-image-preview:large","max-video-preview":"max-video-preview:-1"},"canonical":"https:\/\/nk7-testes.com.br\/agazeta\/bancarios-continuam-em-greve-por-tempo-indeterminado\/","og_locale":"pt_BR","og_type":"article","og_title":"Banc\u00e1rios continuam em greve por tempo indeterminado - Agazeta.net","og_description":"Trabalhadores querem 14,78% de reajustes","og_url":"https:\/\/nk7-testes.com.br\/agazeta\/bancarios-continuam-em-greve-por-tempo-indeterminado\/","og_site_name":"Agazeta.net","article_published_time":"2016-09-16T20:00:53+00:00","og_image":[{"width":458,"height":340,"url":"https:\/\/nk7-testes.com.br\/agazeta\/wp-content\/uploads\/2016\/09\/160916-cotidiano-grevedosbancarios-tvgazeta.jpg","type":"image\/jpeg"}],"author":"Agazeta.Net","twitter_card":"summary_large_image","twitter_misc":{"Escrito por":"Agazeta.Net","Est. tempo de leitura":"1 minuto"},"schema":{"@context":"https:\/\/schema.org","@graph":[{"@type":"WebPage","@id":"https:\/\/nk7-testes.com.br\/agazeta\/bancarios-continuam-em-greve-por-tempo-indeterminado\/","url":"https:\/\/nk7-testes.com.br\/agazeta\/bancarios-continuam-em-greve-por-tempo-indeterminado\/","name":"Banc\u00e1rios continuam em greve por tempo indeterminado - Agazeta.net","isPartOf":{"@id":"https:\/\/nk7-testes.com.br\/agazeta\/#website"},"primaryImageOfPage":{"@id":"https:\/\/nk7-testes.com.br\/agazeta\/bancarios-continuam-em-greve-por-tempo-indeterminado\/#primaryimage"},"image":{"@id":"https:\/\/nk7-testes.com.br\/agazeta\/bancarios-continuam-em-greve-por-tempo-indeterminado\/#primaryimage"},"thumbnailUrl":"https:\/\/nk7-testes.com.br\/agazeta\/wp-content\/uploads\/2016\/09\/160916-cotidiano-grevedosbancarios-tvgazeta.jpg","datePublished":"2016-09-16T20:00:53+00:00","author":{"@id":"https:\/\/nk7-testes.com.br\/agazeta\/#\/schema\/person\/ff6b39d54d6973bfc57f4140f659b23f"},"breadcrumb":{"@id":"https:\/\/nk7-testes.com.br\/agazeta\/bancarios-continuam-em-greve-por-tempo-indeterminado\/#breadcrumb"},"inLanguage":"pt-BR","potentialAction":[{"@type":"ReadAction","target":["https:\/\/nk7-testes.com.br\/agazeta\/bancarios-continuam-em-greve-por-tempo-indeterminado\/"]}]},{"@type":"ImageObject","inLanguage":"pt-BR","@id":"https:\/\/nk7-testes.com.br\/agazeta\/bancarios-continuam-em-greve-por-tempo-indeterminado\/#primaryimage","url":"https:\/\/nk7-testes.com.br\/agazeta\/wp-content\/uploads\/2016\/09\/160916-cotidiano-grevedosbancarios-tvgazeta.jpg","contentUrl":"https:\/\/nk7-testes.com.br\/agazeta\/wp-content\/uploads\/2016\/09\/160916-cotidiano-grevedosbancarios-tvgazeta.jpg","width":458,"height":340,"caption":"160916-cotidiano-grevedosbancarios-tvgazeta"},{"@type":"BreadcrumbList","@id":"https:\/\/nk7-testes.com.br\/agazeta\/bancarios-continuam-em-greve-por-tempo-indeterminado\/#breadcrumb","itemListElement":[{"@type":"ListItem","position":1,"name":"In\u00edcio","item":"https:\/\/nk7-testes.com.br\/agazeta\/"},{"@type":"ListItem","position":2,"name":"Banc\u00e1rios continuam em greve por tempo indeterminado"}]},{"@type":"WebSite","@id":"https:\/\/nk7-testes.com.br\/agazeta\/#website","url":"https:\/\/nk7-testes.com.br\/agazeta\/","name":"Agazeta.net","description":"Agazeta.net - Not\u00edcias de Rio Branco\/AC","potentialAction":[{"@type":"SearchAction","target":{"@type":"EntryPoint","urlTemplate":"https:\/\/nk7-testes.com.br\/agazeta\/?s={search_term_string}"},"query-input":{"@type":"PropertyValueSpecification","valueRequired":true,"valueName":"search_term_string"}}],"inLanguage":"pt-BR"},{"@type":"Person","@id":"https:\/\/nk7-testes.com.br\/agazeta\/#\/schema\/person\/ff6b39d54d6973bfc57f4140f659b23f","name":"Agazeta.Net","url":"https:\/\/nk7-testes.com.br\/agazeta\/author\/agazeta\/"}]}},"_links":{"self":[{"href":"https:\/\/nk7-testes.com.br\/agazeta\/wp-json\/wp\/v2\/posts\/25272","targetHints":{"allow":["GET"]}}],"collection":[{"href":"https:\/\/nk7-testes.com.br\/agazeta\/wp-json\/wp\/v2\/posts"}],"about":[{"href":"https:\/\/nk7-testes.com.br\/agazeta\/wp-json\/wp\/v2\/types\/post"}],"author":[{"embeddable":true,"href":"https:\/\/nk7-testes.com.br\/agazeta\/wp-json\/wp\/v2\/users\/4"}],"replies":[{"embeddable":true,"href":"https:\/\/nk7-testes.com.br\/agazeta\/wp-json\/wp\/v2\/comments?post=25272"}],"version-history":[{"count":0,"href":"https:\/\/nk7-testes.com.br\/agazeta\/wp-json\/wp\/v2\/posts\/25272\/revisions"}],"wp:featuredmedia":[{"embeddable":true,"href":"https:\/\/nk7-testes.com.br\/agazeta\/wp-json\/wp\/v2\/media\/25271"}],"wp:attachment":[{"href":"https:\/\/nk7-testes.com.br\/agazeta\/wp-json\/wp\/v2\/media?parent=25272"}],"wp:term":[{"taxonomy":"category","embeddable":true,"href":"https:\/\/nk7-testes.com.br\/agazeta\/wp-json\/wp\/v2\/categories?post=25272"},{"taxonomy":"post_tag","embeddable":true,"href":"https:\/\/nk7-testes.com.br\/agazeta\/wp-json\/wp\/v2\/tags?post=25272"}],"curies":[{"name":"wp","href":"https:\/\/api.w.org\/{rel}","templated":true}]}}