{"id":25270,"date":"2016-09-16T19:45:00","date_gmt":"2016-09-16T19:45:00","guid":{"rendered":"https:\/\/abarevegan.com.br\/index.php\/2016\/09\/16\/defensoria-e-amiga-da-escola-na-periferia-da-capital\/"},"modified":"2016-09-16T19:45:00","modified_gmt":"2016-09-16T19:45:00","slug":"defensoria-e-amiga-da-escola-na-periferia-da-capital","status":"publish","type":"post","link":"https:\/\/nk7-testes.com.br\/agazeta\/defensoria-e-amiga-da-escola-na-periferia-da-capital\/","title":{"rendered":"Defensoria \u00e9 Amiga da Escola na periferia da Capital"},"content":{"rendered":"<p style=\"text-align: justify;\">Projeto atendeu no bairro Cidade do Povo<\/p>\n<p style=\"text-align: justify;\">Amiga da escola \u00e9 o nome do programa da Defensoria P\u00fablica e que nesta sexta-feira atendeu a popula\u00e7\u00e3o do bairro Cidade do Povo. Al\u00e9m dos atendimentos diversos do direito, servi\u00e7os como palestras educativas e coleta para exame de DNA foram oferecidos.<\/p>\n<p style=\"text-align: justify;\">A dona de casa Rosa Maria do Nascimento j\u00e1 procurou ajuda e ainda n\u00e3o teve respostas quanto \u00e0 pens\u00e3o de um dos filhos que est\u00e1 atrasada h\u00e1 v\u00e1rios meses. A Defensoria P\u00fablica chegou perto da casa dela e o pedido judicial foi realizado.<\/p>\n<p style=\"text-align: justify;\">\u201cJ\u00e1 dei entrada na Oca, mas ele fica atrasando a pens\u00e3o. Acredito que agora vai ser resolvido\u201d, disse.<\/p>\n<p style=\"text-align: justify;\">Uma letra a menos na certid\u00e3o de nascimento do filho tamb\u00e9m levou o caseiro Eurico Cunha a procurar ajuda. O sobrenome dos av\u00f3s da crian\u00e7a rec\u00e9m-nascida foi digitado com um &#8220;R&#8221; a menos e, para evitar transtornos futuros, Eurico buscou orienta\u00e7\u00f5es. <br \/>\u201cCom meu outro filho, tive o mesmo problema de escrita errada. \u00c9 complicado porque voc\u00ea n\u00e3o consegue se inscrever em Bolsa Fam\u00edlia, na Escola\u201d, comenta o trabalhador.<\/p>\n<p style=\"text-align: justify;\">Tanto Rosa Maria quanto Eurico Cunha foram atendidos nesta sexta-feira pelo programa \u201cDefensoria P\u00fablica, Amiga da Escola\u201d. A a\u00e7\u00e3o foi promovida na Escola Frei Heitor no bairro Cidade do Povo e, al\u00e9m dos moradores da comunidade, foi aberta para outros bairros da regi\u00e3o.<\/p>\n<p style=\"text-align: justify;\">O projeto leva a gama de atendimentos da Defensoria P\u00fablica como: acompanhamento processual, abertura de a\u00e7\u00f5es, investiga\u00e7\u00e3o de paternidade entre outros das varas c\u00edveis, criminal e da fam\u00edlia.<\/p>\n<p style=\"text-align: justify;\">\u201cO nosso objetivo \u00e9 facilitar o acesso da popula\u00e7\u00e3o \u00e0 Defensoria fica no Bosque, longe da periferia. Tem pessoas que n\u00e3o t\u00eam dinheiro para uma passagem de \u00f4nibus at\u00e9 a sede e assim, a gente facilita o acesso \u00e0 Justi\u00e7a\u201d, disse a coordenadora da atividade, Arine Cunha.<\/p>\n<p style=\"text-align: justify;\">As salas de aula dividiram os atendimentos coordenados por 14 defensores p\u00fablicos. Em uma delas, era realizada coleta de material para exame de DNA.<\/p>\n<p style=\"text-align: justify;\">Quem participou da atividade tamb\u00e9m acompanhou palestras sobre Cidadania como primeiro voto e Lei Maria da Penha.<\/p>\n","protected":false},"excerpt":{"rendered":"<p style=\"text-align: justify;\">Projeto atendeu no bairro Cidade do Povo<\/p>\n","protected":false},"author":4,"featured_media":25269,"comment_status":"open","ping_status":"open","sticky":false,"template":"","format":"standard","meta":{"jnews-multi-image_gallery":[],"jnews_single_post":[],"jnews_primary_category":[],"jnews_social_meta":[],"jnews_review":[],"enable_review":"","type":"","name":"","summary":"","brand":"","sku":"","good":[],"bad":[],"score_override":"","override_value":"","rating":[],"price":[],"footnotes":""},"categories":[54],"tags":[],"class_list":["post-25270","post","type-post","status-publish","format-standard","has-post-thumbnail","hentry","category-cotidiano"],"yoast_head":"<!-- This site is optimized with the Yoast SEO plugin v26.5 - https:\/\/yoast.com\/wordpress\/plugins\/seo\/ -->\n<title>Defensoria \u00e9 Amiga da Escola na periferia da Capital - Agazeta.net<\/title>\n<meta name=\"robots\" content=\"index, follow, max-snippet:-1, max-image-preview:large, max-video-preview:-1\" \/>\n<link rel=\"canonical\" href=\"https:\/\/nk7-testes.com.br\/agazeta\/defensoria-e-amiga-da-escola-na-periferia-da-capital\/\" \/>\n<meta property=\"og:locale\" content=\"pt_BR\" \/>\n<meta property=\"og:type\" content=\"article\" \/>\n<meta property=\"og:title\" content=\"Defensoria \u00e9 Amiga da Escola na periferia da Capital - Agazeta.net\" \/>\n<meta property=\"og:description\" content=\"Projeto atendeu no bairro Cidade do Povo\" \/>\n<meta property=\"og:url\" content=\"https:\/\/nk7-testes.com.br\/agazeta\/defensoria-e-amiga-da-escola-na-periferia-da-capital\/\" \/>\n<meta property=\"og:site_name\" content=\"Agazeta.net\" \/>\n<meta property=\"article:published_time\" content=\"2016-09-16T19:45:00+00:00\" \/>\n<meta property=\"og:image\" content=\"https:\/\/nk7-testes.com.br\/agazeta\/wp-content\/uploads\/2016\/09\/160916-cotidiano-defensoriapublica-tvgazeta.jpg\" \/>\n\t<meta property=\"og:image:width\" content=\"458\" \/>\n\t<meta property=\"og:image:height\" content=\"340\" \/>\n\t<meta property=\"og:image:type\" content=\"image\/jpeg\" \/>\n<meta name=\"author\" content=\"Agazeta.Net\" \/>\n<meta name=\"twitter:card\" content=\"summary_large_image\" \/>\n<meta name=\"twitter:label1\" content=\"Escrito por\" \/>\n\t<meta name=\"twitter:data1\" content=\"Agazeta.Net\" \/>\n\t<meta name=\"twitter:label2\" content=\"Est. tempo de leitura\" \/>\n\t<meta name=\"twitter:data2\" content=\"2 minutos\" \/>\n<script type=\"application\/ld+json\" class=\"yoast-schema-graph\">{\"@context\":\"https:\/\/schema.org\",\"@graph\":[{\"@type\":\"WebPage\",\"@id\":\"https:\/\/nk7-testes.com.br\/agazeta\/defensoria-e-amiga-da-escola-na-periferia-da-capital\/\",\"url\":\"https:\/\/nk7-testes.com.br\/agazeta\/defensoria-e-amiga-da-escola-na-periferia-da-capital\/\",\"name\":\"Defensoria \u00e9 Amiga da Escola na periferia da Capital - Agazeta.net\",\"isPartOf\":{\"@id\":\"https:\/\/nk7-testes.com.br\/agazeta\/#website\"},\"primaryImageOfPage\":{\"@id\":\"https:\/\/nk7-testes.com.br\/agazeta\/defensoria-e-amiga-da-escola-na-periferia-da-capital\/#primaryimage\"},\"image\":{\"@id\":\"https:\/\/nk7-testes.com.br\/agazeta\/defensoria-e-amiga-da-escola-na-periferia-da-capital\/#primaryimage\"},\"thumbnailUrl\":\"https:\/\/nk7-testes.com.br\/agazeta\/wp-content\/uploads\/2016\/09\/160916-cotidiano-defensoriapublica-tvgazeta.jpg\",\"datePublished\":\"2016-09-16T19:45:00+00:00\",\"author\":{\"@id\":\"https:\/\/nk7-testes.com.br\/agazeta\/#\/schema\/person\/ff6b39d54d6973bfc57f4140f659b23f\"},\"breadcrumb\":{\"@id\":\"https:\/\/nk7-testes.com.br\/agazeta\/defensoria-e-amiga-da-escola-na-periferia-da-capital\/#breadcrumb\"},\"inLanguage\":\"pt-BR\",\"potentialAction\":[{\"@type\":\"ReadAction\",\"target\":[\"https:\/\/nk7-testes.com.br\/agazeta\/defensoria-e-amiga-da-escola-na-periferia-da-capital\/\"]}]},{\"@type\":\"ImageObject\",\"inLanguage\":\"pt-BR\",\"@id\":\"https:\/\/nk7-testes.com.br\/agazeta\/defensoria-e-amiga-da-escola-na-periferia-da-capital\/#primaryimage\",\"url\":\"https:\/\/nk7-testes.com.br\/agazeta\/wp-content\/uploads\/2016\/09\/160916-cotidiano-defensoriapublica-tvgazeta.jpg\",\"contentUrl\":\"https:\/\/nk7-testes.com.br\/agazeta\/wp-content\/uploads\/2016\/09\/160916-cotidiano-defensoriapublica-tvgazeta.jpg\",\"width\":458,\"height\":340,\"caption\":\"160916-cotidiano-defensoriapublica-tvgazeta\"},{\"@type\":\"BreadcrumbList\",\"@id\":\"https:\/\/nk7-testes.com.br\/agazeta\/defensoria-e-amiga-da-escola-na-periferia-da-capital\/#breadcrumb\",\"itemListElement\":[{\"@type\":\"ListItem\",\"position\":1,\"name\":\"In\u00edcio\",\"item\":\"https:\/\/nk7-testes.com.br\/agazeta\/\"},{\"@type\":\"ListItem\",\"position\":2,\"name\":\"Defensoria \u00e9 Amiga da Escola na periferia da Capital\"}]},{\"@type\":\"WebSite\",\"@id\":\"https:\/\/nk7-testes.com.br\/agazeta\/#website\",\"url\":\"https:\/\/nk7-testes.com.br\/agazeta\/\",\"name\":\"Agazeta.net\",\"description\":\"Agazeta.net - Not\u00edcias de Rio Branco\/AC\",\"potentialAction\":[{\"@type\":\"SearchAction\",\"target\":{\"@type\":\"EntryPoint\",\"urlTemplate\":\"https:\/\/nk7-testes.com.br\/agazeta\/?s={search_term_string}\"},\"query-input\":{\"@type\":\"PropertyValueSpecification\",\"valueRequired\":true,\"valueName\":\"search_term_string\"}}],\"inLanguage\":\"pt-BR\"},{\"@type\":\"Person\",\"@id\":\"https:\/\/nk7-testes.com.br\/agazeta\/#\/schema\/person\/ff6b39d54d6973bfc57f4140f659b23f\",\"name\":\"Agazeta.Net\",\"url\":\"https:\/\/nk7-testes.com.br\/agazeta\/author\/agazeta\/\"}]}<\/script>\n<!-- \/ Yoast SEO plugin. -->","yoast_head_json":{"title":"Defensoria \u00e9 Amiga da Escola na periferia da Capital - Agazeta.net","robots":{"index":"index","follow":"follow","max-snippet":"max-snippet:-1","max-image-preview":"max-image-preview:large","max-video-preview":"max-video-preview:-1"},"canonical":"https:\/\/nk7-testes.com.br\/agazeta\/defensoria-e-amiga-da-escola-na-periferia-da-capital\/","og_locale":"pt_BR","og_type":"article","og_title":"Defensoria \u00e9 Amiga da Escola na periferia da Capital - Agazeta.net","og_description":"Projeto atendeu no bairro Cidade do Povo","og_url":"https:\/\/nk7-testes.com.br\/agazeta\/defensoria-e-amiga-da-escola-na-periferia-da-capital\/","og_site_name":"Agazeta.net","article_published_time":"2016-09-16T19:45:00+00:00","og_image":[{"width":458,"height":340,"url":"https:\/\/nk7-testes.com.br\/agazeta\/wp-content\/uploads\/2016\/09\/160916-cotidiano-defensoriapublica-tvgazeta.jpg","type":"image\/jpeg"}],"author":"Agazeta.Net","twitter_card":"summary_large_image","twitter_misc":{"Escrito por":"Agazeta.Net","Est. tempo de leitura":"2 minutos"},"schema":{"@context":"https:\/\/schema.org","@graph":[{"@type":"WebPage","@id":"https:\/\/nk7-testes.com.br\/agazeta\/defensoria-e-amiga-da-escola-na-periferia-da-capital\/","url":"https:\/\/nk7-testes.com.br\/agazeta\/defensoria-e-amiga-da-escola-na-periferia-da-capital\/","name":"Defensoria \u00e9 Amiga da Escola na periferia da Capital - Agazeta.net","isPartOf":{"@id":"https:\/\/nk7-testes.com.br\/agazeta\/#website"},"primaryImageOfPage":{"@id":"https:\/\/nk7-testes.com.br\/agazeta\/defensoria-e-amiga-da-escola-na-periferia-da-capital\/#primaryimage"},"image":{"@id":"https:\/\/nk7-testes.com.br\/agazeta\/defensoria-e-amiga-da-escola-na-periferia-da-capital\/#primaryimage"},"thumbnailUrl":"https:\/\/nk7-testes.com.br\/agazeta\/wp-content\/uploads\/2016\/09\/160916-cotidiano-defensoriapublica-tvgazeta.jpg","datePublished":"2016-09-16T19:45:00+00:00","author":{"@id":"https:\/\/nk7-testes.com.br\/agazeta\/#\/schema\/person\/ff6b39d54d6973bfc57f4140f659b23f"},"breadcrumb":{"@id":"https:\/\/nk7-testes.com.br\/agazeta\/defensoria-e-amiga-da-escola-na-periferia-da-capital\/#breadcrumb"},"inLanguage":"pt-BR","potentialAction":[{"@type":"ReadAction","target":["https:\/\/nk7-testes.com.br\/agazeta\/defensoria-e-amiga-da-escola-na-periferia-da-capital\/"]}]},{"@type":"ImageObject","inLanguage":"pt-BR","@id":"https:\/\/nk7-testes.com.br\/agazeta\/defensoria-e-amiga-da-escola-na-periferia-da-capital\/#primaryimage","url":"https:\/\/nk7-testes.com.br\/agazeta\/wp-content\/uploads\/2016\/09\/160916-cotidiano-defensoriapublica-tvgazeta.jpg","contentUrl":"https:\/\/nk7-testes.com.br\/agazeta\/wp-content\/uploads\/2016\/09\/160916-cotidiano-defensoriapublica-tvgazeta.jpg","width":458,"height":340,"caption":"160916-cotidiano-defensoriapublica-tvgazeta"},{"@type":"BreadcrumbList","@id":"https:\/\/nk7-testes.com.br\/agazeta\/defensoria-e-amiga-da-escola-na-periferia-da-capital\/#breadcrumb","itemListElement":[{"@type":"ListItem","position":1,"name":"In\u00edcio","item":"https:\/\/nk7-testes.com.br\/agazeta\/"},{"@type":"ListItem","position":2,"name":"Defensoria \u00e9 Amiga da Escola na periferia da Capital"}]},{"@type":"WebSite","@id":"https:\/\/nk7-testes.com.br\/agazeta\/#website","url":"https:\/\/nk7-testes.com.br\/agazeta\/","name":"Agazeta.net","description":"Agazeta.net - Not\u00edcias de Rio Branco\/AC","potentialAction":[{"@type":"SearchAction","target":{"@type":"EntryPoint","urlTemplate":"https:\/\/nk7-testes.com.br\/agazeta\/?s={search_term_string}"},"query-input":{"@type":"PropertyValueSpecification","valueRequired":true,"valueName":"search_term_string"}}],"inLanguage":"pt-BR"},{"@type":"Person","@id":"https:\/\/nk7-testes.com.br\/agazeta\/#\/schema\/person\/ff6b39d54d6973bfc57f4140f659b23f","name":"Agazeta.Net","url":"https:\/\/nk7-testes.com.br\/agazeta\/author\/agazeta\/"}]}},"_links":{"self":[{"href":"https:\/\/nk7-testes.com.br\/agazeta\/wp-json\/wp\/v2\/posts\/25270","targetHints":{"allow":["GET"]}}],"collection":[{"href":"https:\/\/nk7-testes.com.br\/agazeta\/wp-json\/wp\/v2\/posts"}],"about":[{"href":"https:\/\/nk7-testes.com.br\/agazeta\/wp-json\/wp\/v2\/types\/post"}],"author":[{"embeddable":true,"href":"https:\/\/nk7-testes.com.br\/agazeta\/wp-json\/wp\/v2\/users\/4"}],"replies":[{"embeddable":true,"href":"https:\/\/nk7-testes.com.br\/agazeta\/wp-json\/wp\/v2\/comments?post=25270"}],"version-history":[{"count":0,"href":"https:\/\/nk7-testes.com.br\/agazeta\/wp-json\/wp\/v2\/posts\/25270\/revisions"}],"wp:featuredmedia":[{"embeddable":true,"href":"https:\/\/nk7-testes.com.br\/agazeta\/wp-json\/wp\/v2\/media\/25269"}],"wp:attachment":[{"href":"https:\/\/nk7-testes.com.br\/agazeta\/wp-json\/wp\/v2\/media?parent=25270"}],"wp:term":[{"taxonomy":"category","embeddable":true,"href":"https:\/\/nk7-testes.com.br\/agazeta\/wp-json\/wp\/v2\/categories?post=25270"},{"taxonomy":"post_tag","embeddable":true,"href":"https:\/\/nk7-testes.com.br\/agazeta\/wp-json\/wp\/v2\/tags?post=25270"}],"curies":[{"name":"wp","href":"https:\/\/api.w.org\/{rel}","templated":true}]}}