{"id":25238,"date":"2016-09-15T16:35:46","date_gmt":"2016-09-15T16:35:46","guid":{"rendered":"https:\/\/abarevegan.com.br\/index.php\/2016\/09\/15\/operacao-desarticula-comando-vermelho-no-acre\/"},"modified":"2016-09-15T16:35:46","modified_gmt":"2016-09-15T16:35:46","slug":"operacao-desarticula-comando-vermelho-no-acre","status":"publish","type":"post","link":"https:\/\/nk7-testes.com.br\/agazeta\/operacao-desarticula-comando-vermelho-no-acre\/","title":{"rendered":"Opera\u00e7\u00e3o desarticula Comando Vermelho no Acre"},"content":{"rendered":"<p style=\"text-align: justify;\">Entre os presos, uma assessora do deputado Wherles Rocha<\/p>\n<p>A Pol\u00edcia Civil realizou a pris\u00e3o de 63 pessoas que mantinham algum v\u00ednculo com a fac\u00e7\u00e3o criminosa Comando Vermelho no Acre. Foram cumpridas mais de 90 medidas judiciais em Rio Branco e Cruzeiro do Sul. A Opera\u00e7\u00e3o \u00caxodo teve o objetivo de desarticular a fac\u00e7\u00e3o criminosa Comando Vermelho no Acre.<\/p>\n<p>De acordo com a Pol\u00edcia Civil, as investiga\u00e7\u00f5es iniciaram h\u00e1 12 meses pela Delegacia de Combate ao Crime Organizado. O cumprimento dos mandados foi executado por 150 agentes na madrugada desta quinta-feira.<\/p>\n<p>Entre os 63 presos, um chama a aten\u00e7\u00e3o. Trata-se de \u00c9rika Cristina de Oliveira Souza do Nascimento, assessora parlamentar do vice-l\u00edder do PSDB na C\u00e2mara dos Deputados, Wherles Rocha (PSDB\/AC).<\/p>\n<p>\u00c9rica Cristina \u00e9 lotada no Gabinete do deputado e tomou posse em 27 de junho deste ano. Recebe, pelo trabalho de assessoria, R$ 2,4 mil. O companheiro da assessora \u00e9 Mariceudo Silva do Nascimento, conhecido como <em>\u201cRamosflay\u201d<\/em>.<\/p>\n<p>A pol\u00edcia afirma que ele \u00e9 um integrante do Comando Vermelho no Acre. Inclusive, seria homem de confian\u00e7a de Paulinho Calafate, preso pela Pol\u00edcia Civil semana passada.<\/p>\n<p>A assessoria do deputado Wherles Rocha informa que nesta sexta-feira o parlamentar vai conceder uma entrevista coletiva para tratar do assunto envolvendo a assessora \u00c9rika do Nascimento e a rela\u00e7\u00e3o com<em> &#8220;Ramosflay&#8221;<\/em>, apontado pela pol\u00edcia como um dos l\u00edderes do Comando Vermelho no Acre.<\/p>\n<p>Sobre o assunto, o PSDB divulgou a seguinte nota de esclarecimento.<\/p>\n<p><strong>NOTA DE ESCLARECIMENTO<\/strong><\/p>\n<p>A respeito da den\u00fancia contra Mariceudo Silva do Nascimento e \u00c9rika Cristina de Oliveira Souza, presos nesta quinta-feira (15), acusados de ter envolvimento com o Comando Vermelho no Acre, o deputado federal Major Rocha (PSDB-AC), vem de p\u00fablico esclarecer que:<\/p>\n<p><strong>1 \u2013<\/strong> O casal trabalhou na campanha de 2014 para a Coliga\u00e7\u00e3o Alian\u00e7a Por Um Acre Melhor. Sendo que Mariceudo, popularmente conhecido como Ramosflay, alugou um ve\u00edculo e sua esposa fazia trabalho de panfletagem;<\/p>\n<p><strong>2 \u2013<\/strong> Em 2016, ap\u00f3s um inc\u00eandio no bar de propriedade dos mesmos, localizado no Novo Mercado Velho, fato amplamente divulgado pela imprensa de Rio Branco, ambos pediram uma ajuda, enquanto se refaziam do preju\u00edzo causado pelo incidente, e foram atendidos com a contrata\u00e7\u00e3o de \u00c9rika Souza, como assessora parlamentar (informa\u00e7\u00e3o dispon\u00edvel na Transpar\u00eancia da C\u00e2mara Federal);<\/p>\n<p><strong>3 \u2013<\/strong> Ao tomar conhecimento da den\u00fancia, foi solicitado o imediato afastamento da assessora, at\u00e9 que se esclare\u00e7am os fatos;<\/p>\n<p><strong>4 \u2013<\/strong> Quanto ao marido da mesma, o parlamentar desconhecia qualquer tipo de envolvimento do mesmo com atos il\u00edcitos ou criminosos e o tinha como um trabalhador, pois este era benefici\u00e1rio de um box em mercado p\u00fablico municipal.<\/p>\n<p><strong>5 \u2013<\/strong> E por fim, o deputado federal Major Rocha, policial militar reformado, repele veementemente qualquer inten\u00e7\u00e3o de relacion\u00e1-lo com a\u00e7\u00f5es criminosas.<\/p>\n<p>Rio Branco, 15 de setembro de 2016<\/p>\n<p><strong>Wherles Rocha<\/strong><br \/>Deputado Federal PSDB-AC<\/p>\n<p style=\"text-align: justify;\">&nbsp;<\/p>\n","protected":false},"excerpt":{"rendered":"<p style=\"text-align: justify;\">Entre os presos, uma assessora do deputado Wherles Rocha<\/p>\n","protected":false},"author":4,"featured_media":25237,"comment_status":"open","ping_status":"open","sticky":false,"template":"","format":"standard","meta":{"jnews-multi-image_gallery":[],"jnews_single_post":[],"jnews_primary_category":[],"jnews_social_meta":[],"jnews_review":[],"enable_review":"","type":"","name":"","summary":"","brand":"","sku":"","good":[],"bad":[],"score_override":"","override_value":"","rating":[],"price":[],"footnotes":""},"categories":[44],"tags":[],"class_list":["post-25238","post","type-post","status-publish","format-standard","has-post-thumbnail","hentry","category-policia"],"yoast_head":"<!-- This site is optimized with the Yoast SEO plugin v26.5 - https:\/\/yoast.com\/wordpress\/plugins\/seo\/ -->\n<title>Opera\u00e7\u00e3o desarticula Comando Vermelho no Acre - Agazeta.net<\/title>\n<meta name=\"robots\" content=\"index, follow, max-snippet:-1, max-image-preview:large, max-video-preview:-1\" \/>\n<link rel=\"canonical\" href=\"https:\/\/nk7-testes.com.br\/agazeta\/operacao-desarticula-comando-vermelho-no-acre\/\" \/>\n<meta property=\"og:locale\" content=\"pt_BR\" \/>\n<meta property=\"og:type\" content=\"article\" \/>\n<meta property=\"og:title\" content=\"Opera\u00e7\u00e3o desarticula Comando Vermelho no Acre - Agazeta.net\" \/>\n<meta property=\"og:description\" content=\"Entre os presos, uma assessora do deputado Wherles Rocha\" \/>\n<meta property=\"og:url\" content=\"https:\/\/nk7-testes.com.br\/agazeta\/operacao-desarticula-comando-vermelho-no-acre\/\" \/>\n<meta property=\"og:site_name\" content=\"Agazeta.net\" \/>\n<meta property=\"article:published_time\" content=\"2016-09-15T16:35:46+00:00\" \/>\n<meta property=\"og:image\" content=\"https:\/\/nk7-testes.com.br\/agazeta\/wp-content\/uploads\/2016\/09\/140916-policia-ramosflay-cedida.jpg\" \/>\n\t<meta property=\"og:image:width\" content=\"458\" \/>\n\t<meta property=\"og:image:height\" content=\"340\" \/>\n\t<meta property=\"og:image:type\" content=\"image\/jpeg\" \/>\n<meta name=\"author\" content=\"Agazeta.Net\" \/>\n<meta name=\"twitter:card\" content=\"summary_large_image\" \/>\n<meta name=\"twitter:label1\" content=\"Escrito por\" \/>\n\t<meta name=\"twitter:data1\" content=\"Agazeta.Net\" \/>\n\t<meta name=\"twitter:label2\" content=\"Est. tempo de leitura\" \/>\n\t<meta name=\"twitter:data2\" content=\"2 minutos\" \/>\n<script type=\"application\/ld+json\" class=\"yoast-schema-graph\">{\"@context\":\"https:\/\/schema.org\",\"@graph\":[{\"@type\":\"WebPage\",\"@id\":\"https:\/\/nk7-testes.com.br\/agazeta\/operacao-desarticula-comando-vermelho-no-acre\/\",\"url\":\"https:\/\/nk7-testes.com.br\/agazeta\/operacao-desarticula-comando-vermelho-no-acre\/\",\"name\":\"Opera\u00e7\u00e3o desarticula Comando Vermelho no Acre - Agazeta.net\",\"isPartOf\":{\"@id\":\"https:\/\/nk7-testes.com.br\/agazeta\/#website\"},\"primaryImageOfPage\":{\"@id\":\"https:\/\/nk7-testes.com.br\/agazeta\/operacao-desarticula-comando-vermelho-no-acre\/#primaryimage\"},\"image\":{\"@id\":\"https:\/\/nk7-testes.com.br\/agazeta\/operacao-desarticula-comando-vermelho-no-acre\/#primaryimage\"},\"thumbnailUrl\":\"https:\/\/nk7-testes.com.br\/agazeta\/wp-content\/uploads\/2016\/09\/140916-policia-ramosflay-cedida.jpg\",\"datePublished\":\"2016-09-15T16:35:46+00:00\",\"author\":{\"@id\":\"https:\/\/nk7-testes.com.br\/agazeta\/#\/schema\/person\/6d6e25cb0435eb4a02fd44d30b4e3020\"},\"breadcrumb\":{\"@id\":\"https:\/\/nk7-testes.com.br\/agazeta\/operacao-desarticula-comando-vermelho-no-acre\/#breadcrumb\"},\"inLanguage\":\"pt-BR\",\"potentialAction\":[{\"@type\":\"ReadAction\",\"target\":[\"https:\/\/nk7-testes.com.br\/agazeta\/operacao-desarticula-comando-vermelho-no-acre\/\"]}]},{\"@type\":\"ImageObject\",\"inLanguage\":\"pt-BR\",\"@id\":\"https:\/\/nk7-testes.com.br\/agazeta\/operacao-desarticula-comando-vermelho-no-acre\/#primaryimage\",\"url\":\"https:\/\/nk7-testes.com.br\/agazeta\/wp-content\/uploads\/2016\/09\/140916-policia-ramosflay-cedida.jpg\",\"contentUrl\":\"https:\/\/nk7-testes.com.br\/agazeta\/wp-content\/uploads\/2016\/09\/140916-policia-ramosflay-cedida.jpg\",\"width\":458,\"height\":340,\"caption\":\"140916-policia-ramosflay-cedida\"},{\"@type\":\"BreadcrumbList\",\"@id\":\"https:\/\/nk7-testes.com.br\/agazeta\/operacao-desarticula-comando-vermelho-no-acre\/#breadcrumb\",\"itemListElement\":[{\"@type\":\"ListItem\",\"position\":1,\"name\":\"In\u00edcio\",\"item\":\"https:\/\/nk7-testes.com.br\/agazeta\/\"},{\"@type\":\"ListItem\",\"position\":2,\"name\":\"Opera\u00e7\u00e3o desarticula Comando Vermelho no Acre\"}]},{\"@type\":\"WebSite\",\"@id\":\"https:\/\/nk7-testes.com.br\/agazeta\/#website\",\"url\":\"https:\/\/nk7-testes.com.br\/agazeta\/\",\"name\":\"Agazeta.net\",\"description\":\"Agazeta.net - Not\u00edcias de Rio Branco\/AC\",\"potentialAction\":[{\"@type\":\"SearchAction\",\"target\":{\"@type\":\"EntryPoint\",\"urlTemplate\":\"https:\/\/nk7-testes.com.br\/agazeta\/?s={search_term_string}\"},\"query-input\":{\"@type\":\"PropertyValueSpecification\",\"valueRequired\":true,\"valueName\":\"search_term_string\"}}],\"inLanguage\":\"pt-BR\"},{\"@type\":\"Person\",\"@id\":\"https:\/\/nk7-testes.com.br\/agazeta\/#\/schema\/person\/6d6e25cb0435eb4a02fd44d30b4e3020\",\"name\":\"Agazeta.Net\",\"url\":\"https:\/\/nk7-testes.com.br\/agazeta\/author\/agazeta\/\"}]}<\/script>\n<!-- \/ Yoast SEO plugin. -->","yoast_head_json":{"title":"Opera\u00e7\u00e3o desarticula Comando Vermelho no Acre - Agazeta.net","robots":{"index":"index","follow":"follow","max-snippet":"max-snippet:-1","max-image-preview":"max-image-preview:large","max-video-preview":"max-video-preview:-1"},"canonical":"https:\/\/nk7-testes.com.br\/agazeta\/operacao-desarticula-comando-vermelho-no-acre\/","og_locale":"pt_BR","og_type":"article","og_title":"Opera\u00e7\u00e3o desarticula Comando Vermelho no Acre - Agazeta.net","og_description":"Entre os presos, uma assessora do deputado Wherles Rocha","og_url":"https:\/\/nk7-testes.com.br\/agazeta\/operacao-desarticula-comando-vermelho-no-acre\/","og_site_name":"Agazeta.net","article_published_time":"2016-09-15T16:35:46+00:00","og_image":[{"width":458,"height":340,"url":"https:\/\/nk7-testes.com.br\/agazeta\/wp-content\/uploads\/2016\/09\/140916-policia-ramosflay-cedida.jpg","type":"image\/jpeg"}],"author":"Agazeta.Net","twitter_card":"summary_large_image","twitter_misc":{"Escrito por":"Agazeta.Net","Est. tempo de leitura":"2 minutos"},"schema":{"@context":"https:\/\/schema.org","@graph":[{"@type":"WebPage","@id":"https:\/\/nk7-testes.com.br\/agazeta\/operacao-desarticula-comando-vermelho-no-acre\/","url":"https:\/\/nk7-testes.com.br\/agazeta\/operacao-desarticula-comando-vermelho-no-acre\/","name":"Opera\u00e7\u00e3o desarticula Comando Vermelho no Acre - Agazeta.net","isPartOf":{"@id":"https:\/\/nk7-testes.com.br\/agazeta\/#website"},"primaryImageOfPage":{"@id":"https:\/\/nk7-testes.com.br\/agazeta\/operacao-desarticula-comando-vermelho-no-acre\/#primaryimage"},"image":{"@id":"https:\/\/nk7-testes.com.br\/agazeta\/operacao-desarticula-comando-vermelho-no-acre\/#primaryimage"},"thumbnailUrl":"https:\/\/nk7-testes.com.br\/agazeta\/wp-content\/uploads\/2016\/09\/140916-policia-ramosflay-cedida.jpg","datePublished":"2016-09-15T16:35:46+00:00","author":{"@id":"https:\/\/nk7-testes.com.br\/agazeta\/#\/schema\/person\/6d6e25cb0435eb4a02fd44d30b4e3020"},"breadcrumb":{"@id":"https:\/\/nk7-testes.com.br\/agazeta\/operacao-desarticula-comando-vermelho-no-acre\/#breadcrumb"},"inLanguage":"pt-BR","potentialAction":[{"@type":"ReadAction","target":["https:\/\/nk7-testes.com.br\/agazeta\/operacao-desarticula-comando-vermelho-no-acre\/"]}]},{"@type":"ImageObject","inLanguage":"pt-BR","@id":"https:\/\/nk7-testes.com.br\/agazeta\/operacao-desarticula-comando-vermelho-no-acre\/#primaryimage","url":"https:\/\/nk7-testes.com.br\/agazeta\/wp-content\/uploads\/2016\/09\/140916-policia-ramosflay-cedida.jpg","contentUrl":"https:\/\/nk7-testes.com.br\/agazeta\/wp-content\/uploads\/2016\/09\/140916-policia-ramosflay-cedida.jpg","width":458,"height":340,"caption":"140916-policia-ramosflay-cedida"},{"@type":"BreadcrumbList","@id":"https:\/\/nk7-testes.com.br\/agazeta\/operacao-desarticula-comando-vermelho-no-acre\/#breadcrumb","itemListElement":[{"@type":"ListItem","position":1,"name":"In\u00edcio","item":"https:\/\/nk7-testes.com.br\/agazeta\/"},{"@type":"ListItem","position":2,"name":"Opera\u00e7\u00e3o desarticula Comando Vermelho no Acre"}]},{"@type":"WebSite","@id":"https:\/\/nk7-testes.com.br\/agazeta\/#website","url":"https:\/\/nk7-testes.com.br\/agazeta\/","name":"Agazeta.net","description":"Agazeta.net - Not\u00edcias de Rio Branco\/AC","potentialAction":[{"@type":"SearchAction","target":{"@type":"EntryPoint","urlTemplate":"https:\/\/nk7-testes.com.br\/agazeta\/?s={search_term_string}"},"query-input":{"@type":"PropertyValueSpecification","valueRequired":true,"valueName":"search_term_string"}}],"inLanguage":"pt-BR"},{"@type":"Person","@id":"https:\/\/nk7-testes.com.br\/agazeta\/#\/schema\/person\/6d6e25cb0435eb4a02fd44d30b4e3020","name":"Agazeta.Net","url":"https:\/\/nk7-testes.com.br\/agazeta\/author\/agazeta\/"}]}},"_links":{"self":[{"href":"https:\/\/nk7-testes.com.br\/agazeta\/wp-json\/wp\/v2\/posts\/25238","targetHints":{"allow":["GET"]}}],"collection":[{"href":"https:\/\/nk7-testes.com.br\/agazeta\/wp-json\/wp\/v2\/posts"}],"about":[{"href":"https:\/\/nk7-testes.com.br\/agazeta\/wp-json\/wp\/v2\/types\/post"}],"author":[{"embeddable":true,"href":"https:\/\/nk7-testes.com.br\/agazeta\/wp-json\/wp\/v2\/users\/4"}],"replies":[{"embeddable":true,"href":"https:\/\/nk7-testes.com.br\/agazeta\/wp-json\/wp\/v2\/comments?post=25238"}],"version-history":[{"count":0,"href":"https:\/\/nk7-testes.com.br\/agazeta\/wp-json\/wp\/v2\/posts\/25238\/revisions"}],"wp:featuredmedia":[{"embeddable":true,"href":"https:\/\/nk7-testes.com.br\/agazeta\/wp-json\/wp\/v2\/media\/25237"}],"wp:attachment":[{"href":"https:\/\/nk7-testes.com.br\/agazeta\/wp-json\/wp\/v2\/media?parent=25238"}],"wp:term":[{"taxonomy":"category","embeddable":true,"href":"https:\/\/nk7-testes.com.br\/agazeta\/wp-json\/wp\/v2\/categories?post=25238"},{"taxonomy":"post_tag","embeddable":true,"href":"https:\/\/nk7-testes.com.br\/agazeta\/wp-json\/wp\/v2\/tags?post=25238"}],"curies":[{"name":"wp","href":"https:\/\/api.w.org\/{rel}","templated":true}]}}