{"id":25236,"date":"2016-09-15T14:52:21","date_gmt":"2016-09-15T14:52:21","guid":{"rendered":"https:\/\/abarevegan.com.br\/index.php\/2016\/09\/15\/trio-de-jovens-e-preso-por-assalto-e-receptacao\/"},"modified":"2016-09-15T14:52:21","modified_gmt":"2016-09-15T14:52:21","slug":"trio-de-jovens-e-preso-por-assalto-e-receptacao","status":"publish","type":"post","link":"https:\/\/nk7-testes.com.br\/agazeta\/trio-de-jovens-e-preso-por-assalto-e-receptacao\/","title":{"rendered":"Trio de jovens \u00e9 preso por assalto e recepta\u00e7\u00e3o"},"content":{"rendered":"<p style=\"text-align: justify;\">Grupo realizou assalto no bairro Vila Ivonete<\/p>\n<p style=\"text-align: justify;\">Na noite desta quarta feira (14), policiais militares foram acionados para atender uma ocorr\u00eancia de assalto no bairro Vila Ivonete. A v\u00edtima relatou aos policiais que estava caminhando pela rua quando dois homens chegaram em uma bicicleta e teria anunciado o assalto.<\/p>\n<p style=\"text-align: justify;\">Os acusados estavam armados com um rev\u00f3lver. Os jovens levaram o telefone celular da v\u00edtima. Logo em seguida, os rapazes fugiram, mas n\u00e3o imaginaram que o celular estava sendo rastreado.<\/p>\n<p style=\"text-align: justify;\">Os tr\u00eas rapazes foram para o bairro Tancredo Neves onde foram efetuadas as pris\u00f5es de dois dos tr\u00eas acusados: Kennedy Oliveira de Sousa, 22, e Jos\u00e9 Carlos Batista e Silva, 23.<\/p>\n<p style=\"text-align: justify;\">Logo em seguida, os policias foram at\u00e9 outro endere\u00e7o onde o telefone da v\u00edtima j\u00e1 estava com outra pessoa de nome Andr\u00e9 Gustavo Ara\u00fajo que tamb\u00e9m foi preso por crime de recepta\u00e7\u00e3o. Os tr\u00eas jovens foram conduzidos \u00e0 delegacia Central de Flagrantes.<\/p>\n","protected":false},"excerpt":{"rendered":"<p style=\"text-align: justify;\">Grupo realizou assalto no bairro Vila Ivonete<\/p>\n","protected":false},"author":4,"featured_media":25235,"comment_status":"open","ping_status":"open","sticky":false,"template":"","format":"standard","meta":{"jnews-multi-image_gallery":[],"jnews_single_post":[],"jnews_primary_category":[],"jnews_social_meta":[],"jnews_review":[],"enable_review":"","type":"","name":"","summary":"","brand":"","sku":"","good":[],"bad":[],"score_override":"","override_value":"","rating":[],"price":[],"footnotes":""},"categories":[44],"tags":[],"class_list":["post-25236","post","type-post","status-publish","format-standard","has-post-thumbnail","hentry","category-policia"],"yoast_head":"<!-- This site is optimized with the Yoast SEO plugin v26.5 - https:\/\/yoast.com\/wordpress\/plugins\/seo\/ -->\n<title>Trio de jovens \u00e9 preso por assalto e recepta\u00e7\u00e3o - Agazeta.net<\/title>\n<meta name=\"robots\" content=\"index, follow, max-snippet:-1, max-image-preview:large, max-video-preview:-1\" \/>\n<link rel=\"canonical\" href=\"https:\/\/nk7-testes.com.br\/agazeta\/trio-de-jovens-e-preso-por-assalto-e-receptacao\/\" \/>\n<meta property=\"og:locale\" content=\"pt_BR\" \/>\n<meta property=\"og:type\" content=\"article\" \/>\n<meta property=\"og:title\" content=\"Trio de jovens \u00e9 preso por assalto e recepta\u00e7\u00e3o - Agazeta.net\" \/>\n<meta property=\"og:description\" content=\"Grupo realizou assalto no bairro Vila Ivonete\" \/>\n<meta property=\"og:url\" content=\"https:\/\/nk7-testes.com.br\/agazeta\/trio-de-jovens-e-preso-por-assalto-e-receptacao\/\" \/>\n<meta property=\"og:site_name\" content=\"Agazeta.net\" \/>\n<meta property=\"article:published_time\" content=\"2016-09-15T14:52:21+00:00\" \/>\n<meta property=\"og:image\" content=\"https:\/\/nk7-testes.com.br\/agazeta\/wp-content\/uploads\/2016\/09\/150916-policia-jovenspresos-cleriston.jpg\" \/>\n\t<meta property=\"og:image:width\" content=\"458\" \/>\n\t<meta property=\"og:image:height\" content=\"340\" \/>\n\t<meta property=\"og:image:type\" content=\"image\/jpeg\" \/>\n<meta name=\"author\" content=\"Agazeta.Net\" \/>\n<meta name=\"twitter:card\" content=\"summary_large_image\" \/>\n<meta name=\"twitter:label1\" content=\"Escrito por\" \/>\n\t<meta name=\"twitter:data1\" content=\"Agazeta.Net\" \/>\n\t<meta name=\"twitter:label2\" content=\"Est. tempo de leitura\" \/>\n\t<meta name=\"twitter:data2\" content=\"1 minuto\" \/>\n<script type=\"application\/ld+json\" class=\"yoast-schema-graph\">{\"@context\":\"https:\/\/schema.org\",\"@graph\":[{\"@type\":\"WebPage\",\"@id\":\"https:\/\/nk7-testes.com.br\/agazeta\/trio-de-jovens-e-preso-por-assalto-e-receptacao\/\",\"url\":\"https:\/\/nk7-testes.com.br\/agazeta\/trio-de-jovens-e-preso-por-assalto-e-receptacao\/\",\"name\":\"Trio de jovens \u00e9 preso por assalto e recepta\u00e7\u00e3o - Agazeta.net\",\"isPartOf\":{\"@id\":\"https:\/\/nk7-testes.com.br\/agazeta\/#website\"},\"primaryImageOfPage\":{\"@id\":\"https:\/\/nk7-testes.com.br\/agazeta\/trio-de-jovens-e-preso-por-assalto-e-receptacao\/#primaryimage\"},\"image\":{\"@id\":\"https:\/\/nk7-testes.com.br\/agazeta\/trio-de-jovens-e-preso-por-assalto-e-receptacao\/#primaryimage\"},\"thumbnailUrl\":\"https:\/\/nk7-testes.com.br\/agazeta\/wp-content\/uploads\/2016\/09\/150916-policia-jovenspresos-cleriston.jpg\",\"datePublished\":\"2016-09-15T14:52:21+00:00\",\"author\":{\"@id\":\"https:\/\/nk7-testes.com.br\/agazeta\/#\/schema\/person\/6d6e25cb0435eb4a02fd44d30b4e3020\"},\"breadcrumb\":{\"@id\":\"https:\/\/nk7-testes.com.br\/agazeta\/trio-de-jovens-e-preso-por-assalto-e-receptacao\/#breadcrumb\"},\"inLanguage\":\"pt-BR\",\"potentialAction\":[{\"@type\":\"ReadAction\",\"target\":[\"https:\/\/nk7-testes.com.br\/agazeta\/trio-de-jovens-e-preso-por-assalto-e-receptacao\/\"]}]},{\"@type\":\"ImageObject\",\"inLanguage\":\"pt-BR\",\"@id\":\"https:\/\/nk7-testes.com.br\/agazeta\/trio-de-jovens-e-preso-por-assalto-e-receptacao\/#primaryimage\",\"url\":\"https:\/\/nk7-testes.com.br\/agazeta\/wp-content\/uploads\/2016\/09\/150916-policia-jovenspresos-cleriston.jpg\",\"contentUrl\":\"https:\/\/nk7-testes.com.br\/agazeta\/wp-content\/uploads\/2016\/09\/150916-policia-jovenspresos-cleriston.jpg\",\"width\":458,\"height\":340,\"caption\":\"150916-policia-jovenspresos-cleriston\"},{\"@type\":\"BreadcrumbList\",\"@id\":\"https:\/\/nk7-testes.com.br\/agazeta\/trio-de-jovens-e-preso-por-assalto-e-receptacao\/#breadcrumb\",\"itemListElement\":[{\"@type\":\"ListItem\",\"position\":1,\"name\":\"In\u00edcio\",\"item\":\"https:\/\/nk7-testes.com.br\/agazeta\/\"},{\"@type\":\"ListItem\",\"position\":2,\"name\":\"Trio de jovens \u00e9 preso por assalto e recepta\u00e7\u00e3o\"}]},{\"@type\":\"WebSite\",\"@id\":\"https:\/\/nk7-testes.com.br\/agazeta\/#website\",\"url\":\"https:\/\/nk7-testes.com.br\/agazeta\/\",\"name\":\"Agazeta.net\",\"description\":\"Agazeta.net - Not\u00edcias de Rio Branco\/AC\",\"potentialAction\":[{\"@type\":\"SearchAction\",\"target\":{\"@type\":\"EntryPoint\",\"urlTemplate\":\"https:\/\/nk7-testes.com.br\/agazeta\/?s={search_term_string}\"},\"query-input\":{\"@type\":\"PropertyValueSpecification\",\"valueRequired\":true,\"valueName\":\"search_term_string\"}}],\"inLanguage\":\"pt-BR\"},{\"@type\":\"Person\",\"@id\":\"https:\/\/nk7-testes.com.br\/agazeta\/#\/schema\/person\/6d6e25cb0435eb4a02fd44d30b4e3020\",\"name\":\"Agazeta.Net\",\"url\":\"https:\/\/nk7-testes.com.br\/agazeta\/author\/agazeta\/\"}]}<\/script>\n<!-- \/ Yoast SEO plugin. -->","yoast_head_json":{"title":"Trio de jovens \u00e9 preso por assalto e recepta\u00e7\u00e3o - Agazeta.net","robots":{"index":"index","follow":"follow","max-snippet":"max-snippet:-1","max-image-preview":"max-image-preview:large","max-video-preview":"max-video-preview:-1"},"canonical":"https:\/\/nk7-testes.com.br\/agazeta\/trio-de-jovens-e-preso-por-assalto-e-receptacao\/","og_locale":"pt_BR","og_type":"article","og_title":"Trio de jovens \u00e9 preso por assalto e recepta\u00e7\u00e3o - Agazeta.net","og_description":"Grupo realizou assalto no bairro Vila Ivonete","og_url":"https:\/\/nk7-testes.com.br\/agazeta\/trio-de-jovens-e-preso-por-assalto-e-receptacao\/","og_site_name":"Agazeta.net","article_published_time":"2016-09-15T14:52:21+00:00","og_image":[{"width":458,"height":340,"url":"https:\/\/nk7-testes.com.br\/agazeta\/wp-content\/uploads\/2016\/09\/150916-policia-jovenspresos-cleriston.jpg","type":"image\/jpeg"}],"author":"Agazeta.Net","twitter_card":"summary_large_image","twitter_misc":{"Escrito por":"Agazeta.Net","Est. tempo de leitura":"1 minuto"},"schema":{"@context":"https:\/\/schema.org","@graph":[{"@type":"WebPage","@id":"https:\/\/nk7-testes.com.br\/agazeta\/trio-de-jovens-e-preso-por-assalto-e-receptacao\/","url":"https:\/\/nk7-testes.com.br\/agazeta\/trio-de-jovens-e-preso-por-assalto-e-receptacao\/","name":"Trio de jovens \u00e9 preso por assalto e recepta\u00e7\u00e3o - Agazeta.net","isPartOf":{"@id":"https:\/\/nk7-testes.com.br\/agazeta\/#website"},"primaryImageOfPage":{"@id":"https:\/\/nk7-testes.com.br\/agazeta\/trio-de-jovens-e-preso-por-assalto-e-receptacao\/#primaryimage"},"image":{"@id":"https:\/\/nk7-testes.com.br\/agazeta\/trio-de-jovens-e-preso-por-assalto-e-receptacao\/#primaryimage"},"thumbnailUrl":"https:\/\/nk7-testes.com.br\/agazeta\/wp-content\/uploads\/2016\/09\/150916-policia-jovenspresos-cleriston.jpg","datePublished":"2016-09-15T14:52:21+00:00","author":{"@id":"https:\/\/nk7-testes.com.br\/agazeta\/#\/schema\/person\/6d6e25cb0435eb4a02fd44d30b4e3020"},"breadcrumb":{"@id":"https:\/\/nk7-testes.com.br\/agazeta\/trio-de-jovens-e-preso-por-assalto-e-receptacao\/#breadcrumb"},"inLanguage":"pt-BR","potentialAction":[{"@type":"ReadAction","target":["https:\/\/nk7-testes.com.br\/agazeta\/trio-de-jovens-e-preso-por-assalto-e-receptacao\/"]}]},{"@type":"ImageObject","inLanguage":"pt-BR","@id":"https:\/\/nk7-testes.com.br\/agazeta\/trio-de-jovens-e-preso-por-assalto-e-receptacao\/#primaryimage","url":"https:\/\/nk7-testes.com.br\/agazeta\/wp-content\/uploads\/2016\/09\/150916-policia-jovenspresos-cleriston.jpg","contentUrl":"https:\/\/nk7-testes.com.br\/agazeta\/wp-content\/uploads\/2016\/09\/150916-policia-jovenspresos-cleriston.jpg","width":458,"height":340,"caption":"150916-policia-jovenspresos-cleriston"},{"@type":"BreadcrumbList","@id":"https:\/\/nk7-testes.com.br\/agazeta\/trio-de-jovens-e-preso-por-assalto-e-receptacao\/#breadcrumb","itemListElement":[{"@type":"ListItem","position":1,"name":"In\u00edcio","item":"https:\/\/nk7-testes.com.br\/agazeta\/"},{"@type":"ListItem","position":2,"name":"Trio de jovens \u00e9 preso por assalto e recepta\u00e7\u00e3o"}]},{"@type":"WebSite","@id":"https:\/\/nk7-testes.com.br\/agazeta\/#website","url":"https:\/\/nk7-testes.com.br\/agazeta\/","name":"Agazeta.net","description":"Agazeta.net - Not\u00edcias de Rio Branco\/AC","potentialAction":[{"@type":"SearchAction","target":{"@type":"EntryPoint","urlTemplate":"https:\/\/nk7-testes.com.br\/agazeta\/?s={search_term_string}"},"query-input":{"@type":"PropertyValueSpecification","valueRequired":true,"valueName":"search_term_string"}}],"inLanguage":"pt-BR"},{"@type":"Person","@id":"https:\/\/nk7-testes.com.br\/agazeta\/#\/schema\/person\/6d6e25cb0435eb4a02fd44d30b4e3020","name":"Agazeta.Net","url":"https:\/\/nk7-testes.com.br\/agazeta\/author\/agazeta\/"}]}},"_links":{"self":[{"href":"https:\/\/nk7-testes.com.br\/agazeta\/wp-json\/wp\/v2\/posts\/25236","targetHints":{"allow":["GET"]}}],"collection":[{"href":"https:\/\/nk7-testes.com.br\/agazeta\/wp-json\/wp\/v2\/posts"}],"about":[{"href":"https:\/\/nk7-testes.com.br\/agazeta\/wp-json\/wp\/v2\/types\/post"}],"author":[{"embeddable":true,"href":"https:\/\/nk7-testes.com.br\/agazeta\/wp-json\/wp\/v2\/users\/4"}],"replies":[{"embeddable":true,"href":"https:\/\/nk7-testes.com.br\/agazeta\/wp-json\/wp\/v2\/comments?post=25236"}],"version-history":[{"count":0,"href":"https:\/\/nk7-testes.com.br\/agazeta\/wp-json\/wp\/v2\/posts\/25236\/revisions"}],"wp:featuredmedia":[{"embeddable":true,"href":"https:\/\/nk7-testes.com.br\/agazeta\/wp-json\/wp\/v2\/media\/25235"}],"wp:attachment":[{"href":"https:\/\/nk7-testes.com.br\/agazeta\/wp-json\/wp\/v2\/media?parent=25236"}],"wp:term":[{"taxonomy":"category","embeddable":true,"href":"https:\/\/nk7-testes.com.br\/agazeta\/wp-json\/wp\/v2\/categories?post=25236"},{"taxonomy":"post_tag","embeddable":true,"href":"https:\/\/nk7-testes.com.br\/agazeta\/wp-json\/wp\/v2\/tags?post=25236"}],"curies":[{"name":"wp","href":"https:\/\/api.w.org\/{rel}","templated":true}]}}