{"id":25228,"date":"2016-09-14T19:57:24","date_gmt":"2016-09-14T19:57:24","guid":{"rendered":"https:\/\/abarevegan.com.br\/index.php\/2016\/09\/14\/funtac-mostra-trabalho-a-comunidade-academica\/"},"modified":"2016-09-14T19:57:24","modified_gmt":"2016-09-14T19:57:24","slug":"funtac-mostra-trabalho-a-comunidade-academica","status":"publish","type":"post","link":"https:\/\/nk7-testes.com.br\/agazeta\/funtac-mostra-trabalho-a-comunidade-academica\/","title":{"rendered":"Funtac mostra trabalho \u00e0 comunidade acad\u00eamica"},"content":{"rendered":"<p style=\"text-align: justify;\">Atividade integra Semana de Ci\u00eancia e Tecnologia<\/p>\n<p style=\"text-align: justify;\">Estudantes e acad\u00eamicos visitam a Funda\u00e7\u00e3o de Tecnologia do Acre. A atividade chamada de dia Funtac de Portas abertas acontece em alus\u00e3o \u00e0 Semana Estadual de Ci\u00eancia e Tecnologia.<\/p>\n<p style=\"text-align: justify;\">Na manh\u00e3 desta quarta-feira, acad\u00eamicos do curso de biomedicina iniciaram a visita\u00e7\u00e3o \u00e0 Funtac. Primeiro conheceram um resumo da Funda\u00e7\u00e3o atrav\u00e9s de um v\u00eddeo, depois caminharam at\u00e9 os laborat\u00f3rios onde os experimentos acontecem.<\/p>\n<p style=\"text-align: justify;\">E durante todo dia foi assim. Estudantes do ensino m\u00e9dio tamb\u00e9m foram conferir o dia de Portas Abertas na Funtac, que segundo a coordenadora da atividade, Elis Regina Eluan tem o objetivo de mostrar o que a institui\u00e7\u00e3o produz.<\/p>\n<p style=\"text-align: justify;\">\u201cNosso objetivo \u00e9 fazer com que a sociedade conhe\u00e7a, tenha acesso a Funtac\u201d, explicou<\/p>\n<p style=\"text-align: justify;\">A visita\u00e7\u00e3o \u00e0 Funtac \u00e9 uma das atividades alusivas \u00e0 Semana estadual de ci\u00eancia e tecnologia. De acordo com a coordenadora, outras atividades acontecem simultaneamente, envolvendo o p\u00fablico estudantil.<\/p>\n","protected":false},"excerpt":{"rendered":"<p style=\"text-align: justify;\">Atividade integra Semana de Ci\u00eancia e Tecnologia<\/p>\n","protected":false},"author":4,"featured_media":25227,"comment_status":"open","ping_status":"open","sticky":false,"template":"","format":"standard","meta":{"jnews-multi-image_gallery":[],"jnews_single_post":[],"jnews_primary_category":[],"jnews_social_meta":[],"jnews_review":[],"enable_review":"","type":"","name":"","summary":"","brand":"","sku":"","good":[],"bad":[],"score_override":"","override_value":"","rating":[],"price":[],"footnotes":""},"categories":[54],"tags":[],"class_list":["post-25228","post","type-post","status-publish","format-standard","has-post-thumbnail","hentry","category-cotidiano"],"yoast_head":"<!-- This site is optimized with the Yoast SEO plugin v26.5 - https:\/\/yoast.com\/wordpress\/plugins\/seo\/ -->\n<title>Funtac mostra trabalho \u00e0 comunidade acad\u00eamica - Agazeta.net<\/title>\n<meta name=\"robots\" content=\"index, follow, max-snippet:-1, max-image-preview:large, max-video-preview:-1\" \/>\n<link rel=\"canonical\" href=\"https:\/\/nk7-testes.com.br\/agazeta\/funtac-mostra-trabalho-a-comunidade-academica\/\" \/>\n<meta property=\"og:locale\" content=\"pt_BR\" \/>\n<meta property=\"og:type\" content=\"article\" \/>\n<meta property=\"og:title\" content=\"Funtac mostra trabalho \u00e0 comunidade acad\u00eamica - Agazeta.net\" \/>\n<meta property=\"og:description\" content=\"Atividade integra Semana de Ci\u00eancia e Tecnologia\" \/>\n<meta property=\"og:url\" content=\"https:\/\/nk7-testes.com.br\/agazeta\/funtac-mostra-trabalho-a-comunidade-academica\/\" \/>\n<meta property=\"og:site_name\" content=\"Agazeta.net\" \/>\n<meta property=\"article:published_time\" content=\"2016-09-14T19:57:24+00:00\" \/>\n<meta property=\"og:image\" content=\"https:\/\/nk7-testes.com.br\/agazeta\/wp-content\/uploads\/2016\/09\/140916-cotidiano-funtac-tvgazeta.jpg\" \/>\n\t<meta property=\"og:image:width\" content=\"458\" \/>\n\t<meta property=\"og:image:height\" content=\"340\" \/>\n\t<meta property=\"og:image:type\" content=\"image\/jpeg\" \/>\n<meta name=\"author\" content=\"Agazeta.Net\" \/>\n<meta name=\"twitter:card\" content=\"summary_large_image\" \/>\n<meta name=\"twitter:label1\" content=\"Escrito por\" \/>\n\t<meta name=\"twitter:data1\" content=\"Agazeta.Net\" \/>\n\t<meta name=\"twitter:label2\" content=\"Est. tempo de leitura\" \/>\n\t<meta name=\"twitter:data2\" content=\"1 minuto\" \/>\n<script type=\"application\/ld+json\" class=\"yoast-schema-graph\">{\"@context\":\"https:\/\/schema.org\",\"@graph\":[{\"@type\":\"WebPage\",\"@id\":\"https:\/\/nk7-testes.com.br\/agazeta\/funtac-mostra-trabalho-a-comunidade-academica\/\",\"url\":\"https:\/\/nk7-testes.com.br\/agazeta\/funtac-mostra-trabalho-a-comunidade-academica\/\",\"name\":\"Funtac mostra trabalho \u00e0 comunidade acad\u00eamica - Agazeta.net\",\"isPartOf\":{\"@id\":\"https:\/\/nk7-testes.com.br\/agazeta\/#website\"},\"primaryImageOfPage\":{\"@id\":\"https:\/\/nk7-testes.com.br\/agazeta\/funtac-mostra-trabalho-a-comunidade-academica\/#primaryimage\"},\"image\":{\"@id\":\"https:\/\/nk7-testes.com.br\/agazeta\/funtac-mostra-trabalho-a-comunidade-academica\/#primaryimage\"},\"thumbnailUrl\":\"https:\/\/nk7-testes.com.br\/agazeta\/wp-content\/uploads\/2016\/09\/140916-cotidiano-funtac-tvgazeta.jpg\",\"datePublished\":\"2016-09-14T19:57:24+00:00\",\"author\":{\"@id\":\"https:\/\/nk7-testes.com.br\/agazeta\/#\/schema\/person\/ff6b39d54d6973bfc57f4140f659b23f\"},\"breadcrumb\":{\"@id\":\"https:\/\/nk7-testes.com.br\/agazeta\/funtac-mostra-trabalho-a-comunidade-academica\/#breadcrumb\"},\"inLanguage\":\"pt-BR\",\"potentialAction\":[{\"@type\":\"ReadAction\",\"target\":[\"https:\/\/nk7-testes.com.br\/agazeta\/funtac-mostra-trabalho-a-comunidade-academica\/\"]}]},{\"@type\":\"ImageObject\",\"inLanguage\":\"pt-BR\",\"@id\":\"https:\/\/nk7-testes.com.br\/agazeta\/funtac-mostra-trabalho-a-comunidade-academica\/#primaryimage\",\"url\":\"https:\/\/nk7-testes.com.br\/agazeta\/wp-content\/uploads\/2016\/09\/140916-cotidiano-funtac-tvgazeta.jpg\",\"contentUrl\":\"https:\/\/nk7-testes.com.br\/agazeta\/wp-content\/uploads\/2016\/09\/140916-cotidiano-funtac-tvgazeta.jpg\",\"width\":458,\"height\":340,\"caption\":\"140916-cotidiano-funtac-tvgazeta\"},{\"@type\":\"BreadcrumbList\",\"@id\":\"https:\/\/nk7-testes.com.br\/agazeta\/funtac-mostra-trabalho-a-comunidade-academica\/#breadcrumb\",\"itemListElement\":[{\"@type\":\"ListItem\",\"position\":1,\"name\":\"In\u00edcio\",\"item\":\"https:\/\/nk7-testes.com.br\/agazeta\/\"},{\"@type\":\"ListItem\",\"position\":2,\"name\":\"Funtac mostra trabalho \u00e0 comunidade acad\u00eamica\"}]},{\"@type\":\"WebSite\",\"@id\":\"https:\/\/nk7-testes.com.br\/agazeta\/#website\",\"url\":\"https:\/\/nk7-testes.com.br\/agazeta\/\",\"name\":\"Agazeta.net\",\"description\":\"Agazeta.net - Not\u00edcias de Rio Branco\/AC\",\"potentialAction\":[{\"@type\":\"SearchAction\",\"target\":{\"@type\":\"EntryPoint\",\"urlTemplate\":\"https:\/\/nk7-testes.com.br\/agazeta\/?s={search_term_string}\"},\"query-input\":{\"@type\":\"PropertyValueSpecification\",\"valueRequired\":true,\"valueName\":\"search_term_string\"}}],\"inLanguage\":\"pt-BR\"},{\"@type\":\"Person\",\"@id\":\"https:\/\/nk7-testes.com.br\/agazeta\/#\/schema\/person\/ff6b39d54d6973bfc57f4140f659b23f\",\"name\":\"Agazeta.Net\",\"url\":\"https:\/\/nk7-testes.com.br\/agazeta\/author\/agazeta\/\"}]}<\/script>\n<!-- \/ Yoast SEO plugin. -->","yoast_head_json":{"title":"Funtac mostra trabalho \u00e0 comunidade acad\u00eamica - Agazeta.net","robots":{"index":"index","follow":"follow","max-snippet":"max-snippet:-1","max-image-preview":"max-image-preview:large","max-video-preview":"max-video-preview:-1"},"canonical":"https:\/\/nk7-testes.com.br\/agazeta\/funtac-mostra-trabalho-a-comunidade-academica\/","og_locale":"pt_BR","og_type":"article","og_title":"Funtac mostra trabalho \u00e0 comunidade acad\u00eamica - Agazeta.net","og_description":"Atividade integra Semana de Ci\u00eancia e Tecnologia","og_url":"https:\/\/nk7-testes.com.br\/agazeta\/funtac-mostra-trabalho-a-comunidade-academica\/","og_site_name":"Agazeta.net","article_published_time":"2016-09-14T19:57:24+00:00","og_image":[{"width":458,"height":340,"url":"https:\/\/nk7-testes.com.br\/agazeta\/wp-content\/uploads\/2016\/09\/140916-cotidiano-funtac-tvgazeta.jpg","type":"image\/jpeg"}],"author":"Agazeta.Net","twitter_card":"summary_large_image","twitter_misc":{"Escrito por":"Agazeta.Net","Est. tempo de leitura":"1 minuto"},"schema":{"@context":"https:\/\/schema.org","@graph":[{"@type":"WebPage","@id":"https:\/\/nk7-testes.com.br\/agazeta\/funtac-mostra-trabalho-a-comunidade-academica\/","url":"https:\/\/nk7-testes.com.br\/agazeta\/funtac-mostra-trabalho-a-comunidade-academica\/","name":"Funtac mostra trabalho \u00e0 comunidade acad\u00eamica - Agazeta.net","isPartOf":{"@id":"https:\/\/nk7-testes.com.br\/agazeta\/#website"},"primaryImageOfPage":{"@id":"https:\/\/nk7-testes.com.br\/agazeta\/funtac-mostra-trabalho-a-comunidade-academica\/#primaryimage"},"image":{"@id":"https:\/\/nk7-testes.com.br\/agazeta\/funtac-mostra-trabalho-a-comunidade-academica\/#primaryimage"},"thumbnailUrl":"https:\/\/nk7-testes.com.br\/agazeta\/wp-content\/uploads\/2016\/09\/140916-cotidiano-funtac-tvgazeta.jpg","datePublished":"2016-09-14T19:57:24+00:00","author":{"@id":"https:\/\/nk7-testes.com.br\/agazeta\/#\/schema\/person\/ff6b39d54d6973bfc57f4140f659b23f"},"breadcrumb":{"@id":"https:\/\/nk7-testes.com.br\/agazeta\/funtac-mostra-trabalho-a-comunidade-academica\/#breadcrumb"},"inLanguage":"pt-BR","potentialAction":[{"@type":"ReadAction","target":["https:\/\/nk7-testes.com.br\/agazeta\/funtac-mostra-trabalho-a-comunidade-academica\/"]}]},{"@type":"ImageObject","inLanguage":"pt-BR","@id":"https:\/\/nk7-testes.com.br\/agazeta\/funtac-mostra-trabalho-a-comunidade-academica\/#primaryimage","url":"https:\/\/nk7-testes.com.br\/agazeta\/wp-content\/uploads\/2016\/09\/140916-cotidiano-funtac-tvgazeta.jpg","contentUrl":"https:\/\/nk7-testes.com.br\/agazeta\/wp-content\/uploads\/2016\/09\/140916-cotidiano-funtac-tvgazeta.jpg","width":458,"height":340,"caption":"140916-cotidiano-funtac-tvgazeta"},{"@type":"BreadcrumbList","@id":"https:\/\/nk7-testes.com.br\/agazeta\/funtac-mostra-trabalho-a-comunidade-academica\/#breadcrumb","itemListElement":[{"@type":"ListItem","position":1,"name":"In\u00edcio","item":"https:\/\/nk7-testes.com.br\/agazeta\/"},{"@type":"ListItem","position":2,"name":"Funtac mostra trabalho \u00e0 comunidade acad\u00eamica"}]},{"@type":"WebSite","@id":"https:\/\/nk7-testes.com.br\/agazeta\/#website","url":"https:\/\/nk7-testes.com.br\/agazeta\/","name":"Agazeta.net","description":"Agazeta.net - Not\u00edcias de Rio Branco\/AC","potentialAction":[{"@type":"SearchAction","target":{"@type":"EntryPoint","urlTemplate":"https:\/\/nk7-testes.com.br\/agazeta\/?s={search_term_string}"},"query-input":{"@type":"PropertyValueSpecification","valueRequired":true,"valueName":"search_term_string"}}],"inLanguage":"pt-BR"},{"@type":"Person","@id":"https:\/\/nk7-testes.com.br\/agazeta\/#\/schema\/person\/ff6b39d54d6973bfc57f4140f659b23f","name":"Agazeta.Net","url":"https:\/\/nk7-testes.com.br\/agazeta\/author\/agazeta\/"}]}},"_links":{"self":[{"href":"https:\/\/nk7-testes.com.br\/agazeta\/wp-json\/wp\/v2\/posts\/25228","targetHints":{"allow":["GET"]}}],"collection":[{"href":"https:\/\/nk7-testes.com.br\/agazeta\/wp-json\/wp\/v2\/posts"}],"about":[{"href":"https:\/\/nk7-testes.com.br\/agazeta\/wp-json\/wp\/v2\/types\/post"}],"author":[{"embeddable":true,"href":"https:\/\/nk7-testes.com.br\/agazeta\/wp-json\/wp\/v2\/users\/4"}],"replies":[{"embeddable":true,"href":"https:\/\/nk7-testes.com.br\/agazeta\/wp-json\/wp\/v2\/comments?post=25228"}],"version-history":[{"count":0,"href":"https:\/\/nk7-testes.com.br\/agazeta\/wp-json\/wp\/v2\/posts\/25228\/revisions"}],"wp:featuredmedia":[{"embeddable":true,"href":"https:\/\/nk7-testes.com.br\/agazeta\/wp-json\/wp\/v2\/media\/25227"}],"wp:attachment":[{"href":"https:\/\/nk7-testes.com.br\/agazeta\/wp-json\/wp\/v2\/media?parent=25228"}],"wp:term":[{"taxonomy":"category","embeddable":true,"href":"https:\/\/nk7-testes.com.br\/agazeta\/wp-json\/wp\/v2\/categories?post=25228"},{"taxonomy":"post_tag","embeddable":true,"href":"https:\/\/nk7-testes.com.br\/agazeta\/wp-json\/wp\/v2\/tags?post=25228"}],"curies":[{"name":"wp","href":"https:\/\/api.w.org\/{rel}","templated":true}]}}