{"id":25220,"date":"2016-09-14T15:07:46","date_gmt":"2016-09-14T15:07:46","guid":{"rendered":"https:\/\/abarevegan.com.br\/index.php\/2016\/09\/14\/inicia-semana-de-ciencia-e-tecnologia-no-acre\/"},"modified":"2016-09-14T15:07:46","modified_gmt":"2016-09-14T15:07:46","slug":"inicia-semana-de-ciencia-e-tecnologia-no-acre","status":"publish","type":"post","link":"https:\/\/nk7-testes.com.br\/agazeta\/inicia-semana-de-ciencia-e-tecnologia-no-acre\/","title":{"rendered":"Inicia Semana de Ci\u00eancia e Tecnologia no Acre"},"content":{"rendered":"<p style=\"text-align: justify;\">\u00c9 o maior evento de inicia\u00e7\u00e3o cient\u00edfica do Estado<\/p>\n<p style=\"text-align: justify;\">A cerim\u00f4nia de abertura da d\u00e9cima segunda edi\u00e7\u00e3o da Semana da Ci\u00eancia e Tecnologia foi realizada no centro de conven\u00e7\u00f5es da Universidade Federal do Acre (Ufac). O evento, que traz como tema este ano \u201cCi\u00eancia alimentando o Brasil\u201d, \u00e9 realizado simultaneamente em todo o pa\u00eds e tem como finalidade oferecer \u00e0 sociedade uma jornada cientifica apresentando os melhores trabalhos de estudantes das universidades e centros de pesquisa, facilitando a aproxima\u00e7\u00e3o da comunidade ao conhecimento cient\u00edfico.<\/p>\n<p style=\"text-align: justify;\">A Semana da Ci\u00eancia e Tecnologia encerra dia 25. Simultaneamente ocorre tamb\u00e9m a mostra de Educa\u00e7\u00e3o, Ci\u00eancia, Tecnologia e Inova\u00e7\u00e3o do Estado, com o lema Viver Ci\u00eancia: \u00e9 o maior evento de promo\u00e7\u00e3o da inicia\u00e7\u00e3o cient\u00edfica da educa\u00e7\u00e3o b\u00e1sica do Acre. Para discutir os temas uma vasta programa\u00e7\u00e3o foi montada valorizando as a\u00e7\u00f5es inovadoras do ensino p\u00fablico, onde mais de 140 escolas participam do evento.<\/p>\n<p style=\"text-align: justify;\">A programa\u00e7\u00e3o que ocorre no campus da Ufac vai contar com palestras, minicursos, oficinas, experimentos cient\u00edficos, al\u00e9m de atividades culturais e recreativas. O professor da universidade federal, Alanderson Ramalho, vai ministrar uma confer\u00eancia sobre seguran\u00e7a alimentar, focando o uso da tecnologia a favor de uma alimenta\u00e7\u00e3o equilibrada e balanceada.<\/p>\n","protected":false},"excerpt":{"rendered":"<p style=\"text-align: justify;\">\u00c9 o maior evento de inicia\u00e7\u00e3o cient\u00edfica do Estado<\/p>\n","protected":false},"author":4,"featured_media":25219,"comment_status":"open","ping_status":"open","sticky":false,"template":"","format":"standard","meta":{"jnews-multi-image_gallery":[],"jnews_single_post":[],"jnews_primary_category":[],"jnews_social_meta":[],"jnews_review":[],"enable_review":"","type":"","name":"","summary":"","brand":"","sku":"","good":[],"bad":[],"score_override":"","override_value":"","rating":[],"price":[],"footnotes":""},"categories":[54],"tags":[],"class_list":["post-25220","post","type-post","status-publish","format-standard","has-post-thumbnail","hentry","category-cotidiano"],"yoast_head":"<!-- This site is optimized with the Yoast SEO plugin v26.5 - https:\/\/yoast.com\/wordpress\/plugins\/seo\/ -->\n<title>Inicia Semana de Ci\u00eancia e Tecnologia no Acre - Agazeta.net<\/title>\n<meta name=\"robots\" content=\"index, follow, max-snippet:-1, max-image-preview:large, max-video-preview:-1\" \/>\n<link rel=\"canonical\" href=\"https:\/\/nk7-testes.com.br\/agazeta\/inicia-semana-de-ciencia-e-tecnologia-no-acre\/\" \/>\n<meta property=\"og:locale\" content=\"pt_BR\" \/>\n<meta property=\"og:type\" content=\"article\" \/>\n<meta property=\"og:title\" content=\"Inicia Semana de Ci\u00eancia e Tecnologia no Acre - Agazeta.net\" \/>\n<meta property=\"og:description\" content=\"\u00c9 o maior evento de inicia\u00e7\u00e3o cient\u00edfica do Estado\" \/>\n<meta property=\"og:url\" content=\"https:\/\/nk7-testes.com.br\/agazeta\/inicia-semana-de-ciencia-e-tecnologia-no-acre\/\" \/>\n<meta property=\"og:site_name\" content=\"Agazeta.net\" \/>\n<meta property=\"article:published_time\" content=\"2016-09-14T15:07:46+00:00\" \/>\n<meta property=\"og:image\" content=\"https:\/\/nk7-testes.com.br\/agazeta\/wp-content\/uploads\/2016\/09\/140916-cotidiano-marcobrandao-tvgazeta.jpg\" \/>\n\t<meta property=\"og:image:width\" content=\"458\" \/>\n\t<meta property=\"og:image:height\" content=\"340\" \/>\n\t<meta property=\"og:image:type\" content=\"image\/jpeg\" \/>\n<meta name=\"author\" content=\"Agazeta.Net\" \/>\n<meta name=\"twitter:card\" content=\"summary_large_image\" \/>\n<meta name=\"twitter:label1\" content=\"Escrito por\" \/>\n\t<meta name=\"twitter:data1\" content=\"Agazeta.Net\" \/>\n\t<meta name=\"twitter:label2\" content=\"Est. tempo de leitura\" \/>\n\t<meta name=\"twitter:data2\" content=\"1 minuto\" \/>\n<script type=\"application\/ld+json\" class=\"yoast-schema-graph\">{\"@context\":\"https:\/\/schema.org\",\"@graph\":[{\"@type\":\"WebPage\",\"@id\":\"https:\/\/nk7-testes.com.br\/agazeta\/inicia-semana-de-ciencia-e-tecnologia-no-acre\/\",\"url\":\"https:\/\/nk7-testes.com.br\/agazeta\/inicia-semana-de-ciencia-e-tecnologia-no-acre\/\",\"name\":\"Inicia Semana de Ci\u00eancia e Tecnologia no Acre - Agazeta.net\",\"isPartOf\":{\"@id\":\"https:\/\/nk7-testes.com.br\/agazeta\/#website\"},\"primaryImageOfPage\":{\"@id\":\"https:\/\/nk7-testes.com.br\/agazeta\/inicia-semana-de-ciencia-e-tecnologia-no-acre\/#primaryimage\"},\"image\":{\"@id\":\"https:\/\/nk7-testes.com.br\/agazeta\/inicia-semana-de-ciencia-e-tecnologia-no-acre\/#primaryimage\"},\"thumbnailUrl\":\"https:\/\/nk7-testes.com.br\/agazeta\/wp-content\/uploads\/2016\/09\/140916-cotidiano-marcobrandao-tvgazeta.jpg\",\"datePublished\":\"2016-09-14T15:07:46+00:00\",\"author\":{\"@id\":\"https:\/\/nk7-testes.com.br\/agazeta\/#\/schema\/person\/ff6b39d54d6973bfc57f4140f659b23f\"},\"breadcrumb\":{\"@id\":\"https:\/\/nk7-testes.com.br\/agazeta\/inicia-semana-de-ciencia-e-tecnologia-no-acre\/#breadcrumb\"},\"inLanguage\":\"pt-BR\",\"potentialAction\":[{\"@type\":\"ReadAction\",\"target\":[\"https:\/\/nk7-testes.com.br\/agazeta\/inicia-semana-de-ciencia-e-tecnologia-no-acre\/\"]}]},{\"@type\":\"ImageObject\",\"inLanguage\":\"pt-BR\",\"@id\":\"https:\/\/nk7-testes.com.br\/agazeta\/inicia-semana-de-ciencia-e-tecnologia-no-acre\/#primaryimage\",\"url\":\"https:\/\/nk7-testes.com.br\/agazeta\/wp-content\/uploads\/2016\/09\/140916-cotidiano-marcobrandao-tvgazeta.jpg\",\"contentUrl\":\"https:\/\/nk7-testes.com.br\/agazeta\/wp-content\/uploads\/2016\/09\/140916-cotidiano-marcobrandao-tvgazeta.jpg\",\"width\":458,\"height\":340,\"caption\":\"140916-cotidiano-marcobrandao-tvgazeta\"},{\"@type\":\"BreadcrumbList\",\"@id\":\"https:\/\/nk7-testes.com.br\/agazeta\/inicia-semana-de-ciencia-e-tecnologia-no-acre\/#breadcrumb\",\"itemListElement\":[{\"@type\":\"ListItem\",\"position\":1,\"name\":\"In\u00edcio\",\"item\":\"https:\/\/nk7-testes.com.br\/agazeta\/\"},{\"@type\":\"ListItem\",\"position\":2,\"name\":\"Inicia Semana de Ci\u00eancia e Tecnologia no Acre\"}]},{\"@type\":\"WebSite\",\"@id\":\"https:\/\/nk7-testes.com.br\/agazeta\/#website\",\"url\":\"https:\/\/nk7-testes.com.br\/agazeta\/\",\"name\":\"Agazeta.net\",\"description\":\"Agazeta.net - Not\u00edcias de Rio Branco\/AC\",\"potentialAction\":[{\"@type\":\"SearchAction\",\"target\":{\"@type\":\"EntryPoint\",\"urlTemplate\":\"https:\/\/nk7-testes.com.br\/agazeta\/?s={search_term_string}\"},\"query-input\":{\"@type\":\"PropertyValueSpecification\",\"valueRequired\":true,\"valueName\":\"search_term_string\"}}],\"inLanguage\":\"pt-BR\"},{\"@type\":\"Person\",\"@id\":\"https:\/\/nk7-testes.com.br\/agazeta\/#\/schema\/person\/ff6b39d54d6973bfc57f4140f659b23f\",\"name\":\"Agazeta.Net\",\"url\":\"https:\/\/nk7-testes.com.br\/agazeta\/author\/agazeta\/\"}]}<\/script>\n<!-- \/ Yoast SEO plugin. -->","yoast_head_json":{"title":"Inicia Semana de Ci\u00eancia e Tecnologia no Acre - Agazeta.net","robots":{"index":"index","follow":"follow","max-snippet":"max-snippet:-1","max-image-preview":"max-image-preview:large","max-video-preview":"max-video-preview:-1"},"canonical":"https:\/\/nk7-testes.com.br\/agazeta\/inicia-semana-de-ciencia-e-tecnologia-no-acre\/","og_locale":"pt_BR","og_type":"article","og_title":"Inicia Semana de Ci\u00eancia e Tecnologia no Acre - Agazeta.net","og_description":"\u00c9 o maior evento de inicia\u00e7\u00e3o cient\u00edfica do Estado","og_url":"https:\/\/nk7-testes.com.br\/agazeta\/inicia-semana-de-ciencia-e-tecnologia-no-acre\/","og_site_name":"Agazeta.net","article_published_time":"2016-09-14T15:07:46+00:00","og_image":[{"width":458,"height":340,"url":"https:\/\/nk7-testes.com.br\/agazeta\/wp-content\/uploads\/2016\/09\/140916-cotidiano-marcobrandao-tvgazeta.jpg","type":"image\/jpeg"}],"author":"Agazeta.Net","twitter_card":"summary_large_image","twitter_misc":{"Escrito por":"Agazeta.Net","Est. tempo de leitura":"1 minuto"},"schema":{"@context":"https:\/\/schema.org","@graph":[{"@type":"WebPage","@id":"https:\/\/nk7-testes.com.br\/agazeta\/inicia-semana-de-ciencia-e-tecnologia-no-acre\/","url":"https:\/\/nk7-testes.com.br\/agazeta\/inicia-semana-de-ciencia-e-tecnologia-no-acre\/","name":"Inicia Semana de Ci\u00eancia e Tecnologia no Acre - Agazeta.net","isPartOf":{"@id":"https:\/\/nk7-testes.com.br\/agazeta\/#website"},"primaryImageOfPage":{"@id":"https:\/\/nk7-testes.com.br\/agazeta\/inicia-semana-de-ciencia-e-tecnologia-no-acre\/#primaryimage"},"image":{"@id":"https:\/\/nk7-testes.com.br\/agazeta\/inicia-semana-de-ciencia-e-tecnologia-no-acre\/#primaryimage"},"thumbnailUrl":"https:\/\/nk7-testes.com.br\/agazeta\/wp-content\/uploads\/2016\/09\/140916-cotidiano-marcobrandao-tvgazeta.jpg","datePublished":"2016-09-14T15:07:46+00:00","author":{"@id":"https:\/\/nk7-testes.com.br\/agazeta\/#\/schema\/person\/ff6b39d54d6973bfc57f4140f659b23f"},"breadcrumb":{"@id":"https:\/\/nk7-testes.com.br\/agazeta\/inicia-semana-de-ciencia-e-tecnologia-no-acre\/#breadcrumb"},"inLanguage":"pt-BR","potentialAction":[{"@type":"ReadAction","target":["https:\/\/nk7-testes.com.br\/agazeta\/inicia-semana-de-ciencia-e-tecnologia-no-acre\/"]}]},{"@type":"ImageObject","inLanguage":"pt-BR","@id":"https:\/\/nk7-testes.com.br\/agazeta\/inicia-semana-de-ciencia-e-tecnologia-no-acre\/#primaryimage","url":"https:\/\/nk7-testes.com.br\/agazeta\/wp-content\/uploads\/2016\/09\/140916-cotidiano-marcobrandao-tvgazeta.jpg","contentUrl":"https:\/\/nk7-testes.com.br\/agazeta\/wp-content\/uploads\/2016\/09\/140916-cotidiano-marcobrandao-tvgazeta.jpg","width":458,"height":340,"caption":"140916-cotidiano-marcobrandao-tvgazeta"},{"@type":"BreadcrumbList","@id":"https:\/\/nk7-testes.com.br\/agazeta\/inicia-semana-de-ciencia-e-tecnologia-no-acre\/#breadcrumb","itemListElement":[{"@type":"ListItem","position":1,"name":"In\u00edcio","item":"https:\/\/nk7-testes.com.br\/agazeta\/"},{"@type":"ListItem","position":2,"name":"Inicia Semana de Ci\u00eancia e Tecnologia no Acre"}]},{"@type":"WebSite","@id":"https:\/\/nk7-testes.com.br\/agazeta\/#website","url":"https:\/\/nk7-testes.com.br\/agazeta\/","name":"Agazeta.net","description":"Agazeta.net - Not\u00edcias de Rio Branco\/AC","potentialAction":[{"@type":"SearchAction","target":{"@type":"EntryPoint","urlTemplate":"https:\/\/nk7-testes.com.br\/agazeta\/?s={search_term_string}"},"query-input":{"@type":"PropertyValueSpecification","valueRequired":true,"valueName":"search_term_string"}}],"inLanguage":"pt-BR"},{"@type":"Person","@id":"https:\/\/nk7-testes.com.br\/agazeta\/#\/schema\/person\/ff6b39d54d6973bfc57f4140f659b23f","name":"Agazeta.Net","url":"https:\/\/nk7-testes.com.br\/agazeta\/author\/agazeta\/"}]}},"_links":{"self":[{"href":"https:\/\/nk7-testes.com.br\/agazeta\/wp-json\/wp\/v2\/posts\/25220","targetHints":{"allow":["GET"]}}],"collection":[{"href":"https:\/\/nk7-testes.com.br\/agazeta\/wp-json\/wp\/v2\/posts"}],"about":[{"href":"https:\/\/nk7-testes.com.br\/agazeta\/wp-json\/wp\/v2\/types\/post"}],"author":[{"embeddable":true,"href":"https:\/\/nk7-testes.com.br\/agazeta\/wp-json\/wp\/v2\/users\/4"}],"replies":[{"embeddable":true,"href":"https:\/\/nk7-testes.com.br\/agazeta\/wp-json\/wp\/v2\/comments?post=25220"}],"version-history":[{"count":0,"href":"https:\/\/nk7-testes.com.br\/agazeta\/wp-json\/wp\/v2\/posts\/25220\/revisions"}],"wp:featuredmedia":[{"embeddable":true,"href":"https:\/\/nk7-testes.com.br\/agazeta\/wp-json\/wp\/v2\/media\/25219"}],"wp:attachment":[{"href":"https:\/\/nk7-testes.com.br\/agazeta\/wp-json\/wp\/v2\/media?parent=25220"}],"wp:term":[{"taxonomy":"category","embeddable":true,"href":"https:\/\/nk7-testes.com.br\/agazeta\/wp-json\/wp\/v2\/categories?post=25220"},{"taxonomy":"post_tag","embeddable":true,"href":"https:\/\/nk7-testes.com.br\/agazeta\/wp-json\/wp\/v2\/tags?post=25220"}],"curies":[{"name":"wp","href":"https:\/\/api.w.org\/{rel}","templated":true}]}}