{"id":25218,"date":"2016-09-14T14:16:22","date_gmt":"2016-09-14T14:16:22","guid":{"rendered":"https:\/\/abarevegan.com.br\/index.php\/2016\/09\/14\/2-fase-da-operacao-labor-prende-3-prefeitos\/"},"modified":"2016-09-14T14:16:22","modified_gmt":"2016-09-14T14:16:22","slug":"2-fase-da-operacao-labor-prende-3-prefeitos","status":"publish","type":"post","link":"https:\/\/nk7-testes.com.br\/agazeta\/2-fase-da-operacao-labor-prende-3-prefeitos\/","title":{"rendered":"2\u00aa fase da Opera\u00e7\u00e3o Labor prende 3 prefeitos"},"content":{"rendered":"<p style=\"text-align: justify;\">Prefeito do Bujari \u00e9 um dos tr\u00eas n\u00e3o encontrados<\/p>\n<p style=\"text-align: justify;\">Na manh\u00e3 de hoje (14\/09), a PF desencadeou a 2\u00b0 Fase da Opera\u00e7\u00e3o Labor, denominada Melinoe, que cumpre 13 mandados sendo 6 mandados de pris\u00e3o, 6 mandados de busca e apreens\u00e3o e 01 mandado de condu\u00e7\u00e3o coercitiva em 3 munic\u00edpios do interior do Estado do Acre.<\/p>\n<p style=\"text-align: justify;\">Na mitologia grega, MELINOE \u00e9 a Deusa dos Fantasmas. O nome desta fase da opera\u00e7\u00e3o faz alus\u00e3o ao pagamento, por parte das prefeituras, de funcion\u00e1rios que n\u00e3o prestavam servi\u00e7os (funcion\u00e1rios fantasmas).<\/p>\n<p style=\"text-align: justify;\">A organiza\u00e7\u00e3o criminosa tinha como autor intelectual os prefeitos de Bujari, Pl\u00e1cido de Castro e Santa Rosa do Purus, os quais exerciam posi\u00e7\u00e3o hier\u00e1rquica sobre os demais membros nas respectivas prefeituras.<\/p>\n<p style=\"text-align: justify;\">Os prefeitos atuavam na capta\u00e7\u00e3o de empres\u00e1rios interessados em contratar com as prefeituras que, em troca, emitiam notas fiscais ideologicamente falsas, possibilitando o desvio de recursos p\u00fablicos.<\/p>\n<p style=\"text-align: justify;\">Ap\u00f3s estabelecer o n\u00facleo empresarial, os prefeitos nomeavam pregoeiros interessados em participar da organiza\u00e7\u00e3o criminosa para fraudar o procedimento licitat\u00f3rio, em contrapartida os pregoeiros eram beneficiados com parcela do dinheiro desviado.<\/p>\n<p style=\"text-align: justify;\">Decorrida esta etapa preliminar, as empresas previamente escolhidas participavam de procedimentos licitat\u00f3rios fraudulentos e logravam-se \u201cvencedoras\u201d.<\/p>\n<p style=\"text-align: justify;\">Assim, contratada a empresa participante da organiza\u00e7\u00e3o criminosa, eram emitidas notas fiscais superfaturadas, uma vez que os servi\u00e7os n\u00e3o eram prestados, e valores remanescentes eram entregues aos prefeitos.<\/p>\n<p style=\"text-align: justify;\">A primeira fase da opera\u00e7\u00e3o Labor, realizada em 12\/07\/2016, em Rio Branco\/AC, visou a neutraliza\u00e7\u00e3o do n\u00facleo econ\u00f4mico da organiza\u00e7\u00e3o criminosa estabelecida nos munic\u00edpios de Bujari, Pl\u00e1cido de Castro e Santa Rosa do Purus, com a pris\u00e3o de 04 (quatro) empres\u00e1rios e o cumprimento de 05 (cinco) mandados de busca e apreens\u00e3o em empresas e resid\u00eancias.<\/p>\n<p style=\"text-align: justify;\">Com o desencadeamento da segunda fase, foram expedidos mandados de pris\u00e3o para os prefeitos de Bujari, Pl\u00e1cido de Castro e Santa Rosa do Purus. Al\u00e9m destes prefeitos, tamb\u00e9m foram expedidos mandados de pris\u00e3o para um secret\u00e1rio municipal e dois pregoeiros.<\/p>\n","protected":false},"excerpt":{"rendered":"<p style=\"text-align: justify;\">Prefeito do Bujari \u00e9 um dos tr\u00eas n\u00e3o encontrados<\/p>\n","protected":false},"author":4,"featured_media":25217,"comment_status":"open","ping_status":"open","sticky":false,"template":"","format":"standard","meta":{"jnews-multi-image_gallery":[],"jnews_single_post":[],"jnews_primary_category":[],"jnews_social_meta":[],"jnews_review":[],"enable_review":"","type":"","name":"","summary":"","brand":"","sku":"","good":[],"bad":[],"score_override":"","override_value":"","rating":[],"price":[],"footnotes":""},"categories":[44],"tags":[],"class_list":["post-25218","post","type-post","status-publish","format-standard","has-post-thumbnail","hentry","category-policia"],"yoast_head":"<!-- This site is optimized with the Yoast SEO plugin v26.5 - https:\/\/yoast.com\/wordpress\/plugins\/seo\/ -->\n<title>2\u00aa fase da Opera\u00e7\u00e3o Labor prende 3 prefeitos - Agazeta.net<\/title>\n<meta name=\"robots\" content=\"index, follow, max-snippet:-1, max-image-preview:large, max-video-preview:-1\" \/>\n<link rel=\"canonical\" href=\"https:\/\/nk7-testes.com.br\/agazeta\/2-fase-da-operacao-labor-prende-3-prefeitos\/\" \/>\n<meta property=\"og:locale\" content=\"pt_BR\" \/>\n<meta property=\"og:type\" content=\"article\" \/>\n<meta property=\"og:title\" content=\"2\u00aa fase da Opera\u00e7\u00e3o Labor prende 3 prefeitos - Agazeta.net\" \/>\n<meta property=\"og:description\" content=\"Prefeito do Bujari \u00e9 um dos tr\u00eas n\u00e3o encontrados\" \/>\n<meta property=\"og:url\" content=\"https:\/\/nk7-testes.com.br\/agazeta\/2-fase-da-operacao-labor-prende-3-prefeitos\/\" \/>\n<meta property=\"og:site_name\" content=\"Agazeta.net\" \/>\n<meta property=\"article:published_time\" content=\"2016-09-14T14:16:22+00:00\" \/>\n<meta property=\"og:image\" content=\"https:\/\/nk7-testes.com.br\/agazeta\/wp-content\/uploads\/2016\/09\/140916-policia-tonheiro-feijonews.jpg\" \/>\n\t<meta property=\"og:image:width\" content=\"458\" \/>\n\t<meta property=\"og:image:height\" content=\"340\" \/>\n\t<meta property=\"og:image:type\" content=\"image\/jpeg\" \/>\n<meta name=\"author\" content=\"Agazeta.Net\" \/>\n<meta name=\"twitter:card\" content=\"summary_large_image\" \/>\n<meta name=\"twitter:label1\" content=\"Escrito por\" \/>\n\t<meta name=\"twitter:data1\" content=\"Agazeta.Net\" \/>\n\t<meta name=\"twitter:label2\" content=\"Est. tempo de leitura\" \/>\n\t<meta name=\"twitter:data2\" content=\"2 minutos\" \/>\n<script type=\"application\/ld+json\" class=\"yoast-schema-graph\">{\"@context\":\"https:\/\/schema.org\",\"@graph\":[{\"@type\":\"WebPage\",\"@id\":\"https:\/\/nk7-testes.com.br\/agazeta\/2-fase-da-operacao-labor-prende-3-prefeitos\/\",\"url\":\"https:\/\/nk7-testes.com.br\/agazeta\/2-fase-da-operacao-labor-prende-3-prefeitos\/\",\"name\":\"2\u00aa fase da Opera\u00e7\u00e3o Labor prende 3 prefeitos - Agazeta.net\",\"isPartOf\":{\"@id\":\"https:\/\/nk7-testes.com.br\/agazeta\/#website\"},\"primaryImageOfPage\":{\"@id\":\"https:\/\/nk7-testes.com.br\/agazeta\/2-fase-da-operacao-labor-prende-3-prefeitos\/#primaryimage\"},\"image\":{\"@id\":\"https:\/\/nk7-testes.com.br\/agazeta\/2-fase-da-operacao-labor-prende-3-prefeitos\/#primaryimage\"},\"thumbnailUrl\":\"https:\/\/nk7-testes.com.br\/agazeta\/wp-content\/uploads\/2016\/09\/140916-policia-tonheiro-feijonews.jpg\",\"datePublished\":\"2016-09-14T14:16:22+00:00\",\"author\":{\"@id\":\"https:\/\/nk7-testes.com.br\/agazeta\/#\/schema\/person\/6d6e25cb0435eb4a02fd44d30b4e3020\"},\"breadcrumb\":{\"@id\":\"https:\/\/nk7-testes.com.br\/agazeta\/2-fase-da-operacao-labor-prende-3-prefeitos\/#breadcrumb\"},\"inLanguage\":\"pt-BR\",\"potentialAction\":[{\"@type\":\"ReadAction\",\"target\":[\"https:\/\/nk7-testes.com.br\/agazeta\/2-fase-da-operacao-labor-prende-3-prefeitos\/\"]}]},{\"@type\":\"ImageObject\",\"inLanguage\":\"pt-BR\",\"@id\":\"https:\/\/nk7-testes.com.br\/agazeta\/2-fase-da-operacao-labor-prende-3-prefeitos\/#primaryimage\",\"url\":\"https:\/\/nk7-testes.com.br\/agazeta\/wp-content\/uploads\/2016\/09\/140916-policia-tonheiro-feijonews.jpg\",\"contentUrl\":\"https:\/\/nk7-testes.com.br\/agazeta\/wp-content\/uploads\/2016\/09\/140916-policia-tonheiro-feijonews.jpg\",\"width\":458,\"height\":340,\"caption\":\"140916-policia-tonheiro-feijonews\"},{\"@type\":\"BreadcrumbList\",\"@id\":\"https:\/\/nk7-testes.com.br\/agazeta\/2-fase-da-operacao-labor-prende-3-prefeitos\/#breadcrumb\",\"itemListElement\":[{\"@type\":\"ListItem\",\"position\":1,\"name\":\"In\u00edcio\",\"item\":\"https:\/\/nk7-testes.com.br\/agazeta\/\"},{\"@type\":\"ListItem\",\"position\":2,\"name\":\"2\u00aa fase da Opera\u00e7\u00e3o Labor prende 3 prefeitos\"}]},{\"@type\":\"WebSite\",\"@id\":\"https:\/\/nk7-testes.com.br\/agazeta\/#website\",\"url\":\"https:\/\/nk7-testes.com.br\/agazeta\/\",\"name\":\"Agazeta.net\",\"description\":\"Agazeta.net - Not\u00edcias de Rio Branco\/AC\",\"potentialAction\":[{\"@type\":\"SearchAction\",\"target\":{\"@type\":\"EntryPoint\",\"urlTemplate\":\"https:\/\/nk7-testes.com.br\/agazeta\/?s={search_term_string}\"},\"query-input\":{\"@type\":\"PropertyValueSpecification\",\"valueRequired\":true,\"valueName\":\"search_term_string\"}}],\"inLanguage\":\"pt-BR\"},{\"@type\":\"Person\",\"@id\":\"https:\/\/nk7-testes.com.br\/agazeta\/#\/schema\/person\/6d6e25cb0435eb4a02fd44d30b4e3020\",\"name\":\"Agazeta.Net\",\"url\":\"https:\/\/nk7-testes.com.br\/agazeta\/author\/agazeta\/\"}]}<\/script>\n<!-- \/ Yoast SEO plugin. -->","yoast_head_json":{"title":"2\u00aa fase da Opera\u00e7\u00e3o Labor prende 3 prefeitos - Agazeta.net","robots":{"index":"index","follow":"follow","max-snippet":"max-snippet:-1","max-image-preview":"max-image-preview:large","max-video-preview":"max-video-preview:-1"},"canonical":"https:\/\/nk7-testes.com.br\/agazeta\/2-fase-da-operacao-labor-prende-3-prefeitos\/","og_locale":"pt_BR","og_type":"article","og_title":"2\u00aa fase da Opera\u00e7\u00e3o Labor prende 3 prefeitos - Agazeta.net","og_description":"Prefeito do Bujari \u00e9 um dos tr\u00eas n\u00e3o encontrados","og_url":"https:\/\/nk7-testes.com.br\/agazeta\/2-fase-da-operacao-labor-prende-3-prefeitos\/","og_site_name":"Agazeta.net","article_published_time":"2016-09-14T14:16:22+00:00","og_image":[{"width":458,"height":340,"url":"https:\/\/nk7-testes.com.br\/agazeta\/wp-content\/uploads\/2016\/09\/140916-policia-tonheiro-feijonews.jpg","type":"image\/jpeg"}],"author":"Agazeta.Net","twitter_card":"summary_large_image","twitter_misc":{"Escrito por":"Agazeta.Net","Est. tempo de leitura":"2 minutos"},"schema":{"@context":"https:\/\/schema.org","@graph":[{"@type":"WebPage","@id":"https:\/\/nk7-testes.com.br\/agazeta\/2-fase-da-operacao-labor-prende-3-prefeitos\/","url":"https:\/\/nk7-testes.com.br\/agazeta\/2-fase-da-operacao-labor-prende-3-prefeitos\/","name":"2\u00aa fase da Opera\u00e7\u00e3o Labor prende 3 prefeitos - Agazeta.net","isPartOf":{"@id":"https:\/\/nk7-testes.com.br\/agazeta\/#website"},"primaryImageOfPage":{"@id":"https:\/\/nk7-testes.com.br\/agazeta\/2-fase-da-operacao-labor-prende-3-prefeitos\/#primaryimage"},"image":{"@id":"https:\/\/nk7-testes.com.br\/agazeta\/2-fase-da-operacao-labor-prende-3-prefeitos\/#primaryimage"},"thumbnailUrl":"https:\/\/nk7-testes.com.br\/agazeta\/wp-content\/uploads\/2016\/09\/140916-policia-tonheiro-feijonews.jpg","datePublished":"2016-09-14T14:16:22+00:00","author":{"@id":"https:\/\/nk7-testes.com.br\/agazeta\/#\/schema\/person\/6d6e25cb0435eb4a02fd44d30b4e3020"},"breadcrumb":{"@id":"https:\/\/nk7-testes.com.br\/agazeta\/2-fase-da-operacao-labor-prende-3-prefeitos\/#breadcrumb"},"inLanguage":"pt-BR","potentialAction":[{"@type":"ReadAction","target":["https:\/\/nk7-testes.com.br\/agazeta\/2-fase-da-operacao-labor-prende-3-prefeitos\/"]}]},{"@type":"ImageObject","inLanguage":"pt-BR","@id":"https:\/\/nk7-testes.com.br\/agazeta\/2-fase-da-operacao-labor-prende-3-prefeitos\/#primaryimage","url":"https:\/\/nk7-testes.com.br\/agazeta\/wp-content\/uploads\/2016\/09\/140916-policia-tonheiro-feijonews.jpg","contentUrl":"https:\/\/nk7-testes.com.br\/agazeta\/wp-content\/uploads\/2016\/09\/140916-policia-tonheiro-feijonews.jpg","width":458,"height":340,"caption":"140916-policia-tonheiro-feijonews"},{"@type":"BreadcrumbList","@id":"https:\/\/nk7-testes.com.br\/agazeta\/2-fase-da-operacao-labor-prende-3-prefeitos\/#breadcrumb","itemListElement":[{"@type":"ListItem","position":1,"name":"In\u00edcio","item":"https:\/\/nk7-testes.com.br\/agazeta\/"},{"@type":"ListItem","position":2,"name":"2\u00aa fase da Opera\u00e7\u00e3o Labor prende 3 prefeitos"}]},{"@type":"WebSite","@id":"https:\/\/nk7-testes.com.br\/agazeta\/#website","url":"https:\/\/nk7-testes.com.br\/agazeta\/","name":"Agazeta.net","description":"Agazeta.net - Not\u00edcias de Rio Branco\/AC","potentialAction":[{"@type":"SearchAction","target":{"@type":"EntryPoint","urlTemplate":"https:\/\/nk7-testes.com.br\/agazeta\/?s={search_term_string}"},"query-input":{"@type":"PropertyValueSpecification","valueRequired":true,"valueName":"search_term_string"}}],"inLanguage":"pt-BR"},{"@type":"Person","@id":"https:\/\/nk7-testes.com.br\/agazeta\/#\/schema\/person\/6d6e25cb0435eb4a02fd44d30b4e3020","name":"Agazeta.Net","url":"https:\/\/nk7-testes.com.br\/agazeta\/author\/agazeta\/"}]}},"_links":{"self":[{"href":"https:\/\/nk7-testes.com.br\/agazeta\/wp-json\/wp\/v2\/posts\/25218","targetHints":{"allow":["GET"]}}],"collection":[{"href":"https:\/\/nk7-testes.com.br\/agazeta\/wp-json\/wp\/v2\/posts"}],"about":[{"href":"https:\/\/nk7-testes.com.br\/agazeta\/wp-json\/wp\/v2\/types\/post"}],"author":[{"embeddable":true,"href":"https:\/\/nk7-testes.com.br\/agazeta\/wp-json\/wp\/v2\/users\/4"}],"replies":[{"embeddable":true,"href":"https:\/\/nk7-testes.com.br\/agazeta\/wp-json\/wp\/v2\/comments?post=25218"}],"version-history":[{"count":0,"href":"https:\/\/nk7-testes.com.br\/agazeta\/wp-json\/wp\/v2\/posts\/25218\/revisions"}],"wp:featuredmedia":[{"embeddable":true,"href":"https:\/\/nk7-testes.com.br\/agazeta\/wp-json\/wp\/v2\/media\/25217"}],"wp:attachment":[{"href":"https:\/\/nk7-testes.com.br\/agazeta\/wp-json\/wp\/v2\/media?parent=25218"}],"wp:term":[{"taxonomy":"category","embeddable":true,"href":"https:\/\/nk7-testes.com.br\/agazeta\/wp-json\/wp\/v2\/categories?post=25218"},{"taxonomy":"post_tag","embeddable":true,"href":"https:\/\/nk7-testes.com.br\/agazeta\/wp-json\/wp\/v2\/tags?post=25218"}],"curies":[{"name":"wp","href":"https:\/\/api.w.org\/{rel}","templated":true}]}}