{"id":25209,"date":"2016-09-13T22:01:45","date_gmt":"2016-09-13T22:01:45","guid":{"rendered":"https:\/\/abarevegan.com.br\/index.php\/2016\/09\/13\/abusaram-de-meu-filho-dentro-de-uma-delegacia\/"},"modified":"2016-09-13T22:01:45","modified_gmt":"2016-09-13T22:01:45","slug":"abusaram-de-meu-filho-dentro-de-uma-delegacia","status":"publish","type":"post","link":"https:\/\/nk7-testes.com.br\/agazeta\/abusaram-de-meu-filho-dentro-de-uma-delegacia\/","title":{"rendered":"\u201cAbusaram de meu filho dentro de uma delegacia\u201d"},"content":{"rendered":"<p style=\"text-align: justify;\">Jovem foi violentado sexualmente e denuncia policiais<\/p>\n<p style=\"text-align: justify;\">\u201cMuito revoltante o que fizeram com o meu filho. Abusaram de meu filho dentro de uma delegacia. Eu quero Justi\u00e7a. Cad\u00ea o senhor secret\u00e1rio agora que diz que t\u00e1 tudo beleza?\u201d O desabafo \u00e9 de uma m\u00e3e que denuncia a\u00e7\u00e3o criminosa de supostos policiais.<\/p>\n<p style=\"text-align: justify;\">De acordo com o relato da m\u00e3e e de testemunhas, na noite do dia 5 de setembro um grupo de homens encapuzados \u201cse dizendo da pol\u00edcia\u201d (sic) entraram pelo terreno da vizinha, pularam o muro e arrombaram a porta da cozinha.<\/p>\n<p style=\"text-align: justify;\">Entraram armados no primeiro quarto onde havia uma crian\u00e7a de sete anos. N\u00e3o encontraram o jovem de 17 anos que procuravam. No segundo quarto, onde o rapaz estava come\u00e7aram, de acordo com a m\u00e3e, a sess\u00e3o de tortura.<\/p>\n<p style=\"text-align: justify;\">Tanto a m\u00e3e quanto o garoto falam que o rapaz foi levado \u201cpara o Segundo Batalh\u00e3o\u201d. Na delegacia, o rapaz foi violentado sexualmente ao se negar a destravar o celular. \u201cPorque ali \u00e9 a minha privacidade\u201d, defende-se o rapaz em declara\u00e7\u00e3o dada aos rep\u00f3rteres Alexandre Gam\u00f3n e Ja\u00edlson Fernandes, da TV Gazeta.<\/p>\n<p style=\"text-align: justify;\">Os supostos policiais, diante da negativa de libera\u00e7\u00e3o da senha, introduziram uma barra de ferro no \u00e2nus do menino. A fam\u00edlia alega que o garoto est\u00e1 sendo perseguido por policiais por ser filho de um presidi\u00e1rio envolvido com tr\u00e1fico de drogas. J\u00e1 formalizaram den\u00fancia junto ao Minist\u00e9rio P\u00fablico sobre o caso.<\/p>\n<p style=\"text-align: justify;\">A Secretaria de Estado de Seguran\u00e7a P\u00fablica, a Secretaria de Estado de Pol\u00edcia Civil prometem rigor nas investiga\u00e7\u00f5es a respeito da den\u00fancia. Divulgaram uma nota sobre o assunto.<\/p>\n<p style=\"text-align: justify;\"><strong>Nota de Esclarecimento<\/strong><\/p>\n<p style=\"text-align: justify;\">As secretarias de Estado de Pol\u00edcia Civil (SEPC), de Seguran\u00e7a P\u00fablica (SESP), e de Justi\u00e7a e Direitos Humanos (SEJUDH), representadas pelos respectivos secret\u00e1rios, t\u00e3o logo tomaram conhecimento dos fatos de viol\u00eancia contra um adolescente de 17 anos, determinaram a imediata apura\u00e7\u00e3o para identificar e punir os respons\u00e1veis por t\u00e3o b\u00e1rbaro crime. A SEJUDH acompanha o caso e est\u00e1 \u00e0 disposi\u00e7\u00e3o do menor. Destacamos que, havendo envolvimento de agentes p\u00fablicos no referido fato, eles ser\u00e3o punidos exemplarmente, dentro dos rigores legais e com direito \u00e0 ampla defesa. Reafirmamos, ainda, o compromisso com todas as institui\u00e7\u00f5es que seguem alinhadas e de forma harm\u00f4nica, demonstrando integra\u00e7\u00e3o de for\u00e7as no compartilhamento do mesmo objetivo: o bem-estar da popula\u00e7\u00e3o acreana.<\/p>\n<p style=\"text-align: justify;\">Carlos Fl\u00e1vio Portela Richard<\/p>\n<p style=\"text-align: justify;\"><strong>Secret\u00e1rio de Estado de Pol\u00edcia Civil<\/strong><\/p>\n<p style=\"text-align: justify;\">Emylson Farias da Silva<\/p>\n<p style=\"text-align: justify;\">Secret\u00e1rio de Estado de Seguran\u00e7a P\u00fablica<\/p>\n<p style=\"text-align: justify;\">Nilson Moura Leite Mour\u00e3o<\/p>\n<p style=\"text-align: justify;\"><strong>Secretaria de Estado de Justi\u00e7a e Direitos Humanos<\/strong><\/p>\n","protected":false},"excerpt":{"rendered":"<p style=\"text-align: justify;\">Jovem foi violentado sexualmente e denuncia policiais<\/p>\n","protected":false},"author":4,"featured_media":25208,"comment_status":"open","ping_status":"open","sticky":false,"template":"","format":"standard","meta":{"jnews-multi-image_gallery":[],"jnews_single_post":[],"jnews_primary_category":[],"jnews_social_meta":[],"jnews_review":[],"enable_review":"","type":"","name":"","summary":"","brand":"","sku":"","good":[],"bad":[],"score_override":"","override_value":"","rating":[],"price":[],"footnotes":""},"categories":[44],"tags":[],"class_list":["post-25209","post","type-post","status-publish","format-standard","has-post-thumbnail","hentry","category-policia"],"yoast_head":"<!-- This site is optimized with the Yoast SEO plugin v26.5 - https:\/\/yoast.com\/wordpress\/plugins\/seo\/ -->\n<title>\u201cAbusaram de meu filho dentro de uma delegacia\u201d - Agazeta.net<\/title>\n<meta name=\"robots\" content=\"index, follow, max-snippet:-1, max-image-preview:large, max-video-preview:-1\" \/>\n<link rel=\"canonical\" href=\"https:\/\/nk7-testes.com.br\/agazeta\/abusaram-de-meu-filho-dentro-de-uma-delegacia\/\" \/>\n<meta property=\"og:locale\" content=\"pt_BR\" \/>\n<meta property=\"og:type\" content=\"article\" \/>\n<meta property=\"og:title\" content=\"\u201cAbusaram de meu filho dentro de uma delegacia\u201d - Agazeta.net\" \/>\n<meta property=\"og:description\" content=\"Jovem foi violentado sexualmente e denuncia policiais\" \/>\n<meta property=\"og:url\" content=\"https:\/\/nk7-testes.com.br\/agazeta\/abusaram-de-meu-filho-dentro-de-uma-delegacia\/\" \/>\n<meta property=\"og:site_name\" content=\"Agazeta.net\" \/>\n<meta property=\"article:published_time\" content=\"2016-09-13T22:01:45+00:00\" \/>\n<meta property=\"og:image\" content=\"https:\/\/nk7-testes.com.br\/agazeta\/wp-content\/uploads\/2016\/09\/130916-policia-mae-tvgazeta.jpg\" \/>\n\t<meta property=\"og:image:width\" content=\"458\" \/>\n\t<meta property=\"og:image:height\" content=\"340\" \/>\n\t<meta property=\"og:image:type\" content=\"image\/jpeg\" \/>\n<meta name=\"author\" content=\"Agazeta.Net\" \/>\n<meta name=\"twitter:card\" content=\"summary_large_image\" \/>\n<meta name=\"twitter:label1\" content=\"Escrito por\" \/>\n\t<meta name=\"twitter:data1\" content=\"Agazeta.Net\" \/>\n\t<meta name=\"twitter:label2\" content=\"Est. tempo de leitura\" \/>\n\t<meta name=\"twitter:data2\" content=\"2 minutos\" \/>\n<script type=\"application\/ld+json\" class=\"yoast-schema-graph\">{\"@context\":\"https:\/\/schema.org\",\"@graph\":[{\"@type\":\"WebPage\",\"@id\":\"https:\/\/nk7-testes.com.br\/agazeta\/abusaram-de-meu-filho-dentro-de-uma-delegacia\/\",\"url\":\"https:\/\/nk7-testes.com.br\/agazeta\/abusaram-de-meu-filho-dentro-de-uma-delegacia\/\",\"name\":\"\u201cAbusaram de meu filho dentro de uma delegacia\u201d - Agazeta.net\",\"isPartOf\":{\"@id\":\"https:\/\/nk7-testes.com.br\/agazeta\/#website\"},\"primaryImageOfPage\":{\"@id\":\"https:\/\/nk7-testes.com.br\/agazeta\/abusaram-de-meu-filho-dentro-de-uma-delegacia\/#primaryimage\"},\"image\":{\"@id\":\"https:\/\/nk7-testes.com.br\/agazeta\/abusaram-de-meu-filho-dentro-de-uma-delegacia\/#primaryimage\"},\"thumbnailUrl\":\"https:\/\/nk7-testes.com.br\/agazeta\/wp-content\/uploads\/2016\/09\/130916-policia-mae-tvgazeta.jpg\",\"datePublished\":\"2016-09-13T22:01:45+00:00\",\"author\":{\"@id\":\"https:\/\/nk7-testes.com.br\/agazeta\/#\/schema\/person\/6d6e25cb0435eb4a02fd44d30b4e3020\"},\"breadcrumb\":{\"@id\":\"https:\/\/nk7-testes.com.br\/agazeta\/abusaram-de-meu-filho-dentro-de-uma-delegacia\/#breadcrumb\"},\"inLanguage\":\"pt-BR\",\"potentialAction\":[{\"@type\":\"ReadAction\",\"target\":[\"https:\/\/nk7-testes.com.br\/agazeta\/abusaram-de-meu-filho-dentro-de-uma-delegacia\/\"]}]},{\"@type\":\"ImageObject\",\"inLanguage\":\"pt-BR\",\"@id\":\"https:\/\/nk7-testes.com.br\/agazeta\/abusaram-de-meu-filho-dentro-de-uma-delegacia\/#primaryimage\",\"url\":\"https:\/\/nk7-testes.com.br\/agazeta\/wp-content\/uploads\/2016\/09\/130916-policia-mae-tvgazeta.jpg\",\"contentUrl\":\"https:\/\/nk7-testes.com.br\/agazeta\/wp-content\/uploads\/2016\/09\/130916-policia-mae-tvgazeta.jpg\",\"width\":458,\"height\":340,\"caption\":\"130916-policia-mae-tvgazeta\"},{\"@type\":\"BreadcrumbList\",\"@id\":\"https:\/\/nk7-testes.com.br\/agazeta\/abusaram-de-meu-filho-dentro-de-uma-delegacia\/#breadcrumb\",\"itemListElement\":[{\"@type\":\"ListItem\",\"position\":1,\"name\":\"In\u00edcio\",\"item\":\"https:\/\/nk7-testes.com.br\/agazeta\/\"},{\"@type\":\"ListItem\",\"position\":2,\"name\":\"\u201cAbusaram de meu filho dentro de uma delegacia\u201d\"}]},{\"@type\":\"WebSite\",\"@id\":\"https:\/\/nk7-testes.com.br\/agazeta\/#website\",\"url\":\"https:\/\/nk7-testes.com.br\/agazeta\/\",\"name\":\"Agazeta.net\",\"description\":\"Agazeta.net - Not\u00edcias de Rio Branco\/AC\",\"potentialAction\":[{\"@type\":\"SearchAction\",\"target\":{\"@type\":\"EntryPoint\",\"urlTemplate\":\"https:\/\/nk7-testes.com.br\/agazeta\/?s={search_term_string}\"},\"query-input\":{\"@type\":\"PropertyValueSpecification\",\"valueRequired\":true,\"valueName\":\"search_term_string\"}}],\"inLanguage\":\"pt-BR\"},{\"@type\":\"Person\",\"@id\":\"https:\/\/nk7-testes.com.br\/agazeta\/#\/schema\/person\/6d6e25cb0435eb4a02fd44d30b4e3020\",\"name\":\"Agazeta.Net\",\"url\":\"https:\/\/nk7-testes.com.br\/agazeta\/author\/agazeta\/\"}]}<\/script>\n<!-- \/ Yoast SEO plugin. -->","yoast_head_json":{"title":"\u201cAbusaram de meu filho dentro de uma delegacia\u201d - Agazeta.net","robots":{"index":"index","follow":"follow","max-snippet":"max-snippet:-1","max-image-preview":"max-image-preview:large","max-video-preview":"max-video-preview:-1"},"canonical":"https:\/\/nk7-testes.com.br\/agazeta\/abusaram-de-meu-filho-dentro-de-uma-delegacia\/","og_locale":"pt_BR","og_type":"article","og_title":"\u201cAbusaram de meu filho dentro de uma delegacia\u201d - Agazeta.net","og_description":"Jovem foi violentado sexualmente e denuncia policiais","og_url":"https:\/\/nk7-testes.com.br\/agazeta\/abusaram-de-meu-filho-dentro-de-uma-delegacia\/","og_site_name":"Agazeta.net","article_published_time":"2016-09-13T22:01:45+00:00","og_image":[{"width":458,"height":340,"url":"https:\/\/nk7-testes.com.br\/agazeta\/wp-content\/uploads\/2016\/09\/130916-policia-mae-tvgazeta.jpg","type":"image\/jpeg"}],"author":"Agazeta.Net","twitter_card":"summary_large_image","twitter_misc":{"Escrito por":"Agazeta.Net","Est. tempo de leitura":"2 minutos"},"schema":{"@context":"https:\/\/schema.org","@graph":[{"@type":"WebPage","@id":"https:\/\/nk7-testes.com.br\/agazeta\/abusaram-de-meu-filho-dentro-de-uma-delegacia\/","url":"https:\/\/nk7-testes.com.br\/agazeta\/abusaram-de-meu-filho-dentro-de-uma-delegacia\/","name":"\u201cAbusaram de meu filho dentro de uma delegacia\u201d - Agazeta.net","isPartOf":{"@id":"https:\/\/nk7-testes.com.br\/agazeta\/#website"},"primaryImageOfPage":{"@id":"https:\/\/nk7-testes.com.br\/agazeta\/abusaram-de-meu-filho-dentro-de-uma-delegacia\/#primaryimage"},"image":{"@id":"https:\/\/nk7-testes.com.br\/agazeta\/abusaram-de-meu-filho-dentro-de-uma-delegacia\/#primaryimage"},"thumbnailUrl":"https:\/\/nk7-testes.com.br\/agazeta\/wp-content\/uploads\/2016\/09\/130916-policia-mae-tvgazeta.jpg","datePublished":"2016-09-13T22:01:45+00:00","author":{"@id":"https:\/\/nk7-testes.com.br\/agazeta\/#\/schema\/person\/6d6e25cb0435eb4a02fd44d30b4e3020"},"breadcrumb":{"@id":"https:\/\/nk7-testes.com.br\/agazeta\/abusaram-de-meu-filho-dentro-de-uma-delegacia\/#breadcrumb"},"inLanguage":"pt-BR","potentialAction":[{"@type":"ReadAction","target":["https:\/\/nk7-testes.com.br\/agazeta\/abusaram-de-meu-filho-dentro-de-uma-delegacia\/"]}]},{"@type":"ImageObject","inLanguage":"pt-BR","@id":"https:\/\/nk7-testes.com.br\/agazeta\/abusaram-de-meu-filho-dentro-de-uma-delegacia\/#primaryimage","url":"https:\/\/nk7-testes.com.br\/agazeta\/wp-content\/uploads\/2016\/09\/130916-policia-mae-tvgazeta.jpg","contentUrl":"https:\/\/nk7-testes.com.br\/agazeta\/wp-content\/uploads\/2016\/09\/130916-policia-mae-tvgazeta.jpg","width":458,"height":340,"caption":"130916-policia-mae-tvgazeta"},{"@type":"BreadcrumbList","@id":"https:\/\/nk7-testes.com.br\/agazeta\/abusaram-de-meu-filho-dentro-de-uma-delegacia\/#breadcrumb","itemListElement":[{"@type":"ListItem","position":1,"name":"In\u00edcio","item":"https:\/\/nk7-testes.com.br\/agazeta\/"},{"@type":"ListItem","position":2,"name":"\u201cAbusaram de meu filho dentro de uma delegacia\u201d"}]},{"@type":"WebSite","@id":"https:\/\/nk7-testes.com.br\/agazeta\/#website","url":"https:\/\/nk7-testes.com.br\/agazeta\/","name":"Agazeta.net","description":"Agazeta.net - Not\u00edcias de Rio Branco\/AC","potentialAction":[{"@type":"SearchAction","target":{"@type":"EntryPoint","urlTemplate":"https:\/\/nk7-testes.com.br\/agazeta\/?s={search_term_string}"},"query-input":{"@type":"PropertyValueSpecification","valueRequired":true,"valueName":"search_term_string"}}],"inLanguage":"pt-BR"},{"@type":"Person","@id":"https:\/\/nk7-testes.com.br\/agazeta\/#\/schema\/person\/6d6e25cb0435eb4a02fd44d30b4e3020","name":"Agazeta.Net","url":"https:\/\/nk7-testes.com.br\/agazeta\/author\/agazeta\/"}]}},"_links":{"self":[{"href":"https:\/\/nk7-testes.com.br\/agazeta\/wp-json\/wp\/v2\/posts\/25209","targetHints":{"allow":["GET"]}}],"collection":[{"href":"https:\/\/nk7-testes.com.br\/agazeta\/wp-json\/wp\/v2\/posts"}],"about":[{"href":"https:\/\/nk7-testes.com.br\/agazeta\/wp-json\/wp\/v2\/types\/post"}],"author":[{"embeddable":true,"href":"https:\/\/nk7-testes.com.br\/agazeta\/wp-json\/wp\/v2\/users\/4"}],"replies":[{"embeddable":true,"href":"https:\/\/nk7-testes.com.br\/agazeta\/wp-json\/wp\/v2\/comments?post=25209"}],"version-history":[{"count":0,"href":"https:\/\/nk7-testes.com.br\/agazeta\/wp-json\/wp\/v2\/posts\/25209\/revisions"}],"wp:featuredmedia":[{"embeddable":true,"href":"https:\/\/nk7-testes.com.br\/agazeta\/wp-json\/wp\/v2\/media\/25208"}],"wp:attachment":[{"href":"https:\/\/nk7-testes.com.br\/agazeta\/wp-json\/wp\/v2\/media?parent=25209"}],"wp:term":[{"taxonomy":"category","embeddable":true,"href":"https:\/\/nk7-testes.com.br\/agazeta\/wp-json\/wp\/v2\/categories?post=25209"},{"taxonomy":"post_tag","embeddable":true,"href":"https:\/\/nk7-testes.com.br\/agazeta\/wp-json\/wp\/v2\/tags?post=25209"}],"curies":[{"name":"wp","href":"https:\/\/api.w.org\/{rel}","templated":true}]}}