{"id":25202,"date":"2016-09-13T20:05:43","date_gmt":"2016-09-13T20:05:43","guid":{"rendered":"https:\/\/abarevegan.com.br\/index.php\/2016\/09\/13\/caso-boate-7-vitor-campelo-e-reu-e-vitima\/"},"modified":"2016-09-13T20:05:43","modified_gmt":"2016-09-13T20:05:43","slug":"caso-boate-7-vitor-campelo-e-reu-e-vitima","status":"publish","type":"post","link":"https:\/\/nk7-testes.com.br\/agazeta\/caso-boate-7-vitor-campelo-e-reu-e-vitima\/","title":{"rendered":"Caso Boate 7: Vitor Campelo \u00e9 r\u00e9u e v\u00edtima"},"content":{"rendered":"<p style=\"text-align: justify;\">Justi\u00e7a aceitou juntar processos: de defesa e acusa\u00e7\u00e3o<\/p>\n<p style=\"text-align: justify;\">O processo que apura a morte do estudante Rafael Frota, assassinado por um policial federal em julho desse ano, ganha mais um cap\u00edtulo na tentativa de buscar os culpados pelo crime.<\/p>\n<p style=\"text-align: justify;\">O agente Vitor Campelo, que figura como r\u00e9u na a\u00e7\u00e3o penal, tamb\u00e9m passou a ser vitima. A Justi\u00e7a aceitou juntar os dois processos de defesa e acusa\u00e7\u00e3o para que sejam julgados na mesma audi\u00eancia.<\/p>\n<p style=\"text-align: justify;\">Segundo a den\u00fancia do MPE, antes de disparar o tiro que matou o estudante Rafael Frota, numa boate em dois de julho desse ano, o agente federal Vitor Campelo alegou que estava sendo agredido por dois homens. Para se defender, sacou a pistola e efetuou os disparos, um deles, inclusive, acertou a pr\u00f3pria perna.<\/p>\n<p style=\"text-align: justify;\">Os dois agressores: Nelciony Patr\u00edcio de Ara\u00fajo e Marcus Ant\u00f4nio de Souza Santos v\u00e3o responder por les\u00e3o corporal contra a v\u00edtima Vitor Campelo, que por outro lado vai responder pela morte de Rafael Frota.<\/p>\n<p style=\"text-align: justify;\">A defesa do policial federal disse que o estudante tamb\u00e9m era um dos agressores e alega a tese de legitima defesa. O advogado Wellington Silva, relatou que o exame do Instituto de Criminal\u00edstica, apontou que havia a dist\u00e2ncia de um metro entre Rafael e o agente federal na hora do disparo.<\/p>\n<p style=\"text-align: justify;\">\u201cA empresa que contratamos fez novo exame e detectou que a dist\u00e2ncia era de apenas 40 cent\u00edmetros, o que pode indicar a defesa que fazemos desde o in\u00edcio: o estudante estava junto com os outros rapazes que come\u00e7aram a briga\u201d, alegou.<\/p>\n<p style=\"text-align: justify;\">O Minist\u00e9rio P\u00fablico j\u00e1 tinha pedido a condena\u00e7\u00e3o de Nelciony e Marcus Ant\u00f4nio por les\u00e3o corporal, a defesa apenas fez a representa\u00e7\u00e3o para que a acusa\u00e7\u00e3o seja levada a frente. Para a defesa de Vitor Campelo, os ataques ao agente federal levaram o r\u00e9u, e tamb\u00e9m vitima, a disparar a pistola, tirando a vida do estudante Rafael.<\/p>\n<p style=\"text-align: justify;\">A fam\u00edlia do jovem morto alega que Rafael n\u00e3o estava com os agressores do Policial Federal.<\/p>\n","protected":false},"excerpt":{"rendered":"<p style=\"text-align: justify;\">Justi\u00e7a aceitou juntar processos: de defesa e acusa\u00e7\u00e3o<\/p>\n","protected":false},"author":4,"featured_media":25201,"comment_status":"open","ping_status":"open","sticky":false,"template":"","format":"standard","meta":{"jnews-multi-image_gallery":[],"jnews_single_post":[],"jnews_primary_category":[],"jnews_social_meta":[],"jnews_review":[],"enable_review":"","type":"","name":"","summary":"","brand":"","sku":"","good":[],"bad":[],"score_override":"","override_value":"","rating":[],"price":[],"footnotes":""},"categories":[44],"tags":[],"class_list":["post-25202","post","type-post","status-publish","format-standard","has-post-thumbnail","hentry","category-policia"],"yoast_head":"<!-- This site is optimized with the Yoast SEO plugin v26.5 - https:\/\/yoast.com\/wordpress\/plugins\/seo\/ -->\n<title>Caso Boate 7: Vitor Campelo \u00e9 r\u00e9u e v\u00edtima - Agazeta.net<\/title>\n<meta name=\"robots\" content=\"index, follow, max-snippet:-1, max-image-preview:large, max-video-preview:-1\" \/>\n<link rel=\"canonical\" href=\"https:\/\/nk7-testes.com.br\/agazeta\/caso-boate-7-vitor-campelo-e-reu-e-vitima\/\" \/>\n<meta property=\"og:locale\" content=\"pt_BR\" \/>\n<meta property=\"og:type\" content=\"article\" \/>\n<meta property=\"og:title\" content=\"Caso Boate 7: Vitor Campelo \u00e9 r\u00e9u e v\u00edtima - Agazeta.net\" \/>\n<meta property=\"og:description\" content=\"Justi\u00e7a aceitou juntar processos: de defesa e acusa\u00e7\u00e3o\" \/>\n<meta property=\"og:url\" content=\"https:\/\/nk7-testes.com.br\/agazeta\/caso-boate-7-vitor-campelo-e-reu-e-vitima\/\" \/>\n<meta property=\"og:site_name\" content=\"Agazeta.net\" \/>\n<meta property=\"article:published_time\" content=\"2016-09-13T20:05:43+00:00\" \/>\n<meta property=\"og:image\" content=\"https:\/\/nk7-testes.com.br\/agazeta\/wp-content\/uploads\/2016\/09\/130916-policia-casomorteboate-tvgazeta.jpg\" \/>\n\t<meta property=\"og:image:width\" content=\"458\" \/>\n\t<meta property=\"og:image:height\" content=\"340\" \/>\n\t<meta property=\"og:image:type\" content=\"image\/jpeg\" \/>\n<meta name=\"author\" content=\"Agazeta.Net\" \/>\n<meta name=\"twitter:card\" content=\"summary_large_image\" \/>\n<meta name=\"twitter:label1\" content=\"Escrito por\" \/>\n\t<meta name=\"twitter:data1\" content=\"Agazeta.Net\" \/>\n\t<meta name=\"twitter:label2\" content=\"Est. tempo de leitura\" \/>\n\t<meta name=\"twitter:data2\" content=\"2 minutos\" \/>\n<script type=\"application\/ld+json\" class=\"yoast-schema-graph\">{\"@context\":\"https:\/\/schema.org\",\"@graph\":[{\"@type\":\"WebPage\",\"@id\":\"https:\/\/nk7-testes.com.br\/agazeta\/caso-boate-7-vitor-campelo-e-reu-e-vitima\/\",\"url\":\"https:\/\/nk7-testes.com.br\/agazeta\/caso-boate-7-vitor-campelo-e-reu-e-vitima\/\",\"name\":\"Caso Boate 7: Vitor Campelo \u00e9 r\u00e9u e v\u00edtima - Agazeta.net\",\"isPartOf\":{\"@id\":\"https:\/\/nk7-testes.com.br\/agazeta\/#website\"},\"primaryImageOfPage\":{\"@id\":\"https:\/\/nk7-testes.com.br\/agazeta\/caso-boate-7-vitor-campelo-e-reu-e-vitima\/#primaryimage\"},\"image\":{\"@id\":\"https:\/\/nk7-testes.com.br\/agazeta\/caso-boate-7-vitor-campelo-e-reu-e-vitima\/#primaryimage\"},\"thumbnailUrl\":\"https:\/\/nk7-testes.com.br\/agazeta\/wp-content\/uploads\/2016\/09\/130916-policia-casomorteboate-tvgazeta.jpg\",\"datePublished\":\"2016-09-13T20:05:43+00:00\",\"author\":{\"@id\":\"https:\/\/nk7-testes.com.br\/agazeta\/#\/schema\/person\/6d6e25cb0435eb4a02fd44d30b4e3020\"},\"breadcrumb\":{\"@id\":\"https:\/\/nk7-testes.com.br\/agazeta\/caso-boate-7-vitor-campelo-e-reu-e-vitima\/#breadcrumb\"},\"inLanguage\":\"pt-BR\",\"potentialAction\":[{\"@type\":\"ReadAction\",\"target\":[\"https:\/\/nk7-testes.com.br\/agazeta\/caso-boate-7-vitor-campelo-e-reu-e-vitima\/\"]}]},{\"@type\":\"ImageObject\",\"inLanguage\":\"pt-BR\",\"@id\":\"https:\/\/nk7-testes.com.br\/agazeta\/caso-boate-7-vitor-campelo-e-reu-e-vitima\/#primaryimage\",\"url\":\"https:\/\/nk7-testes.com.br\/agazeta\/wp-content\/uploads\/2016\/09\/130916-policia-casomorteboate-tvgazeta.jpg\",\"contentUrl\":\"https:\/\/nk7-testes.com.br\/agazeta\/wp-content\/uploads\/2016\/09\/130916-policia-casomorteboate-tvgazeta.jpg\",\"width\":458,\"height\":340,\"caption\":\"130916-policia-casomorteboate-tvgazeta\"},{\"@type\":\"BreadcrumbList\",\"@id\":\"https:\/\/nk7-testes.com.br\/agazeta\/caso-boate-7-vitor-campelo-e-reu-e-vitima\/#breadcrumb\",\"itemListElement\":[{\"@type\":\"ListItem\",\"position\":1,\"name\":\"In\u00edcio\",\"item\":\"https:\/\/nk7-testes.com.br\/agazeta\/\"},{\"@type\":\"ListItem\",\"position\":2,\"name\":\"Caso Boate 7: Vitor Campelo \u00e9 r\u00e9u e v\u00edtima\"}]},{\"@type\":\"WebSite\",\"@id\":\"https:\/\/nk7-testes.com.br\/agazeta\/#website\",\"url\":\"https:\/\/nk7-testes.com.br\/agazeta\/\",\"name\":\"Agazeta.net\",\"description\":\"Agazeta.net - Not\u00edcias de Rio Branco\/AC\",\"potentialAction\":[{\"@type\":\"SearchAction\",\"target\":{\"@type\":\"EntryPoint\",\"urlTemplate\":\"https:\/\/nk7-testes.com.br\/agazeta\/?s={search_term_string}\"},\"query-input\":{\"@type\":\"PropertyValueSpecification\",\"valueRequired\":true,\"valueName\":\"search_term_string\"}}],\"inLanguage\":\"pt-BR\"},{\"@type\":\"Person\",\"@id\":\"https:\/\/nk7-testes.com.br\/agazeta\/#\/schema\/person\/6d6e25cb0435eb4a02fd44d30b4e3020\",\"name\":\"Agazeta.Net\",\"url\":\"https:\/\/nk7-testes.com.br\/agazeta\/author\/agazeta\/\"}]}<\/script>\n<!-- \/ Yoast SEO plugin. -->","yoast_head_json":{"title":"Caso Boate 7: Vitor Campelo \u00e9 r\u00e9u e v\u00edtima - Agazeta.net","robots":{"index":"index","follow":"follow","max-snippet":"max-snippet:-1","max-image-preview":"max-image-preview:large","max-video-preview":"max-video-preview:-1"},"canonical":"https:\/\/nk7-testes.com.br\/agazeta\/caso-boate-7-vitor-campelo-e-reu-e-vitima\/","og_locale":"pt_BR","og_type":"article","og_title":"Caso Boate 7: Vitor Campelo \u00e9 r\u00e9u e v\u00edtima - Agazeta.net","og_description":"Justi\u00e7a aceitou juntar processos: de defesa e acusa\u00e7\u00e3o","og_url":"https:\/\/nk7-testes.com.br\/agazeta\/caso-boate-7-vitor-campelo-e-reu-e-vitima\/","og_site_name":"Agazeta.net","article_published_time":"2016-09-13T20:05:43+00:00","og_image":[{"width":458,"height":340,"url":"https:\/\/nk7-testes.com.br\/agazeta\/wp-content\/uploads\/2016\/09\/130916-policia-casomorteboate-tvgazeta.jpg","type":"image\/jpeg"}],"author":"Agazeta.Net","twitter_card":"summary_large_image","twitter_misc":{"Escrito por":"Agazeta.Net","Est. tempo de leitura":"2 minutos"},"schema":{"@context":"https:\/\/schema.org","@graph":[{"@type":"WebPage","@id":"https:\/\/nk7-testes.com.br\/agazeta\/caso-boate-7-vitor-campelo-e-reu-e-vitima\/","url":"https:\/\/nk7-testes.com.br\/agazeta\/caso-boate-7-vitor-campelo-e-reu-e-vitima\/","name":"Caso Boate 7: Vitor Campelo \u00e9 r\u00e9u e v\u00edtima - Agazeta.net","isPartOf":{"@id":"https:\/\/nk7-testes.com.br\/agazeta\/#website"},"primaryImageOfPage":{"@id":"https:\/\/nk7-testes.com.br\/agazeta\/caso-boate-7-vitor-campelo-e-reu-e-vitima\/#primaryimage"},"image":{"@id":"https:\/\/nk7-testes.com.br\/agazeta\/caso-boate-7-vitor-campelo-e-reu-e-vitima\/#primaryimage"},"thumbnailUrl":"https:\/\/nk7-testes.com.br\/agazeta\/wp-content\/uploads\/2016\/09\/130916-policia-casomorteboate-tvgazeta.jpg","datePublished":"2016-09-13T20:05:43+00:00","author":{"@id":"https:\/\/nk7-testes.com.br\/agazeta\/#\/schema\/person\/6d6e25cb0435eb4a02fd44d30b4e3020"},"breadcrumb":{"@id":"https:\/\/nk7-testes.com.br\/agazeta\/caso-boate-7-vitor-campelo-e-reu-e-vitima\/#breadcrumb"},"inLanguage":"pt-BR","potentialAction":[{"@type":"ReadAction","target":["https:\/\/nk7-testes.com.br\/agazeta\/caso-boate-7-vitor-campelo-e-reu-e-vitima\/"]}]},{"@type":"ImageObject","inLanguage":"pt-BR","@id":"https:\/\/nk7-testes.com.br\/agazeta\/caso-boate-7-vitor-campelo-e-reu-e-vitima\/#primaryimage","url":"https:\/\/nk7-testes.com.br\/agazeta\/wp-content\/uploads\/2016\/09\/130916-policia-casomorteboate-tvgazeta.jpg","contentUrl":"https:\/\/nk7-testes.com.br\/agazeta\/wp-content\/uploads\/2016\/09\/130916-policia-casomorteboate-tvgazeta.jpg","width":458,"height":340,"caption":"130916-policia-casomorteboate-tvgazeta"},{"@type":"BreadcrumbList","@id":"https:\/\/nk7-testes.com.br\/agazeta\/caso-boate-7-vitor-campelo-e-reu-e-vitima\/#breadcrumb","itemListElement":[{"@type":"ListItem","position":1,"name":"In\u00edcio","item":"https:\/\/nk7-testes.com.br\/agazeta\/"},{"@type":"ListItem","position":2,"name":"Caso Boate 7: Vitor Campelo \u00e9 r\u00e9u e v\u00edtima"}]},{"@type":"WebSite","@id":"https:\/\/nk7-testes.com.br\/agazeta\/#website","url":"https:\/\/nk7-testes.com.br\/agazeta\/","name":"Agazeta.net","description":"Agazeta.net - Not\u00edcias de Rio Branco\/AC","potentialAction":[{"@type":"SearchAction","target":{"@type":"EntryPoint","urlTemplate":"https:\/\/nk7-testes.com.br\/agazeta\/?s={search_term_string}"},"query-input":{"@type":"PropertyValueSpecification","valueRequired":true,"valueName":"search_term_string"}}],"inLanguage":"pt-BR"},{"@type":"Person","@id":"https:\/\/nk7-testes.com.br\/agazeta\/#\/schema\/person\/6d6e25cb0435eb4a02fd44d30b4e3020","name":"Agazeta.Net","url":"https:\/\/nk7-testes.com.br\/agazeta\/author\/agazeta\/"}]}},"_links":{"self":[{"href":"https:\/\/nk7-testes.com.br\/agazeta\/wp-json\/wp\/v2\/posts\/25202","targetHints":{"allow":["GET"]}}],"collection":[{"href":"https:\/\/nk7-testes.com.br\/agazeta\/wp-json\/wp\/v2\/posts"}],"about":[{"href":"https:\/\/nk7-testes.com.br\/agazeta\/wp-json\/wp\/v2\/types\/post"}],"author":[{"embeddable":true,"href":"https:\/\/nk7-testes.com.br\/agazeta\/wp-json\/wp\/v2\/users\/4"}],"replies":[{"embeddable":true,"href":"https:\/\/nk7-testes.com.br\/agazeta\/wp-json\/wp\/v2\/comments?post=25202"}],"version-history":[{"count":0,"href":"https:\/\/nk7-testes.com.br\/agazeta\/wp-json\/wp\/v2\/posts\/25202\/revisions"}],"wp:featuredmedia":[{"embeddable":true,"href":"https:\/\/nk7-testes.com.br\/agazeta\/wp-json\/wp\/v2\/media\/25201"}],"wp:attachment":[{"href":"https:\/\/nk7-testes.com.br\/agazeta\/wp-json\/wp\/v2\/media?parent=25202"}],"wp:term":[{"taxonomy":"category","embeddable":true,"href":"https:\/\/nk7-testes.com.br\/agazeta\/wp-json\/wp\/v2\/categories?post=25202"},{"taxonomy":"post_tag","embeddable":true,"href":"https:\/\/nk7-testes.com.br\/agazeta\/wp-json\/wp\/v2\/tags?post=25202"}],"curies":[{"name":"wp","href":"https:\/\/api.w.org\/{rel}","templated":true}]}}