{"id":25174,"date":"2016-09-12T15:25:57","date_gmt":"2016-09-12T15:25:57","guid":{"rendered":"https:\/\/abarevegan.com.br\/index.php\/2016\/09\/12\/especialistas-estimam-que-200-mil-ha-de-floresta-incendeiem\/"},"modified":"2016-09-12T15:25:57","modified_gmt":"2016-09-12T15:25:57","slug":"especialistas-estimam-que-200-mil-ha-de-floresta-incendeiem","status":"publish","type":"post","link":"https:\/\/nk7-testes.com.br\/agazeta\/especialistas-estimam-que-200-mil-ha-de-floresta-incendeiem\/","title":{"rendered":"Especialistas estimam que 200 mil ha de floresta incendeiem"},"content":{"rendered":"<p style=\"text-align: justify;\">Em 2005, foram 300 mil h\u00e1 foram atingidos<\/p>\n<p style=\"text-align: justify;\">Os cientistas do Setor de Estudos do Uso da terra e de Mudan\u00e7as Clim\u00e1ticas da Ufac, Foster Brown e Sonaira Silva, estimam que este ano de 2016 deve ter 200 mil hectares de floresta atingidos por inc\u00eandios.<\/p>\n<p style=\"text-align: justify;\">Nesse per\u00edodo do m\u00eas de setembro, o centro de estudos avalia que ir\u00e3o se intensificar os inc\u00eandios florestais. \u201cEm 100.000 ha de florestas queimaram na seca de 2010 no Acre e 300.000 ha em 2005. Se continuar est\u00e1 tend\u00eancia, esperamos mais de 200.000 ha de florestas queimadas este ano no Acre. Vai levar alguns meses de analise posterior para determinar se esta previs\u00e3o \u00e9 cerca da realidade\u201d, diz material de divulga\u00e7\u00e3o dos acad\u00eamicos.<\/p>\n<p style=\"text-align: justify;\">A estimativa \u00e9 que chuvas espor\u00e1dicas ocorram no Acre ap\u00f3s o dia 14 de setembro.<\/p>\n","protected":false},"excerpt":{"rendered":"<p style=\"text-align: justify;\">Em 2005, foram 300 mil h\u00e1 foram atingidos<\/p>\n","protected":false},"author":4,"featured_media":25173,"comment_status":"open","ping_status":"open","sticky":false,"template":"","format":"standard","meta":{"jnews-multi-image_gallery":[],"jnews_single_post":[],"jnews_primary_category":[],"jnews_social_meta":[],"jnews_review":[],"enable_review":"","type":"","name":"","summary":"","brand":"","sku":"","good":[],"bad":[],"score_override":"","override_value":"","rating":[],"price":[],"footnotes":""},"categories":[54],"tags":[],"class_list":["post-25174","post","type-post","status-publish","format-standard","has-post-thumbnail","hentry","category-cotidiano"],"yoast_head":"<!-- This site is optimized with the Yoast SEO plugin v26.5 - https:\/\/yoast.com\/wordpress\/plugins\/seo\/ -->\n<title>Especialistas estimam que 200 mil ha de floresta incendeiem - Agazeta.net<\/title>\n<meta name=\"robots\" content=\"index, follow, max-snippet:-1, max-image-preview:large, max-video-preview:-1\" \/>\n<link rel=\"canonical\" href=\"https:\/\/nk7-testes.com.br\/agazeta\/especialistas-estimam-que-200-mil-ha-de-floresta-incendeiem\/\" \/>\n<meta property=\"og:locale\" content=\"pt_BR\" \/>\n<meta property=\"og:type\" content=\"article\" \/>\n<meta property=\"og:title\" content=\"Especialistas estimam que 200 mil ha de floresta incendeiem - Agazeta.net\" \/>\n<meta property=\"og:description\" content=\"Em 2005, foram 300 mil h\u00e1 foram atingidos\" \/>\n<meta property=\"og:url\" content=\"https:\/\/nk7-testes.com.br\/agazeta\/especialistas-estimam-que-200-mil-ha-de-floresta-incendeiem\/\" \/>\n<meta property=\"og:site_name\" content=\"Agazeta.net\" \/>\n<meta property=\"article:published_time\" content=\"2016-09-12T15:25:57+00:00\" \/>\n<meta property=\"og:image\" content=\"https:\/\/nk7-testes.com.br\/agazeta\/wp-content\/uploads\/2016\/09\/120916-cotidiano-incendioflorestal-cleriston.jpg\" \/>\n\t<meta property=\"og:image:width\" content=\"458\" \/>\n\t<meta property=\"og:image:height\" content=\"340\" \/>\n\t<meta property=\"og:image:type\" content=\"image\/jpeg\" \/>\n<meta name=\"author\" content=\"Agazeta.Net\" \/>\n<meta name=\"twitter:card\" content=\"summary_large_image\" \/>\n<meta name=\"twitter:label1\" content=\"Escrito por\" \/>\n\t<meta name=\"twitter:data1\" content=\"Agazeta.Net\" \/>\n\t<meta name=\"twitter:label2\" content=\"Est. tempo de leitura\" \/>\n\t<meta name=\"twitter:data2\" content=\"1 minuto\" \/>\n<script type=\"application\/ld+json\" class=\"yoast-schema-graph\">{\"@context\":\"https:\/\/schema.org\",\"@graph\":[{\"@type\":\"WebPage\",\"@id\":\"https:\/\/nk7-testes.com.br\/agazeta\/especialistas-estimam-que-200-mil-ha-de-floresta-incendeiem\/\",\"url\":\"https:\/\/nk7-testes.com.br\/agazeta\/especialistas-estimam-que-200-mil-ha-de-floresta-incendeiem\/\",\"name\":\"Especialistas estimam que 200 mil ha de floresta incendeiem - Agazeta.net\",\"isPartOf\":{\"@id\":\"https:\/\/nk7-testes.com.br\/agazeta\/#website\"},\"primaryImageOfPage\":{\"@id\":\"https:\/\/nk7-testes.com.br\/agazeta\/especialistas-estimam-que-200-mil-ha-de-floresta-incendeiem\/#primaryimage\"},\"image\":{\"@id\":\"https:\/\/nk7-testes.com.br\/agazeta\/especialistas-estimam-que-200-mil-ha-de-floresta-incendeiem\/#primaryimage\"},\"thumbnailUrl\":\"https:\/\/nk7-testes.com.br\/agazeta\/wp-content\/uploads\/2016\/09\/120916-cotidiano-incendioflorestal-cleriston.jpg\",\"datePublished\":\"2016-09-12T15:25:57+00:00\",\"author\":{\"@id\":\"https:\/\/nk7-testes.com.br\/agazeta\/#\/schema\/person\/ff6b39d54d6973bfc57f4140f659b23f\"},\"breadcrumb\":{\"@id\":\"https:\/\/nk7-testes.com.br\/agazeta\/especialistas-estimam-que-200-mil-ha-de-floresta-incendeiem\/#breadcrumb\"},\"inLanguage\":\"pt-BR\",\"potentialAction\":[{\"@type\":\"ReadAction\",\"target\":[\"https:\/\/nk7-testes.com.br\/agazeta\/especialistas-estimam-que-200-mil-ha-de-floresta-incendeiem\/\"]}]},{\"@type\":\"ImageObject\",\"inLanguage\":\"pt-BR\",\"@id\":\"https:\/\/nk7-testes.com.br\/agazeta\/especialistas-estimam-que-200-mil-ha-de-floresta-incendeiem\/#primaryimage\",\"url\":\"https:\/\/nk7-testes.com.br\/agazeta\/wp-content\/uploads\/2016\/09\/120916-cotidiano-incendioflorestal-cleriston.jpg\",\"contentUrl\":\"https:\/\/nk7-testes.com.br\/agazeta\/wp-content\/uploads\/2016\/09\/120916-cotidiano-incendioflorestal-cleriston.jpg\",\"width\":458,\"height\":340,\"caption\":\"120916-cotidiano-incendioflorestal-cleriston\"},{\"@type\":\"BreadcrumbList\",\"@id\":\"https:\/\/nk7-testes.com.br\/agazeta\/especialistas-estimam-que-200-mil-ha-de-floresta-incendeiem\/#breadcrumb\",\"itemListElement\":[{\"@type\":\"ListItem\",\"position\":1,\"name\":\"In\u00edcio\",\"item\":\"https:\/\/nk7-testes.com.br\/agazeta\/\"},{\"@type\":\"ListItem\",\"position\":2,\"name\":\"Especialistas estimam que 200 mil ha de floresta incendeiem\"}]},{\"@type\":\"WebSite\",\"@id\":\"https:\/\/nk7-testes.com.br\/agazeta\/#website\",\"url\":\"https:\/\/nk7-testes.com.br\/agazeta\/\",\"name\":\"Agazeta.net\",\"description\":\"Agazeta.net - Not\u00edcias de Rio Branco\/AC\",\"potentialAction\":[{\"@type\":\"SearchAction\",\"target\":{\"@type\":\"EntryPoint\",\"urlTemplate\":\"https:\/\/nk7-testes.com.br\/agazeta\/?s={search_term_string}\"},\"query-input\":{\"@type\":\"PropertyValueSpecification\",\"valueRequired\":true,\"valueName\":\"search_term_string\"}}],\"inLanguage\":\"pt-BR\"},{\"@type\":\"Person\",\"@id\":\"https:\/\/nk7-testes.com.br\/agazeta\/#\/schema\/person\/ff6b39d54d6973bfc57f4140f659b23f\",\"name\":\"Agazeta.Net\",\"url\":\"https:\/\/nk7-testes.com.br\/agazeta\/author\/agazeta\/\"}]}<\/script>\n<!-- \/ Yoast SEO plugin. -->","yoast_head_json":{"title":"Especialistas estimam que 200 mil ha de floresta incendeiem - Agazeta.net","robots":{"index":"index","follow":"follow","max-snippet":"max-snippet:-1","max-image-preview":"max-image-preview:large","max-video-preview":"max-video-preview:-1"},"canonical":"https:\/\/nk7-testes.com.br\/agazeta\/especialistas-estimam-que-200-mil-ha-de-floresta-incendeiem\/","og_locale":"pt_BR","og_type":"article","og_title":"Especialistas estimam que 200 mil ha de floresta incendeiem - Agazeta.net","og_description":"Em 2005, foram 300 mil h\u00e1 foram atingidos","og_url":"https:\/\/nk7-testes.com.br\/agazeta\/especialistas-estimam-que-200-mil-ha-de-floresta-incendeiem\/","og_site_name":"Agazeta.net","article_published_time":"2016-09-12T15:25:57+00:00","og_image":[{"width":458,"height":340,"url":"https:\/\/nk7-testes.com.br\/agazeta\/wp-content\/uploads\/2016\/09\/120916-cotidiano-incendioflorestal-cleriston.jpg","type":"image\/jpeg"}],"author":"Agazeta.Net","twitter_card":"summary_large_image","twitter_misc":{"Escrito por":"Agazeta.Net","Est. tempo de leitura":"1 minuto"},"schema":{"@context":"https:\/\/schema.org","@graph":[{"@type":"WebPage","@id":"https:\/\/nk7-testes.com.br\/agazeta\/especialistas-estimam-que-200-mil-ha-de-floresta-incendeiem\/","url":"https:\/\/nk7-testes.com.br\/agazeta\/especialistas-estimam-que-200-mil-ha-de-floresta-incendeiem\/","name":"Especialistas estimam que 200 mil ha de floresta incendeiem - Agazeta.net","isPartOf":{"@id":"https:\/\/nk7-testes.com.br\/agazeta\/#website"},"primaryImageOfPage":{"@id":"https:\/\/nk7-testes.com.br\/agazeta\/especialistas-estimam-que-200-mil-ha-de-floresta-incendeiem\/#primaryimage"},"image":{"@id":"https:\/\/nk7-testes.com.br\/agazeta\/especialistas-estimam-que-200-mil-ha-de-floresta-incendeiem\/#primaryimage"},"thumbnailUrl":"https:\/\/nk7-testes.com.br\/agazeta\/wp-content\/uploads\/2016\/09\/120916-cotidiano-incendioflorestal-cleriston.jpg","datePublished":"2016-09-12T15:25:57+00:00","author":{"@id":"https:\/\/nk7-testes.com.br\/agazeta\/#\/schema\/person\/ff6b39d54d6973bfc57f4140f659b23f"},"breadcrumb":{"@id":"https:\/\/nk7-testes.com.br\/agazeta\/especialistas-estimam-que-200-mil-ha-de-floresta-incendeiem\/#breadcrumb"},"inLanguage":"pt-BR","potentialAction":[{"@type":"ReadAction","target":["https:\/\/nk7-testes.com.br\/agazeta\/especialistas-estimam-que-200-mil-ha-de-floresta-incendeiem\/"]}]},{"@type":"ImageObject","inLanguage":"pt-BR","@id":"https:\/\/nk7-testes.com.br\/agazeta\/especialistas-estimam-que-200-mil-ha-de-floresta-incendeiem\/#primaryimage","url":"https:\/\/nk7-testes.com.br\/agazeta\/wp-content\/uploads\/2016\/09\/120916-cotidiano-incendioflorestal-cleriston.jpg","contentUrl":"https:\/\/nk7-testes.com.br\/agazeta\/wp-content\/uploads\/2016\/09\/120916-cotidiano-incendioflorestal-cleriston.jpg","width":458,"height":340,"caption":"120916-cotidiano-incendioflorestal-cleriston"},{"@type":"BreadcrumbList","@id":"https:\/\/nk7-testes.com.br\/agazeta\/especialistas-estimam-que-200-mil-ha-de-floresta-incendeiem\/#breadcrumb","itemListElement":[{"@type":"ListItem","position":1,"name":"In\u00edcio","item":"https:\/\/nk7-testes.com.br\/agazeta\/"},{"@type":"ListItem","position":2,"name":"Especialistas estimam que 200 mil ha de floresta incendeiem"}]},{"@type":"WebSite","@id":"https:\/\/nk7-testes.com.br\/agazeta\/#website","url":"https:\/\/nk7-testes.com.br\/agazeta\/","name":"Agazeta.net","description":"Agazeta.net - Not\u00edcias de Rio Branco\/AC","potentialAction":[{"@type":"SearchAction","target":{"@type":"EntryPoint","urlTemplate":"https:\/\/nk7-testes.com.br\/agazeta\/?s={search_term_string}"},"query-input":{"@type":"PropertyValueSpecification","valueRequired":true,"valueName":"search_term_string"}}],"inLanguage":"pt-BR"},{"@type":"Person","@id":"https:\/\/nk7-testes.com.br\/agazeta\/#\/schema\/person\/ff6b39d54d6973bfc57f4140f659b23f","name":"Agazeta.Net","url":"https:\/\/nk7-testes.com.br\/agazeta\/author\/agazeta\/"}]}},"_links":{"self":[{"href":"https:\/\/nk7-testes.com.br\/agazeta\/wp-json\/wp\/v2\/posts\/25174","targetHints":{"allow":["GET"]}}],"collection":[{"href":"https:\/\/nk7-testes.com.br\/agazeta\/wp-json\/wp\/v2\/posts"}],"about":[{"href":"https:\/\/nk7-testes.com.br\/agazeta\/wp-json\/wp\/v2\/types\/post"}],"author":[{"embeddable":true,"href":"https:\/\/nk7-testes.com.br\/agazeta\/wp-json\/wp\/v2\/users\/4"}],"replies":[{"embeddable":true,"href":"https:\/\/nk7-testes.com.br\/agazeta\/wp-json\/wp\/v2\/comments?post=25174"}],"version-history":[{"count":0,"href":"https:\/\/nk7-testes.com.br\/agazeta\/wp-json\/wp\/v2\/posts\/25174\/revisions"}],"wp:featuredmedia":[{"embeddable":true,"href":"https:\/\/nk7-testes.com.br\/agazeta\/wp-json\/wp\/v2\/media\/25173"}],"wp:attachment":[{"href":"https:\/\/nk7-testes.com.br\/agazeta\/wp-json\/wp\/v2\/media?parent=25174"}],"wp:term":[{"taxonomy":"category","embeddable":true,"href":"https:\/\/nk7-testes.com.br\/agazeta\/wp-json\/wp\/v2\/categories?post=25174"},{"taxonomy":"post_tag","embeddable":true,"href":"https:\/\/nk7-testes.com.br\/agazeta\/wp-json\/wp\/v2\/tags?post=25174"}],"curies":[{"name":"wp","href":"https:\/\/api.w.org\/{rel}","templated":true}]}}