{"id":25158,"date":"2016-09-10T17:17:17","date_gmt":"2016-09-10T17:17:17","guid":{"rendered":"https:\/\/abarevegan.com.br\/index.php\/2016\/09\/10\/comunidade-de-paroquia-limpa-margens-do-rio-acre\/"},"modified":"2016-09-10T17:17:17","modified_gmt":"2016-09-10T17:17:17","slug":"comunidade-de-paroquia-limpa-margens-do-rio-acre","status":"publish","type":"post","link":"https:\/\/nk7-testes.com.br\/agazeta\/comunidade-de-paroquia-limpa-margens-do-rio-acre\/","title":{"rendered":"Comunidade de par\u00f3quia limpa margens do Rio Acre"},"content":{"rendered":"<p style=\"text-align: justify;\">Causa ambiental como parte da pr\u00e1tica da f\u00e9 crist\u00e3<\/p>\n<p style=\"text-align: justify;\">Na manh\u00e3 de s\u00e1bado (10), fi\u00e9is de uma par\u00f3quia de Rio Branco juntaram as m\u00e3os pra limpar as margens do Rio Acre. Em pouco tempo, os volunt\u00e1rios encheram v\u00e1rios sacos de lixo. A a\u00e7\u00e3o \u00e9 um exemplo de que todos somos respons\u00e1veis por cuidar do meio ambiente e que cada um fazendo um pouco, o resultado pode ser surpreendente.<\/p>\n<p style=\"text-align: justify;\">A sa\u00edda da igreja lembrou uma prociss\u00e3o, mas desta vez o grupo de fieis da Par\u00f3quia Nossa Senhora da Imaculada Concei\u00e7\u00e3o saiu para uma miss\u00e3o ambiental. H\u00e1 poucos metros do templo onde congregam, na Gameleira, passa o Rio Acre e, neste s\u00e1bado, eles resolveram assumir parte do problema, limpando as margens do rio.<\/p>\n<p style=\"text-align: justify;\">Munidos de sacos de lixo, luvas e muita disposi\u00e7\u00e3o, idosos, jovens e crian\u00e7as iniciaram o trabalho debaixo da ponte. Retiraram toda esp\u00e9cie de lixo escondido na vegeta\u00e7\u00e3o ou jogado pr\u00f3ximo \u00e0s \u00e1guas.<\/p>\n<p style=\"text-align: justify;\">O padre Roberto Legoff enfrentou at\u00e9 os galhos secos pra retirar alguns materiais que ajudam a poluir o rio em sua cota alta.<\/p>\n<p style=\"text-align: justify;\">Os estudantes Ana Beatriz e Julio Mateus se surpreenderam com a quantidade de lixo recolhido. Em alguns minutos v\u00e1rios sacos se encheram. \u201cAs pessoas precisam se conscientizar e n\u00e3o jogar mais\u201d, disse Mateus. \u201cTem todo tipo de lixo aqui, sacolas, pl\u00e1sticos, garrafas\u201d, comentou Ana.<\/p>\n<p style=\"text-align: justify;\">O lavrador Jonacir Favero n\u00e3o deixou a limita\u00e7\u00e3o f\u00edsica atrapalhar. Mesmo de bengala, ele se abaixava e recolhia o que podia do ch\u00e3o. O fiel explicou que a situa\u00e7\u00e3o cr\u00edtica do rio o motivou a participar da a\u00e7\u00e3o. \u201cO rio est\u00e1 sofrendo muito e as pessoas precisam se conscientizar em n\u00e3o sujar\u201d, disse.<\/p>\n<p style=\"text-align: justify;\">O trabalho volunt\u00e1rio pode parecer a primeira vista ineficaz diante da grande extens\u00e3o do rio e do lixo acumulado, mas deixa uma mensagem: se cada um fizer um pouco, o resultado pode ser significativo.<\/p>\n<p style=\"text-align: justify;\">O l\u00edder espiritual da comunidade, padre Roberto explica atrav\u00e9s de uma par\u00e1bola o que a a\u00e7\u00e3o volunt\u00e1ria representa. \u201cA mata est\u00e1 queimando e o beija flor vai no rio pega um pouco de \u00e1gua no bico pra jogar nas chamas. Os demais animais da floresta come\u00e7am a mangar dele: voc\u00ea n\u00e3o vai conseguir apagar. Ent\u00e3o ele vai responder eu fa\u00e7o a minha parte. N\u00f3s estamos colocando em pr\u00e1tica o tema da Campanha da fraternidade desse ano: Casa comum nossa responsabilidade. Rio Acre, nossa responsabilidade\u201d, explicou.<\/p>\n","protected":false},"excerpt":{"rendered":"<p style=\"text-align: justify;\">Causa ambiental como parte da pr\u00e1tica da f\u00e9 crist\u00e3<\/p>\n","protected":false},"author":4,"featured_media":25157,"comment_status":"open","ping_status":"open","sticky":false,"template":"","format":"standard","meta":{"jnews-multi-image_gallery":[],"jnews_single_post":[],"jnews_primary_category":[],"jnews_social_meta":[],"jnews_review":[],"enable_review":"","type":"","name":"","summary":"","brand":"","sku":"","good":[],"bad":[],"score_override":"","override_value":"","rating":[],"price":[],"footnotes":""},"categories":[54],"tags":[],"class_list":["post-25158","post","type-post","status-publish","format-standard","has-post-thumbnail","hentry","category-cotidiano"],"yoast_head":"<!-- This site is optimized with the Yoast SEO plugin v26.5 - https:\/\/yoast.com\/wordpress\/plugins\/seo\/ -->\n<title>Comunidade de par\u00f3quia limpa margens do Rio Acre - Agazeta.net<\/title>\n<meta name=\"robots\" content=\"index, follow, max-snippet:-1, max-image-preview:large, max-video-preview:-1\" \/>\n<link rel=\"canonical\" href=\"https:\/\/nk7-testes.com.br\/agazeta\/comunidade-de-paroquia-limpa-margens-do-rio-acre\/\" \/>\n<meta property=\"og:locale\" content=\"pt_BR\" \/>\n<meta property=\"og:type\" content=\"article\" \/>\n<meta property=\"og:title\" content=\"Comunidade de par\u00f3quia limpa margens do Rio Acre - Agazeta.net\" \/>\n<meta property=\"og:description\" content=\"Causa ambiental como parte da pr\u00e1tica da f\u00e9 crist\u00e3\" \/>\n<meta property=\"og:url\" content=\"https:\/\/nk7-testes.com.br\/agazeta\/comunidade-de-paroquia-limpa-margens-do-rio-acre\/\" \/>\n<meta property=\"og:site_name\" content=\"Agazeta.net\" \/>\n<meta property=\"article:published_time\" content=\"2016-09-10T17:17:17+00:00\" \/>\n<meta property=\"og:image\" content=\"https:\/\/nk7-testes.com.br\/agazeta\/wp-content\/uploads\/2016\/09\/100916-cotidiano-limpezadosbarrancos-tvgazeta.jpg\" \/>\n\t<meta property=\"og:image:width\" content=\"458\" \/>\n\t<meta property=\"og:image:height\" content=\"340\" \/>\n\t<meta property=\"og:image:type\" content=\"image\/jpeg\" \/>\n<meta name=\"author\" content=\"Agazeta.Net\" \/>\n<meta name=\"twitter:card\" content=\"summary_large_image\" \/>\n<meta name=\"twitter:label1\" content=\"Escrito por\" \/>\n\t<meta name=\"twitter:data1\" content=\"Agazeta.Net\" \/>\n\t<meta name=\"twitter:label2\" content=\"Est. tempo de leitura\" \/>\n\t<meta name=\"twitter:data2\" content=\"2 minutos\" \/>\n<script type=\"application\/ld+json\" class=\"yoast-schema-graph\">{\"@context\":\"https:\/\/schema.org\",\"@graph\":[{\"@type\":\"WebPage\",\"@id\":\"https:\/\/nk7-testes.com.br\/agazeta\/comunidade-de-paroquia-limpa-margens-do-rio-acre\/\",\"url\":\"https:\/\/nk7-testes.com.br\/agazeta\/comunidade-de-paroquia-limpa-margens-do-rio-acre\/\",\"name\":\"Comunidade de par\u00f3quia limpa margens do Rio Acre - Agazeta.net\",\"isPartOf\":{\"@id\":\"https:\/\/nk7-testes.com.br\/agazeta\/#website\"},\"primaryImageOfPage\":{\"@id\":\"https:\/\/nk7-testes.com.br\/agazeta\/comunidade-de-paroquia-limpa-margens-do-rio-acre\/#primaryimage\"},\"image\":{\"@id\":\"https:\/\/nk7-testes.com.br\/agazeta\/comunidade-de-paroquia-limpa-margens-do-rio-acre\/#primaryimage\"},\"thumbnailUrl\":\"https:\/\/nk7-testes.com.br\/agazeta\/wp-content\/uploads\/2016\/09\/100916-cotidiano-limpezadosbarrancos-tvgazeta.jpg\",\"datePublished\":\"2016-09-10T17:17:17+00:00\",\"author\":{\"@id\":\"https:\/\/nk7-testes.com.br\/agazeta\/#\/schema\/person\/ff6b39d54d6973bfc57f4140f659b23f\"},\"breadcrumb\":{\"@id\":\"https:\/\/nk7-testes.com.br\/agazeta\/comunidade-de-paroquia-limpa-margens-do-rio-acre\/#breadcrumb\"},\"inLanguage\":\"pt-BR\",\"potentialAction\":[{\"@type\":\"ReadAction\",\"target\":[\"https:\/\/nk7-testes.com.br\/agazeta\/comunidade-de-paroquia-limpa-margens-do-rio-acre\/\"]}]},{\"@type\":\"ImageObject\",\"inLanguage\":\"pt-BR\",\"@id\":\"https:\/\/nk7-testes.com.br\/agazeta\/comunidade-de-paroquia-limpa-margens-do-rio-acre\/#primaryimage\",\"url\":\"https:\/\/nk7-testes.com.br\/agazeta\/wp-content\/uploads\/2016\/09\/100916-cotidiano-limpezadosbarrancos-tvgazeta.jpg\",\"contentUrl\":\"https:\/\/nk7-testes.com.br\/agazeta\/wp-content\/uploads\/2016\/09\/100916-cotidiano-limpezadosbarrancos-tvgazeta.jpg\",\"width\":458,\"height\":340,\"caption\":\"100916-cotidiano-limpezadosbarrancos-tvgazeta\"},{\"@type\":\"BreadcrumbList\",\"@id\":\"https:\/\/nk7-testes.com.br\/agazeta\/comunidade-de-paroquia-limpa-margens-do-rio-acre\/#breadcrumb\",\"itemListElement\":[{\"@type\":\"ListItem\",\"position\":1,\"name\":\"In\u00edcio\",\"item\":\"https:\/\/nk7-testes.com.br\/agazeta\/\"},{\"@type\":\"ListItem\",\"position\":2,\"name\":\"Comunidade de par\u00f3quia limpa margens do Rio Acre\"}]},{\"@type\":\"WebSite\",\"@id\":\"https:\/\/nk7-testes.com.br\/agazeta\/#website\",\"url\":\"https:\/\/nk7-testes.com.br\/agazeta\/\",\"name\":\"Agazeta.net\",\"description\":\"Agazeta.net - Not\u00edcias de Rio Branco\/AC\",\"potentialAction\":[{\"@type\":\"SearchAction\",\"target\":{\"@type\":\"EntryPoint\",\"urlTemplate\":\"https:\/\/nk7-testes.com.br\/agazeta\/?s={search_term_string}\"},\"query-input\":{\"@type\":\"PropertyValueSpecification\",\"valueRequired\":true,\"valueName\":\"search_term_string\"}}],\"inLanguage\":\"pt-BR\"},{\"@type\":\"Person\",\"@id\":\"https:\/\/nk7-testes.com.br\/agazeta\/#\/schema\/person\/ff6b39d54d6973bfc57f4140f659b23f\",\"name\":\"Agazeta.Net\",\"url\":\"https:\/\/nk7-testes.com.br\/agazeta\/author\/agazeta\/\"}]}<\/script>\n<!-- \/ Yoast SEO plugin. -->","yoast_head_json":{"title":"Comunidade de par\u00f3quia limpa margens do Rio Acre - Agazeta.net","robots":{"index":"index","follow":"follow","max-snippet":"max-snippet:-1","max-image-preview":"max-image-preview:large","max-video-preview":"max-video-preview:-1"},"canonical":"https:\/\/nk7-testes.com.br\/agazeta\/comunidade-de-paroquia-limpa-margens-do-rio-acre\/","og_locale":"pt_BR","og_type":"article","og_title":"Comunidade de par\u00f3quia limpa margens do Rio Acre - Agazeta.net","og_description":"Causa ambiental como parte da pr\u00e1tica da f\u00e9 crist\u00e3","og_url":"https:\/\/nk7-testes.com.br\/agazeta\/comunidade-de-paroquia-limpa-margens-do-rio-acre\/","og_site_name":"Agazeta.net","article_published_time":"2016-09-10T17:17:17+00:00","og_image":[{"width":458,"height":340,"url":"https:\/\/nk7-testes.com.br\/agazeta\/wp-content\/uploads\/2016\/09\/100916-cotidiano-limpezadosbarrancos-tvgazeta.jpg","type":"image\/jpeg"}],"author":"Agazeta.Net","twitter_card":"summary_large_image","twitter_misc":{"Escrito por":"Agazeta.Net","Est. tempo de leitura":"2 minutos"},"schema":{"@context":"https:\/\/schema.org","@graph":[{"@type":"WebPage","@id":"https:\/\/nk7-testes.com.br\/agazeta\/comunidade-de-paroquia-limpa-margens-do-rio-acre\/","url":"https:\/\/nk7-testes.com.br\/agazeta\/comunidade-de-paroquia-limpa-margens-do-rio-acre\/","name":"Comunidade de par\u00f3quia limpa margens do Rio Acre - Agazeta.net","isPartOf":{"@id":"https:\/\/nk7-testes.com.br\/agazeta\/#website"},"primaryImageOfPage":{"@id":"https:\/\/nk7-testes.com.br\/agazeta\/comunidade-de-paroquia-limpa-margens-do-rio-acre\/#primaryimage"},"image":{"@id":"https:\/\/nk7-testes.com.br\/agazeta\/comunidade-de-paroquia-limpa-margens-do-rio-acre\/#primaryimage"},"thumbnailUrl":"https:\/\/nk7-testes.com.br\/agazeta\/wp-content\/uploads\/2016\/09\/100916-cotidiano-limpezadosbarrancos-tvgazeta.jpg","datePublished":"2016-09-10T17:17:17+00:00","author":{"@id":"https:\/\/nk7-testes.com.br\/agazeta\/#\/schema\/person\/ff6b39d54d6973bfc57f4140f659b23f"},"breadcrumb":{"@id":"https:\/\/nk7-testes.com.br\/agazeta\/comunidade-de-paroquia-limpa-margens-do-rio-acre\/#breadcrumb"},"inLanguage":"pt-BR","potentialAction":[{"@type":"ReadAction","target":["https:\/\/nk7-testes.com.br\/agazeta\/comunidade-de-paroquia-limpa-margens-do-rio-acre\/"]}]},{"@type":"ImageObject","inLanguage":"pt-BR","@id":"https:\/\/nk7-testes.com.br\/agazeta\/comunidade-de-paroquia-limpa-margens-do-rio-acre\/#primaryimage","url":"https:\/\/nk7-testes.com.br\/agazeta\/wp-content\/uploads\/2016\/09\/100916-cotidiano-limpezadosbarrancos-tvgazeta.jpg","contentUrl":"https:\/\/nk7-testes.com.br\/agazeta\/wp-content\/uploads\/2016\/09\/100916-cotidiano-limpezadosbarrancos-tvgazeta.jpg","width":458,"height":340,"caption":"100916-cotidiano-limpezadosbarrancos-tvgazeta"},{"@type":"BreadcrumbList","@id":"https:\/\/nk7-testes.com.br\/agazeta\/comunidade-de-paroquia-limpa-margens-do-rio-acre\/#breadcrumb","itemListElement":[{"@type":"ListItem","position":1,"name":"In\u00edcio","item":"https:\/\/nk7-testes.com.br\/agazeta\/"},{"@type":"ListItem","position":2,"name":"Comunidade de par\u00f3quia limpa margens do Rio Acre"}]},{"@type":"WebSite","@id":"https:\/\/nk7-testes.com.br\/agazeta\/#website","url":"https:\/\/nk7-testes.com.br\/agazeta\/","name":"Agazeta.net","description":"Agazeta.net - Not\u00edcias de Rio Branco\/AC","potentialAction":[{"@type":"SearchAction","target":{"@type":"EntryPoint","urlTemplate":"https:\/\/nk7-testes.com.br\/agazeta\/?s={search_term_string}"},"query-input":{"@type":"PropertyValueSpecification","valueRequired":true,"valueName":"search_term_string"}}],"inLanguage":"pt-BR"},{"@type":"Person","@id":"https:\/\/nk7-testes.com.br\/agazeta\/#\/schema\/person\/ff6b39d54d6973bfc57f4140f659b23f","name":"Agazeta.Net","url":"https:\/\/nk7-testes.com.br\/agazeta\/author\/agazeta\/"}]}},"_links":{"self":[{"href":"https:\/\/nk7-testes.com.br\/agazeta\/wp-json\/wp\/v2\/posts\/25158","targetHints":{"allow":["GET"]}}],"collection":[{"href":"https:\/\/nk7-testes.com.br\/agazeta\/wp-json\/wp\/v2\/posts"}],"about":[{"href":"https:\/\/nk7-testes.com.br\/agazeta\/wp-json\/wp\/v2\/types\/post"}],"author":[{"embeddable":true,"href":"https:\/\/nk7-testes.com.br\/agazeta\/wp-json\/wp\/v2\/users\/4"}],"replies":[{"embeddable":true,"href":"https:\/\/nk7-testes.com.br\/agazeta\/wp-json\/wp\/v2\/comments?post=25158"}],"version-history":[{"count":0,"href":"https:\/\/nk7-testes.com.br\/agazeta\/wp-json\/wp\/v2\/posts\/25158\/revisions"}],"wp:featuredmedia":[{"embeddable":true,"href":"https:\/\/nk7-testes.com.br\/agazeta\/wp-json\/wp\/v2\/media\/25157"}],"wp:attachment":[{"href":"https:\/\/nk7-testes.com.br\/agazeta\/wp-json\/wp\/v2\/media?parent=25158"}],"wp:term":[{"taxonomy":"category","embeddable":true,"href":"https:\/\/nk7-testes.com.br\/agazeta\/wp-json\/wp\/v2\/categories?post=25158"},{"taxonomy":"post_tag","embeddable":true,"href":"https:\/\/nk7-testes.com.br\/agazeta\/wp-json\/wp\/v2\/tags?post=25158"}],"curies":[{"name":"wp","href":"https:\/\/api.w.org\/{rel}","templated":true}]}}