{"id":25156,"date":"2016-09-10T17:09:10","date_gmt":"2016-09-10T17:09:10","guid":{"rendered":"https:\/\/abarevegan.com.br\/index.php\/2016\/09\/10\/automutilacao-aumenta-e-ja-mobiliza-gestores\/"},"modified":"2016-09-10T17:09:10","modified_gmt":"2016-09-10T17:09:10","slug":"automutilacao-aumenta-e-ja-mobiliza-gestores","status":"publish","type":"post","link":"https:\/\/nk7-testes.com.br\/agazeta\/automutilacao-aumenta-e-ja-mobiliza-gestores\/","title":{"rendered":"Automutila\u00e7\u00e3o aumenta e j\u00e1 mobiliza gestores"},"content":{"rendered":"<p style=\"text-align: justify;\">Dist\u00farbio \u00e9 debatido entre especialistas do Acre<\/p>\n<p style=\"text-align: justify;\">A automutila\u00e7\u00e3o entre adolescentes aumentou e preocupa autoridades de sa\u00fade. No Rio de Janeiro, por exemplo, psiquiatras j\u00e1 falam de epidemia. Para diminuir o sofrimento emocional ou psicol\u00f3gico, muitos adolescentes encontram na automutila\u00e7\u00e3o um ref\u00fagio, mas a repeti\u00e7\u00e3o desse comportamento pode levar ao suic\u00eddio.<\/p>\n<p style=\"text-align: justify;\">No Dia Mundial de Preven\u00e7\u00e3o ao Suic\u00eddio, ocorrido neste s\u00e1bado (10), Rio Branco encerrou um ciclo de palestras que discutiu o tema. A faixa et\u00e1ria entre 15 e 19 anos registrou o maior aumento de mortes nos \u00faltimos anos e isso tem colocado as autoridades de sa\u00fade em alerta.<\/p>\n<p style=\"text-align: justify;\">A automutila\u00e7\u00e3o segundo o psic\u00f3logo e professor universit\u00e1rio Marck Torres \u00e9 um caminho que muitos adolescentes t\u00eam tomado e pode ser sem volta. Quando a frequ\u00eancia de cortes no corpo aumenta, significa um risco maior para um atentado contra a pr\u00f3pria vida.<\/p>\n<p style=\"text-align: justify;\">\u201cGeralmente o adolescente automutila partes onde as pessoas n\u00e3o vejam. A\u00ed eles usam camisas de manga comprida, jaquetas, algo para cobrir. Geralmente \u00e9 algo mais escondido e quanto mais sofrimento \u00e9 escondido, o risco de suic\u00eddio acontece quando h\u00e1 mais repeti\u00e7\u00e3o de automutila\u00e7\u00e3o\u201d, explica Torres.<\/p>\n<p style=\"text-align: justify;\">No Rio de Janeiro o cen\u00e1rio da automutila\u00e7\u00e3o em jovens \u00e9 t\u00e3o grave que psiquiatras j\u00e1 falam em &#8220;epidemia&#8221;. Os pais na maioria dos casos n\u00e3o percebem que os filhos t\u00eam se cortado com canivetes, l\u00e2minas de barbear e at\u00e9 L\u00e2minas de apontadores de l\u00e1pis.<\/p>\n<p style=\"text-align: justify;\">No Acre, ainda n\u00e3o existe estat\u00edstica sobre automutila\u00e7\u00e3o, mas a demanda \u00e9 grande, explica a psic\u00f3loga Josiane Furtado. \u201cA procura \u00e9 grande de pais e diretores de escola que nos procuram pra pedir orienta\u00e7\u00f5es pra saber o que fazer. As mutila\u00e7\u00f5es comuns s\u00e3o cortes nos bra\u00e7os, barriga e coxas\u201d, explica.<\/p>\n<p style=\"text-align: justify;\">Segundo especialistas, lares desfeitos, aumento do abuso de drogas, alcoolismo e supervaloriza\u00e7\u00e3o das coisas materiais s\u00e3o alguns dos fatores que levam os jovens ao suic\u00eddio. Eles ficam intolerantes \u00e0s frustra\u00e7\u00f5es e diante delas, acabam optando por tirar a pr\u00f3pria vida.<\/p>\n<p style=\"text-align: justify;\">\u201cPrecisamos acolher, por que \u00e0s vezes o problema vai al\u00e9m do adolescente ent\u00e3o precisamos acolher a fam\u00edlia fazer a escuta pra saber onde encaminhar o adolescente e a fam\u00edlia\u201d, afirma a psic\u00f3loga.<\/p>\n","protected":false},"excerpt":{"rendered":"<p style=\"text-align: justify;\">Dist\u00farbio \u00e9 debatido entre especialistas do Acre<\/p>\n","protected":false},"author":4,"featured_media":25155,"comment_status":"open","ping_status":"open","sticky":false,"template":"","format":"standard","meta":{"jnews-multi-image_gallery":[],"jnews_single_post":[],"jnews_primary_category":[],"jnews_social_meta":[],"jnews_review":[],"enable_review":"","type":"","name":"","summary":"","brand":"","sku":"","good":[],"bad":[],"score_override":"","override_value":"","rating":[],"price":[],"footnotes":""},"categories":[54],"tags":[],"class_list":["post-25156","post","type-post","status-publish","format-standard","has-post-thumbnail","hentry","category-cotidiano"],"yoast_head":"<!-- This site is optimized with the Yoast SEO plugin v26.5 - https:\/\/yoast.com\/wordpress\/plugins\/seo\/ -->\n<title>Automutila\u00e7\u00e3o aumenta e j\u00e1 mobiliza gestores - Agazeta.net<\/title>\n<meta name=\"robots\" content=\"index, follow, max-snippet:-1, max-image-preview:large, max-video-preview:-1\" \/>\n<link rel=\"canonical\" href=\"https:\/\/nk7-testes.com.br\/agazeta\/automutilacao-aumenta-e-ja-mobiliza-gestores\/\" \/>\n<meta property=\"og:locale\" content=\"pt_BR\" \/>\n<meta property=\"og:type\" content=\"article\" \/>\n<meta property=\"og:title\" content=\"Automutila\u00e7\u00e3o aumenta e j\u00e1 mobiliza gestores - Agazeta.net\" \/>\n<meta property=\"og:description\" content=\"Dist\u00farbio \u00e9 debatido entre especialistas do Acre\" \/>\n<meta property=\"og:url\" content=\"https:\/\/nk7-testes.com.br\/agazeta\/automutilacao-aumenta-e-ja-mobiliza-gestores\/\" \/>\n<meta property=\"og:site_name\" content=\"Agazeta.net\" \/>\n<meta property=\"article:published_time\" content=\"2016-09-10T17:09:10+00:00\" \/>\n<meta property=\"og:image\" content=\"https:\/\/nk7-testes.com.br\/agazeta\/wp-content\/uploads\/2016\/09\/100916-cotidiano-palestra-tvgazeta.jpg\" \/>\n\t<meta property=\"og:image:width\" content=\"458\" \/>\n\t<meta property=\"og:image:height\" content=\"340\" \/>\n\t<meta property=\"og:image:type\" content=\"image\/jpeg\" \/>\n<meta name=\"author\" content=\"Agazeta.Net\" \/>\n<meta name=\"twitter:card\" content=\"summary_large_image\" \/>\n<meta name=\"twitter:label1\" content=\"Escrito por\" \/>\n\t<meta name=\"twitter:data1\" content=\"Agazeta.Net\" \/>\n\t<meta name=\"twitter:label2\" content=\"Est. tempo de leitura\" \/>\n\t<meta name=\"twitter:data2\" content=\"2 minutos\" \/>\n<script type=\"application\/ld+json\" class=\"yoast-schema-graph\">{\"@context\":\"https:\/\/schema.org\",\"@graph\":[{\"@type\":\"WebPage\",\"@id\":\"https:\/\/nk7-testes.com.br\/agazeta\/automutilacao-aumenta-e-ja-mobiliza-gestores\/\",\"url\":\"https:\/\/nk7-testes.com.br\/agazeta\/automutilacao-aumenta-e-ja-mobiliza-gestores\/\",\"name\":\"Automutila\u00e7\u00e3o aumenta e j\u00e1 mobiliza gestores - Agazeta.net\",\"isPartOf\":{\"@id\":\"https:\/\/nk7-testes.com.br\/agazeta\/#website\"},\"primaryImageOfPage\":{\"@id\":\"https:\/\/nk7-testes.com.br\/agazeta\/automutilacao-aumenta-e-ja-mobiliza-gestores\/#primaryimage\"},\"image\":{\"@id\":\"https:\/\/nk7-testes.com.br\/agazeta\/automutilacao-aumenta-e-ja-mobiliza-gestores\/#primaryimage\"},\"thumbnailUrl\":\"https:\/\/nk7-testes.com.br\/agazeta\/wp-content\/uploads\/2016\/09\/100916-cotidiano-palestra-tvgazeta.jpg\",\"datePublished\":\"2016-09-10T17:09:10+00:00\",\"author\":{\"@id\":\"https:\/\/nk7-testes.com.br\/agazeta\/#\/schema\/person\/ff6b39d54d6973bfc57f4140f659b23f\"},\"breadcrumb\":{\"@id\":\"https:\/\/nk7-testes.com.br\/agazeta\/automutilacao-aumenta-e-ja-mobiliza-gestores\/#breadcrumb\"},\"inLanguage\":\"pt-BR\",\"potentialAction\":[{\"@type\":\"ReadAction\",\"target\":[\"https:\/\/nk7-testes.com.br\/agazeta\/automutilacao-aumenta-e-ja-mobiliza-gestores\/\"]}]},{\"@type\":\"ImageObject\",\"inLanguage\":\"pt-BR\",\"@id\":\"https:\/\/nk7-testes.com.br\/agazeta\/automutilacao-aumenta-e-ja-mobiliza-gestores\/#primaryimage\",\"url\":\"https:\/\/nk7-testes.com.br\/agazeta\/wp-content\/uploads\/2016\/09\/100916-cotidiano-palestra-tvgazeta.jpg\",\"contentUrl\":\"https:\/\/nk7-testes.com.br\/agazeta\/wp-content\/uploads\/2016\/09\/100916-cotidiano-palestra-tvgazeta.jpg\",\"width\":458,\"height\":340,\"caption\":\"100916-cotidiano-palestra-tvgazeta\"},{\"@type\":\"BreadcrumbList\",\"@id\":\"https:\/\/nk7-testes.com.br\/agazeta\/automutilacao-aumenta-e-ja-mobiliza-gestores\/#breadcrumb\",\"itemListElement\":[{\"@type\":\"ListItem\",\"position\":1,\"name\":\"In\u00edcio\",\"item\":\"https:\/\/nk7-testes.com.br\/agazeta\/\"},{\"@type\":\"ListItem\",\"position\":2,\"name\":\"Automutila\u00e7\u00e3o aumenta e j\u00e1 mobiliza gestores\"}]},{\"@type\":\"WebSite\",\"@id\":\"https:\/\/nk7-testes.com.br\/agazeta\/#website\",\"url\":\"https:\/\/nk7-testes.com.br\/agazeta\/\",\"name\":\"Agazeta.net\",\"description\":\"Agazeta.net - Not\u00edcias de Rio Branco\/AC\",\"potentialAction\":[{\"@type\":\"SearchAction\",\"target\":{\"@type\":\"EntryPoint\",\"urlTemplate\":\"https:\/\/nk7-testes.com.br\/agazeta\/?s={search_term_string}\"},\"query-input\":{\"@type\":\"PropertyValueSpecification\",\"valueRequired\":true,\"valueName\":\"search_term_string\"}}],\"inLanguage\":\"pt-BR\"},{\"@type\":\"Person\",\"@id\":\"https:\/\/nk7-testes.com.br\/agazeta\/#\/schema\/person\/ff6b39d54d6973bfc57f4140f659b23f\",\"name\":\"Agazeta.Net\",\"url\":\"https:\/\/nk7-testes.com.br\/agazeta\/author\/agazeta\/\"}]}<\/script>\n<!-- \/ Yoast SEO plugin. -->","yoast_head_json":{"title":"Automutila\u00e7\u00e3o aumenta e j\u00e1 mobiliza gestores - Agazeta.net","robots":{"index":"index","follow":"follow","max-snippet":"max-snippet:-1","max-image-preview":"max-image-preview:large","max-video-preview":"max-video-preview:-1"},"canonical":"https:\/\/nk7-testes.com.br\/agazeta\/automutilacao-aumenta-e-ja-mobiliza-gestores\/","og_locale":"pt_BR","og_type":"article","og_title":"Automutila\u00e7\u00e3o aumenta e j\u00e1 mobiliza gestores - Agazeta.net","og_description":"Dist\u00farbio \u00e9 debatido entre especialistas do Acre","og_url":"https:\/\/nk7-testes.com.br\/agazeta\/automutilacao-aumenta-e-ja-mobiliza-gestores\/","og_site_name":"Agazeta.net","article_published_time":"2016-09-10T17:09:10+00:00","og_image":[{"width":458,"height":340,"url":"https:\/\/nk7-testes.com.br\/agazeta\/wp-content\/uploads\/2016\/09\/100916-cotidiano-palestra-tvgazeta.jpg","type":"image\/jpeg"}],"author":"Agazeta.Net","twitter_card":"summary_large_image","twitter_misc":{"Escrito por":"Agazeta.Net","Est. tempo de leitura":"2 minutos"},"schema":{"@context":"https:\/\/schema.org","@graph":[{"@type":"WebPage","@id":"https:\/\/nk7-testes.com.br\/agazeta\/automutilacao-aumenta-e-ja-mobiliza-gestores\/","url":"https:\/\/nk7-testes.com.br\/agazeta\/automutilacao-aumenta-e-ja-mobiliza-gestores\/","name":"Automutila\u00e7\u00e3o aumenta e j\u00e1 mobiliza gestores - Agazeta.net","isPartOf":{"@id":"https:\/\/nk7-testes.com.br\/agazeta\/#website"},"primaryImageOfPage":{"@id":"https:\/\/nk7-testes.com.br\/agazeta\/automutilacao-aumenta-e-ja-mobiliza-gestores\/#primaryimage"},"image":{"@id":"https:\/\/nk7-testes.com.br\/agazeta\/automutilacao-aumenta-e-ja-mobiliza-gestores\/#primaryimage"},"thumbnailUrl":"https:\/\/nk7-testes.com.br\/agazeta\/wp-content\/uploads\/2016\/09\/100916-cotidiano-palestra-tvgazeta.jpg","datePublished":"2016-09-10T17:09:10+00:00","author":{"@id":"https:\/\/nk7-testes.com.br\/agazeta\/#\/schema\/person\/ff6b39d54d6973bfc57f4140f659b23f"},"breadcrumb":{"@id":"https:\/\/nk7-testes.com.br\/agazeta\/automutilacao-aumenta-e-ja-mobiliza-gestores\/#breadcrumb"},"inLanguage":"pt-BR","potentialAction":[{"@type":"ReadAction","target":["https:\/\/nk7-testes.com.br\/agazeta\/automutilacao-aumenta-e-ja-mobiliza-gestores\/"]}]},{"@type":"ImageObject","inLanguage":"pt-BR","@id":"https:\/\/nk7-testes.com.br\/agazeta\/automutilacao-aumenta-e-ja-mobiliza-gestores\/#primaryimage","url":"https:\/\/nk7-testes.com.br\/agazeta\/wp-content\/uploads\/2016\/09\/100916-cotidiano-palestra-tvgazeta.jpg","contentUrl":"https:\/\/nk7-testes.com.br\/agazeta\/wp-content\/uploads\/2016\/09\/100916-cotidiano-palestra-tvgazeta.jpg","width":458,"height":340,"caption":"100916-cotidiano-palestra-tvgazeta"},{"@type":"BreadcrumbList","@id":"https:\/\/nk7-testes.com.br\/agazeta\/automutilacao-aumenta-e-ja-mobiliza-gestores\/#breadcrumb","itemListElement":[{"@type":"ListItem","position":1,"name":"In\u00edcio","item":"https:\/\/nk7-testes.com.br\/agazeta\/"},{"@type":"ListItem","position":2,"name":"Automutila\u00e7\u00e3o aumenta e j\u00e1 mobiliza gestores"}]},{"@type":"WebSite","@id":"https:\/\/nk7-testes.com.br\/agazeta\/#website","url":"https:\/\/nk7-testes.com.br\/agazeta\/","name":"Agazeta.net","description":"Agazeta.net - Not\u00edcias de Rio Branco\/AC","potentialAction":[{"@type":"SearchAction","target":{"@type":"EntryPoint","urlTemplate":"https:\/\/nk7-testes.com.br\/agazeta\/?s={search_term_string}"},"query-input":{"@type":"PropertyValueSpecification","valueRequired":true,"valueName":"search_term_string"}}],"inLanguage":"pt-BR"},{"@type":"Person","@id":"https:\/\/nk7-testes.com.br\/agazeta\/#\/schema\/person\/ff6b39d54d6973bfc57f4140f659b23f","name":"Agazeta.Net","url":"https:\/\/nk7-testes.com.br\/agazeta\/author\/agazeta\/"}]}},"_links":{"self":[{"href":"https:\/\/nk7-testes.com.br\/agazeta\/wp-json\/wp\/v2\/posts\/25156","targetHints":{"allow":["GET"]}}],"collection":[{"href":"https:\/\/nk7-testes.com.br\/agazeta\/wp-json\/wp\/v2\/posts"}],"about":[{"href":"https:\/\/nk7-testes.com.br\/agazeta\/wp-json\/wp\/v2\/types\/post"}],"author":[{"embeddable":true,"href":"https:\/\/nk7-testes.com.br\/agazeta\/wp-json\/wp\/v2\/users\/4"}],"replies":[{"embeddable":true,"href":"https:\/\/nk7-testes.com.br\/agazeta\/wp-json\/wp\/v2\/comments?post=25156"}],"version-history":[{"count":0,"href":"https:\/\/nk7-testes.com.br\/agazeta\/wp-json\/wp\/v2\/posts\/25156\/revisions"}],"wp:featuredmedia":[{"embeddable":true,"href":"https:\/\/nk7-testes.com.br\/agazeta\/wp-json\/wp\/v2\/media\/25155"}],"wp:attachment":[{"href":"https:\/\/nk7-testes.com.br\/agazeta\/wp-json\/wp\/v2\/media?parent=25156"}],"wp:term":[{"taxonomy":"category","embeddable":true,"href":"https:\/\/nk7-testes.com.br\/agazeta\/wp-json\/wp\/v2\/categories?post=25156"},{"taxonomy":"post_tag","embeddable":true,"href":"https:\/\/nk7-testes.com.br\/agazeta\/wp-json\/wp\/v2\/tags?post=25156"}],"curies":[{"name":"wp","href":"https:\/\/api.w.org\/{rel}","templated":true}]}}