{"id":25140,"date":"2016-09-09T22:20:11","date_gmt":"2016-09-09T22:20:11","guid":{"rendered":"https:\/\/abarevegan.com.br\/index.php\/2016\/09\/09\/crise-hidrica-em-acrelandia-atinge-6-mil-pessoas\/"},"modified":"2016-09-09T22:20:11","modified_gmt":"2016-09-09T22:20:11","slug":"crise-hidrica-em-acrelandia-atinge-6-mil-pessoas","status":"publish","type":"post","link":"https:\/\/nk7-testes.com.br\/agazeta\/crise-hidrica-em-acrelandia-atinge-6-mil-pessoas\/","title":{"rendered":"Crise h\u00eddrica em Acrel\u00e2ndia atinge 6 mil pessoas"},"content":{"rendered":"<p style=\"text-align: justify;\">A\u00e7ude \u00e9 alternativas para os pr\u00f3ximos 25 dias<\/p>\n<p style=\"text-align: justify;\">O departamento de \u00e1gua de Acrel\u00e2ndia come\u00e7ou uma grande opera\u00e7\u00e3o para evitar que o munic\u00edpio pare de receber \u00e1gua tratada. O a\u00e7ude que abastecia a cidade secou e, para manter as bombas funcionando, os t\u00e9cnicos est\u00e3o rompendo as barragens de a\u00e7udes de propriedades vizinhas para que a \u00e1gua, atrav\u00e9s da gravidade, chegue at\u00e9 o a\u00e7ude que abastece o Munic\u00edpio.<\/p>\n<p style=\"text-align: justify;\">Na parte urbana de Acrel\u00e2ndia, 6 mil pessoas dependem da \u00e1gua que vem da esta\u00e7\u00e3o de tratamento do Depasa. Com o a\u00e7ude principal secando, come\u00e7ou o racionamento. Em alguns bairros, como o Portelinha, h\u00e1 morador que n\u00e3o recebe \u00e1gua h\u00e1 quatro dias.<\/p>\n<p style=\"text-align: justify;\">A dona de casa Gergelina da Silva ainda tinha um pouco de \u00e1gua porque economizou. \u201cA caixa que fica no ch\u00e3o secou. A de cima tem menos de 100 litros. Nem sei at\u00e9 quando vai aguentar\u201d, alarmou.<\/p>\n<p style=\"text-align: justify;\">Quem tem crian\u00e7a precisa dar v\u00e1rios banhos durante o dia para prevenir as doen\u00e7as ocasionadas pelo calor, mas sem \u00e1gua. A dona de casa Almira de Lima armou uma rede no quintal, embaixo de uma \u00e1rvore para aliviar o calor da filha. \u201cEu fico pedindo \u00e1gua para os vizinhos que t\u00eam po\u00e7o. Se n\u00e3o fizer isso, vamos morrer de sede\u201d, reclamou.<\/p>\n<p style=\"text-align: justify;\">A falta de chuvas e o calor intenso na regi\u00e3o fizeram aumentar o consumo e o a\u00e7ude n\u00e3o suportou.<\/p>\n<p style=\"text-align: justify;\">Nessa sexta-feira, o Depasa bombeou \u00e1gua de outro a\u00e7ude que fica pr\u00f3ximo ao principal. Sem esse ajuda o departamento s\u00f3 teria \u00e1gua para mais dois dias.<\/p>\n<p style=\"text-align: justify;\">O maior problema de Acrel\u00e2ndia \u00e9 que o rio mais pr\u00f3ximo, o Abun\u00e3, fica a 17 quil\u00f4metros do munic\u00edpio. A sa\u00edda encontrada pelo departamento foi buscar \u00e1gua nos a\u00e7udes das propriedades vizinhas.<\/p>\n<p style=\"text-align: justify;\">Pr\u00f3ximo \u00e0s bombas existem tr\u00eas a\u00e7udes que v\u00e3o ajudar a abastecer a cidade pelos pr\u00f3ximos 25 dias. O gerente do departamento de \u00e1guas da cidade, Jander Mendon\u00e7a, explicou que \u00e1gua dispon\u00edvel nos a\u00e7udes s\u00f3 d\u00e1 25 dias se mantiver o racionamento. <br \/>\u201cA \u00e1gua ser\u00e1 enviada a cada dois dias, al\u00e9m do consumo exagerado, existe muito desperd\u00edcio\u201d, alertou.<\/p>\n<p style=\"text-align: justify;\">N\u00e3o vai ser f\u00e1cil se recuperar da maior seca j\u00e1 registrada na hist\u00f3ria do Acre. As pr\u00f3ximas chuvas por mais fortes que sejam n\u00e3o ser\u00e3o suficientes para encher o a\u00e7ude que abastece a Acrel\u00e2ndia. Em 2017, dependendo da estiagem, o munic\u00edpio pode sofrer o mesmo problema de racionamento.<\/p>\n","protected":false},"excerpt":{"rendered":"<p style=\"text-align: justify;\">A\u00e7ude \u00e9 alternativas para os pr\u00f3ximos 25 dias<\/p>\n","protected":false},"author":4,"featured_media":25139,"comment_status":"open","ping_status":"open","sticky":false,"template":"","format":"standard","meta":{"jnews-multi-image_gallery":[],"jnews_single_post":[],"jnews_primary_category":[],"jnews_social_meta":[],"jnews_review":[],"enable_review":"","type":"","name":"","summary":"","brand":"","sku":"","good":[],"bad":[],"score_override":"","override_value":"","rating":[],"price":[],"footnotes":""},"categories":[54],"tags":[],"class_list":["post-25140","post","type-post","status-publish","format-standard","has-post-thumbnail","hentry","category-cotidiano"],"yoast_head":"<!-- This site is optimized with the Yoast SEO plugin v26.5 - https:\/\/yoast.com\/wordpress\/plugins\/seo\/ -->\n<title>Crise h\u00eddrica em Acrel\u00e2ndia atinge 6 mil pessoas - Agazeta.net<\/title>\n<meta name=\"robots\" content=\"index, follow, max-snippet:-1, max-image-preview:large, max-video-preview:-1\" \/>\n<link rel=\"canonical\" href=\"https:\/\/nk7-testes.com.br\/agazeta\/crise-hidrica-em-acrelandia-atinge-6-mil-pessoas\/\" \/>\n<meta property=\"og:locale\" content=\"pt_BR\" \/>\n<meta property=\"og:type\" content=\"article\" \/>\n<meta property=\"og:title\" content=\"Crise h\u00eddrica em Acrel\u00e2ndia atinge 6 mil pessoas - Agazeta.net\" \/>\n<meta property=\"og:description\" content=\"A\u00e7ude \u00e9 alternativas para os pr\u00f3ximos 25 dias\" \/>\n<meta property=\"og:url\" content=\"https:\/\/nk7-testes.com.br\/agazeta\/crise-hidrica-em-acrelandia-atinge-6-mil-pessoas\/\" \/>\n<meta property=\"og:site_name\" content=\"Agazeta.net\" \/>\n<meta property=\"article:published_time\" content=\"2016-09-09T22:20:11+00:00\" \/>\n<meta property=\"og:image\" content=\"https:\/\/nk7-testes.com.br\/agazeta\/wp-content\/uploads\/2016\/09\/090916-cotidiano-acrelandia-tvgazeta.jpg\" \/>\n\t<meta property=\"og:image:width\" content=\"458\" \/>\n\t<meta property=\"og:image:height\" content=\"340\" \/>\n\t<meta property=\"og:image:type\" content=\"image\/jpeg\" \/>\n<meta name=\"author\" content=\"Agazeta.Net\" \/>\n<meta name=\"twitter:card\" content=\"summary_large_image\" \/>\n<meta name=\"twitter:label1\" content=\"Escrito por\" \/>\n\t<meta name=\"twitter:data1\" content=\"Agazeta.Net\" \/>\n\t<meta name=\"twitter:label2\" content=\"Est. tempo de leitura\" \/>\n\t<meta name=\"twitter:data2\" content=\"2 minutos\" \/>\n<script type=\"application\/ld+json\" class=\"yoast-schema-graph\">{\"@context\":\"https:\/\/schema.org\",\"@graph\":[{\"@type\":\"WebPage\",\"@id\":\"https:\/\/nk7-testes.com.br\/agazeta\/crise-hidrica-em-acrelandia-atinge-6-mil-pessoas\/\",\"url\":\"https:\/\/nk7-testes.com.br\/agazeta\/crise-hidrica-em-acrelandia-atinge-6-mil-pessoas\/\",\"name\":\"Crise h\u00eddrica em Acrel\u00e2ndia atinge 6 mil pessoas - Agazeta.net\",\"isPartOf\":{\"@id\":\"https:\/\/nk7-testes.com.br\/agazeta\/#website\"},\"primaryImageOfPage\":{\"@id\":\"https:\/\/nk7-testes.com.br\/agazeta\/crise-hidrica-em-acrelandia-atinge-6-mil-pessoas\/#primaryimage\"},\"image\":{\"@id\":\"https:\/\/nk7-testes.com.br\/agazeta\/crise-hidrica-em-acrelandia-atinge-6-mil-pessoas\/#primaryimage\"},\"thumbnailUrl\":\"https:\/\/nk7-testes.com.br\/agazeta\/wp-content\/uploads\/2016\/09\/090916-cotidiano-acrelandia-tvgazeta.jpg\",\"datePublished\":\"2016-09-09T22:20:11+00:00\",\"author\":{\"@id\":\"https:\/\/nk7-testes.com.br\/agazeta\/#\/schema\/person\/ff6b39d54d6973bfc57f4140f659b23f\"},\"breadcrumb\":{\"@id\":\"https:\/\/nk7-testes.com.br\/agazeta\/crise-hidrica-em-acrelandia-atinge-6-mil-pessoas\/#breadcrumb\"},\"inLanguage\":\"pt-BR\",\"potentialAction\":[{\"@type\":\"ReadAction\",\"target\":[\"https:\/\/nk7-testes.com.br\/agazeta\/crise-hidrica-em-acrelandia-atinge-6-mil-pessoas\/\"]}]},{\"@type\":\"ImageObject\",\"inLanguage\":\"pt-BR\",\"@id\":\"https:\/\/nk7-testes.com.br\/agazeta\/crise-hidrica-em-acrelandia-atinge-6-mil-pessoas\/#primaryimage\",\"url\":\"https:\/\/nk7-testes.com.br\/agazeta\/wp-content\/uploads\/2016\/09\/090916-cotidiano-acrelandia-tvgazeta.jpg\",\"contentUrl\":\"https:\/\/nk7-testes.com.br\/agazeta\/wp-content\/uploads\/2016\/09\/090916-cotidiano-acrelandia-tvgazeta.jpg\",\"width\":458,\"height\":340,\"caption\":\"090916-cotidiano-acrelandia-tvgazeta\"},{\"@type\":\"BreadcrumbList\",\"@id\":\"https:\/\/nk7-testes.com.br\/agazeta\/crise-hidrica-em-acrelandia-atinge-6-mil-pessoas\/#breadcrumb\",\"itemListElement\":[{\"@type\":\"ListItem\",\"position\":1,\"name\":\"In\u00edcio\",\"item\":\"https:\/\/nk7-testes.com.br\/agazeta\/\"},{\"@type\":\"ListItem\",\"position\":2,\"name\":\"Crise h\u00eddrica em Acrel\u00e2ndia atinge 6 mil pessoas\"}]},{\"@type\":\"WebSite\",\"@id\":\"https:\/\/nk7-testes.com.br\/agazeta\/#website\",\"url\":\"https:\/\/nk7-testes.com.br\/agazeta\/\",\"name\":\"Agazeta.net\",\"description\":\"Agazeta.net - Not\u00edcias de Rio Branco\/AC\",\"potentialAction\":[{\"@type\":\"SearchAction\",\"target\":{\"@type\":\"EntryPoint\",\"urlTemplate\":\"https:\/\/nk7-testes.com.br\/agazeta\/?s={search_term_string}\"},\"query-input\":{\"@type\":\"PropertyValueSpecification\",\"valueRequired\":true,\"valueName\":\"search_term_string\"}}],\"inLanguage\":\"pt-BR\"},{\"@type\":\"Person\",\"@id\":\"https:\/\/nk7-testes.com.br\/agazeta\/#\/schema\/person\/ff6b39d54d6973bfc57f4140f659b23f\",\"name\":\"Agazeta.Net\",\"url\":\"https:\/\/nk7-testes.com.br\/agazeta\/author\/agazeta\/\"}]}<\/script>\n<!-- \/ Yoast SEO plugin. -->","yoast_head_json":{"title":"Crise h\u00eddrica em Acrel\u00e2ndia atinge 6 mil pessoas - Agazeta.net","robots":{"index":"index","follow":"follow","max-snippet":"max-snippet:-1","max-image-preview":"max-image-preview:large","max-video-preview":"max-video-preview:-1"},"canonical":"https:\/\/nk7-testes.com.br\/agazeta\/crise-hidrica-em-acrelandia-atinge-6-mil-pessoas\/","og_locale":"pt_BR","og_type":"article","og_title":"Crise h\u00eddrica em Acrel\u00e2ndia atinge 6 mil pessoas - Agazeta.net","og_description":"A\u00e7ude \u00e9 alternativas para os pr\u00f3ximos 25 dias","og_url":"https:\/\/nk7-testes.com.br\/agazeta\/crise-hidrica-em-acrelandia-atinge-6-mil-pessoas\/","og_site_name":"Agazeta.net","article_published_time":"2016-09-09T22:20:11+00:00","og_image":[{"width":458,"height":340,"url":"https:\/\/nk7-testes.com.br\/agazeta\/wp-content\/uploads\/2016\/09\/090916-cotidiano-acrelandia-tvgazeta.jpg","type":"image\/jpeg"}],"author":"Agazeta.Net","twitter_card":"summary_large_image","twitter_misc":{"Escrito por":"Agazeta.Net","Est. tempo de leitura":"2 minutos"},"schema":{"@context":"https:\/\/schema.org","@graph":[{"@type":"WebPage","@id":"https:\/\/nk7-testes.com.br\/agazeta\/crise-hidrica-em-acrelandia-atinge-6-mil-pessoas\/","url":"https:\/\/nk7-testes.com.br\/agazeta\/crise-hidrica-em-acrelandia-atinge-6-mil-pessoas\/","name":"Crise h\u00eddrica em Acrel\u00e2ndia atinge 6 mil pessoas - Agazeta.net","isPartOf":{"@id":"https:\/\/nk7-testes.com.br\/agazeta\/#website"},"primaryImageOfPage":{"@id":"https:\/\/nk7-testes.com.br\/agazeta\/crise-hidrica-em-acrelandia-atinge-6-mil-pessoas\/#primaryimage"},"image":{"@id":"https:\/\/nk7-testes.com.br\/agazeta\/crise-hidrica-em-acrelandia-atinge-6-mil-pessoas\/#primaryimage"},"thumbnailUrl":"https:\/\/nk7-testes.com.br\/agazeta\/wp-content\/uploads\/2016\/09\/090916-cotidiano-acrelandia-tvgazeta.jpg","datePublished":"2016-09-09T22:20:11+00:00","author":{"@id":"https:\/\/nk7-testes.com.br\/agazeta\/#\/schema\/person\/ff6b39d54d6973bfc57f4140f659b23f"},"breadcrumb":{"@id":"https:\/\/nk7-testes.com.br\/agazeta\/crise-hidrica-em-acrelandia-atinge-6-mil-pessoas\/#breadcrumb"},"inLanguage":"pt-BR","potentialAction":[{"@type":"ReadAction","target":["https:\/\/nk7-testes.com.br\/agazeta\/crise-hidrica-em-acrelandia-atinge-6-mil-pessoas\/"]}]},{"@type":"ImageObject","inLanguage":"pt-BR","@id":"https:\/\/nk7-testes.com.br\/agazeta\/crise-hidrica-em-acrelandia-atinge-6-mil-pessoas\/#primaryimage","url":"https:\/\/nk7-testes.com.br\/agazeta\/wp-content\/uploads\/2016\/09\/090916-cotidiano-acrelandia-tvgazeta.jpg","contentUrl":"https:\/\/nk7-testes.com.br\/agazeta\/wp-content\/uploads\/2016\/09\/090916-cotidiano-acrelandia-tvgazeta.jpg","width":458,"height":340,"caption":"090916-cotidiano-acrelandia-tvgazeta"},{"@type":"BreadcrumbList","@id":"https:\/\/nk7-testes.com.br\/agazeta\/crise-hidrica-em-acrelandia-atinge-6-mil-pessoas\/#breadcrumb","itemListElement":[{"@type":"ListItem","position":1,"name":"In\u00edcio","item":"https:\/\/nk7-testes.com.br\/agazeta\/"},{"@type":"ListItem","position":2,"name":"Crise h\u00eddrica em Acrel\u00e2ndia atinge 6 mil pessoas"}]},{"@type":"WebSite","@id":"https:\/\/nk7-testes.com.br\/agazeta\/#website","url":"https:\/\/nk7-testes.com.br\/agazeta\/","name":"Agazeta.net","description":"Agazeta.net - Not\u00edcias de Rio Branco\/AC","potentialAction":[{"@type":"SearchAction","target":{"@type":"EntryPoint","urlTemplate":"https:\/\/nk7-testes.com.br\/agazeta\/?s={search_term_string}"},"query-input":{"@type":"PropertyValueSpecification","valueRequired":true,"valueName":"search_term_string"}}],"inLanguage":"pt-BR"},{"@type":"Person","@id":"https:\/\/nk7-testes.com.br\/agazeta\/#\/schema\/person\/ff6b39d54d6973bfc57f4140f659b23f","name":"Agazeta.Net","url":"https:\/\/nk7-testes.com.br\/agazeta\/author\/agazeta\/"}]}},"_links":{"self":[{"href":"https:\/\/nk7-testes.com.br\/agazeta\/wp-json\/wp\/v2\/posts\/25140","targetHints":{"allow":["GET"]}}],"collection":[{"href":"https:\/\/nk7-testes.com.br\/agazeta\/wp-json\/wp\/v2\/posts"}],"about":[{"href":"https:\/\/nk7-testes.com.br\/agazeta\/wp-json\/wp\/v2\/types\/post"}],"author":[{"embeddable":true,"href":"https:\/\/nk7-testes.com.br\/agazeta\/wp-json\/wp\/v2\/users\/4"}],"replies":[{"embeddable":true,"href":"https:\/\/nk7-testes.com.br\/agazeta\/wp-json\/wp\/v2\/comments?post=25140"}],"version-history":[{"count":0,"href":"https:\/\/nk7-testes.com.br\/agazeta\/wp-json\/wp\/v2\/posts\/25140\/revisions"}],"wp:featuredmedia":[{"embeddable":true,"href":"https:\/\/nk7-testes.com.br\/agazeta\/wp-json\/wp\/v2\/media\/25139"}],"wp:attachment":[{"href":"https:\/\/nk7-testes.com.br\/agazeta\/wp-json\/wp\/v2\/media?parent=25140"}],"wp:term":[{"taxonomy":"category","embeddable":true,"href":"https:\/\/nk7-testes.com.br\/agazeta\/wp-json\/wp\/v2\/categories?post=25140"},{"taxonomy":"post_tag","embeddable":true,"href":"https:\/\/nk7-testes.com.br\/agazeta\/wp-json\/wp\/v2\/tags?post=25140"}],"curies":[{"name":"wp","href":"https:\/\/api.w.org\/{rel}","templated":true}]}}