{"id":25138,"date":"2016-09-09T21:37:35","date_gmt":"2016-09-09T21:37:35","guid":{"rendered":"https:\/\/abarevegan.com.br\/index.php\/2016\/09\/09\/correntistas-prioritarios-sao-excluidos\/"},"modified":"2016-09-09T21:37:35","modified_gmt":"2016-09-09T21:37:35","slug":"correntistas-prioritarios-sao-excluidos","status":"publish","type":"post","link":"https:\/\/nk7-testes.com.br\/agazeta\/correntistas-prioritarios-sao-excluidos\/","title":{"rendered":"Correntistas \u201cpriorit\u00e1rios\u201d s\u00e3o exclu\u00eddos"},"content":{"rendered":"<p style=\"text-align: justify;\">Superintend\u00eancia da Caixa n\u00e3o se pronuncia<\/p>\n<p style=\"text-align: justify;\">N\u00e3o cessam os transtornos aos clientes que n\u00e3o conseguem atendimento nas ag\u00eancias banc\u00e1rias, em virtude da greve. Recusa de atendimento priorit\u00e1rio e falta de dinheiro em caixas eletr\u00f4nicos s\u00e3o algumas das reclama\u00e7\u00f5es.<\/p>\n<p style=\"text-align: justify;\">Revoltada com a situa\u00e7\u00e3o, uma cliente do Banco do Brasil registrou em v\u00eddeo falta de dinheiro em caixas eletr\u00f4nicos de um banco no segundo distrito da Capital. O \u00fanico terminal com dinheiro disp\u00f5e apenas notas de R$ 5. Confira o v\u00eddeo.<\/p>\n<p style=\"text-align: justify;\">A autora do v\u00eddeo entrevista outros usu\u00e1rios que est\u00e3o nos caixas, e resposta \u00e9 a mesma: n\u00e3o h\u00e1 dinheiro nos caixas da sala de autoatendimento. O registro feito revela a precariedade do servi\u00e7o, durante a greve dos banc\u00e1rios.<\/p>\n<p style=\"text-align: justify;\">O Sindicato da categoria no in\u00edcio da paralisa\u00e7\u00e3o sugeria aos clientes canais alternativos de atendimento, como caixas eletr\u00f4nicos, mas nem isso, a popula\u00e7\u00e3o est\u00e1 conseguindo utilizar nesses dias.<\/p>\n<p style=\"text-align: justify;\">E o que dizer de quem precisa com urg\u00eancia do benef\u00edcio, da aposentadoria e n\u00e3o consegue? Seriam pessoas com atendimento priorit\u00e1rio, mas que est\u00e3o encontrando portas fechadas nas ag\u00eancias.<\/p>\n<p style=\"text-align: justify;\">\u201cEu preciso receber porque pago quatrocentos e poucos de aluguel, tem luz pra pagar e vim l\u00e1 da Alcobras ontem pra receber esse dinheiro\u201d, reclama a aposentada Raimunda que abriu conta em julho na Caixa e at\u00e9 agora n\u00e3o recebeu o cart\u00e3o. A \u00fanica forma de receber a aposentadoria seria no caixa.<\/p>\n<p style=\"text-align: justify;\">O aposentado Gleison Mendes que passou por cirurgia e foi ao banco de muleta tamb\u00e9m recebeu \u201cn\u00e3o\u201d como resposta. Os caixas eletr\u00f4nicos n\u00e3o fazem leitura do cart\u00e3o danificado e ele ficou sem alternativa. \u201c\u00c9 o sal\u00e1rio do m\u00eas de agosto do INSS, e n\u00e3o posso entrar\u201d, denuncia. \u201cCad\u00ea a prioridade\u201d.<\/p>\n<p style=\"text-align: justify;\">Entramos em contato com o superintendente da Caixa, mas ele estava em reuni\u00e3o e n\u00e3o retornou. Nossa equipe procurou a superintend\u00eancia do Banco do Brasil, mas foi informada de que nenhum funcion\u00e1rio est\u00e1 autorizado a falar. O superintendente est\u00e1 viajando e seria a \u00fanica pessoa que pode se pronunciar em nome do banco.<\/p>\n<p style=\"text-align: justify;\">{youtube}jDrUlvQat68&amp;feature=youtu.be{\/youtube}<\/p>\n","protected":false},"excerpt":{"rendered":"<p style=\"text-align: justify;\">Superintend\u00eancia da Caixa n\u00e3o se pronuncia<\/p>\n","protected":false},"author":4,"featured_media":25137,"comment_status":"open","ping_status":"open","sticky":false,"template":"","format":"standard","meta":{"jnews-multi-image_gallery":[],"jnews_single_post":[],"jnews_primary_category":[],"jnews_social_meta":[],"jnews_review":[],"enable_review":"","type":"","name":"","summary":"","brand":"","sku":"","good":[],"bad":[],"score_override":"","override_value":"","rating":[],"price":[],"footnotes":""},"categories":[54],"tags":[],"class_list":["post-25138","post","type-post","status-publish","format-standard","has-post-thumbnail","hentry","category-cotidiano"],"yoast_head":"<!-- This site is optimized with the Yoast SEO plugin v26.5 - https:\/\/yoast.com\/wordpress\/plugins\/seo\/ -->\n<title>Correntistas \u201cpriorit\u00e1rios\u201d s\u00e3o exclu\u00eddos - Agazeta.net<\/title>\n<meta name=\"robots\" content=\"index, follow, max-snippet:-1, max-image-preview:large, max-video-preview:-1\" \/>\n<link rel=\"canonical\" href=\"https:\/\/nk7-testes.com.br\/agazeta\/correntistas-prioritarios-sao-excluidos\/\" \/>\n<meta property=\"og:locale\" content=\"pt_BR\" \/>\n<meta property=\"og:type\" content=\"article\" \/>\n<meta property=\"og:title\" content=\"Correntistas \u201cpriorit\u00e1rios\u201d s\u00e3o exclu\u00eddos - Agazeta.net\" \/>\n<meta property=\"og:description\" content=\"Superintend\u00eancia da Caixa n\u00e3o se pronuncia\" \/>\n<meta property=\"og:url\" content=\"https:\/\/nk7-testes.com.br\/agazeta\/correntistas-prioritarios-sao-excluidos\/\" \/>\n<meta property=\"og:site_name\" content=\"Agazeta.net\" \/>\n<meta property=\"article:published_time\" content=\"2016-09-09T21:37:35+00:00\" \/>\n<meta property=\"og:image\" content=\"https:\/\/nk7-testes.com.br\/agazeta\/wp-content\/uploads\/2016\/09\/090916-cotidiano-grevebancos-tvgazeta.jpg\" \/>\n\t<meta property=\"og:image:width\" content=\"458\" \/>\n\t<meta property=\"og:image:height\" content=\"340\" \/>\n\t<meta property=\"og:image:type\" content=\"image\/jpeg\" \/>\n<meta name=\"author\" content=\"Agazeta.Net\" \/>\n<meta name=\"twitter:card\" content=\"summary_large_image\" \/>\n<meta name=\"twitter:label1\" content=\"Escrito por\" \/>\n\t<meta name=\"twitter:data1\" content=\"Agazeta.Net\" \/>\n\t<meta name=\"twitter:label2\" content=\"Est. tempo de leitura\" \/>\n\t<meta name=\"twitter:data2\" content=\"2 minutos\" \/>\n<script type=\"application\/ld+json\" class=\"yoast-schema-graph\">{\"@context\":\"https:\/\/schema.org\",\"@graph\":[{\"@type\":\"WebPage\",\"@id\":\"https:\/\/nk7-testes.com.br\/agazeta\/correntistas-prioritarios-sao-excluidos\/\",\"url\":\"https:\/\/nk7-testes.com.br\/agazeta\/correntistas-prioritarios-sao-excluidos\/\",\"name\":\"Correntistas \u201cpriorit\u00e1rios\u201d s\u00e3o exclu\u00eddos - Agazeta.net\",\"isPartOf\":{\"@id\":\"https:\/\/nk7-testes.com.br\/agazeta\/#website\"},\"primaryImageOfPage\":{\"@id\":\"https:\/\/nk7-testes.com.br\/agazeta\/correntistas-prioritarios-sao-excluidos\/#primaryimage\"},\"image\":{\"@id\":\"https:\/\/nk7-testes.com.br\/agazeta\/correntistas-prioritarios-sao-excluidos\/#primaryimage\"},\"thumbnailUrl\":\"https:\/\/nk7-testes.com.br\/agazeta\/wp-content\/uploads\/2016\/09\/090916-cotidiano-grevebancos-tvgazeta.jpg\",\"datePublished\":\"2016-09-09T21:37:35+00:00\",\"author\":{\"@id\":\"https:\/\/nk7-testes.com.br\/agazeta\/#\/schema\/person\/ff6b39d54d6973bfc57f4140f659b23f\"},\"breadcrumb\":{\"@id\":\"https:\/\/nk7-testes.com.br\/agazeta\/correntistas-prioritarios-sao-excluidos\/#breadcrumb\"},\"inLanguage\":\"pt-BR\",\"potentialAction\":[{\"@type\":\"ReadAction\",\"target\":[\"https:\/\/nk7-testes.com.br\/agazeta\/correntistas-prioritarios-sao-excluidos\/\"]}]},{\"@type\":\"ImageObject\",\"inLanguage\":\"pt-BR\",\"@id\":\"https:\/\/nk7-testes.com.br\/agazeta\/correntistas-prioritarios-sao-excluidos\/#primaryimage\",\"url\":\"https:\/\/nk7-testes.com.br\/agazeta\/wp-content\/uploads\/2016\/09\/090916-cotidiano-grevebancos-tvgazeta.jpg\",\"contentUrl\":\"https:\/\/nk7-testes.com.br\/agazeta\/wp-content\/uploads\/2016\/09\/090916-cotidiano-grevebancos-tvgazeta.jpg\",\"width\":458,\"height\":340,\"caption\":\"090916-cotidiano-grevebancos-tvgazeta\"},{\"@type\":\"BreadcrumbList\",\"@id\":\"https:\/\/nk7-testes.com.br\/agazeta\/correntistas-prioritarios-sao-excluidos\/#breadcrumb\",\"itemListElement\":[{\"@type\":\"ListItem\",\"position\":1,\"name\":\"In\u00edcio\",\"item\":\"https:\/\/nk7-testes.com.br\/agazeta\/\"},{\"@type\":\"ListItem\",\"position\":2,\"name\":\"Correntistas \u201cpriorit\u00e1rios\u201d s\u00e3o exclu\u00eddos\"}]},{\"@type\":\"WebSite\",\"@id\":\"https:\/\/nk7-testes.com.br\/agazeta\/#website\",\"url\":\"https:\/\/nk7-testes.com.br\/agazeta\/\",\"name\":\"Agazeta.net\",\"description\":\"Agazeta.net - Not\u00edcias de Rio Branco\/AC\",\"potentialAction\":[{\"@type\":\"SearchAction\",\"target\":{\"@type\":\"EntryPoint\",\"urlTemplate\":\"https:\/\/nk7-testes.com.br\/agazeta\/?s={search_term_string}\"},\"query-input\":{\"@type\":\"PropertyValueSpecification\",\"valueRequired\":true,\"valueName\":\"search_term_string\"}}],\"inLanguage\":\"pt-BR\"},{\"@type\":\"Person\",\"@id\":\"https:\/\/nk7-testes.com.br\/agazeta\/#\/schema\/person\/ff6b39d54d6973bfc57f4140f659b23f\",\"name\":\"Agazeta.Net\",\"url\":\"https:\/\/nk7-testes.com.br\/agazeta\/author\/agazeta\/\"}]}<\/script>\n<!-- \/ Yoast SEO plugin. -->","yoast_head_json":{"title":"Correntistas \u201cpriorit\u00e1rios\u201d s\u00e3o exclu\u00eddos - Agazeta.net","robots":{"index":"index","follow":"follow","max-snippet":"max-snippet:-1","max-image-preview":"max-image-preview:large","max-video-preview":"max-video-preview:-1"},"canonical":"https:\/\/nk7-testes.com.br\/agazeta\/correntistas-prioritarios-sao-excluidos\/","og_locale":"pt_BR","og_type":"article","og_title":"Correntistas \u201cpriorit\u00e1rios\u201d s\u00e3o exclu\u00eddos - Agazeta.net","og_description":"Superintend\u00eancia da Caixa n\u00e3o se pronuncia","og_url":"https:\/\/nk7-testes.com.br\/agazeta\/correntistas-prioritarios-sao-excluidos\/","og_site_name":"Agazeta.net","article_published_time":"2016-09-09T21:37:35+00:00","og_image":[{"width":458,"height":340,"url":"https:\/\/nk7-testes.com.br\/agazeta\/wp-content\/uploads\/2016\/09\/090916-cotidiano-grevebancos-tvgazeta.jpg","type":"image\/jpeg"}],"author":"Agazeta.Net","twitter_card":"summary_large_image","twitter_misc":{"Escrito por":"Agazeta.Net","Est. tempo de leitura":"2 minutos"},"schema":{"@context":"https:\/\/schema.org","@graph":[{"@type":"WebPage","@id":"https:\/\/nk7-testes.com.br\/agazeta\/correntistas-prioritarios-sao-excluidos\/","url":"https:\/\/nk7-testes.com.br\/agazeta\/correntistas-prioritarios-sao-excluidos\/","name":"Correntistas \u201cpriorit\u00e1rios\u201d s\u00e3o exclu\u00eddos - Agazeta.net","isPartOf":{"@id":"https:\/\/nk7-testes.com.br\/agazeta\/#website"},"primaryImageOfPage":{"@id":"https:\/\/nk7-testes.com.br\/agazeta\/correntistas-prioritarios-sao-excluidos\/#primaryimage"},"image":{"@id":"https:\/\/nk7-testes.com.br\/agazeta\/correntistas-prioritarios-sao-excluidos\/#primaryimage"},"thumbnailUrl":"https:\/\/nk7-testes.com.br\/agazeta\/wp-content\/uploads\/2016\/09\/090916-cotidiano-grevebancos-tvgazeta.jpg","datePublished":"2016-09-09T21:37:35+00:00","author":{"@id":"https:\/\/nk7-testes.com.br\/agazeta\/#\/schema\/person\/ff6b39d54d6973bfc57f4140f659b23f"},"breadcrumb":{"@id":"https:\/\/nk7-testes.com.br\/agazeta\/correntistas-prioritarios-sao-excluidos\/#breadcrumb"},"inLanguage":"pt-BR","potentialAction":[{"@type":"ReadAction","target":["https:\/\/nk7-testes.com.br\/agazeta\/correntistas-prioritarios-sao-excluidos\/"]}]},{"@type":"ImageObject","inLanguage":"pt-BR","@id":"https:\/\/nk7-testes.com.br\/agazeta\/correntistas-prioritarios-sao-excluidos\/#primaryimage","url":"https:\/\/nk7-testes.com.br\/agazeta\/wp-content\/uploads\/2016\/09\/090916-cotidiano-grevebancos-tvgazeta.jpg","contentUrl":"https:\/\/nk7-testes.com.br\/agazeta\/wp-content\/uploads\/2016\/09\/090916-cotidiano-grevebancos-tvgazeta.jpg","width":458,"height":340,"caption":"090916-cotidiano-grevebancos-tvgazeta"},{"@type":"BreadcrumbList","@id":"https:\/\/nk7-testes.com.br\/agazeta\/correntistas-prioritarios-sao-excluidos\/#breadcrumb","itemListElement":[{"@type":"ListItem","position":1,"name":"In\u00edcio","item":"https:\/\/nk7-testes.com.br\/agazeta\/"},{"@type":"ListItem","position":2,"name":"Correntistas \u201cpriorit\u00e1rios\u201d s\u00e3o exclu\u00eddos"}]},{"@type":"WebSite","@id":"https:\/\/nk7-testes.com.br\/agazeta\/#website","url":"https:\/\/nk7-testes.com.br\/agazeta\/","name":"Agazeta.net","description":"Agazeta.net - Not\u00edcias de Rio Branco\/AC","potentialAction":[{"@type":"SearchAction","target":{"@type":"EntryPoint","urlTemplate":"https:\/\/nk7-testes.com.br\/agazeta\/?s={search_term_string}"},"query-input":{"@type":"PropertyValueSpecification","valueRequired":true,"valueName":"search_term_string"}}],"inLanguage":"pt-BR"},{"@type":"Person","@id":"https:\/\/nk7-testes.com.br\/agazeta\/#\/schema\/person\/ff6b39d54d6973bfc57f4140f659b23f","name":"Agazeta.Net","url":"https:\/\/nk7-testes.com.br\/agazeta\/author\/agazeta\/"}]}},"_links":{"self":[{"href":"https:\/\/nk7-testes.com.br\/agazeta\/wp-json\/wp\/v2\/posts\/25138","targetHints":{"allow":["GET"]}}],"collection":[{"href":"https:\/\/nk7-testes.com.br\/agazeta\/wp-json\/wp\/v2\/posts"}],"about":[{"href":"https:\/\/nk7-testes.com.br\/agazeta\/wp-json\/wp\/v2\/types\/post"}],"author":[{"embeddable":true,"href":"https:\/\/nk7-testes.com.br\/agazeta\/wp-json\/wp\/v2\/users\/4"}],"replies":[{"embeddable":true,"href":"https:\/\/nk7-testes.com.br\/agazeta\/wp-json\/wp\/v2\/comments?post=25138"}],"version-history":[{"count":0,"href":"https:\/\/nk7-testes.com.br\/agazeta\/wp-json\/wp\/v2\/posts\/25138\/revisions"}],"wp:featuredmedia":[{"embeddable":true,"href":"https:\/\/nk7-testes.com.br\/agazeta\/wp-json\/wp\/v2\/media\/25137"}],"wp:attachment":[{"href":"https:\/\/nk7-testes.com.br\/agazeta\/wp-json\/wp\/v2\/media?parent=25138"}],"wp:term":[{"taxonomy":"category","embeddable":true,"href":"https:\/\/nk7-testes.com.br\/agazeta\/wp-json\/wp\/v2\/categories?post=25138"},{"taxonomy":"post_tag","embeddable":true,"href":"https:\/\/nk7-testes.com.br\/agazeta\/wp-json\/wp\/v2\/tags?post=25138"}],"curies":[{"name":"wp","href":"https:\/\/api.w.org\/{rel}","templated":true}]}}