{"id":25136,"date":"2016-09-09T21:33:54","date_gmt":"2016-09-09T21:33:54","guid":{"rendered":"https:\/\/abarevegan.com.br\/index.php\/2016\/09\/09\/nos-temos-que-repensar-a-educacao-diz-secretario\/"},"modified":"2016-09-09T21:33:54","modified_gmt":"2016-09-09T21:33:54","slug":"nos-temos-que-repensar-a-educacao-diz-secretario","status":"publish","type":"post","link":"https:\/\/nk7-testes.com.br\/agazeta\/nos-temos-que-repensar-a-educacao-diz-secretario\/","title":{"rendered":"\u201cN\u00f3s temos que repensar a Educa\u00e7\u00e3o\u201d, diz secret\u00e1rio"},"content":{"rendered":"<p style=\"text-align: justify;\">Ensino M\u00e9dio continua sendo problema em todo pa\u00eds<\/p>\n<p style=\"text-align: justify;\">Segundo o resultado do IDEB de 2015, o Acre melhorou o desempenho nas tr\u00eas categorias de ensino avaliadas pelo Minist\u00e9rio da Educa\u00e7\u00e3o (MEC). Contudo, o estado ficou com nota abaixo da meta estipulada para o Ensino M\u00e9dio.<\/p>\n<p style=\"text-align: justify;\">A realidade \u00e9 a mesma em praticamente todos os estados. O Ensino M\u00e9dio estagnou e apenas Pernambuco e Amazonas atingiram a meta do \u00cdndice de Desenvolvimento da Educa\u00e7\u00e3o B\u00e1sica (IDEB). O levantamento feito a cada dois anos revela que as escolas do pa\u00eds ficaram com \u00edndice de 3,7 em m\u00e9dia, sendo que a meta de pontua\u00e7\u00e3o \u00e9 4,3.<\/p>\n<p style=\"text-align: justify;\">O Acre passou de 3,4 em 2013 para 3,6 em 2015. O resultado segundo o secret\u00e1rio de educa\u00e7\u00e3o do estado, Marcos Brand\u00e3o, demonstra que o Ensino M\u00e9dio ainda \u00e9 um desafio, e, assim como o MEC, apoia a reformula\u00e7\u00e3o no curr\u00edculo.<\/p>\n<p style=\"text-align: justify;\">\u201cN\u00f3s temos que repensar. Fazer mais com outras pr\u00e1ticas comuns em outros locais e que a gente pode incorporar na nossa pr\u00e1tica e criar estrat\u00e9gias brasileiras de fazer a forma\u00e7\u00e3o dos nossos jovens\u201d, disse.<\/p>\n<p style=\"text-align: justify;\">A mudan\u00e7a no curr\u00edculo do Ensino M\u00e9dio compreende, por exemplo, a forma\u00e7\u00e3o integral e com qualifica\u00e7\u00e3o profissional e mat\u00e9rias voltadas a aplica\u00e7\u00e3o do conhecimento.<\/p>\n<p style=\"text-align: justify;\">Por outro lado, a Secretaria de Estado de Educa\u00e7\u00e3o comemora as notas do Ideb para as demais s\u00e9ries avaliadas. \u201cA gente tem que primeiro agradecer a todos os servidores da Educa\u00e7\u00e3o pelo desempenho que a gente tem tido e os resultados nos indicadores da Educa\u00e7\u00e3o. Temos que comemorar. Em 1998, n\u00f3s \u00e9ramos o \u00faltimo Estado da federa\u00e7\u00e3o em indicadores de qualidade e hoje estamos entre os primeiros estados\u201d, afirmou.<\/p>\n<p style=\"text-align: justify;\">Nas s\u00e9ries iniciais, que v\u00e3o do 1\u00ba ao 5\u00ba ano, a meta nacional era 5,2 e o estado <br \/>que em 2013 ficou com 5,1 em 2015 pulou para 5,4. Na avalia\u00e7\u00e3o entre o 6\u00ba ao 9\u00ba ano, o Acre n\u00e3o atingiu a meta nacional que era de 4,7, recebeu nota 3,6, um pouco melhor que em 2013, quando ficou com 3,4. Contudo, assim como a maioria dos estados, n\u00e3o alcan\u00e7ou o esperado.<\/p>\n","protected":false},"excerpt":{"rendered":"<p style=\"text-align: justify;\">Ensino M\u00e9dio continua sendo problema em todo pa\u00eds<\/p>\n","protected":false},"author":4,"featured_media":25135,"comment_status":"open","ping_status":"open","sticky":false,"template":"","format":"standard","meta":{"jnews-multi-image_gallery":[],"jnews_single_post":[],"jnews_primary_category":[],"jnews_social_meta":[],"jnews_review":[],"enable_review":"","type":"","name":"","summary":"","brand":"","sku":"","good":[],"bad":[],"score_override":"","override_value":"","rating":[],"price":[],"footnotes":""},"categories":[54],"tags":[],"class_list":["post-25136","post","type-post","status-publish","format-standard","has-post-thumbnail","hentry","category-cotidiano"],"yoast_head":"<!-- This site is optimized with the Yoast SEO plugin v26.5 - https:\/\/yoast.com\/wordpress\/plugins\/seo\/ -->\n<title>\u201cN\u00f3s temos que repensar a Educa\u00e7\u00e3o\u201d, diz secret\u00e1rio - Agazeta.net<\/title>\n<meta name=\"robots\" content=\"index, follow, max-snippet:-1, max-image-preview:large, max-video-preview:-1\" \/>\n<link rel=\"canonical\" href=\"https:\/\/nk7-testes.com.br\/agazeta\/nos-temos-que-repensar-a-educacao-diz-secretario\/\" \/>\n<meta property=\"og:locale\" content=\"pt_BR\" \/>\n<meta property=\"og:type\" content=\"article\" \/>\n<meta property=\"og:title\" content=\"\u201cN\u00f3s temos que repensar a Educa\u00e7\u00e3o\u201d, diz secret\u00e1rio - Agazeta.net\" \/>\n<meta property=\"og:description\" content=\"Ensino M\u00e9dio continua sendo problema em todo pa\u00eds\" \/>\n<meta property=\"og:url\" content=\"https:\/\/nk7-testes.com.br\/agazeta\/nos-temos-que-repensar-a-educacao-diz-secretario\/\" \/>\n<meta property=\"og:site_name\" content=\"Agazeta.net\" \/>\n<meta property=\"article:published_time\" content=\"2016-09-09T21:33:54+00:00\" \/>\n<meta property=\"og:image\" content=\"https:\/\/nk7-testes.com.br\/agazeta\/wp-content\/uploads\/2016\/09\/090916-cotidiano-marcobrandao-tvgazeta.jpg\" \/>\n\t<meta property=\"og:image:width\" content=\"458\" \/>\n\t<meta property=\"og:image:height\" content=\"340\" \/>\n\t<meta property=\"og:image:type\" content=\"image\/jpeg\" \/>\n<meta name=\"author\" content=\"Agazeta.Net\" \/>\n<meta name=\"twitter:card\" content=\"summary_large_image\" \/>\n<meta name=\"twitter:label1\" content=\"Escrito por\" \/>\n\t<meta name=\"twitter:data1\" content=\"Agazeta.Net\" \/>\n\t<meta name=\"twitter:label2\" content=\"Est. tempo de leitura\" \/>\n\t<meta name=\"twitter:data2\" content=\"2 minutos\" \/>\n<script type=\"application\/ld+json\" class=\"yoast-schema-graph\">{\"@context\":\"https:\/\/schema.org\",\"@graph\":[{\"@type\":\"WebPage\",\"@id\":\"https:\/\/nk7-testes.com.br\/agazeta\/nos-temos-que-repensar-a-educacao-diz-secretario\/\",\"url\":\"https:\/\/nk7-testes.com.br\/agazeta\/nos-temos-que-repensar-a-educacao-diz-secretario\/\",\"name\":\"\u201cN\u00f3s temos que repensar a Educa\u00e7\u00e3o\u201d, diz secret\u00e1rio - Agazeta.net\",\"isPartOf\":{\"@id\":\"https:\/\/nk7-testes.com.br\/agazeta\/#website\"},\"primaryImageOfPage\":{\"@id\":\"https:\/\/nk7-testes.com.br\/agazeta\/nos-temos-que-repensar-a-educacao-diz-secretario\/#primaryimage\"},\"image\":{\"@id\":\"https:\/\/nk7-testes.com.br\/agazeta\/nos-temos-que-repensar-a-educacao-diz-secretario\/#primaryimage\"},\"thumbnailUrl\":\"https:\/\/nk7-testes.com.br\/agazeta\/wp-content\/uploads\/2016\/09\/090916-cotidiano-marcobrandao-tvgazeta.jpg\",\"datePublished\":\"2016-09-09T21:33:54+00:00\",\"author\":{\"@id\":\"https:\/\/nk7-testes.com.br\/agazeta\/#\/schema\/person\/ff6b39d54d6973bfc57f4140f659b23f\"},\"breadcrumb\":{\"@id\":\"https:\/\/nk7-testes.com.br\/agazeta\/nos-temos-que-repensar-a-educacao-diz-secretario\/#breadcrumb\"},\"inLanguage\":\"pt-BR\",\"potentialAction\":[{\"@type\":\"ReadAction\",\"target\":[\"https:\/\/nk7-testes.com.br\/agazeta\/nos-temos-que-repensar-a-educacao-diz-secretario\/\"]}]},{\"@type\":\"ImageObject\",\"inLanguage\":\"pt-BR\",\"@id\":\"https:\/\/nk7-testes.com.br\/agazeta\/nos-temos-que-repensar-a-educacao-diz-secretario\/#primaryimage\",\"url\":\"https:\/\/nk7-testes.com.br\/agazeta\/wp-content\/uploads\/2016\/09\/090916-cotidiano-marcobrandao-tvgazeta.jpg\",\"contentUrl\":\"https:\/\/nk7-testes.com.br\/agazeta\/wp-content\/uploads\/2016\/09\/090916-cotidiano-marcobrandao-tvgazeta.jpg\",\"width\":458,\"height\":340,\"caption\":\"090916-cotidiano-marcobrandao-tvgazeta\"},{\"@type\":\"BreadcrumbList\",\"@id\":\"https:\/\/nk7-testes.com.br\/agazeta\/nos-temos-que-repensar-a-educacao-diz-secretario\/#breadcrumb\",\"itemListElement\":[{\"@type\":\"ListItem\",\"position\":1,\"name\":\"In\u00edcio\",\"item\":\"https:\/\/nk7-testes.com.br\/agazeta\/\"},{\"@type\":\"ListItem\",\"position\":2,\"name\":\"\u201cN\u00f3s temos que repensar a Educa\u00e7\u00e3o\u201d, diz secret\u00e1rio\"}]},{\"@type\":\"WebSite\",\"@id\":\"https:\/\/nk7-testes.com.br\/agazeta\/#website\",\"url\":\"https:\/\/nk7-testes.com.br\/agazeta\/\",\"name\":\"Agazeta.net\",\"description\":\"Agazeta.net - Not\u00edcias de Rio Branco\/AC\",\"potentialAction\":[{\"@type\":\"SearchAction\",\"target\":{\"@type\":\"EntryPoint\",\"urlTemplate\":\"https:\/\/nk7-testes.com.br\/agazeta\/?s={search_term_string}\"},\"query-input\":{\"@type\":\"PropertyValueSpecification\",\"valueRequired\":true,\"valueName\":\"search_term_string\"}}],\"inLanguage\":\"pt-BR\"},{\"@type\":\"Person\",\"@id\":\"https:\/\/nk7-testes.com.br\/agazeta\/#\/schema\/person\/ff6b39d54d6973bfc57f4140f659b23f\",\"name\":\"Agazeta.Net\",\"url\":\"https:\/\/nk7-testes.com.br\/agazeta\/author\/agazeta\/\"}]}<\/script>\n<!-- \/ Yoast SEO plugin. -->","yoast_head_json":{"title":"\u201cN\u00f3s temos que repensar a Educa\u00e7\u00e3o\u201d, diz secret\u00e1rio - Agazeta.net","robots":{"index":"index","follow":"follow","max-snippet":"max-snippet:-1","max-image-preview":"max-image-preview:large","max-video-preview":"max-video-preview:-1"},"canonical":"https:\/\/nk7-testes.com.br\/agazeta\/nos-temos-que-repensar-a-educacao-diz-secretario\/","og_locale":"pt_BR","og_type":"article","og_title":"\u201cN\u00f3s temos que repensar a Educa\u00e7\u00e3o\u201d, diz secret\u00e1rio - Agazeta.net","og_description":"Ensino M\u00e9dio continua sendo problema em todo pa\u00eds","og_url":"https:\/\/nk7-testes.com.br\/agazeta\/nos-temos-que-repensar-a-educacao-diz-secretario\/","og_site_name":"Agazeta.net","article_published_time":"2016-09-09T21:33:54+00:00","og_image":[{"width":458,"height":340,"url":"https:\/\/nk7-testes.com.br\/agazeta\/wp-content\/uploads\/2016\/09\/090916-cotidiano-marcobrandao-tvgazeta.jpg","type":"image\/jpeg"}],"author":"Agazeta.Net","twitter_card":"summary_large_image","twitter_misc":{"Escrito por":"Agazeta.Net","Est. tempo de leitura":"2 minutos"},"schema":{"@context":"https:\/\/schema.org","@graph":[{"@type":"WebPage","@id":"https:\/\/nk7-testes.com.br\/agazeta\/nos-temos-que-repensar-a-educacao-diz-secretario\/","url":"https:\/\/nk7-testes.com.br\/agazeta\/nos-temos-que-repensar-a-educacao-diz-secretario\/","name":"\u201cN\u00f3s temos que repensar a Educa\u00e7\u00e3o\u201d, diz secret\u00e1rio - Agazeta.net","isPartOf":{"@id":"https:\/\/nk7-testes.com.br\/agazeta\/#website"},"primaryImageOfPage":{"@id":"https:\/\/nk7-testes.com.br\/agazeta\/nos-temos-que-repensar-a-educacao-diz-secretario\/#primaryimage"},"image":{"@id":"https:\/\/nk7-testes.com.br\/agazeta\/nos-temos-que-repensar-a-educacao-diz-secretario\/#primaryimage"},"thumbnailUrl":"https:\/\/nk7-testes.com.br\/agazeta\/wp-content\/uploads\/2016\/09\/090916-cotidiano-marcobrandao-tvgazeta.jpg","datePublished":"2016-09-09T21:33:54+00:00","author":{"@id":"https:\/\/nk7-testes.com.br\/agazeta\/#\/schema\/person\/ff6b39d54d6973bfc57f4140f659b23f"},"breadcrumb":{"@id":"https:\/\/nk7-testes.com.br\/agazeta\/nos-temos-que-repensar-a-educacao-diz-secretario\/#breadcrumb"},"inLanguage":"pt-BR","potentialAction":[{"@type":"ReadAction","target":["https:\/\/nk7-testes.com.br\/agazeta\/nos-temos-que-repensar-a-educacao-diz-secretario\/"]}]},{"@type":"ImageObject","inLanguage":"pt-BR","@id":"https:\/\/nk7-testes.com.br\/agazeta\/nos-temos-que-repensar-a-educacao-diz-secretario\/#primaryimage","url":"https:\/\/nk7-testes.com.br\/agazeta\/wp-content\/uploads\/2016\/09\/090916-cotidiano-marcobrandao-tvgazeta.jpg","contentUrl":"https:\/\/nk7-testes.com.br\/agazeta\/wp-content\/uploads\/2016\/09\/090916-cotidiano-marcobrandao-tvgazeta.jpg","width":458,"height":340,"caption":"090916-cotidiano-marcobrandao-tvgazeta"},{"@type":"BreadcrumbList","@id":"https:\/\/nk7-testes.com.br\/agazeta\/nos-temos-que-repensar-a-educacao-diz-secretario\/#breadcrumb","itemListElement":[{"@type":"ListItem","position":1,"name":"In\u00edcio","item":"https:\/\/nk7-testes.com.br\/agazeta\/"},{"@type":"ListItem","position":2,"name":"\u201cN\u00f3s temos que repensar a Educa\u00e7\u00e3o\u201d, diz secret\u00e1rio"}]},{"@type":"WebSite","@id":"https:\/\/nk7-testes.com.br\/agazeta\/#website","url":"https:\/\/nk7-testes.com.br\/agazeta\/","name":"Agazeta.net","description":"Agazeta.net - Not\u00edcias de Rio Branco\/AC","potentialAction":[{"@type":"SearchAction","target":{"@type":"EntryPoint","urlTemplate":"https:\/\/nk7-testes.com.br\/agazeta\/?s={search_term_string}"},"query-input":{"@type":"PropertyValueSpecification","valueRequired":true,"valueName":"search_term_string"}}],"inLanguage":"pt-BR"},{"@type":"Person","@id":"https:\/\/nk7-testes.com.br\/agazeta\/#\/schema\/person\/ff6b39d54d6973bfc57f4140f659b23f","name":"Agazeta.Net","url":"https:\/\/nk7-testes.com.br\/agazeta\/author\/agazeta\/"}]}},"_links":{"self":[{"href":"https:\/\/nk7-testes.com.br\/agazeta\/wp-json\/wp\/v2\/posts\/25136","targetHints":{"allow":["GET"]}}],"collection":[{"href":"https:\/\/nk7-testes.com.br\/agazeta\/wp-json\/wp\/v2\/posts"}],"about":[{"href":"https:\/\/nk7-testes.com.br\/agazeta\/wp-json\/wp\/v2\/types\/post"}],"author":[{"embeddable":true,"href":"https:\/\/nk7-testes.com.br\/agazeta\/wp-json\/wp\/v2\/users\/4"}],"replies":[{"embeddable":true,"href":"https:\/\/nk7-testes.com.br\/agazeta\/wp-json\/wp\/v2\/comments?post=25136"}],"version-history":[{"count":0,"href":"https:\/\/nk7-testes.com.br\/agazeta\/wp-json\/wp\/v2\/posts\/25136\/revisions"}],"wp:featuredmedia":[{"embeddable":true,"href":"https:\/\/nk7-testes.com.br\/agazeta\/wp-json\/wp\/v2\/media\/25135"}],"wp:attachment":[{"href":"https:\/\/nk7-testes.com.br\/agazeta\/wp-json\/wp\/v2\/media?parent=25136"}],"wp:term":[{"taxonomy":"category","embeddable":true,"href":"https:\/\/nk7-testes.com.br\/agazeta\/wp-json\/wp\/v2\/categories?post=25136"},{"taxonomy":"post_tag","embeddable":true,"href":"https:\/\/nk7-testes.com.br\/agazeta\/wp-json\/wp\/v2\/tags?post=25136"}],"curies":[{"name":"wp","href":"https:\/\/api.w.org\/{rel}","templated":true}]}}