{"id":25124,"date":"2016-09-09T14:25:51","date_gmt":"2016-09-09T14:25:51","guid":{"rendered":"https:\/\/abarevegan.com.br\/index.php\/2016\/09\/09\/colisao-frontal-entre-moto-e-carro-quase-tragedia\/"},"modified":"2016-09-09T14:25:51","modified_gmt":"2016-09-09T14:25:51","slug":"colisao-frontal-entre-moto-e-carro-quase-tragedia","status":"publish","type":"post","link":"https:\/\/nk7-testes.com.br\/agazeta\/colisao-frontal-entre-moto-e-carro-quase-tragedia\/","title":{"rendered":"Colis\u00e3o frontal entre moto e carro: quase trag\u00e9dia"},"content":{"rendered":"<p style=\"text-align: justify;\">Motorista do carro prestou socorro<\/p>\n<p style=\"text-align: justify;\">Uma colis\u00e3o na noite dessa quinta-feira entre o gol de placa NAC-4720 e uma moto modelo Fazer de placa MZZ 6225 quase termina em trag\u00e9dia. Segundo informa\u00e7\u00f5es dos policiais de tr\u00e2nsito, o Gol transitava na rua Flamengo no sentido Avi\u00e1rio\/S\u00e3o Francisco quando fez a convers\u00e3o \u00e0 esquerda para entrar para Rua Independ\u00eancia na hora que a moto vinha no sentido contr\u00e1rio.<\/p>\n<p style=\"text-align: justify;\">A colis\u00e3o foi frontal. O piloto da moto J\u00falio Cesar Mapiano, 22, e o garupa Andr\u00e9 Paulo Sousa, 18, tiveram apenas escoria\u00e7\u00f5es pelo corpo e foram levados pelo Samu para UPA do 2\u00ba Distrito. O motorista do carro permaneceu no local e prestou assist\u00eancia para vitimas.<\/p>\n","protected":false},"excerpt":{"rendered":"<p style=\"text-align: justify;\">Motorista do carro prestou socorro<\/p>\n","protected":false},"author":4,"featured_media":25123,"comment_status":"open","ping_status":"open","sticky":false,"template":"","format":"standard","meta":{"jnews-multi-image_gallery":[],"jnews_single_post":[],"jnews_primary_category":[],"jnews_social_meta":[],"jnews_review":[],"enable_review":"","type":"","name":"","summary":"","brand":"","sku":"","good":[],"bad":[],"score_override":"","override_value":"","rating":[],"price":[],"footnotes":""},"categories":[44],"tags":[],"class_list":["post-25124","post","type-post","status-publish","format-standard","has-post-thumbnail","hentry","category-policia"],"yoast_head":"<!-- This site is optimized with the Yoast SEO plugin v26.5 - https:\/\/yoast.com\/wordpress\/plugins\/seo\/ -->\n<title>Colis\u00e3o frontal entre moto e carro: quase trag\u00e9dia - Agazeta.net<\/title>\n<meta name=\"robots\" content=\"index, follow, max-snippet:-1, max-image-preview:large, max-video-preview:-1\" \/>\n<link rel=\"canonical\" href=\"https:\/\/nk7-testes.com.br\/agazeta\/colisao-frontal-entre-moto-e-carro-quase-tragedia\/\" \/>\n<meta property=\"og:locale\" content=\"pt_BR\" \/>\n<meta property=\"og:type\" content=\"article\" \/>\n<meta property=\"og:title\" content=\"Colis\u00e3o frontal entre moto e carro: quase trag\u00e9dia - Agazeta.net\" \/>\n<meta property=\"og:description\" content=\"Motorista do carro prestou socorro\" \/>\n<meta property=\"og:url\" content=\"https:\/\/nk7-testes.com.br\/agazeta\/colisao-frontal-entre-moto-e-carro-quase-tragedia\/\" \/>\n<meta property=\"og:site_name\" content=\"Agazeta.net\" \/>\n<meta property=\"article:published_time\" content=\"2016-09-09T14:25:51+00:00\" \/>\n<meta property=\"og:image\" content=\"https:\/\/nk7-testes.com.br\/agazeta\/wp-content\/uploads\/2016\/09\/090916-policia-acidente-cleriston.jpg\" \/>\n\t<meta property=\"og:image:width\" content=\"458\" \/>\n\t<meta property=\"og:image:height\" content=\"340\" \/>\n\t<meta property=\"og:image:type\" content=\"image\/jpeg\" \/>\n<meta name=\"author\" content=\"Agazeta.Net\" \/>\n<meta name=\"twitter:card\" content=\"summary_large_image\" \/>\n<meta name=\"twitter:label1\" content=\"Escrito por\" \/>\n\t<meta name=\"twitter:data1\" content=\"Agazeta.Net\" \/>\n\t<meta name=\"twitter:label2\" content=\"Est. tempo de leitura\" \/>\n\t<meta name=\"twitter:data2\" content=\"1 minuto\" \/>\n<script type=\"application\/ld+json\" class=\"yoast-schema-graph\">{\"@context\":\"https:\/\/schema.org\",\"@graph\":[{\"@type\":\"WebPage\",\"@id\":\"https:\/\/nk7-testes.com.br\/agazeta\/colisao-frontal-entre-moto-e-carro-quase-tragedia\/\",\"url\":\"https:\/\/nk7-testes.com.br\/agazeta\/colisao-frontal-entre-moto-e-carro-quase-tragedia\/\",\"name\":\"Colis\u00e3o frontal entre moto e carro: quase trag\u00e9dia - Agazeta.net\",\"isPartOf\":{\"@id\":\"https:\/\/nk7-testes.com.br\/agazeta\/#website\"},\"primaryImageOfPage\":{\"@id\":\"https:\/\/nk7-testes.com.br\/agazeta\/colisao-frontal-entre-moto-e-carro-quase-tragedia\/#primaryimage\"},\"image\":{\"@id\":\"https:\/\/nk7-testes.com.br\/agazeta\/colisao-frontal-entre-moto-e-carro-quase-tragedia\/#primaryimage\"},\"thumbnailUrl\":\"https:\/\/nk7-testes.com.br\/agazeta\/wp-content\/uploads\/2016\/09\/090916-policia-acidente-cleriston.jpg\",\"datePublished\":\"2016-09-09T14:25:51+00:00\",\"author\":{\"@id\":\"https:\/\/nk7-testes.com.br\/agazeta\/#\/schema\/person\/6d6e25cb0435eb4a02fd44d30b4e3020\"},\"breadcrumb\":{\"@id\":\"https:\/\/nk7-testes.com.br\/agazeta\/colisao-frontal-entre-moto-e-carro-quase-tragedia\/#breadcrumb\"},\"inLanguage\":\"pt-BR\",\"potentialAction\":[{\"@type\":\"ReadAction\",\"target\":[\"https:\/\/nk7-testes.com.br\/agazeta\/colisao-frontal-entre-moto-e-carro-quase-tragedia\/\"]}]},{\"@type\":\"ImageObject\",\"inLanguage\":\"pt-BR\",\"@id\":\"https:\/\/nk7-testes.com.br\/agazeta\/colisao-frontal-entre-moto-e-carro-quase-tragedia\/#primaryimage\",\"url\":\"https:\/\/nk7-testes.com.br\/agazeta\/wp-content\/uploads\/2016\/09\/090916-policia-acidente-cleriston.jpg\",\"contentUrl\":\"https:\/\/nk7-testes.com.br\/agazeta\/wp-content\/uploads\/2016\/09\/090916-policia-acidente-cleriston.jpg\",\"width\":458,\"height\":340,\"caption\":\"090916-policia-acidente-cleriston\"},{\"@type\":\"BreadcrumbList\",\"@id\":\"https:\/\/nk7-testes.com.br\/agazeta\/colisao-frontal-entre-moto-e-carro-quase-tragedia\/#breadcrumb\",\"itemListElement\":[{\"@type\":\"ListItem\",\"position\":1,\"name\":\"In\u00edcio\",\"item\":\"https:\/\/nk7-testes.com.br\/agazeta\/\"},{\"@type\":\"ListItem\",\"position\":2,\"name\":\"Colis\u00e3o frontal entre moto e carro: quase trag\u00e9dia\"}]},{\"@type\":\"WebSite\",\"@id\":\"https:\/\/nk7-testes.com.br\/agazeta\/#website\",\"url\":\"https:\/\/nk7-testes.com.br\/agazeta\/\",\"name\":\"Agazeta.net\",\"description\":\"Agazeta.net - Not\u00edcias de Rio Branco\/AC\",\"potentialAction\":[{\"@type\":\"SearchAction\",\"target\":{\"@type\":\"EntryPoint\",\"urlTemplate\":\"https:\/\/nk7-testes.com.br\/agazeta\/?s={search_term_string}\"},\"query-input\":{\"@type\":\"PropertyValueSpecification\",\"valueRequired\":true,\"valueName\":\"search_term_string\"}}],\"inLanguage\":\"pt-BR\"},{\"@type\":\"Person\",\"@id\":\"https:\/\/nk7-testes.com.br\/agazeta\/#\/schema\/person\/6d6e25cb0435eb4a02fd44d30b4e3020\",\"name\":\"Agazeta.Net\",\"url\":\"https:\/\/nk7-testes.com.br\/agazeta\/author\/agazeta\/\"}]}<\/script>\n<!-- \/ Yoast SEO plugin. -->","yoast_head_json":{"title":"Colis\u00e3o frontal entre moto e carro: quase trag\u00e9dia - Agazeta.net","robots":{"index":"index","follow":"follow","max-snippet":"max-snippet:-1","max-image-preview":"max-image-preview:large","max-video-preview":"max-video-preview:-1"},"canonical":"https:\/\/nk7-testes.com.br\/agazeta\/colisao-frontal-entre-moto-e-carro-quase-tragedia\/","og_locale":"pt_BR","og_type":"article","og_title":"Colis\u00e3o frontal entre moto e carro: quase trag\u00e9dia - Agazeta.net","og_description":"Motorista do carro prestou socorro","og_url":"https:\/\/nk7-testes.com.br\/agazeta\/colisao-frontal-entre-moto-e-carro-quase-tragedia\/","og_site_name":"Agazeta.net","article_published_time":"2016-09-09T14:25:51+00:00","og_image":[{"width":458,"height":340,"url":"https:\/\/nk7-testes.com.br\/agazeta\/wp-content\/uploads\/2016\/09\/090916-policia-acidente-cleriston.jpg","type":"image\/jpeg"}],"author":"Agazeta.Net","twitter_card":"summary_large_image","twitter_misc":{"Escrito por":"Agazeta.Net","Est. tempo de leitura":"1 minuto"},"schema":{"@context":"https:\/\/schema.org","@graph":[{"@type":"WebPage","@id":"https:\/\/nk7-testes.com.br\/agazeta\/colisao-frontal-entre-moto-e-carro-quase-tragedia\/","url":"https:\/\/nk7-testes.com.br\/agazeta\/colisao-frontal-entre-moto-e-carro-quase-tragedia\/","name":"Colis\u00e3o frontal entre moto e carro: quase trag\u00e9dia - Agazeta.net","isPartOf":{"@id":"https:\/\/nk7-testes.com.br\/agazeta\/#website"},"primaryImageOfPage":{"@id":"https:\/\/nk7-testes.com.br\/agazeta\/colisao-frontal-entre-moto-e-carro-quase-tragedia\/#primaryimage"},"image":{"@id":"https:\/\/nk7-testes.com.br\/agazeta\/colisao-frontal-entre-moto-e-carro-quase-tragedia\/#primaryimage"},"thumbnailUrl":"https:\/\/nk7-testes.com.br\/agazeta\/wp-content\/uploads\/2016\/09\/090916-policia-acidente-cleriston.jpg","datePublished":"2016-09-09T14:25:51+00:00","author":{"@id":"https:\/\/nk7-testes.com.br\/agazeta\/#\/schema\/person\/6d6e25cb0435eb4a02fd44d30b4e3020"},"breadcrumb":{"@id":"https:\/\/nk7-testes.com.br\/agazeta\/colisao-frontal-entre-moto-e-carro-quase-tragedia\/#breadcrumb"},"inLanguage":"pt-BR","potentialAction":[{"@type":"ReadAction","target":["https:\/\/nk7-testes.com.br\/agazeta\/colisao-frontal-entre-moto-e-carro-quase-tragedia\/"]}]},{"@type":"ImageObject","inLanguage":"pt-BR","@id":"https:\/\/nk7-testes.com.br\/agazeta\/colisao-frontal-entre-moto-e-carro-quase-tragedia\/#primaryimage","url":"https:\/\/nk7-testes.com.br\/agazeta\/wp-content\/uploads\/2016\/09\/090916-policia-acidente-cleriston.jpg","contentUrl":"https:\/\/nk7-testes.com.br\/agazeta\/wp-content\/uploads\/2016\/09\/090916-policia-acidente-cleriston.jpg","width":458,"height":340,"caption":"090916-policia-acidente-cleriston"},{"@type":"BreadcrumbList","@id":"https:\/\/nk7-testes.com.br\/agazeta\/colisao-frontal-entre-moto-e-carro-quase-tragedia\/#breadcrumb","itemListElement":[{"@type":"ListItem","position":1,"name":"In\u00edcio","item":"https:\/\/nk7-testes.com.br\/agazeta\/"},{"@type":"ListItem","position":2,"name":"Colis\u00e3o frontal entre moto e carro: quase trag\u00e9dia"}]},{"@type":"WebSite","@id":"https:\/\/nk7-testes.com.br\/agazeta\/#website","url":"https:\/\/nk7-testes.com.br\/agazeta\/","name":"Agazeta.net","description":"Agazeta.net - Not\u00edcias de Rio Branco\/AC","potentialAction":[{"@type":"SearchAction","target":{"@type":"EntryPoint","urlTemplate":"https:\/\/nk7-testes.com.br\/agazeta\/?s={search_term_string}"},"query-input":{"@type":"PropertyValueSpecification","valueRequired":true,"valueName":"search_term_string"}}],"inLanguage":"pt-BR"},{"@type":"Person","@id":"https:\/\/nk7-testes.com.br\/agazeta\/#\/schema\/person\/6d6e25cb0435eb4a02fd44d30b4e3020","name":"Agazeta.Net","url":"https:\/\/nk7-testes.com.br\/agazeta\/author\/agazeta\/"}]}},"_links":{"self":[{"href":"https:\/\/nk7-testes.com.br\/agazeta\/wp-json\/wp\/v2\/posts\/25124","targetHints":{"allow":["GET"]}}],"collection":[{"href":"https:\/\/nk7-testes.com.br\/agazeta\/wp-json\/wp\/v2\/posts"}],"about":[{"href":"https:\/\/nk7-testes.com.br\/agazeta\/wp-json\/wp\/v2\/types\/post"}],"author":[{"embeddable":true,"href":"https:\/\/nk7-testes.com.br\/agazeta\/wp-json\/wp\/v2\/users\/4"}],"replies":[{"embeddable":true,"href":"https:\/\/nk7-testes.com.br\/agazeta\/wp-json\/wp\/v2\/comments?post=25124"}],"version-history":[{"count":0,"href":"https:\/\/nk7-testes.com.br\/agazeta\/wp-json\/wp\/v2\/posts\/25124\/revisions"}],"wp:featuredmedia":[{"embeddable":true,"href":"https:\/\/nk7-testes.com.br\/agazeta\/wp-json\/wp\/v2\/media\/25123"}],"wp:attachment":[{"href":"https:\/\/nk7-testes.com.br\/agazeta\/wp-json\/wp\/v2\/media?parent=25124"}],"wp:term":[{"taxonomy":"category","embeddable":true,"href":"https:\/\/nk7-testes.com.br\/agazeta\/wp-json\/wp\/v2\/categories?post=25124"},{"taxonomy":"post_tag","embeddable":true,"href":"https:\/\/nk7-testes.com.br\/agazeta\/wp-json\/wp\/v2\/tags?post=25124"}],"curies":[{"name":"wp","href":"https:\/\/api.w.org\/{rel}","templated":true}]}}