{"id":25018,"date":"2016-09-07T13:43:15","date_gmt":"2016-09-07T13:43:15","guid":{"rendered":"https:\/\/abarevegan.com.br\/index.php\/2016\/09\/07\/nivel-do-rio-acre-continua-oscilando\/"},"modified":"2016-09-07T13:43:15","modified_gmt":"2016-09-07T13:43:15","slug":"nivel-do-rio-acre-continua-oscilando","status":"publish","type":"post","link":"https:\/\/nk7-testes.com.br\/agazeta\/nivel-do-rio-acre-continua-oscilando\/","title":{"rendered":"N\u00edvel do Rio Acre continua oscilando"},"content":{"rendered":"<p style=\"text-align: justify;\">Bombas flutuantes ainda est\u00e3o em atividade<\/p>\n<p style=\"text-align: justify;\">Ap\u00f3s vazante, na manh\u00e3 desta quarta-feira, 7, o manancial registrou a marca de 1,42 metro em Rio Branco, de acordo com medi\u00e7\u00e3o realizada pela Defesa Civil. S\u00e3o tr\u00eas cent\u00edmetros a mais que no dia anterior.<\/p>\n<p style=\"text-align: justify;\">O governo, por meio do Departamento Estadual de Pavimenta\u00e7\u00e3o e Saneamento (Depasa), segue executando o Plano de Conting\u00eancia de Abastecimento, implementado em julho deste ano.<\/p>\n<p style=\"text-align: justify;\">Uma nova configura\u00e7\u00e3o no sistema de abastecimento foi estabelecida nas Esta\u00e7\u00f5es de Tratamento de \u00c1gua (ETAs) da capital.<\/p>\n<p style=\"text-align: justify;\">Cinco bombas em balsas flutuantes auxiliam na capta\u00e7\u00e3o da ETA II. A bomba em balsa flutuante da ETA I j\u00e1 foi instalada e dever\u00e1 ser usada em poss\u00edvel agravamento do cen\u00e1rio de seca.<\/p>\n<p style=\"text-align: justify;\">Paralelamente \u00e0s a\u00e7\u00f5es do plano, o governo tamb\u00e9m realiza a campanha \u201cN\u00f3s Contra o Desperd\u00edcio\u201d, que visa conscientizar a popula\u00e7\u00e3o sobre o uso racional de \u00e1gua. Nesta semana, as a\u00e7\u00f5es educativas e de fiscaliza\u00e7\u00e3o foram promovidas na regional do S\u00e3o Francisco.<\/p>\n<p style=\"text-align: justify;\">O servi\u00e7o de liga\u00e7\u00e3o gratuita por meio do 0800 721 1314 e mensagens feitas pelo aplicativo Whatsapp para o n\u00famero 99238-0101 est\u00e3o dispon\u00edveis aos consumidores para servi\u00e7os administrativos, relato de falta de \u00e1gua e den\u00fancias contra desperd\u00edcio.<\/p>\n<p style=\"text-align: justify;\">Queimadas<\/p>\n<p style=\"text-align: justify;\">De acordo com o sat\u00e9lite de refer\u00eancia de monitoramento do Instituto Nacional de Pesquisas Espaciais (Inpe), neste ano, de janeiro at\u00e9 agosto, o Acre registrou 2.776 focos de calor, entre queimadas urbanas e rurais.<\/p>\n<p style=\"text-align: justify;\">Feij\u00f3, Tarauac\u00e1, Rio Branco, Manoel Urbano e Cruzeiro do Sul s\u00e3o os munic\u00edpios com maior \u00edndice de focos de calor em todo o Estado.<\/p>\n<p style=\"text-align: justify;\">Ainda segundo o Inpe, o Acre ocupa a oitava posi\u00e7\u00e3o no ranking de focos de calor dos Estados que comp\u00f5em a Amaz\u00f4nia Legal. Mato Grosso, Tocantins e Par\u00e1 lideram em termos de ocorr\u00eancia.<\/p>\n<p style=\"text-align: justify;\">Fiscaliza\u00e7\u00e3o<\/p>\n<p style=\"text-align: justify;\">O Instituto de Meio Ambiente do Acre (Imac), Batalh\u00e3o de Policiamento Ambiental (BPA) e demais \u00f3rg\u00e3os ambientais promovem a\u00e7\u00f5es educativas e repressivas sobre os perigos das queimadas. De julho a agosto, a autarquia j\u00e1 aplicou mais de R$ 200 mil em multas por crimes ambientais e cerca de 100 propriedades foram embargadas.<\/p>\n<p style=\"text-align: justify;\">Opera\u00e7\u00f5es de fiscaliza\u00e7\u00e3o de desmatamento ilegal e combate \u00e0s queimadas est\u00e3o sendo realizadas em todo o estado. Os cidad\u00e3os flagrados cometendo qualquer crime ambiental s\u00e3o autuado e t\u00eam suas \u00e1reas embargadas.<\/p>\n<p style=\"text-align: justify;\">No Vale do Juru\u00e1, o governo realizou opera\u00e7\u00e3o integrada de fiscaliza\u00e7\u00e3o de crimes ambientais. E apesar dos focos de calor terem apresentado estabilidade nos \u00faltimos dias, a Comiss\u00e3o Estadual de Gest\u00e3o de Riscos Ambientais iniciou na semana passada a Opera\u00e7\u00e3o 7 de Setembro, que visa coibir crimes ambientais no Baixo e Alto Acre e conscientizar a popula\u00e7\u00e3o.<\/p>\n","protected":false},"excerpt":{"rendered":"<p style=\"text-align: justify;\">Bombas flutuantes ainda est\u00e3o em atividade<\/p>\n","protected":false},"author":4,"featured_media":23477,"comment_status":"open","ping_status":"open","sticky":false,"template":"","format":"standard","meta":{"jnews-multi-image_gallery":[],"jnews_single_post":[],"jnews_primary_category":[],"jnews_social_meta":[],"jnews_review":[],"enable_review":"","type":"","name":"","summary":"","brand":"","sku":"","good":[],"bad":[],"score_override":"","override_value":"","rating":[],"price":[],"footnotes":""},"categories":[54],"tags":[],"class_list":["post-25018","post","type-post","status-publish","format-standard","has-post-thumbnail","hentry","category-cotidiano"],"yoast_head":"<!-- This site is optimized with the Yoast SEO plugin v26.5 - https:\/\/yoast.com\/wordpress\/plugins\/seo\/ -->\n<title>N\u00edvel do Rio Acre continua oscilando - Agazeta.net<\/title>\n<meta name=\"robots\" content=\"index, follow, max-snippet:-1, max-image-preview:large, max-video-preview:-1\" \/>\n<link rel=\"canonical\" href=\"https:\/\/nk7-testes.com.br\/agazeta\/nivel-do-rio-acre-continua-oscilando\/\" \/>\n<meta property=\"og:locale\" content=\"pt_BR\" \/>\n<meta property=\"og:type\" content=\"article\" \/>\n<meta property=\"og:title\" content=\"N\u00edvel do Rio Acre continua oscilando - Agazeta.net\" \/>\n<meta property=\"og:description\" content=\"Bombas flutuantes ainda est\u00e3o em atividade\" \/>\n<meta property=\"og:url\" content=\"https:\/\/nk7-testes.com.br\/agazeta\/nivel-do-rio-acre-continua-oscilando\/\" \/>\n<meta property=\"og:site_name\" content=\"Agazeta.net\" \/>\n<meta property=\"article:published_time\" content=\"2016-09-07T13:43:15+00:00\" \/>\n<meta property=\"og:image\" content=\"https:\/\/nk7-testes.com.br\/agazeta\/wp-content\/uploads\/2016\/06\/230616-politica-rioacre-tvgazeta.jpg\" \/>\n\t<meta property=\"og:image:width\" content=\"458\" \/>\n\t<meta property=\"og:image:height\" content=\"340\" \/>\n\t<meta property=\"og:image:type\" content=\"image\/jpeg\" \/>\n<meta name=\"author\" content=\"Agazeta.Net\" \/>\n<meta name=\"twitter:card\" content=\"summary_large_image\" \/>\n<meta name=\"twitter:label1\" content=\"Escrito por\" \/>\n\t<meta name=\"twitter:data1\" content=\"Agazeta.Net\" \/>\n\t<meta name=\"twitter:label2\" content=\"Est. tempo de leitura\" \/>\n\t<meta name=\"twitter:data2\" content=\"2 minutos\" \/>\n<script type=\"application\/ld+json\" class=\"yoast-schema-graph\">{\"@context\":\"https:\/\/schema.org\",\"@graph\":[{\"@type\":\"WebPage\",\"@id\":\"https:\/\/nk7-testes.com.br\/agazeta\/nivel-do-rio-acre-continua-oscilando\/\",\"url\":\"https:\/\/nk7-testes.com.br\/agazeta\/nivel-do-rio-acre-continua-oscilando\/\",\"name\":\"N\u00edvel do Rio Acre continua oscilando - Agazeta.net\",\"isPartOf\":{\"@id\":\"https:\/\/nk7-testes.com.br\/agazeta\/#website\"},\"primaryImageOfPage\":{\"@id\":\"https:\/\/nk7-testes.com.br\/agazeta\/nivel-do-rio-acre-continua-oscilando\/#primaryimage\"},\"image\":{\"@id\":\"https:\/\/nk7-testes.com.br\/agazeta\/nivel-do-rio-acre-continua-oscilando\/#primaryimage\"},\"thumbnailUrl\":\"https:\/\/nk7-testes.com.br\/agazeta\/wp-content\/uploads\/2016\/06\/230616-politica-rioacre-tvgazeta.jpg\",\"datePublished\":\"2016-09-07T13:43:15+00:00\",\"author\":{\"@id\":\"https:\/\/nk7-testes.com.br\/agazeta\/#\/schema\/person\/ff6b39d54d6973bfc57f4140f659b23f\"},\"breadcrumb\":{\"@id\":\"https:\/\/nk7-testes.com.br\/agazeta\/nivel-do-rio-acre-continua-oscilando\/#breadcrumb\"},\"inLanguage\":\"pt-BR\",\"potentialAction\":[{\"@type\":\"ReadAction\",\"target\":[\"https:\/\/nk7-testes.com.br\/agazeta\/nivel-do-rio-acre-continua-oscilando\/\"]}]},{\"@type\":\"ImageObject\",\"inLanguage\":\"pt-BR\",\"@id\":\"https:\/\/nk7-testes.com.br\/agazeta\/nivel-do-rio-acre-continua-oscilando\/#primaryimage\",\"url\":\"https:\/\/nk7-testes.com.br\/agazeta\/wp-content\/uploads\/2016\/06\/230616-politica-rioacre-tvgazeta.jpg\",\"contentUrl\":\"https:\/\/nk7-testes.com.br\/agazeta\/wp-content\/uploads\/2016\/06\/230616-politica-rioacre-tvgazeta.jpg\",\"width\":458,\"height\":340,\"caption\":\"230616-politica-rioacre-tvgazeta\"},{\"@type\":\"BreadcrumbList\",\"@id\":\"https:\/\/nk7-testes.com.br\/agazeta\/nivel-do-rio-acre-continua-oscilando\/#breadcrumb\",\"itemListElement\":[{\"@type\":\"ListItem\",\"position\":1,\"name\":\"In\u00edcio\",\"item\":\"https:\/\/nk7-testes.com.br\/agazeta\/\"},{\"@type\":\"ListItem\",\"position\":2,\"name\":\"N\u00edvel do Rio Acre continua oscilando\"}]},{\"@type\":\"WebSite\",\"@id\":\"https:\/\/nk7-testes.com.br\/agazeta\/#website\",\"url\":\"https:\/\/nk7-testes.com.br\/agazeta\/\",\"name\":\"Agazeta.net\",\"description\":\"Agazeta.net - Not\u00edcias de Rio Branco\/AC\",\"potentialAction\":[{\"@type\":\"SearchAction\",\"target\":{\"@type\":\"EntryPoint\",\"urlTemplate\":\"https:\/\/nk7-testes.com.br\/agazeta\/?s={search_term_string}\"},\"query-input\":{\"@type\":\"PropertyValueSpecification\",\"valueRequired\":true,\"valueName\":\"search_term_string\"}}],\"inLanguage\":\"pt-BR\"},{\"@type\":\"Person\",\"@id\":\"https:\/\/nk7-testes.com.br\/agazeta\/#\/schema\/person\/ff6b39d54d6973bfc57f4140f659b23f\",\"name\":\"Agazeta.Net\",\"url\":\"https:\/\/nk7-testes.com.br\/agazeta\/author\/agazeta\/\"}]}<\/script>\n<!-- \/ Yoast SEO plugin. -->","yoast_head_json":{"title":"N\u00edvel do Rio Acre continua oscilando - Agazeta.net","robots":{"index":"index","follow":"follow","max-snippet":"max-snippet:-1","max-image-preview":"max-image-preview:large","max-video-preview":"max-video-preview:-1"},"canonical":"https:\/\/nk7-testes.com.br\/agazeta\/nivel-do-rio-acre-continua-oscilando\/","og_locale":"pt_BR","og_type":"article","og_title":"N\u00edvel do Rio Acre continua oscilando - Agazeta.net","og_description":"Bombas flutuantes ainda est\u00e3o em atividade","og_url":"https:\/\/nk7-testes.com.br\/agazeta\/nivel-do-rio-acre-continua-oscilando\/","og_site_name":"Agazeta.net","article_published_time":"2016-09-07T13:43:15+00:00","og_image":[{"width":458,"height":340,"url":"https:\/\/nk7-testes.com.br\/agazeta\/wp-content\/uploads\/2016\/06\/230616-politica-rioacre-tvgazeta.jpg","type":"image\/jpeg"}],"author":"Agazeta.Net","twitter_card":"summary_large_image","twitter_misc":{"Escrito por":"Agazeta.Net","Est. tempo de leitura":"2 minutos"},"schema":{"@context":"https:\/\/schema.org","@graph":[{"@type":"WebPage","@id":"https:\/\/nk7-testes.com.br\/agazeta\/nivel-do-rio-acre-continua-oscilando\/","url":"https:\/\/nk7-testes.com.br\/agazeta\/nivel-do-rio-acre-continua-oscilando\/","name":"N\u00edvel do Rio Acre continua oscilando - Agazeta.net","isPartOf":{"@id":"https:\/\/nk7-testes.com.br\/agazeta\/#website"},"primaryImageOfPage":{"@id":"https:\/\/nk7-testes.com.br\/agazeta\/nivel-do-rio-acre-continua-oscilando\/#primaryimage"},"image":{"@id":"https:\/\/nk7-testes.com.br\/agazeta\/nivel-do-rio-acre-continua-oscilando\/#primaryimage"},"thumbnailUrl":"https:\/\/nk7-testes.com.br\/agazeta\/wp-content\/uploads\/2016\/06\/230616-politica-rioacre-tvgazeta.jpg","datePublished":"2016-09-07T13:43:15+00:00","author":{"@id":"https:\/\/nk7-testes.com.br\/agazeta\/#\/schema\/person\/ff6b39d54d6973bfc57f4140f659b23f"},"breadcrumb":{"@id":"https:\/\/nk7-testes.com.br\/agazeta\/nivel-do-rio-acre-continua-oscilando\/#breadcrumb"},"inLanguage":"pt-BR","potentialAction":[{"@type":"ReadAction","target":["https:\/\/nk7-testes.com.br\/agazeta\/nivel-do-rio-acre-continua-oscilando\/"]}]},{"@type":"ImageObject","inLanguage":"pt-BR","@id":"https:\/\/nk7-testes.com.br\/agazeta\/nivel-do-rio-acre-continua-oscilando\/#primaryimage","url":"https:\/\/nk7-testes.com.br\/agazeta\/wp-content\/uploads\/2016\/06\/230616-politica-rioacre-tvgazeta.jpg","contentUrl":"https:\/\/nk7-testes.com.br\/agazeta\/wp-content\/uploads\/2016\/06\/230616-politica-rioacre-tvgazeta.jpg","width":458,"height":340,"caption":"230616-politica-rioacre-tvgazeta"},{"@type":"BreadcrumbList","@id":"https:\/\/nk7-testes.com.br\/agazeta\/nivel-do-rio-acre-continua-oscilando\/#breadcrumb","itemListElement":[{"@type":"ListItem","position":1,"name":"In\u00edcio","item":"https:\/\/nk7-testes.com.br\/agazeta\/"},{"@type":"ListItem","position":2,"name":"N\u00edvel do Rio Acre continua oscilando"}]},{"@type":"WebSite","@id":"https:\/\/nk7-testes.com.br\/agazeta\/#website","url":"https:\/\/nk7-testes.com.br\/agazeta\/","name":"Agazeta.net","description":"Agazeta.net - Not\u00edcias de Rio Branco\/AC","potentialAction":[{"@type":"SearchAction","target":{"@type":"EntryPoint","urlTemplate":"https:\/\/nk7-testes.com.br\/agazeta\/?s={search_term_string}"},"query-input":{"@type":"PropertyValueSpecification","valueRequired":true,"valueName":"search_term_string"}}],"inLanguage":"pt-BR"},{"@type":"Person","@id":"https:\/\/nk7-testes.com.br\/agazeta\/#\/schema\/person\/ff6b39d54d6973bfc57f4140f659b23f","name":"Agazeta.Net","url":"https:\/\/nk7-testes.com.br\/agazeta\/author\/agazeta\/"}]}},"_links":{"self":[{"href":"https:\/\/nk7-testes.com.br\/agazeta\/wp-json\/wp\/v2\/posts\/25018","targetHints":{"allow":["GET"]}}],"collection":[{"href":"https:\/\/nk7-testes.com.br\/agazeta\/wp-json\/wp\/v2\/posts"}],"about":[{"href":"https:\/\/nk7-testes.com.br\/agazeta\/wp-json\/wp\/v2\/types\/post"}],"author":[{"embeddable":true,"href":"https:\/\/nk7-testes.com.br\/agazeta\/wp-json\/wp\/v2\/users\/4"}],"replies":[{"embeddable":true,"href":"https:\/\/nk7-testes.com.br\/agazeta\/wp-json\/wp\/v2\/comments?post=25018"}],"version-history":[{"count":0,"href":"https:\/\/nk7-testes.com.br\/agazeta\/wp-json\/wp\/v2\/posts\/25018\/revisions"}],"wp:featuredmedia":[{"embeddable":true,"href":"https:\/\/nk7-testes.com.br\/agazeta\/wp-json\/wp\/v2\/media\/23477"}],"wp:attachment":[{"href":"https:\/\/nk7-testes.com.br\/agazeta\/wp-json\/wp\/v2\/media?parent=25018"}],"wp:term":[{"taxonomy":"category","embeddable":true,"href":"https:\/\/nk7-testes.com.br\/agazeta\/wp-json\/wp\/v2\/categories?post=25018"},{"taxonomy":"post_tag","embeddable":true,"href":"https:\/\/nk7-testes.com.br\/agazeta\/wp-json\/wp\/v2\/tags?post=25018"}],"curies":[{"name":"wp","href":"https:\/\/api.w.org\/{rel}","templated":true}]}}