{"id":25017,"date":"2016-09-07T13:29:21","date_gmt":"2016-09-07T13:29:21","guid":{"rendered":"https:\/\/abarevegan.com.br\/index.php\/2016\/09\/07\/ladroes-pulam-do-segundo-andar-de-casa\/"},"modified":"2016-09-07T13:29:21","modified_gmt":"2016-09-07T13:29:21","slug":"ladroes-pulam-do-segundo-andar-de-casa","status":"publish","type":"post","link":"https:\/\/nk7-testes.com.br\/agazeta\/ladroes-pulam-do-segundo-andar-de-casa\/","title":{"rendered":"Ladr\u00f5es pulam do segundo andar de casa"},"content":{"rendered":"<p style=\"text-align: justify;\">Gesto desesperado aconteceu ap\u00f3s chegada da pol\u00edcia<\/p>\n<p style=\"text-align: justify;\">Jos\u00e9 Felipe Bezerra Moura, 20, foi preso no final da tarde desta ter\u00e7a-feira (6), acusado de furto. Os policiais do 5\u00ba Batalh\u00e3o estavam em patrulhamento no residencial Andir\u00e1, regi\u00e3o do Apol\u00f4nio Sales.<\/p>\n<p style=\"text-align: justify;\">Em obras abandonadas do Governo Federal do programa Minha Casa Minha Vida, tr\u00eas homens estavam roubando materiais de constru\u00e7\u00e3o das unidades habitacionais. Ao perceber a viatura da Pol\u00edcia Militar, pularam do segundo andar de uma das casas e sa\u00edram correndo.<\/p>\n<p style=\"text-align: justify;\">Os policiais conseguiram prender o acusado Jos\u00e9 Felipe. Com ele, a pol\u00edcia apreendeu um p\u00e9 de cabra que estava sendo usado para furtar madeiras das casas. Na tentativa de fuga, o Jos\u00e9 teria se machucado e, por isso, n\u00e3o teria conseguido escapar como os seus compassas. Ele foi preso e conduzido \u00e0 delegacia Central de Flagrantes.<\/p>\n<p style=\"text-align: justify;\">Junto com ele, foram apreendidos materiais de constru\u00e7\u00e3o que j\u00e1 seriam levados pelo grupo. Um \u201cp\u00e9 de cabra\u201d era o instrumento usado.<\/p>\n","protected":false},"excerpt":{"rendered":"<p style=\"text-align: justify;\">Gesto desesperado aconteceu ap\u00f3s chegada da pol\u00edcia<\/p>\n","protected":false},"author":4,"featured_media":25016,"comment_status":"open","ping_status":"open","sticky":false,"template":"","format":"standard","meta":{"jnews-multi-image_gallery":[],"jnews_single_post":[],"jnews_primary_category":[],"jnews_social_meta":[],"jnews_review":[],"enable_review":"","type":"","name":"","summary":"","brand":"","sku":"","good":[],"bad":[],"score_override":"","override_value":"","rating":[],"price":[],"footnotes":""},"categories":[44],"tags":[],"class_list":["post-25017","post","type-post","status-publish","format-standard","has-post-thumbnail","hentry","category-policia"],"yoast_head":"<!-- This site is optimized with the Yoast SEO plugin v26.5 - https:\/\/yoast.com\/wordpress\/plugins\/seo\/ -->\n<title>Ladr\u00f5es pulam do segundo andar de casa - Agazeta.net<\/title>\n<meta name=\"robots\" content=\"index, follow, max-snippet:-1, max-image-preview:large, max-video-preview:-1\" \/>\n<link rel=\"canonical\" href=\"https:\/\/nk7-testes.com.br\/agazeta\/ladroes-pulam-do-segundo-andar-de-casa\/\" \/>\n<meta property=\"og:locale\" content=\"pt_BR\" \/>\n<meta property=\"og:type\" content=\"article\" \/>\n<meta property=\"og:title\" content=\"Ladr\u00f5es pulam do segundo andar de casa - Agazeta.net\" \/>\n<meta property=\"og:description\" content=\"Gesto desesperado aconteceu ap\u00f3s chegada da pol\u00edcia\" \/>\n<meta property=\"og:url\" content=\"https:\/\/nk7-testes.com.br\/agazeta\/ladroes-pulam-do-segundo-andar-de-casa\/\" \/>\n<meta property=\"og:site_name\" content=\"Agazeta.net\" \/>\n<meta property=\"article:published_time\" content=\"2016-09-07T13:29:21+00:00\" \/>\n<meta property=\"og:image\" content=\"https:\/\/nk7-testes.com.br\/agazeta\/wp-content\/uploads\/2016\/09\/070916-policia-segundoandar-cleriston.jpg\" \/>\n\t<meta property=\"og:image:width\" content=\"458\" \/>\n\t<meta property=\"og:image:height\" content=\"340\" \/>\n\t<meta property=\"og:image:type\" content=\"image\/jpeg\" \/>\n<meta name=\"author\" content=\"Agazeta.Net\" \/>\n<meta name=\"twitter:card\" content=\"summary_large_image\" \/>\n<meta name=\"twitter:label1\" content=\"Escrito por\" \/>\n\t<meta name=\"twitter:data1\" content=\"Agazeta.Net\" \/>\n\t<meta name=\"twitter:label2\" content=\"Est. tempo de leitura\" \/>\n\t<meta name=\"twitter:data2\" content=\"1 minuto\" \/>\n<script type=\"application\/ld+json\" class=\"yoast-schema-graph\">{\"@context\":\"https:\/\/schema.org\",\"@graph\":[{\"@type\":\"WebPage\",\"@id\":\"https:\/\/nk7-testes.com.br\/agazeta\/ladroes-pulam-do-segundo-andar-de-casa\/\",\"url\":\"https:\/\/nk7-testes.com.br\/agazeta\/ladroes-pulam-do-segundo-andar-de-casa\/\",\"name\":\"Ladr\u00f5es pulam do segundo andar de casa - Agazeta.net\",\"isPartOf\":{\"@id\":\"https:\/\/nk7-testes.com.br\/agazeta\/#website\"},\"primaryImageOfPage\":{\"@id\":\"https:\/\/nk7-testes.com.br\/agazeta\/ladroes-pulam-do-segundo-andar-de-casa\/#primaryimage\"},\"image\":{\"@id\":\"https:\/\/nk7-testes.com.br\/agazeta\/ladroes-pulam-do-segundo-andar-de-casa\/#primaryimage\"},\"thumbnailUrl\":\"https:\/\/nk7-testes.com.br\/agazeta\/wp-content\/uploads\/2016\/09\/070916-policia-segundoandar-cleriston.jpg\",\"datePublished\":\"2016-09-07T13:29:21+00:00\",\"author\":{\"@id\":\"https:\/\/nk7-testes.com.br\/agazeta\/#\/schema\/person\/6d6e25cb0435eb4a02fd44d30b4e3020\"},\"breadcrumb\":{\"@id\":\"https:\/\/nk7-testes.com.br\/agazeta\/ladroes-pulam-do-segundo-andar-de-casa\/#breadcrumb\"},\"inLanguage\":\"pt-BR\",\"potentialAction\":[{\"@type\":\"ReadAction\",\"target\":[\"https:\/\/nk7-testes.com.br\/agazeta\/ladroes-pulam-do-segundo-andar-de-casa\/\"]}]},{\"@type\":\"ImageObject\",\"inLanguage\":\"pt-BR\",\"@id\":\"https:\/\/nk7-testes.com.br\/agazeta\/ladroes-pulam-do-segundo-andar-de-casa\/#primaryimage\",\"url\":\"https:\/\/nk7-testes.com.br\/agazeta\/wp-content\/uploads\/2016\/09\/070916-policia-segundoandar-cleriston.jpg\",\"contentUrl\":\"https:\/\/nk7-testes.com.br\/agazeta\/wp-content\/uploads\/2016\/09\/070916-policia-segundoandar-cleriston.jpg\",\"width\":458,\"height\":340,\"caption\":\"070916-policia-segundoandar-cleriston\"},{\"@type\":\"BreadcrumbList\",\"@id\":\"https:\/\/nk7-testes.com.br\/agazeta\/ladroes-pulam-do-segundo-andar-de-casa\/#breadcrumb\",\"itemListElement\":[{\"@type\":\"ListItem\",\"position\":1,\"name\":\"In\u00edcio\",\"item\":\"https:\/\/nk7-testes.com.br\/agazeta\/\"},{\"@type\":\"ListItem\",\"position\":2,\"name\":\"Ladr\u00f5es pulam do segundo andar de casa\"}]},{\"@type\":\"WebSite\",\"@id\":\"https:\/\/nk7-testes.com.br\/agazeta\/#website\",\"url\":\"https:\/\/nk7-testes.com.br\/agazeta\/\",\"name\":\"Agazeta.net\",\"description\":\"Agazeta.net - Not\u00edcias de Rio Branco\/AC\",\"potentialAction\":[{\"@type\":\"SearchAction\",\"target\":{\"@type\":\"EntryPoint\",\"urlTemplate\":\"https:\/\/nk7-testes.com.br\/agazeta\/?s={search_term_string}\"},\"query-input\":{\"@type\":\"PropertyValueSpecification\",\"valueRequired\":true,\"valueName\":\"search_term_string\"}}],\"inLanguage\":\"pt-BR\"},{\"@type\":\"Person\",\"@id\":\"https:\/\/nk7-testes.com.br\/agazeta\/#\/schema\/person\/6d6e25cb0435eb4a02fd44d30b4e3020\",\"name\":\"Agazeta.Net\",\"url\":\"https:\/\/nk7-testes.com.br\/agazeta\/author\/agazeta\/\"}]}<\/script>\n<!-- \/ Yoast SEO plugin. -->","yoast_head_json":{"title":"Ladr\u00f5es pulam do segundo andar de casa - Agazeta.net","robots":{"index":"index","follow":"follow","max-snippet":"max-snippet:-1","max-image-preview":"max-image-preview:large","max-video-preview":"max-video-preview:-1"},"canonical":"https:\/\/nk7-testes.com.br\/agazeta\/ladroes-pulam-do-segundo-andar-de-casa\/","og_locale":"pt_BR","og_type":"article","og_title":"Ladr\u00f5es pulam do segundo andar de casa - Agazeta.net","og_description":"Gesto desesperado aconteceu ap\u00f3s chegada da pol\u00edcia","og_url":"https:\/\/nk7-testes.com.br\/agazeta\/ladroes-pulam-do-segundo-andar-de-casa\/","og_site_name":"Agazeta.net","article_published_time":"2016-09-07T13:29:21+00:00","og_image":[{"width":458,"height":340,"url":"https:\/\/nk7-testes.com.br\/agazeta\/wp-content\/uploads\/2016\/09\/070916-policia-segundoandar-cleriston.jpg","type":"image\/jpeg"}],"author":"Agazeta.Net","twitter_card":"summary_large_image","twitter_misc":{"Escrito por":"Agazeta.Net","Est. tempo de leitura":"1 minuto"},"schema":{"@context":"https:\/\/schema.org","@graph":[{"@type":"WebPage","@id":"https:\/\/nk7-testes.com.br\/agazeta\/ladroes-pulam-do-segundo-andar-de-casa\/","url":"https:\/\/nk7-testes.com.br\/agazeta\/ladroes-pulam-do-segundo-andar-de-casa\/","name":"Ladr\u00f5es pulam do segundo andar de casa - Agazeta.net","isPartOf":{"@id":"https:\/\/nk7-testes.com.br\/agazeta\/#website"},"primaryImageOfPage":{"@id":"https:\/\/nk7-testes.com.br\/agazeta\/ladroes-pulam-do-segundo-andar-de-casa\/#primaryimage"},"image":{"@id":"https:\/\/nk7-testes.com.br\/agazeta\/ladroes-pulam-do-segundo-andar-de-casa\/#primaryimage"},"thumbnailUrl":"https:\/\/nk7-testes.com.br\/agazeta\/wp-content\/uploads\/2016\/09\/070916-policia-segundoandar-cleriston.jpg","datePublished":"2016-09-07T13:29:21+00:00","author":{"@id":"https:\/\/nk7-testes.com.br\/agazeta\/#\/schema\/person\/6d6e25cb0435eb4a02fd44d30b4e3020"},"breadcrumb":{"@id":"https:\/\/nk7-testes.com.br\/agazeta\/ladroes-pulam-do-segundo-andar-de-casa\/#breadcrumb"},"inLanguage":"pt-BR","potentialAction":[{"@type":"ReadAction","target":["https:\/\/nk7-testes.com.br\/agazeta\/ladroes-pulam-do-segundo-andar-de-casa\/"]}]},{"@type":"ImageObject","inLanguage":"pt-BR","@id":"https:\/\/nk7-testes.com.br\/agazeta\/ladroes-pulam-do-segundo-andar-de-casa\/#primaryimage","url":"https:\/\/nk7-testes.com.br\/agazeta\/wp-content\/uploads\/2016\/09\/070916-policia-segundoandar-cleriston.jpg","contentUrl":"https:\/\/nk7-testes.com.br\/agazeta\/wp-content\/uploads\/2016\/09\/070916-policia-segundoandar-cleriston.jpg","width":458,"height":340,"caption":"070916-policia-segundoandar-cleriston"},{"@type":"BreadcrumbList","@id":"https:\/\/nk7-testes.com.br\/agazeta\/ladroes-pulam-do-segundo-andar-de-casa\/#breadcrumb","itemListElement":[{"@type":"ListItem","position":1,"name":"In\u00edcio","item":"https:\/\/nk7-testes.com.br\/agazeta\/"},{"@type":"ListItem","position":2,"name":"Ladr\u00f5es pulam do segundo andar de casa"}]},{"@type":"WebSite","@id":"https:\/\/nk7-testes.com.br\/agazeta\/#website","url":"https:\/\/nk7-testes.com.br\/agazeta\/","name":"Agazeta.net","description":"Agazeta.net - Not\u00edcias de Rio Branco\/AC","potentialAction":[{"@type":"SearchAction","target":{"@type":"EntryPoint","urlTemplate":"https:\/\/nk7-testes.com.br\/agazeta\/?s={search_term_string}"},"query-input":{"@type":"PropertyValueSpecification","valueRequired":true,"valueName":"search_term_string"}}],"inLanguage":"pt-BR"},{"@type":"Person","@id":"https:\/\/nk7-testes.com.br\/agazeta\/#\/schema\/person\/6d6e25cb0435eb4a02fd44d30b4e3020","name":"Agazeta.Net","url":"https:\/\/nk7-testes.com.br\/agazeta\/author\/agazeta\/"}]}},"_links":{"self":[{"href":"https:\/\/nk7-testes.com.br\/agazeta\/wp-json\/wp\/v2\/posts\/25017","targetHints":{"allow":["GET"]}}],"collection":[{"href":"https:\/\/nk7-testes.com.br\/agazeta\/wp-json\/wp\/v2\/posts"}],"about":[{"href":"https:\/\/nk7-testes.com.br\/agazeta\/wp-json\/wp\/v2\/types\/post"}],"author":[{"embeddable":true,"href":"https:\/\/nk7-testes.com.br\/agazeta\/wp-json\/wp\/v2\/users\/4"}],"replies":[{"embeddable":true,"href":"https:\/\/nk7-testes.com.br\/agazeta\/wp-json\/wp\/v2\/comments?post=25017"}],"version-history":[{"count":0,"href":"https:\/\/nk7-testes.com.br\/agazeta\/wp-json\/wp\/v2\/posts\/25017\/revisions"}],"wp:featuredmedia":[{"embeddable":true,"href":"https:\/\/nk7-testes.com.br\/agazeta\/wp-json\/wp\/v2\/media\/25016"}],"wp:attachment":[{"href":"https:\/\/nk7-testes.com.br\/agazeta\/wp-json\/wp\/v2\/media?parent=25017"}],"wp:term":[{"taxonomy":"category","embeddable":true,"href":"https:\/\/nk7-testes.com.br\/agazeta\/wp-json\/wp\/v2\/categories?post=25017"},{"taxonomy":"post_tag","embeddable":true,"href":"https:\/\/nk7-testes.com.br\/agazeta\/wp-json\/wp\/v2\/tags?post=25017"}],"curies":[{"name":"wp","href":"https:\/\/api.w.org\/{rel}","templated":true}]}}