{"id":25005,"date":"2016-09-06T20:28:12","date_gmt":"2016-09-06T20:28:12","guid":{"rendered":"https:\/\/abarevegan.com.br\/index.php\/2016\/09\/06\/primeiro-dia-de-greve-dos-bancarios-desinformacao\/"},"modified":"2016-09-06T20:28:12","modified_gmt":"2016-09-06T20:28:12","slug":"primeiro-dia-de-greve-dos-bancarios-desinformacao","status":"publish","type":"post","link":"https:\/\/nk7-testes.com.br\/agazeta\/primeiro-dia-de-greve-dos-bancarios-desinformacao\/","title":{"rendered":"Primeiro dia de greve dos banc\u00e1rios: desinforma\u00e7\u00e3o"},"content":{"rendered":"<p style=\"text-align: justify;\">Ag\u00eancias lotadas exigiam muita paci\u00eancia dos correntistas<\/p>\n<p style=\"text-align: justify;\">Iniciou em todo pa\u00eds nesta ter\u00e7a-feira, a greve dos banc\u00e1rios. Em Rio Branco, a paralisa\u00e7\u00e3o trouxe muito transtorno \u00e0 popula\u00e7\u00e3o que procurou atendimento nas ag\u00eancias. Quem optou pelas lot\u00e9ricas, teve que enfrentar longas filas.<\/p>\n<p style=\"text-align: justify;\">A greve n\u00e3o poderia come\u00e7ar em dia pior. Na segunda foi feriado do Dia da Amaz\u00f4nia e nesta ter\u00e7a-feira, os atendimentos acumularam, trazendo muitos transtornos a quem inevitavelmente precisou procurar as ag\u00eancias banc\u00e1rias.<\/p>\n<p style=\"text-align: justify;\">Esse grupo de oper\u00e1rios de uma construtora, por exemplo, estava com o pagamento do m\u00eas em cheques. Sem poder entrar na ag\u00eancia e sacar no caixa, os oper\u00e1rios ficaram do lado de fora, aguardando uma defini\u00e7\u00e3o. \u201cEles n\u00e3o querem liberar para n\u00f3s\u201d, disse o trabalhador Jos\u00e9 Feitosa.<\/p>\n<p style=\"text-align: justify;\">A gerente do banco n\u00e3o quis gravar entrevista, mas explicou que s\u00f3 poderia entrar clientes com prioridade, como idosos.<\/p>\n<p style=\"text-align: justify;\">De acordo com o Sindicato dos Banc\u00e1rios, foram mantidos os 30% dos servi\u00e7os essenciais como: processamentos de dados dos caixas eletr\u00f4nicos e compensa\u00e7\u00e3o, por exemplo. Enquanto adesivavam as vidra\u00e7as das ag\u00eancias, os sindicalistas ouviam as cr\u00edticas dos clientes.<\/p>\n<p style=\"text-align: justify;\">\u201cEles querem ganhar mais, s\u00f3 que n\u00e3o trabalham direito pra isso. Atendem mal, a gente espera na prioridade e se chega um amigo deles colocam na frente. Tinha que ter algu\u00e9m aqui na porta pra dar informa\u00e7\u00e3o\u201d, reclamou Lidiane Cunha.<\/p>\n<p style=\"text-align: justify;\">A greve, segundo a categoria, foi inevit\u00e1vel e agora os clientes precisam procurar outros canais de atendimento. \u201cOs clientes precisam procurar caixas eletr\u00f4nicos, correspondentes banc\u00e1rios, internet banking, telebanco\u201d, disse o presidente do Sindicato dos Banc\u00e1rios, Edmar Batistela.<\/p>\n<p style=\"text-align: justify;\">Quem foi para as lot\u00e9ricas teve que exercitar a paci\u00eancia. Os estabelecimentos, sem estrutura pra receber tanta gente, ficaram lotados. Com longas filas, teve cliente que afirmou ter esperado at\u00e9 uma hora pra ser atendido.<\/p>\n<p style=\"text-align: justify;\">A greve no setor banc\u00e1rio \u00e9 por tempo indeterminado e os \u00f3rg\u00e3os de prote\u00e7\u00e3o ao consumidor alertam aos clientes que eles est\u00e3o amparados pela legisla\u00e7\u00e3o e precisam cobrar seus direitos. Cheques e DOC&#8217;s, por exemplo, devem ter a compensa\u00e7\u00e3o em prazos normais.<\/p>\n<p style=\"text-align: justify;\">Os bancos devem ressarcir cobran\u00e7a de multa e juros, em situa\u00e7\u00e3o onde o consumidor comprove que n\u00e3o teve como pagar devido a greve.<\/p>\n","protected":false},"excerpt":{"rendered":"<p style=\"text-align: justify;\">Ag\u00eancias lotadas exigiam muita paci\u00eancia dos correntistas<\/p>\n","protected":false},"author":4,"featured_media":25004,"comment_status":"open","ping_status":"open","sticky":false,"template":"","format":"standard","meta":{"jnews-multi-image_gallery":[],"jnews_single_post":[],"jnews_primary_category":[],"jnews_social_meta":[],"jnews_review":[],"enable_review":"","type":"","name":"","summary":"","brand":"","sku":"","good":[],"bad":[],"score_override":"","override_value":"","rating":[],"price":[],"footnotes":""},"categories":[54],"tags":[],"class_list":["post-25005","post","type-post","status-publish","format-standard","has-post-thumbnail","hentry","category-cotidiano"],"yoast_head":"<!-- This site is optimized with the Yoast SEO plugin v26.5 - https:\/\/yoast.com\/wordpress\/plugins\/seo\/ -->\n<title>Primeiro dia de greve dos banc\u00e1rios: desinforma\u00e7\u00e3o - Agazeta.net<\/title>\n<meta name=\"robots\" content=\"index, follow, max-snippet:-1, max-image-preview:large, max-video-preview:-1\" \/>\n<link rel=\"canonical\" href=\"https:\/\/nk7-testes.com.br\/agazeta\/primeiro-dia-de-greve-dos-bancarios-desinformacao\/\" \/>\n<meta property=\"og:locale\" content=\"pt_BR\" \/>\n<meta property=\"og:type\" content=\"article\" \/>\n<meta property=\"og:title\" content=\"Primeiro dia de greve dos banc\u00e1rios: desinforma\u00e7\u00e3o - Agazeta.net\" \/>\n<meta property=\"og:description\" content=\"Ag\u00eancias lotadas exigiam muita paci\u00eancia dos correntistas\" \/>\n<meta property=\"og:url\" content=\"https:\/\/nk7-testes.com.br\/agazeta\/primeiro-dia-de-greve-dos-bancarios-desinformacao\/\" \/>\n<meta property=\"og:site_name\" content=\"Agazeta.net\" \/>\n<meta property=\"article:published_time\" content=\"2016-09-06T20:28:12+00:00\" \/>\n<meta property=\"og:image\" content=\"https:\/\/nk7-testes.com.br\/agazeta\/wp-content\/uploads\/2016\/09\/060916-cotidiano-grevedosbancarios-tvgazeta.jpg\" \/>\n\t<meta property=\"og:image:width\" content=\"458\" \/>\n\t<meta property=\"og:image:height\" content=\"340\" \/>\n\t<meta property=\"og:image:type\" content=\"image\/jpeg\" \/>\n<meta name=\"author\" content=\"Agazeta.Net\" \/>\n<meta name=\"twitter:card\" content=\"summary_large_image\" \/>\n<meta name=\"twitter:label1\" content=\"Escrito por\" \/>\n\t<meta name=\"twitter:data1\" content=\"Agazeta.Net\" \/>\n\t<meta name=\"twitter:label2\" content=\"Est. tempo de leitura\" \/>\n\t<meta name=\"twitter:data2\" content=\"2 minutos\" \/>\n<script type=\"application\/ld+json\" class=\"yoast-schema-graph\">{\"@context\":\"https:\/\/schema.org\",\"@graph\":[{\"@type\":\"WebPage\",\"@id\":\"https:\/\/nk7-testes.com.br\/agazeta\/primeiro-dia-de-greve-dos-bancarios-desinformacao\/\",\"url\":\"https:\/\/nk7-testes.com.br\/agazeta\/primeiro-dia-de-greve-dos-bancarios-desinformacao\/\",\"name\":\"Primeiro dia de greve dos banc\u00e1rios: desinforma\u00e7\u00e3o - Agazeta.net\",\"isPartOf\":{\"@id\":\"https:\/\/nk7-testes.com.br\/agazeta\/#website\"},\"primaryImageOfPage\":{\"@id\":\"https:\/\/nk7-testes.com.br\/agazeta\/primeiro-dia-de-greve-dos-bancarios-desinformacao\/#primaryimage\"},\"image\":{\"@id\":\"https:\/\/nk7-testes.com.br\/agazeta\/primeiro-dia-de-greve-dos-bancarios-desinformacao\/#primaryimage\"},\"thumbnailUrl\":\"https:\/\/nk7-testes.com.br\/agazeta\/wp-content\/uploads\/2016\/09\/060916-cotidiano-grevedosbancarios-tvgazeta.jpg\",\"datePublished\":\"2016-09-06T20:28:12+00:00\",\"author\":{\"@id\":\"https:\/\/nk7-testes.com.br\/agazeta\/#\/schema\/person\/ff6b39d54d6973bfc57f4140f659b23f\"},\"breadcrumb\":{\"@id\":\"https:\/\/nk7-testes.com.br\/agazeta\/primeiro-dia-de-greve-dos-bancarios-desinformacao\/#breadcrumb\"},\"inLanguage\":\"pt-BR\",\"potentialAction\":[{\"@type\":\"ReadAction\",\"target\":[\"https:\/\/nk7-testes.com.br\/agazeta\/primeiro-dia-de-greve-dos-bancarios-desinformacao\/\"]}]},{\"@type\":\"ImageObject\",\"inLanguage\":\"pt-BR\",\"@id\":\"https:\/\/nk7-testes.com.br\/agazeta\/primeiro-dia-de-greve-dos-bancarios-desinformacao\/#primaryimage\",\"url\":\"https:\/\/nk7-testes.com.br\/agazeta\/wp-content\/uploads\/2016\/09\/060916-cotidiano-grevedosbancarios-tvgazeta.jpg\",\"contentUrl\":\"https:\/\/nk7-testes.com.br\/agazeta\/wp-content\/uploads\/2016\/09\/060916-cotidiano-grevedosbancarios-tvgazeta.jpg\",\"width\":458,\"height\":340,\"caption\":\"060916-cotidiano-grevedosbancarios-tvgazeta\"},{\"@type\":\"BreadcrumbList\",\"@id\":\"https:\/\/nk7-testes.com.br\/agazeta\/primeiro-dia-de-greve-dos-bancarios-desinformacao\/#breadcrumb\",\"itemListElement\":[{\"@type\":\"ListItem\",\"position\":1,\"name\":\"In\u00edcio\",\"item\":\"https:\/\/nk7-testes.com.br\/agazeta\/\"},{\"@type\":\"ListItem\",\"position\":2,\"name\":\"Primeiro dia de greve dos banc\u00e1rios: desinforma\u00e7\u00e3o\"}]},{\"@type\":\"WebSite\",\"@id\":\"https:\/\/nk7-testes.com.br\/agazeta\/#website\",\"url\":\"https:\/\/nk7-testes.com.br\/agazeta\/\",\"name\":\"Agazeta.net\",\"description\":\"Agazeta.net - Not\u00edcias de Rio Branco\/AC\",\"potentialAction\":[{\"@type\":\"SearchAction\",\"target\":{\"@type\":\"EntryPoint\",\"urlTemplate\":\"https:\/\/nk7-testes.com.br\/agazeta\/?s={search_term_string}\"},\"query-input\":{\"@type\":\"PropertyValueSpecification\",\"valueRequired\":true,\"valueName\":\"search_term_string\"}}],\"inLanguage\":\"pt-BR\"},{\"@type\":\"Person\",\"@id\":\"https:\/\/nk7-testes.com.br\/agazeta\/#\/schema\/person\/ff6b39d54d6973bfc57f4140f659b23f\",\"name\":\"Agazeta.Net\",\"url\":\"https:\/\/nk7-testes.com.br\/agazeta\/author\/agazeta\/\"}]}<\/script>\n<!-- \/ Yoast SEO plugin. -->","yoast_head_json":{"title":"Primeiro dia de greve dos banc\u00e1rios: desinforma\u00e7\u00e3o - Agazeta.net","robots":{"index":"index","follow":"follow","max-snippet":"max-snippet:-1","max-image-preview":"max-image-preview:large","max-video-preview":"max-video-preview:-1"},"canonical":"https:\/\/nk7-testes.com.br\/agazeta\/primeiro-dia-de-greve-dos-bancarios-desinformacao\/","og_locale":"pt_BR","og_type":"article","og_title":"Primeiro dia de greve dos banc\u00e1rios: desinforma\u00e7\u00e3o - Agazeta.net","og_description":"Ag\u00eancias lotadas exigiam muita paci\u00eancia dos correntistas","og_url":"https:\/\/nk7-testes.com.br\/agazeta\/primeiro-dia-de-greve-dos-bancarios-desinformacao\/","og_site_name":"Agazeta.net","article_published_time":"2016-09-06T20:28:12+00:00","og_image":[{"width":458,"height":340,"url":"https:\/\/nk7-testes.com.br\/agazeta\/wp-content\/uploads\/2016\/09\/060916-cotidiano-grevedosbancarios-tvgazeta.jpg","type":"image\/jpeg"}],"author":"Agazeta.Net","twitter_card":"summary_large_image","twitter_misc":{"Escrito por":"Agazeta.Net","Est. tempo de leitura":"2 minutos"},"schema":{"@context":"https:\/\/schema.org","@graph":[{"@type":"WebPage","@id":"https:\/\/nk7-testes.com.br\/agazeta\/primeiro-dia-de-greve-dos-bancarios-desinformacao\/","url":"https:\/\/nk7-testes.com.br\/agazeta\/primeiro-dia-de-greve-dos-bancarios-desinformacao\/","name":"Primeiro dia de greve dos banc\u00e1rios: desinforma\u00e7\u00e3o - Agazeta.net","isPartOf":{"@id":"https:\/\/nk7-testes.com.br\/agazeta\/#website"},"primaryImageOfPage":{"@id":"https:\/\/nk7-testes.com.br\/agazeta\/primeiro-dia-de-greve-dos-bancarios-desinformacao\/#primaryimage"},"image":{"@id":"https:\/\/nk7-testes.com.br\/agazeta\/primeiro-dia-de-greve-dos-bancarios-desinformacao\/#primaryimage"},"thumbnailUrl":"https:\/\/nk7-testes.com.br\/agazeta\/wp-content\/uploads\/2016\/09\/060916-cotidiano-grevedosbancarios-tvgazeta.jpg","datePublished":"2016-09-06T20:28:12+00:00","author":{"@id":"https:\/\/nk7-testes.com.br\/agazeta\/#\/schema\/person\/ff6b39d54d6973bfc57f4140f659b23f"},"breadcrumb":{"@id":"https:\/\/nk7-testes.com.br\/agazeta\/primeiro-dia-de-greve-dos-bancarios-desinformacao\/#breadcrumb"},"inLanguage":"pt-BR","potentialAction":[{"@type":"ReadAction","target":["https:\/\/nk7-testes.com.br\/agazeta\/primeiro-dia-de-greve-dos-bancarios-desinformacao\/"]}]},{"@type":"ImageObject","inLanguage":"pt-BR","@id":"https:\/\/nk7-testes.com.br\/agazeta\/primeiro-dia-de-greve-dos-bancarios-desinformacao\/#primaryimage","url":"https:\/\/nk7-testes.com.br\/agazeta\/wp-content\/uploads\/2016\/09\/060916-cotidiano-grevedosbancarios-tvgazeta.jpg","contentUrl":"https:\/\/nk7-testes.com.br\/agazeta\/wp-content\/uploads\/2016\/09\/060916-cotidiano-grevedosbancarios-tvgazeta.jpg","width":458,"height":340,"caption":"060916-cotidiano-grevedosbancarios-tvgazeta"},{"@type":"BreadcrumbList","@id":"https:\/\/nk7-testes.com.br\/agazeta\/primeiro-dia-de-greve-dos-bancarios-desinformacao\/#breadcrumb","itemListElement":[{"@type":"ListItem","position":1,"name":"In\u00edcio","item":"https:\/\/nk7-testes.com.br\/agazeta\/"},{"@type":"ListItem","position":2,"name":"Primeiro dia de greve dos banc\u00e1rios: desinforma\u00e7\u00e3o"}]},{"@type":"WebSite","@id":"https:\/\/nk7-testes.com.br\/agazeta\/#website","url":"https:\/\/nk7-testes.com.br\/agazeta\/","name":"Agazeta.net","description":"Agazeta.net - Not\u00edcias de Rio Branco\/AC","potentialAction":[{"@type":"SearchAction","target":{"@type":"EntryPoint","urlTemplate":"https:\/\/nk7-testes.com.br\/agazeta\/?s={search_term_string}"},"query-input":{"@type":"PropertyValueSpecification","valueRequired":true,"valueName":"search_term_string"}}],"inLanguage":"pt-BR"},{"@type":"Person","@id":"https:\/\/nk7-testes.com.br\/agazeta\/#\/schema\/person\/ff6b39d54d6973bfc57f4140f659b23f","name":"Agazeta.Net","url":"https:\/\/nk7-testes.com.br\/agazeta\/author\/agazeta\/"}]}},"_links":{"self":[{"href":"https:\/\/nk7-testes.com.br\/agazeta\/wp-json\/wp\/v2\/posts\/25005","targetHints":{"allow":["GET"]}}],"collection":[{"href":"https:\/\/nk7-testes.com.br\/agazeta\/wp-json\/wp\/v2\/posts"}],"about":[{"href":"https:\/\/nk7-testes.com.br\/agazeta\/wp-json\/wp\/v2\/types\/post"}],"author":[{"embeddable":true,"href":"https:\/\/nk7-testes.com.br\/agazeta\/wp-json\/wp\/v2\/users\/4"}],"replies":[{"embeddable":true,"href":"https:\/\/nk7-testes.com.br\/agazeta\/wp-json\/wp\/v2\/comments?post=25005"}],"version-history":[{"count":0,"href":"https:\/\/nk7-testes.com.br\/agazeta\/wp-json\/wp\/v2\/posts\/25005\/revisions"}],"wp:featuredmedia":[{"embeddable":true,"href":"https:\/\/nk7-testes.com.br\/agazeta\/wp-json\/wp\/v2\/media\/25004"}],"wp:attachment":[{"href":"https:\/\/nk7-testes.com.br\/agazeta\/wp-json\/wp\/v2\/media?parent=25005"}],"wp:term":[{"taxonomy":"category","embeddable":true,"href":"https:\/\/nk7-testes.com.br\/agazeta\/wp-json\/wp\/v2\/categories?post=25005"},{"taxonomy":"post_tag","embeddable":true,"href":"https:\/\/nk7-testes.com.br\/agazeta\/wp-json\/wp\/v2\/tags?post=25005"}],"curies":[{"name":"wp","href":"https:\/\/api.w.org\/{rel}","templated":true}]}}