{"id":24983,"date":"2016-09-05T21:08:51","date_gmt":"2016-09-05T21:08:51","guid":{"rendered":"https:\/\/abarevegan.com.br\/index.php\/2016\/09\/05\/dj-alok-doa-parte-do-cache-ao-hospital-do-cancer\/"},"modified":"2016-09-05T21:08:51","modified_gmt":"2016-09-05T21:08:51","slug":"dj-alok-doa-parte-do-cache-ao-hospital-do-cancer","status":"publish","type":"post","link":"https:\/\/nk7-testes.com.br\/agazeta\/dj-alok-doa-parte-do-cache-ao-hospital-do-cancer\/","title":{"rendered":"DJ Alok doa parte do cach\u00ea ao Hospital do C\u00e2ncer"},"content":{"rendered":"<p style=\"text-align: justify;\">Artista visitou hospital acompanhado de gestores<\/p>\n<p style=\"text-align: justify;\">O DJ Alok esteve no Acre neste fim de semana para participar de um evento de m\u00fasica eletr\u00f4nica, realizado no s\u00e1bado, 3. Na tarde deste domingo, 4, o artista acompanhado por sua equipe, fez uma visita ao Hospital do C\u00e2ncer de Rio Branco e na ocasi\u00e3o anunciou que doar\u00e1 metade do cach\u00ea de sua apresenta\u00e7\u00e3o no evento para o hospital.<\/p>\n<p style=\"text-align: justify;\">\u201cFico feliz em poder ajudar. Quero deixar aqui no Acre um pouco do que conquistei com voc\u00eas\u201d, disse Alok.<\/p>\n<p style=\"text-align: justify;\">A secret\u00e1ria de Comunica\u00e7\u00e3o do Estado, Andr\u00e9a Z\u00edlio; o secret\u00e1rio de Sa\u00fade do Estado, Gemil de Abreu J\u00fanior, a superintendente do Hospital das Cl\u00ednicas, Juliana Quinteiro e os diretores do Hospital do C\u00e2ncer, Mirza F\u00e9lix e Fernando de Abreu acompanharam Alok durante a passagem pela unidade de Sa\u00fade.<\/p>\n<p style=\"text-align: justify;\">Os gestores da Sa\u00fade apresentaram um breve hist\u00f3rico das atividades executadas pela unidade, os avan\u00e7os e projetos para melhoria dos atendimentos e da humaniza\u00e7\u00e3o dos espa\u00e7os.<\/p>\n<p style=\"text-align: justify;\">Mirza e Fernando explicaram que al\u00e9m dos pacientes do Acre, a unidade tamb\u00e9m presta atendimento a pacientes de outros estados como Amazonas e Rond\u00f4nia e ainda, de pa\u00edses vizinhos como Bol\u00edvia e Peru.<\/p>\n<p style=\"text-align: justify;\">Alok conheceu a \u00e1rea de emerg\u00eancia cl\u00ednica, radioterapia, quimioterapia e a brinquedoteca, umas das \u00e1reas que chamou a aten\u00e7\u00e3o do artista por demonstrar aten\u00e7\u00e3o da unidade com as crian\u00e7as que fazem tratamento contra o c\u00e2ncer.<\/p>\n<p style=\"text-align: justify;\">\u201cQueria agradecer pelo trabalho e parabenizar, de verdade. Superou minhas expectativas. N\u00e3o esperava encontrar isso tudo. N\u00e3o pelo fato de estar no Acre, mas porque conhe\u00e7o outros hospitais. Voc\u00eas t\u00eam uma estrutura incr\u00edvel e atendem v\u00e1rias regi\u00f5es. Espero que esse seja o primeiro de muitos encontros. Sempre que eu vier ao Acre, fa\u00e7o quest\u00e3o de vir aqui\u201d, afirmou o artista.<\/p>\n<p style=\"text-align: justify;\">A equipe de gestores do governo do Estado agradeceu a doa\u00e7\u00e3o anunciada pelo artista e refor\u00e7ou que a\u00e7\u00f5es sociais como essa s\u00e3o fundamentais para melhorar o atendimento aos pacientes.<\/p>\n<p style=\"text-align: justify;\">\u201cO governo investe muito na unidade, mas precisa priorizar a compra de medicamentos, a manuten\u00e7\u00e3o dos equipamentos, entre outras coisas. As doa\u00e7\u00f5es nos permitem oferecer melhores condi\u00e7\u00f5es aos pacientes, como por exemplo, melhorar o espa\u00e7o que atendemos as crian\u00e7as\u201d, comentou Fernando de Abreu.<\/p>\n","protected":false},"excerpt":{"rendered":"<p style=\"text-align: justify;\">Artista visitou hospital acompanhado de gestores<\/p>\n","protected":false},"author":4,"featured_media":24982,"comment_status":"open","ping_status":"open","sticky":false,"template":"","format":"standard","meta":{"jnews-multi-image_gallery":[],"jnews_single_post":[],"jnews_primary_category":[],"jnews_social_meta":[],"jnews_review":[],"enable_review":"","type":"","name":"","summary":"","brand":"","sku":"","good":[],"bad":[],"score_override":"","override_value":"","rating":[],"price":[],"footnotes":""},"categories":[54],"tags":[],"class_list":["post-24983","post","type-post","status-publish","format-standard","has-post-thumbnail","hentry","category-cotidiano"],"yoast_head":"<!-- This site is optimized with the Yoast SEO plugin v26.5 - https:\/\/yoast.com\/wordpress\/plugins\/seo\/ -->\n<title>DJ Alok doa parte do cach\u00ea ao Hospital do C\u00e2ncer - Agazeta.net<\/title>\n<meta name=\"robots\" content=\"index, follow, max-snippet:-1, max-image-preview:large, max-video-preview:-1\" \/>\n<link rel=\"canonical\" href=\"https:\/\/nk7-testes.com.br\/agazeta\/dj-alok-doa-parte-do-cache-ao-hospital-do-cancer\/\" \/>\n<meta property=\"og:locale\" content=\"pt_BR\" \/>\n<meta property=\"og:type\" content=\"article\" \/>\n<meta property=\"og:title\" content=\"DJ Alok doa parte do cach\u00ea ao Hospital do C\u00e2ncer - Agazeta.net\" \/>\n<meta property=\"og:description\" content=\"Artista visitou hospital acompanhado de gestores\" \/>\n<meta property=\"og:url\" content=\"https:\/\/nk7-testes.com.br\/agazeta\/dj-alok-doa-parte-do-cache-ao-hospital-do-cancer\/\" \/>\n<meta property=\"og:site_name\" content=\"Agazeta.net\" \/>\n<meta property=\"article:published_time\" content=\"2016-09-05T21:08:51+00:00\" \/>\n<meta property=\"og:image\" content=\"https:\/\/nk7-testes.com.br\/agazeta\/wp-content\/uploads\/2016\/09\/050916-cotidiano-djalok-assessoria.jpg\" \/>\n\t<meta property=\"og:image:width\" content=\"458\" \/>\n\t<meta property=\"og:image:height\" content=\"340\" \/>\n\t<meta property=\"og:image:type\" content=\"image\/jpeg\" \/>\n<meta name=\"author\" content=\"Agazeta.Net\" \/>\n<meta name=\"twitter:card\" content=\"summary_large_image\" \/>\n<meta name=\"twitter:label1\" content=\"Escrito por\" \/>\n\t<meta name=\"twitter:data1\" content=\"Agazeta.Net\" \/>\n\t<meta name=\"twitter:label2\" content=\"Est. tempo de leitura\" \/>\n\t<meta name=\"twitter:data2\" content=\"2 minutos\" \/>\n<script type=\"application\/ld+json\" class=\"yoast-schema-graph\">{\"@context\":\"https:\/\/schema.org\",\"@graph\":[{\"@type\":\"WebPage\",\"@id\":\"https:\/\/nk7-testes.com.br\/agazeta\/dj-alok-doa-parte-do-cache-ao-hospital-do-cancer\/\",\"url\":\"https:\/\/nk7-testes.com.br\/agazeta\/dj-alok-doa-parte-do-cache-ao-hospital-do-cancer\/\",\"name\":\"DJ Alok doa parte do cach\u00ea ao Hospital do C\u00e2ncer - Agazeta.net\",\"isPartOf\":{\"@id\":\"https:\/\/nk7-testes.com.br\/agazeta\/#website\"},\"primaryImageOfPage\":{\"@id\":\"https:\/\/nk7-testes.com.br\/agazeta\/dj-alok-doa-parte-do-cache-ao-hospital-do-cancer\/#primaryimage\"},\"image\":{\"@id\":\"https:\/\/nk7-testes.com.br\/agazeta\/dj-alok-doa-parte-do-cache-ao-hospital-do-cancer\/#primaryimage\"},\"thumbnailUrl\":\"https:\/\/nk7-testes.com.br\/agazeta\/wp-content\/uploads\/2016\/09\/050916-cotidiano-djalok-assessoria.jpg\",\"datePublished\":\"2016-09-05T21:08:51+00:00\",\"author\":{\"@id\":\"https:\/\/nk7-testes.com.br\/agazeta\/#\/schema\/person\/ff6b39d54d6973bfc57f4140f659b23f\"},\"breadcrumb\":{\"@id\":\"https:\/\/nk7-testes.com.br\/agazeta\/dj-alok-doa-parte-do-cache-ao-hospital-do-cancer\/#breadcrumb\"},\"inLanguage\":\"pt-BR\",\"potentialAction\":[{\"@type\":\"ReadAction\",\"target\":[\"https:\/\/nk7-testes.com.br\/agazeta\/dj-alok-doa-parte-do-cache-ao-hospital-do-cancer\/\"]}]},{\"@type\":\"ImageObject\",\"inLanguage\":\"pt-BR\",\"@id\":\"https:\/\/nk7-testes.com.br\/agazeta\/dj-alok-doa-parte-do-cache-ao-hospital-do-cancer\/#primaryimage\",\"url\":\"https:\/\/nk7-testes.com.br\/agazeta\/wp-content\/uploads\/2016\/09\/050916-cotidiano-djalok-assessoria.jpg\",\"contentUrl\":\"https:\/\/nk7-testes.com.br\/agazeta\/wp-content\/uploads\/2016\/09\/050916-cotidiano-djalok-assessoria.jpg\",\"width\":458,\"height\":340,\"caption\":\"050916-cotidiano-djalok-assessoria\"},{\"@type\":\"BreadcrumbList\",\"@id\":\"https:\/\/nk7-testes.com.br\/agazeta\/dj-alok-doa-parte-do-cache-ao-hospital-do-cancer\/#breadcrumb\",\"itemListElement\":[{\"@type\":\"ListItem\",\"position\":1,\"name\":\"In\u00edcio\",\"item\":\"https:\/\/nk7-testes.com.br\/agazeta\/\"},{\"@type\":\"ListItem\",\"position\":2,\"name\":\"DJ Alok doa parte do cach\u00ea ao Hospital do C\u00e2ncer\"}]},{\"@type\":\"WebSite\",\"@id\":\"https:\/\/nk7-testes.com.br\/agazeta\/#website\",\"url\":\"https:\/\/nk7-testes.com.br\/agazeta\/\",\"name\":\"Agazeta.net\",\"description\":\"Agazeta.net - Not\u00edcias de Rio Branco\/AC\",\"potentialAction\":[{\"@type\":\"SearchAction\",\"target\":{\"@type\":\"EntryPoint\",\"urlTemplate\":\"https:\/\/nk7-testes.com.br\/agazeta\/?s={search_term_string}\"},\"query-input\":{\"@type\":\"PropertyValueSpecification\",\"valueRequired\":true,\"valueName\":\"search_term_string\"}}],\"inLanguage\":\"pt-BR\"},{\"@type\":\"Person\",\"@id\":\"https:\/\/nk7-testes.com.br\/agazeta\/#\/schema\/person\/ff6b39d54d6973bfc57f4140f659b23f\",\"name\":\"Agazeta.Net\",\"url\":\"https:\/\/nk7-testes.com.br\/agazeta\/author\/agazeta\/\"}]}<\/script>\n<!-- \/ Yoast SEO plugin. -->","yoast_head_json":{"title":"DJ Alok doa parte do cach\u00ea ao Hospital do C\u00e2ncer - Agazeta.net","robots":{"index":"index","follow":"follow","max-snippet":"max-snippet:-1","max-image-preview":"max-image-preview:large","max-video-preview":"max-video-preview:-1"},"canonical":"https:\/\/nk7-testes.com.br\/agazeta\/dj-alok-doa-parte-do-cache-ao-hospital-do-cancer\/","og_locale":"pt_BR","og_type":"article","og_title":"DJ Alok doa parte do cach\u00ea ao Hospital do C\u00e2ncer - Agazeta.net","og_description":"Artista visitou hospital acompanhado de gestores","og_url":"https:\/\/nk7-testes.com.br\/agazeta\/dj-alok-doa-parte-do-cache-ao-hospital-do-cancer\/","og_site_name":"Agazeta.net","article_published_time":"2016-09-05T21:08:51+00:00","og_image":[{"width":458,"height":340,"url":"https:\/\/nk7-testes.com.br\/agazeta\/wp-content\/uploads\/2016\/09\/050916-cotidiano-djalok-assessoria.jpg","type":"image\/jpeg"}],"author":"Agazeta.Net","twitter_card":"summary_large_image","twitter_misc":{"Escrito por":"Agazeta.Net","Est. tempo de leitura":"2 minutos"},"schema":{"@context":"https:\/\/schema.org","@graph":[{"@type":"WebPage","@id":"https:\/\/nk7-testes.com.br\/agazeta\/dj-alok-doa-parte-do-cache-ao-hospital-do-cancer\/","url":"https:\/\/nk7-testes.com.br\/agazeta\/dj-alok-doa-parte-do-cache-ao-hospital-do-cancer\/","name":"DJ Alok doa parte do cach\u00ea ao Hospital do C\u00e2ncer - Agazeta.net","isPartOf":{"@id":"https:\/\/nk7-testes.com.br\/agazeta\/#website"},"primaryImageOfPage":{"@id":"https:\/\/nk7-testes.com.br\/agazeta\/dj-alok-doa-parte-do-cache-ao-hospital-do-cancer\/#primaryimage"},"image":{"@id":"https:\/\/nk7-testes.com.br\/agazeta\/dj-alok-doa-parte-do-cache-ao-hospital-do-cancer\/#primaryimage"},"thumbnailUrl":"https:\/\/nk7-testes.com.br\/agazeta\/wp-content\/uploads\/2016\/09\/050916-cotidiano-djalok-assessoria.jpg","datePublished":"2016-09-05T21:08:51+00:00","author":{"@id":"https:\/\/nk7-testes.com.br\/agazeta\/#\/schema\/person\/ff6b39d54d6973bfc57f4140f659b23f"},"breadcrumb":{"@id":"https:\/\/nk7-testes.com.br\/agazeta\/dj-alok-doa-parte-do-cache-ao-hospital-do-cancer\/#breadcrumb"},"inLanguage":"pt-BR","potentialAction":[{"@type":"ReadAction","target":["https:\/\/nk7-testes.com.br\/agazeta\/dj-alok-doa-parte-do-cache-ao-hospital-do-cancer\/"]}]},{"@type":"ImageObject","inLanguage":"pt-BR","@id":"https:\/\/nk7-testes.com.br\/agazeta\/dj-alok-doa-parte-do-cache-ao-hospital-do-cancer\/#primaryimage","url":"https:\/\/nk7-testes.com.br\/agazeta\/wp-content\/uploads\/2016\/09\/050916-cotidiano-djalok-assessoria.jpg","contentUrl":"https:\/\/nk7-testes.com.br\/agazeta\/wp-content\/uploads\/2016\/09\/050916-cotidiano-djalok-assessoria.jpg","width":458,"height":340,"caption":"050916-cotidiano-djalok-assessoria"},{"@type":"BreadcrumbList","@id":"https:\/\/nk7-testes.com.br\/agazeta\/dj-alok-doa-parte-do-cache-ao-hospital-do-cancer\/#breadcrumb","itemListElement":[{"@type":"ListItem","position":1,"name":"In\u00edcio","item":"https:\/\/nk7-testes.com.br\/agazeta\/"},{"@type":"ListItem","position":2,"name":"DJ Alok doa parte do cach\u00ea ao Hospital do C\u00e2ncer"}]},{"@type":"WebSite","@id":"https:\/\/nk7-testes.com.br\/agazeta\/#website","url":"https:\/\/nk7-testes.com.br\/agazeta\/","name":"Agazeta.net","description":"Agazeta.net - Not\u00edcias de Rio Branco\/AC","potentialAction":[{"@type":"SearchAction","target":{"@type":"EntryPoint","urlTemplate":"https:\/\/nk7-testes.com.br\/agazeta\/?s={search_term_string}"},"query-input":{"@type":"PropertyValueSpecification","valueRequired":true,"valueName":"search_term_string"}}],"inLanguage":"pt-BR"},{"@type":"Person","@id":"https:\/\/nk7-testes.com.br\/agazeta\/#\/schema\/person\/ff6b39d54d6973bfc57f4140f659b23f","name":"Agazeta.Net","url":"https:\/\/nk7-testes.com.br\/agazeta\/author\/agazeta\/"}]}},"_links":{"self":[{"href":"https:\/\/nk7-testes.com.br\/agazeta\/wp-json\/wp\/v2\/posts\/24983","targetHints":{"allow":["GET"]}}],"collection":[{"href":"https:\/\/nk7-testes.com.br\/agazeta\/wp-json\/wp\/v2\/posts"}],"about":[{"href":"https:\/\/nk7-testes.com.br\/agazeta\/wp-json\/wp\/v2\/types\/post"}],"author":[{"embeddable":true,"href":"https:\/\/nk7-testes.com.br\/agazeta\/wp-json\/wp\/v2\/users\/4"}],"replies":[{"embeddable":true,"href":"https:\/\/nk7-testes.com.br\/agazeta\/wp-json\/wp\/v2\/comments?post=24983"}],"version-history":[{"count":0,"href":"https:\/\/nk7-testes.com.br\/agazeta\/wp-json\/wp\/v2\/posts\/24983\/revisions"}],"wp:featuredmedia":[{"embeddable":true,"href":"https:\/\/nk7-testes.com.br\/agazeta\/wp-json\/wp\/v2\/media\/24982"}],"wp:attachment":[{"href":"https:\/\/nk7-testes.com.br\/agazeta\/wp-json\/wp\/v2\/media?parent=24983"}],"wp:term":[{"taxonomy":"category","embeddable":true,"href":"https:\/\/nk7-testes.com.br\/agazeta\/wp-json\/wp\/v2\/categories?post=24983"},{"taxonomy":"post_tag","embeddable":true,"href":"https:\/\/nk7-testes.com.br\/agazeta\/wp-json\/wp\/v2\/tags?post=24983"}],"curies":[{"name":"wp","href":"https:\/\/api.w.org\/{rel}","templated":true}]}}