{"id":24975,"date":"2016-09-05T16:35:52","date_gmt":"2016-09-05T16:35:52","guid":{"rendered":"https:\/\/abarevegan.com.br\/index.php\/2016\/09\/05\/prf-alerta-que-lei-nao-foi-revogada\/"},"modified":"2016-09-05T16:35:52","modified_gmt":"2016-09-05T16:35:52","slug":"prf-alerta-que-lei-nao-foi-revogada","status":"publish","type":"post","link":"https:\/\/nk7-testes.com.br\/agazeta\/prf-alerta-que-lei-nao-foi-revogada\/","title":{"rendered":"PRF alerta que lei n\u00e3o foi revogada"},"content":{"rendered":"<p style=\"text-align: justify;\"><span style=\"font-size: 12pt; line-height: 115%; font-family: 'Times New Roman', serif;\"><\/span><\/p>\n<p>Farol baixo durante dia, por enquanto, n\u00e3o rende multa<\/p>\n<p>O policial rodovi\u00e1rio federal Anderson Castro, que atua na PRF de Rio Branco, alertou que a lei que garantia multa aos motoristas que n\u00e3o usavam farol baixo durante o dia em estradas federais foi suspensa pela Justi\u00e7a Federal.<\/p>\n<p>\u201cN\u00f3s j\u00e1 fomos notificados\u201d, afirmou o policial. \u201cAs autua\u00e7\u00f5es est\u00e3o suspensas. Mas, \u00e9 importante frisar que a lei n\u00e3o foi revogada. Ent\u00e3o, a qualquer momento, pode haver queda dessa liminar\u201d.<\/p>\n<p>A Justi\u00e7a Federal no Distrito Federal decidiu suspender a Lei 13.290\/2016, conhecida como \u201cLei do Farol Baixo\u201d, que obrigava condutores de todo o pa\u00eds a acender o farol do ve\u00edculo durante o dia em rodovias. A decis\u00e3o foi anunciada na sexta-feira.<\/p>\n<p>Na decis\u00e3o, o juiz Renato Borelli, da 20\u00aa Vara Federal em Bras\u00edlia, entendeu que os condutores n\u00e3o podem ser penalizados pela falta de sinaliza\u00e7\u00e3o sobre a localiza\u00e7\u00e3o exata das rodovias.<\/p>\n<p>O juiz atendeu pedido liminar da Associa\u00e7\u00e3o Nacional de Prote\u00e7\u00e3o M\u00fatua aos Propriet\u00e1rios de Ve\u00edculos Automotores (ADPVA). A associa\u00e7\u00e3o citou o caso espec\u00edfico de Bras\u00edlia, onde existem v\u00e1rias rodovias dentro do per\u00edmetro urbano.<\/p>\n","protected":false},"excerpt":{"rendered":"<p style=\"text-align: justify;\"><span style=\"font-size: 12pt; line-height: 115%; font-family: 'Times New Roman', serif;\"><\/span><\/p>\n<p>Farol baixo durante dia, por enquanto, n\u00e3o rende multa<\/p>\n","protected":false},"author":4,"featured_media":24974,"comment_status":"open","ping_status":"open","sticky":false,"template":"","format":"standard","meta":{"jnews-multi-image_gallery":[],"jnews_single_post":[],"jnews_primary_category":[],"jnews_social_meta":[],"jnews_review":[],"enable_review":"","type":"","name":"","summary":"","brand":"","sku":"","good":[],"bad":[],"score_override":"","override_value":"","rating":[],"price":[],"footnotes":""},"categories":[54],"tags":[],"class_list":["post-24975","post","type-post","status-publish","format-standard","has-post-thumbnail","hentry","category-cotidiano"],"yoast_head":"<!-- This site is optimized with the Yoast SEO plugin v26.5 - https:\/\/yoast.com\/wordpress\/plugins\/seo\/ -->\n<title>PRF alerta que lei n\u00e3o foi revogada - Agazeta.net<\/title>\n<meta name=\"robots\" content=\"index, follow, max-snippet:-1, max-image-preview:large, max-video-preview:-1\" \/>\n<link rel=\"canonical\" href=\"https:\/\/nk7-testes.com.br\/agazeta\/prf-alerta-que-lei-nao-foi-revogada\/\" \/>\n<meta property=\"og:locale\" content=\"pt_BR\" \/>\n<meta property=\"og:type\" content=\"article\" \/>\n<meta property=\"og:title\" content=\"PRF alerta que lei n\u00e3o foi revogada - Agazeta.net\" \/>\n<meta property=\"og:description\" content=\"Farol baixo durante dia, por enquanto, n\u00e3o rende multa\" \/>\n<meta property=\"og:url\" content=\"https:\/\/nk7-testes.com.br\/agazeta\/prf-alerta-que-lei-nao-foi-revogada\/\" \/>\n<meta property=\"og:site_name\" content=\"Agazeta.net\" \/>\n<meta property=\"article:published_time\" content=\"2016-09-05T16:35:52+00:00\" \/>\n<meta property=\"og:image\" content=\"https:\/\/nk7-testes.com.br\/agazeta\/wp-content\/uploads\/2016\/09\/050916-cotidiano-policiarodoviariafederal-cleriston.jpg\" \/>\n\t<meta property=\"og:image:width\" content=\"458\" \/>\n\t<meta property=\"og:image:height\" content=\"340\" \/>\n\t<meta property=\"og:image:type\" content=\"image\/jpeg\" \/>\n<meta name=\"author\" content=\"Agazeta.Net\" \/>\n<meta name=\"twitter:card\" content=\"summary_large_image\" \/>\n<meta name=\"twitter:label1\" content=\"Escrito por\" \/>\n\t<meta name=\"twitter:data1\" content=\"Agazeta.Net\" \/>\n\t<meta name=\"twitter:label2\" content=\"Est. tempo de leitura\" \/>\n\t<meta name=\"twitter:data2\" content=\"1 minuto\" \/>\n<script type=\"application\/ld+json\" class=\"yoast-schema-graph\">{\"@context\":\"https:\/\/schema.org\",\"@graph\":[{\"@type\":\"WebPage\",\"@id\":\"https:\/\/nk7-testes.com.br\/agazeta\/prf-alerta-que-lei-nao-foi-revogada\/\",\"url\":\"https:\/\/nk7-testes.com.br\/agazeta\/prf-alerta-que-lei-nao-foi-revogada\/\",\"name\":\"PRF alerta que lei n\u00e3o foi revogada - Agazeta.net\",\"isPartOf\":{\"@id\":\"https:\/\/nk7-testes.com.br\/agazeta\/#website\"},\"primaryImageOfPage\":{\"@id\":\"https:\/\/nk7-testes.com.br\/agazeta\/prf-alerta-que-lei-nao-foi-revogada\/#primaryimage\"},\"image\":{\"@id\":\"https:\/\/nk7-testes.com.br\/agazeta\/prf-alerta-que-lei-nao-foi-revogada\/#primaryimage\"},\"thumbnailUrl\":\"https:\/\/nk7-testes.com.br\/agazeta\/wp-content\/uploads\/2016\/09\/050916-cotidiano-policiarodoviariafederal-cleriston.jpg\",\"datePublished\":\"2016-09-05T16:35:52+00:00\",\"author\":{\"@id\":\"https:\/\/nk7-testes.com.br\/agazeta\/#\/schema\/person\/ff6b39d54d6973bfc57f4140f659b23f\"},\"breadcrumb\":{\"@id\":\"https:\/\/nk7-testes.com.br\/agazeta\/prf-alerta-que-lei-nao-foi-revogada\/#breadcrumb\"},\"inLanguage\":\"pt-BR\",\"potentialAction\":[{\"@type\":\"ReadAction\",\"target\":[\"https:\/\/nk7-testes.com.br\/agazeta\/prf-alerta-que-lei-nao-foi-revogada\/\"]}]},{\"@type\":\"ImageObject\",\"inLanguage\":\"pt-BR\",\"@id\":\"https:\/\/nk7-testes.com.br\/agazeta\/prf-alerta-que-lei-nao-foi-revogada\/#primaryimage\",\"url\":\"https:\/\/nk7-testes.com.br\/agazeta\/wp-content\/uploads\/2016\/09\/050916-cotidiano-policiarodoviariafederal-cleriston.jpg\",\"contentUrl\":\"https:\/\/nk7-testes.com.br\/agazeta\/wp-content\/uploads\/2016\/09\/050916-cotidiano-policiarodoviariafederal-cleriston.jpg\",\"width\":458,\"height\":340,\"caption\":\"050916-cotidiano-policiarodoviariafederal-cleriston\"},{\"@type\":\"BreadcrumbList\",\"@id\":\"https:\/\/nk7-testes.com.br\/agazeta\/prf-alerta-que-lei-nao-foi-revogada\/#breadcrumb\",\"itemListElement\":[{\"@type\":\"ListItem\",\"position\":1,\"name\":\"In\u00edcio\",\"item\":\"https:\/\/nk7-testes.com.br\/agazeta\/\"},{\"@type\":\"ListItem\",\"position\":2,\"name\":\"PRF alerta que lei n\u00e3o foi revogada\"}]},{\"@type\":\"WebSite\",\"@id\":\"https:\/\/nk7-testes.com.br\/agazeta\/#website\",\"url\":\"https:\/\/nk7-testes.com.br\/agazeta\/\",\"name\":\"Agazeta.net\",\"description\":\"Agazeta.net - Not\u00edcias de Rio Branco\/AC\",\"potentialAction\":[{\"@type\":\"SearchAction\",\"target\":{\"@type\":\"EntryPoint\",\"urlTemplate\":\"https:\/\/nk7-testes.com.br\/agazeta\/?s={search_term_string}\"},\"query-input\":{\"@type\":\"PropertyValueSpecification\",\"valueRequired\":true,\"valueName\":\"search_term_string\"}}],\"inLanguage\":\"pt-BR\"},{\"@type\":\"Person\",\"@id\":\"https:\/\/nk7-testes.com.br\/agazeta\/#\/schema\/person\/ff6b39d54d6973bfc57f4140f659b23f\",\"name\":\"Agazeta.Net\",\"url\":\"https:\/\/nk7-testes.com.br\/agazeta\/author\/agazeta\/\"}]}<\/script>\n<!-- \/ Yoast SEO plugin. -->","yoast_head_json":{"title":"PRF alerta que lei n\u00e3o foi revogada - Agazeta.net","robots":{"index":"index","follow":"follow","max-snippet":"max-snippet:-1","max-image-preview":"max-image-preview:large","max-video-preview":"max-video-preview:-1"},"canonical":"https:\/\/nk7-testes.com.br\/agazeta\/prf-alerta-que-lei-nao-foi-revogada\/","og_locale":"pt_BR","og_type":"article","og_title":"PRF alerta que lei n\u00e3o foi revogada - Agazeta.net","og_description":"Farol baixo durante dia, por enquanto, n\u00e3o rende multa","og_url":"https:\/\/nk7-testes.com.br\/agazeta\/prf-alerta-que-lei-nao-foi-revogada\/","og_site_name":"Agazeta.net","article_published_time":"2016-09-05T16:35:52+00:00","og_image":[{"width":458,"height":340,"url":"https:\/\/nk7-testes.com.br\/agazeta\/wp-content\/uploads\/2016\/09\/050916-cotidiano-policiarodoviariafederal-cleriston.jpg","type":"image\/jpeg"}],"author":"Agazeta.Net","twitter_card":"summary_large_image","twitter_misc":{"Escrito por":"Agazeta.Net","Est. tempo de leitura":"1 minuto"},"schema":{"@context":"https:\/\/schema.org","@graph":[{"@type":"WebPage","@id":"https:\/\/nk7-testes.com.br\/agazeta\/prf-alerta-que-lei-nao-foi-revogada\/","url":"https:\/\/nk7-testes.com.br\/agazeta\/prf-alerta-que-lei-nao-foi-revogada\/","name":"PRF alerta que lei n\u00e3o foi revogada - Agazeta.net","isPartOf":{"@id":"https:\/\/nk7-testes.com.br\/agazeta\/#website"},"primaryImageOfPage":{"@id":"https:\/\/nk7-testes.com.br\/agazeta\/prf-alerta-que-lei-nao-foi-revogada\/#primaryimage"},"image":{"@id":"https:\/\/nk7-testes.com.br\/agazeta\/prf-alerta-que-lei-nao-foi-revogada\/#primaryimage"},"thumbnailUrl":"https:\/\/nk7-testes.com.br\/agazeta\/wp-content\/uploads\/2016\/09\/050916-cotidiano-policiarodoviariafederal-cleriston.jpg","datePublished":"2016-09-05T16:35:52+00:00","author":{"@id":"https:\/\/nk7-testes.com.br\/agazeta\/#\/schema\/person\/ff6b39d54d6973bfc57f4140f659b23f"},"breadcrumb":{"@id":"https:\/\/nk7-testes.com.br\/agazeta\/prf-alerta-que-lei-nao-foi-revogada\/#breadcrumb"},"inLanguage":"pt-BR","potentialAction":[{"@type":"ReadAction","target":["https:\/\/nk7-testes.com.br\/agazeta\/prf-alerta-que-lei-nao-foi-revogada\/"]}]},{"@type":"ImageObject","inLanguage":"pt-BR","@id":"https:\/\/nk7-testes.com.br\/agazeta\/prf-alerta-que-lei-nao-foi-revogada\/#primaryimage","url":"https:\/\/nk7-testes.com.br\/agazeta\/wp-content\/uploads\/2016\/09\/050916-cotidiano-policiarodoviariafederal-cleriston.jpg","contentUrl":"https:\/\/nk7-testes.com.br\/agazeta\/wp-content\/uploads\/2016\/09\/050916-cotidiano-policiarodoviariafederal-cleriston.jpg","width":458,"height":340,"caption":"050916-cotidiano-policiarodoviariafederal-cleriston"},{"@type":"BreadcrumbList","@id":"https:\/\/nk7-testes.com.br\/agazeta\/prf-alerta-que-lei-nao-foi-revogada\/#breadcrumb","itemListElement":[{"@type":"ListItem","position":1,"name":"In\u00edcio","item":"https:\/\/nk7-testes.com.br\/agazeta\/"},{"@type":"ListItem","position":2,"name":"PRF alerta que lei n\u00e3o foi revogada"}]},{"@type":"WebSite","@id":"https:\/\/nk7-testes.com.br\/agazeta\/#website","url":"https:\/\/nk7-testes.com.br\/agazeta\/","name":"Agazeta.net","description":"Agazeta.net - Not\u00edcias de Rio Branco\/AC","potentialAction":[{"@type":"SearchAction","target":{"@type":"EntryPoint","urlTemplate":"https:\/\/nk7-testes.com.br\/agazeta\/?s={search_term_string}"},"query-input":{"@type":"PropertyValueSpecification","valueRequired":true,"valueName":"search_term_string"}}],"inLanguage":"pt-BR"},{"@type":"Person","@id":"https:\/\/nk7-testes.com.br\/agazeta\/#\/schema\/person\/ff6b39d54d6973bfc57f4140f659b23f","name":"Agazeta.Net","url":"https:\/\/nk7-testes.com.br\/agazeta\/author\/agazeta\/"}]}},"_links":{"self":[{"href":"https:\/\/nk7-testes.com.br\/agazeta\/wp-json\/wp\/v2\/posts\/24975","targetHints":{"allow":["GET"]}}],"collection":[{"href":"https:\/\/nk7-testes.com.br\/agazeta\/wp-json\/wp\/v2\/posts"}],"about":[{"href":"https:\/\/nk7-testes.com.br\/agazeta\/wp-json\/wp\/v2\/types\/post"}],"author":[{"embeddable":true,"href":"https:\/\/nk7-testes.com.br\/agazeta\/wp-json\/wp\/v2\/users\/4"}],"replies":[{"embeddable":true,"href":"https:\/\/nk7-testes.com.br\/agazeta\/wp-json\/wp\/v2\/comments?post=24975"}],"version-history":[{"count":0,"href":"https:\/\/nk7-testes.com.br\/agazeta\/wp-json\/wp\/v2\/posts\/24975\/revisions"}],"wp:featuredmedia":[{"embeddable":true,"href":"https:\/\/nk7-testes.com.br\/agazeta\/wp-json\/wp\/v2\/media\/24974"}],"wp:attachment":[{"href":"https:\/\/nk7-testes.com.br\/agazeta\/wp-json\/wp\/v2\/media?parent=24975"}],"wp:term":[{"taxonomy":"category","embeddable":true,"href":"https:\/\/nk7-testes.com.br\/agazeta\/wp-json\/wp\/v2\/categories?post=24975"},{"taxonomy":"post_tag","embeddable":true,"href":"https:\/\/nk7-testes.com.br\/agazeta\/wp-json\/wp\/v2\/tags?post=24975"}],"curies":[{"name":"wp","href":"https:\/\/api.w.org\/{rel}","templated":true}]}}