{"id":24951,"date":"2016-09-02T22:10:38","date_gmt":"2016-09-02T22:10:38","guid":{"rendered":"https:\/\/abarevegan.com.br\/index.php\/2016\/09\/02\/justica-federal-suspende-lei-do-farol-baixo\/"},"modified":"2016-09-02T22:10:38","modified_gmt":"2016-09-02T22:10:38","slug":"justica-federal-suspende-lei-do-farol-baixo","status":"publish","type":"post","link":"https:\/\/nk7-testes.com.br\/agazeta\/justica-federal-suspende-lei-do-farol-baixo\/","title":{"rendered":"Justi\u00e7a Federal suspende &#8220;Lei do Farol Baixo&#8221;"},"content":{"rendered":"<p style=\"text-align: justify;\">PRF ainda n\u00e3o foi notificada<\/p>\n<p style=\"text-align: justify;\">A Justi\u00e7a Federal no Distrito Federal decidiu hoje (2) suspender a Lei 13.290\/2016, conhecida como \u201cLei do Farol Baixo\u201d, que obrigava condutores de todo o pa\u00eds a acender o farol do ve\u00edculo durante o dia em rodovias. Na decis\u00e3o, o juiz Renato Borelli, da 20\u00aa Vara Federal em Bras\u00edlia, entendeu que os condutores n\u00e3o podem ser penalizados pela falta de sinaliza\u00e7\u00e3o sobre a localiza\u00e7\u00e3o exata das rodovias.<\/p>\n<p style=\"text-align: justify;\">O juiz atendeu pedido liminar da Associa\u00e7\u00e3o Nacional de Prote\u00e7\u00e3o M\u00fatua aos Propriet\u00e1rios de Ve\u00edculos Automotores (ADPVA). A associa\u00e7\u00e3o citou o caso espec\u00edfico de Bras\u00edlia, onde existem v\u00e1rias rodovias dentro do per\u00edmetro urbano.<\/p>\n<p style=\"text-align: justify;\">Seguran\u00e7a<\/p>\n<p style=\"text-align: justify;\">A lei foi sancionada pelo presidente interino Michel Temer no dia 24 de maio. A mudan\u00e7a teve origem em um projeto de lei apresentado pelo deputado federal Rubens Bueno (PPS-PR) e foi aprovada pelo Senado em abril. A multa para quem descumprisse a regra, considerada infra\u00e7\u00e3o m\u00e9dia, era de R$ 85,13, com a perda de quatro pontos na carteira de habilita\u00e7\u00e3o.<\/p>\n<p style=\"text-align: justify;\">O objetivo da medida foi aumentar a seguran\u00e7a nas estradas, reduzindo o n\u00famero de acidentes frontais. Segundo o Departamento Nacional de Tr\u00e2nsito (Denatran), estudos indicam que a presen\u00e7a de luzes acesas reduz entre 5% e 10% o n\u00famero de colis\u00f5es entre ve\u00edculos durante o dia.<\/p>\n<p style=\"text-align: justify;\">PRF divulga nota<\/p>\n<p style=\"text-align: justify;\">Em nota, a PRF esclareceu que eles n\u00e3o v\u00e3o se manifestar que sejam notificados sobre a mudan\u00e7a.<\/p>\n<p style=\"text-align: justify;\">\u201cN\u00e3o obstante a grande confian\u00e7a que temos nos profissionais da imprensa, como \u00f3rg\u00e3o pautado na t\u00e9cnica de suas a\u00e7\u00f5es, informamos que n\u00e3o podemos nos manifestar antes do recebimento da notifica\u00e7\u00e3o lavrada pela autoridade judicial competente. <br \/>Isso porque, somente ap\u00f3s a leitura do documento, poderemos ter acesso a detalhes importantes que envolvem o alcance, objeto e efeito do provimento jurisdicional, entre outros. Comunicamos ainda que a PRF orgulha-se de ser pol\u00edcia inserida em um contexto de Estado de Direito e Democracia consolidados, motivo pelo qual zelamos pelo cumprimento das decis\u00f5es do Poder Judici\u00e1rio. Conclu\u00edmos esclarecendo que nos manifestaremos ap\u00f3s o recebimento da notifica\u00e7\u00e3o pertinente\u201d.<\/p>\n","protected":false},"excerpt":{"rendered":"<p style=\"text-align: justify;\">PRF ainda n\u00e3o foi notificada<\/p>\n","protected":false},"author":4,"featured_media":13112,"comment_status":"open","ping_status":"open","sticky":false,"template":"","format":"standard","meta":{"jnews-multi-image_gallery":[],"jnews_single_post":[],"jnews_primary_category":[],"jnews_social_meta":[],"jnews_review":[],"enable_review":"","type":"","name":"","summary":"","brand":"","sku":"","good":[],"bad":[],"score_override":"","override_value":"","rating":[],"price":[],"footnotes":""},"categories":[44],"tags":[],"class_list":["post-24951","post","type-post","status-publish","format-standard","has-post-thumbnail","hentry","category-policia"],"yoast_head":"<!-- This site is optimized with the Yoast SEO plugin v26.5 - https:\/\/yoast.com\/wordpress\/plugins\/seo\/ -->\n<title>Justi\u00e7a Federal suspende &quot;Lei do Farol Baixo&quot; - Agazeta.net<\/title>\n<meta name=\"robots\" content=\"index, follow, max-snippet:-1, max-image-preview:large, max-video-preview:-1\" \/>\n<link rel=\"canonical\" href=\"https:\/\/nk7-testes.com.br\/agazeta\/justica-federal-suspende-lei-do-farol-baixo\/\" \/>\n<meta property=\"og:locale\" content=\"pt_BR\" \/>\n<meta property=\"og:type\" content=\"article\" \/>\n<meta property=\"og:title\" content=\"Justi\u00e7a Federal suspende &quot;Lei do Farol Baixo&quot; - Agazeta.net\" \/>\n<meta property=\"og:description\" content=\"PRF ainda n\u00e3o foi notificada\" \/>\n<meta property=\"og:url\" content=\"https:\/\/nk7-testes.com.br\/agazeta\/justica-federal-suspende-lei-do-farol-baixo\/\" \/>\n<meta property=\"og:site_name\" content=\"Agazeta.net\" \/>\n<meta property=\"article:published_time\" content=\"2016-09-02T22:10:38+00:00\" \/>\n<meta property=\"og:image\" content=\"https:\/\/nk7-testes.com.br\/agazeta\/wp-content\/uploads\/2015\/02\/020215-prf-previsaoconcurso.jpg\" \/>\n\t<meta property=\"og:image:width\" content=\"458\" \/>\n\t<meta property=\"og:image:height\" content=\"340\" \/>\n\t<meta property=\"og:image:type\" content=\"image\/jpeg\" \/>\n<meta name=\"author\" content=\"Agazeta.Net\" \/>\n<meta name=\"twitter:card\" content=\"summary_large_image\" \/>\n<meta name=\"twitter:label1\" content=\"Escrito por\" \/>\n\t<meta name=\"twitter:data1\" content=\"Agazeta.Net\" \/>\n\t<meta name=\"twitter:label2\" content=\"Est. tempo de leitura\" \/>\n\t<meta name=\"twitter:data2\" content=\"2 minutos\" \/>\n<script type=\"application\/ld+json\" class=\"yoast-schema-graph\">{\"@context\":\"https:\/\/schema.org\",\"@graph\":[{\"@type\":\"WebPage\",\"@id\":\"https:\/\/nk7-testes.com.br\/agazeta\/justica-federal-suspende-lei-do-farol-baixo\/\",\"url\":\"https:\/\/nk7-testes.com.br\/agazeta\/justica-federal-suspende-lei-do-farol-baixo\/\",\"name\":\"Justi\u00e7a Federal suspende \\\"Lei do Farol Baixo\\\" - Agazeta.net\",\"isPartOf\":{\"@id\":\"https:\/\/nk7-testes.com.br\/agazeta\/#website\"},\"primaryImageOfPage\":{\"@id\":\"https:\/\/nk7-testes.com.br\/agazeta\/justica-federal-suspende-lei-do-farol-baixo\/#primaryimage\"},\"image\":{\"@id\":\"https:\/\/nk7-testes.com.br\/agazeta\/justica-federal-suspende-lei-do-farol-baixo\/#primaryimage\"},\"thumbnailUrl\":\"https:\/\/nk7-testes.com.br\/agazeta\/wp-content\/uploads\/2015\/02\/020215-prf-previsaoconcurso.jpg\",\"datePublished\":\"2016-09-02T22:10:38+00:00\",\"author\":{\"@id\":\"https:\/\/nk7-testes.com.br\/agazeta\/#\/schema\/person\/6d6e25cb0435eb4a02fd44d30b4e3020\"},\"breadcrumb\":{\"@id\":\"https:\/\/nk7-testes.com.br\/agazeta\/justica-federal-suspende-lei-do-farol-baixo\/#breadcrumb\"},\"inLanguage\":\"pt-BR\",\"potentialAction\":[{\"@type\":\"ReadAction\",\"target\":[\"https:\/\/nk7-testes.com.br\/agazeta\/justica-federal-suspende-lei-do-farol-baixo\/\"]}]},{\"@type\":\"ImageObject\",\"inLanguage\":\"pt-BR\",\"@id\":\"https:\/\/nk7-testes.com.br\/agazeta\/justica-federal-suspende-lei-do-farol-baixo\/#primaryimage\",\"url\":\"https:\/\/nk7-testes.com.br\/agazeta\/wp-content\/uploads\/2015\/02\/020215-prf-previsaoconcurso.jpg\",\"contentUrl\":\"https:\/\/nk7-testes.com.br\/agazeta\/wp-content\/uploads\/2015\/02\/020215-prf-previsaoconcurso.jpg\",\"width\":458,\"height\":340,\"caption\":\"020215-prf-previsaoconcurso\"},{\"@type\":\"BreadcrumbList\",\"@id\":\"https:\/\/nk7-testes.com.br\/agazeta\/justica-federal-suspende-lei-do-farol-baixo\/#breadcrumb\",\"itemListElement\":[{\"@type\":\"ListItem\",\"position\":1,\"name\":\"In\u00edcio\",\"item\":\"https:\/\/nk7-testes.com.br\/agazeta\/\"},{\"@type\":\"ListItem\",\"position\":2,\"name\":\"Justi\u00e7a Federal suspende &#8220;Lei do Farol Baixo&#8221;\"}]},{\"@type\":\"WebSite\",\"@id\":\"https:\/\/nk7-testes.com.br\/agazeta\/#website\",\"url\":\"https:\/\/nk7-testes.com.br\/agazeta\/\",\"name\":\"Agazeta.net\",\"description\":\"Agazeta.net - Not\u00edcias de Rio Branco\/AC\",\"potentialAction\":[{\"@type\":\"SearchAction\",\"target\":{\"@type\":\"EntryPoint\",\"urlTemplate\":\"https:\/\/nk7-testes.com.br\/agazeta\/?s={search_term_string}\"},\"query-input\":{\"@type\":\"PropertyValueSpecification\",\"valueRequired\":true,\"valueName\":\"search_term_string\"}}],\"inLanguage\":\"pt-BR\"},{\"@type\":\"Person\",\"@id\":\"https:\/\/nk7-testes.com.br\/agazeta\/#\/schema\/person\/6d6e25cb0435eb4a02fd44d30b4e3020\",\"name\":\"Agazeta.Net\",\"url\":\"https:\/\/nk7-testes.com.br\/agazeta\/author\/agazeta\/\"}]}<\/script>\n<!-- \/ Yoast SEO plugin. -->","yoast_head_json":{"title":"Justi\u00e7a Federal suspende \"Lei do Farol Baixo\" - Agazeta.net","robots":{"index":"index","follow":"follow","max-snippet":"max-snippet:-1","max-image-preview":"max-image-preview:large","max-video-preview":"max-video-preview:-1"},"canonical":"https:\/\/nk7-testes.com.br\/agazeta\/justica-federal-suspende-lei-do-farol-baixo\/","og_locale":"pt_BR","og_type":"article","og_title":"Justi\u00e7a Federal suspende \"Lei do Farol Baixo\" - Agazeta.net","og_description":"PRF ainda n\u00e3o foi notificada","og_url":"https:\/\/nk7-testes.com.br\/agazeta\/justica-federal-suspende-lei-do-farol-baixo\/","og_site_name":"Agazeta.net","article_published_time":"2016-09-02T22:10:38+00:00","og_image":[{"width":458,"height":340,"url":"https:\/\/nk7-testes.com.br\/agazeta\/wp-content\/uploads\/2015\/02\/020215-prf-previsaoconcurso.jpg","type":"image\/jpeg"}],"author":"Agazeta.Net","twitter_card":"summary_large_image","twitter_misc":{"Escrito por":"Agazeta.Net","Est. tempo de leitura":"2 minutos"},"schema":{"@context":"https:\/\/schema.org","@graph":[{"@type":"WebPage","@id":"https:\/\/nk7-testes.com.br\/agazeta\/justica-federal-suspende-lei-do-farol-baixo\/","url":"https:\/\/nk7-testes.com.br\/agazeta\/justica-federal-suspende-lei-do-farol-baixo\/","name":"Justi\u00e7a Federal suspende \"Lei do Farol Baixo\" - Agazeta.net","isPartOf":{"@id":"https:\/\/nk7-testes.com.br\/agazeta\/#website"},"primaryImageOfPage":{"@id":"https:\/\/nk7-testes.com.br\/agazeta\/justica-federal-suspende-lei-do-farol-baixo\/#primaryimage"},"image":{"@id":"https:\/\/nk7-testes.com.br\/agazeta\/justica-federal-suspende-lei-do-farol-baixo\/#primaryimage"},"thumbnailUrl":"https:\/\/nk7-testes.com.br\/agazeta\/wp-content\/uploads\/2015\/02\/020215-prf-previsaoconcurso.jpg","datePublished":"2016-09-02T22:10:38+00:00","author":{"@id":"https:\/\/nk7-testes.com.br\/agazeta\/#\/schema\/person\/6d6e25cb0435eb4a02fd44d30b4e3020"},"breadcrumb":{"@id":"https:\/\/nk7-testes.com.br\/agazeta\/justica-federal-suspende-lei-do-farol-baixo\/#breadcrumb"},"inLanguage":"pt-BR","potentialAction":[{"@type":"ReadAction","target":["https:\/\/nk7-testes.com.br\/agazeta\/justica-federal-suspende-lei-do-farol-baixo\/"]}]},{"@type":"ImageObject","inLanguage":"pt-BR","@id":"https:\/\/nk7-testes.com.br\/agazeta\/justica-federal-suspende-lei-do-farol-baixo\/#primaryimage","url":"https:\/\/nk7-testes.com.br\/agazeta\/wp-content\/uploads\/2015\/02\/020215-prf-previsaoconcurso.jpg","contentUrl":"https:\/\/nk7-testes.com.br\/agazeta\/wp-content\/uploads\/2015\/02\/020215-prf-previsaoconcurso.jpg","width":458,"height":340,"caption":"020215-prf-previsaoconcurso"},{"@type":"BreadcrumbList","@id":"https:\/\/nk7-testes.com.br\/agazeta\/justica-federal-suspende-lei-do-farol-baixo\/#breadcrumb","itemListElement":[{"@type":"ListItem","position":1,"name":"In\u00edcio","item":"https:\/\/nk7-testes.com.br\/agazeta\/"},{"@type":"ListItem","position":2,"name":"Justi\u00e7a Federal suspende &#8220;Lei do Farol Baixo&#8221;"}]},{"@type":"WebSite","@id":"https:\/\/nk7-testes.com.br\/agazeta\/#website","url":"https:\/\/nk7-testes.com.br\/agazeta\/","name":"Agazeta.net","description":"Agazeta.net - Not\u00edcias de Rio Branco\/AC","potentialAction":[{"@type":"SearchAction","target":{"@type":"EntryPoint","urlTemplate":"https:\/\/nk7-testes.com.br\/agazeta\/?s={search_term_string}"},"query-input":{"@type":"PropertyValueSpecification","valueRequired":true,"valueName":"search_term_string"}}],"inLanguage":"pt-BR"},{"@type":"Person","@id":"https:\/\/nk7-testes.com.br\/agazeta\/#\/schema\/person\/6d6e25cb0435eb4a02fd44d30b4e3020","name":"Agazeta.Net","url":"https:\/\/nk7-testes.com.br\/agazeta\/author\/agazeta\/"}]}},"_links":{"self":[{"href":"https:\/\/nk7-testes.com.br\/agazeta\/wp-json\/wp\/v2\/posts\/24951","targetHints":{"allow":["GET"]}}],"collection":[{"href":"https:\/\/nk7-testes.com.br\/agazeta\/wp-json\/wp\/v2\/posts"}],"about":[{"href":"https:\/\/nk7-testes.com.br\/agazeta\/wp-json\/wp\/v2\/types\/post"}],"author":[{"embeddable":true,"href":"https:\/\/nk7-testes.com.br\/agazeta\/wp-json\/wp\/v2\/users\/4"}],"replies":[{"embeddable":true,"href":"https:\/\/nk7-testes.com.br\/agazeta\/wp-json\/wp\/v2\/comments?post=24951"}],"version-history":[{"count":0,"href":"https:\/\/nk7-testes.com.br\/agazeta\/wp-json\/wp\/v2\/posts\/24951\/revisions"}],"wp:featuredmedia":[{"embeddable":true,"href":"https:\/\/nk7-testes.com.br\/agazeta\/wp-json\/wp\/v2\/media\/13112"}],"wp:attachment":[{"href":"https:\/\/nk7-testes.com.br\/agazeta\/wp-json\/wp\/v2\/media?parent=24951"}],"wp:term":[{"taxonomy":"category","embeddable":true,"href":"https:\/\/nk7-testes.com.br\/agazeta\/wp-json\/wp\/v2\/categories?post=24951"},{"taxonomy":"post_tag","embeddable":true,"href":"https:\/\/nk7-testes.com.br\/agazeta\/wp-json\/wp\/v2\/tags?post=24951"}],"curies":[{"name":"wp","href":"https:\/\/api.w.org\/{rel}","templated":true}]}}