{"id":24943,"date":"2016-09-02T20:27:28","date_gmt":"2016-09-02T20:27:28","guid":{"rendered":"https:\/\/abarevegan.com.br\/index.php\/2016\/09\/02\/lideranca-do-bonde-dos-13-sofre-nova-condenacao\/"},"modified":"2016-09-02T20:27:28","modified_gmt":"2016-09-02T20:27:28","slug":"lideranca-do-bonde-dos-13-sofre-nova-condenacao","status":"publish","type":"post","link":"https:\/\/nk7-testes.com.br\/agazeta\/lideranca-do-bonde-dos-13-sofre-nova-condenacao\/","title":{"rendered":"Lideran\u00e7a de fac\u00e7\u00e3o criminosa sofre nova condena\u00e7\u00e3o"},"content":{"rendered":"<p style=\"text-align: justify;\">De dentro da cadeia ele comandava o tr\u00e1fico de drogas<\/p>\n<p style=\"text-align: justify;\">O Ju\u00edzo da Vara Criminal da Comarca de Senador Guiomard condenou o r\u00e9u S. da S. C., acusado de comandar opera\u00e7\u00f5es do tr\u00e1fico de drogas a partir de uma penitenci\u00e1ria em associa\u00e7\u00e3o com outros indiv\u00edduos, a uma pena de 12 anos e 10 meses de reclus\u00e3o, em regime inicial fechado.<\/p>\n<p style=\"text-align: justify;\">De acordo com a decis\u00e3o do juiz de Direito Robson Aleixo, \u201cmesmo recolhido em Unidade Penitenci\u00e1ria, (\u2026) continuou comandando a venda de drogas por telefone, fornecendo drogas a diversas pessoas\u201d.<\/p>\n<p style=\"text-align: justify;\"><strong>Entenda o caso<\/strong><\/p>\n<p style=\"text-align: justify;\">De acordo com os autos, o r\u00e9u, que seria um dos l\u00edderes de um aorganiza\u00e7\u00e3o criminosa que atua nos pres\u00eddios do Acre, mesmo recolhido em pres\u00eddio federal em Campo Grande (MS), onde j\u00e1 cumpria pena privativa de liberdade pelas pr\u00e1ticas de associa\u00e7\u00e3o criminosa e tr\u00e1fico de drogas, teria continuado a comandar atividades criminosas relacionadas venda de subst\u00e2ncias il\u00edcitas no Acre, em coopera\u00e7\u00e3o com outros indiv\u00edduos, por meio de telefone celular.<\/p>\n<p style=\"text-align: justify;\">Por esse motivo, o Minist\u00e9rio P\u00fablico do Acre (MPAC) requereu nova condena\u00e7\u00e3o do acusado pelas pr\u00e1ticas de associa\u00e7\u00e3o criminosa e tr\u00e1fico de drogas, observada a reitera\u00e7\u00e3o de conduta delitiva. Juntamente com o r\u00e9u, tamb\u00e9m foram denunciadas outras dez pessoas pelas mesmas pr\u00e1ticas.<\/p>\n<p style=\"text-align: justify;\">O r\u00e9u ainda pode recorrer da nova condena\u00e7\u00e3o.<\/p>\n","protected":false},"excerpt":{"rendered":"<p style=\"text-align: justify;\">De dentro da cadeia ele comandava o tr\u00e1fico de drogas<\/p>\n","protected":false},"author":4,"featured_media":24942,"comment_status":"open","ping_status":"open","sticky":false,"template":"","format":"standard","meta":{"jnews-multi-image_gallery":[],"jnews_single_post":[],"jnews_primary_category":[],"jnews_social_meta":[],"jnews_review":[],"enable_review":"","type":"","name":"","summary":"","brand":"","sku":"","good":[],"bad":[],"score_override":"","override_value":"","rating":[],"price":[],"footnotes":""},"categories":[44],"tags":[],"class_list":["post-24943","post","type-post","status-publish","format-standard","has-post-thumbnail","hentry","category-policia"],"yoast_head":"<!-- This site is optimized with the Yoast SEO plugin v26.5 - https:\/\/yoast.com\/wordpress\/plugins\/seo\/ -->\n<title>Lideran\u00e7a de fac\u00e7\u00e3o criminosa sofre nova condena\u00e7\u00e3o - Agazeta.net<\/title>\n<meta name=\"robots\" content=\"index, follow, max-snippet:-1, max-image-preview:large, max-video-preview:-1\" \/>\n<link rel=\"canonical\" href=\"https:\/\/nk7-testes.com.br\/agazeta\/lideranca-do-bonde-dos-13-sofre-nova-condenacao\/\" \/>\n<meta property=\"og:locale\" content=\"pt_BR\" \/>\n<meta property=\"og:type\" content=\"article\" \/>\n<meta property=\"og:title\" content=\"Lideran\u00e7a de fac\u00e7\u00e3o criminosa sofre nova condena\u00e7\u00e3o - Agazeta.net\" \/>\n<meta property=\"og:description\" content=\"De dentro da cadeia ele comandava o tr\u00e1fico de drogas\" \/>\n<meta property=\"og:url\" content=\"https:\/\/nk7-testes.com.br\/agazeta\/lideranca-do-bonde-dos-13-sofre-nova-condenacao\/\" \/>\n<meta property=\"og:site_name\" content=\"Agazeta.net\" \/>\n<meta property=\"article:published_time\" content=\"2016-09-02T20:27:28+00:00\" \/>\n<meta property=\"og:image\" content=\"https:\/\/nk7-testes.com.br\/agazeta\/wp-content\/uploads\/2016\/09\/020916-policia-preso-condenado-b13.jpg\" \/>\n\t<meta property=\"og:image:width\" content=\"458\" \/>\n\t<meta property=\"og:image:height\" content=\"340\" \/>\n\t<meta property=\"og:image:type\" content=\"image\/jpeg\" \/>\n<meta name=\"author\" content=\"Agazeta.Net\" \/>\n<meta name=\"twitter:card\" content=\"summary_large_image\" \/>\n<meta name=\"twitter:label1\" content=\"Escrito por\" \/>\n\t<meta name=\"twitter:data1\" content=\"Agazeta.Net\" \/>\n\t<meta name=\"twitter:label2\" content=\"Est. tempo de leitura\" \/>\n\t<meta name=\"twitter:data2\" content=\"1 minuto\" \/>\n<script type=\"application\/ld+json\" class=\"yoast-schema-graph\">{\"@context\":\"https:\/\/schema.org\",\"@graph\":[{\"@type\":\"WebPage\",\"@id\":\"https:\/\/nk7-testes.com.br\/agazeta\/lideranca-do-bonde-dos-13-sofre-nova-condenacao\/\",\"url\":\"https:\/\/nk7-testes.com.br\/agazeta\/lideranca-do-bonde-dos-13-sofre-nova-condenacao\/\",\"name\":\"Lideran\u00e7a de fac\u00e7\u00e3o criminosa sofre nova condena\u00e7\u00e3o - Agazeta.net\",\"isPartOf\":{\"@id\":\"https:\/\/nk7-testes.com.br\/agazeta\/#website\"},\"primaryImageOfPage\":{\"@id\":\"https:\/\/nk7-testes.com.br\/agazeta\/lideranca-do-bonde-dos-13-sofre-nova-condenacao\/#primaryimage\"},\"image\":{\"@id\":\"https:\/\/nk7-testes.com.br\/agazeta\/lideranca-do-bonde-dos-13-sofre-nova-condenacao\/#primaryimage\"},\"thumbnailUrl\":\"https:\/\/nk7-testes.com.br\/agazeta\/wp-content\/uploads\/2016\/09\/020916-policia-preso-condenado-b13.jpg\",\"datePublished\":\"2016-09-02T20:27:28+00:00\",\"author\":{\"@id\":\"https:\/\/nk7-testes.com.br\/agazeta\/#\/schema\/person\/6d6e25cb0435eb4a02fd44d30b4e3020\"},\"breadcrumb\":{\"@id\":\"https:\/\/nk7-testes.com.br\/agazeta\/lideranca-do-bonde-dos-13-sofre-nova-condenacao\/#breadcrumb\"},\"inLanguage\":\"pt-BR\",\"potentialAction\":[{\"@type\":\"ReadAction\",\"target\":[\"https:\/\/nk7-testes.com.br\/agazeta\/lideranca-do-bonde-dos-13-sofre-nova-condenacao\/\"]}]},{\"@type\":\"ImageObject\",\"inLanguage\":\"pt-BR\",\"@id\":\"https:\/\/nk7-testes.com.br\/agazeta\/lideranca-do-bonde-dos-13-sofre-nova-condenacao\/#primaryimage\",\"url\":\"https:\/\/nk7-testes.com.br\/agazeta\/wp-content\/uploads\/2016\/09\/020916-policia-preso-condenado-b13.jpg\",\"contentUrl\":\"https:\/\/nk7-testes.com.br\/agazeta\/wp-content\/uploads\/2016\/09\/020916-policia-preso-condenado-b13.jpg\",\"width\":458,\"height\":340,\"caption\":\"020916-policia-preso-condenado-b13\"},{\"@type\":\"BreadcrumbList\",\"@id\":\"https:\/\/nk7-testes.com.br\/agazeta\/lideranca-do-bonde-dos-13-sofre-nova-condenacao\/#breadcrumb\",\"itemListElement\":[{\"@type\":\"ListItem\",\"position\":1,\"name\":\"In\u00edcio\",\"item\":\"https:\/\/nk7-testes.com.br\/agazeta\/\"},{\"@type\":\"ListItem\",\"position\":2,\"name\":\"Lideran\u00e7a de fac\u00e7\u00e3o criminosa sofre nova condena\u00e7\u00e3o\"}]},{\"@type\":\"WebSite\",\"@id\":\"https:\/\/nk7-testes.com.br\/agazeta\/#website\",\"url\":\"https:\/\/nk7-testes.com.br\/agazeta\/\",\"name\":\"Agazeta.net\",\"description\":\"Agazeta.net - Not\u00edcias de Rio Branco\/AC\",\"potentialAction\":[{\"@type\":\"SearchAction\",\"target\":{\"@type\":\"EntryPoint\",\"urlTemplate\":\"https:\/\/nk7-testes.com.br\/agazeta\/?s={search_term_string}\"},\"query-input\":{\"@type\":\"PropertyValueSpecification\",\"valueRequired\":true,\"valueName\":\"search_term_string\"}}],\"inLanguage\":\"pt-BR\"},{\"@type\":\"Person\",\"@id\":\"https:\/\/nk7-testes.com.br\/agazeta\/#\/schema\/person\/6d6e25cb0435eb4a02fd44d30b4e3020\",\"name\":\"Agazeta.Net\",\"url\":\"https:\/\/nk7-testes.com.br\/agazeta\/author\/agazeta\/\"}]}<\/script>\n<!-- \/ Yoast SEO plugin. -->","yoast_head_json":{"title":"Lideran\u00e7a de fac\u00e7\u00e3o criminosa sofre nova condena\u00e7\u00e3o - Agazeta.net","robots":{"index":"index","follow":"follow","max-snippet":"max-snippet:-1","max-image-preview":"max-image-preview:large","max-video-preview":"max-video-preview:-1"},"canonical":"https:\/\/nk7-testes.com.br\/agazeta\/lideranca-do-bonde-dos-13-sofre-nova-condenacao\/","og_locale":"pt_BR","og_type":"article","og_title":"Lideran\u00e7a de fac\u00e7\u00e3o criminosa sofre nova condena\u00e7\u00e3o - Agazeta.net","og_description":"De dentro da cadeia ele comandava o tr\u00e1fico de drogas","og_url":"https:\/\/nk7-testes.com.br\/agazeta\/lideranca-do-bonde-dos-13-sofre-nova-condenacao\/","og_site_name":"Agazeta.net","article_published_time":"2016-09-02T20:27:28+00:00","og_image":[{"width":458,"height":340,"url":"https:\/\/nk7-testes.com.br\/agazeta\/wp-content\/uploads\/2016\/09\/020916-policia-preso-condenado-b13.jpg","type":"image\/jpeg"}],"author":"Agazeta.Net","twitter_card":"summary_large_image","twitter_misc":{"Escrito por":"Agazeta.Net","Est. tempo de leitura":"1 minuto"},"schema":{"@context":"https:\/\/schema.org","@graph":[{"@type":"WebPage","@id":"https:\/\/nk7-testes.com.br\/agazeta\/lideranca-do-bonde-dos-13-sofre-nova-condenacao\/","url":"https:\/\/nk7-testes.com.br\/agazeta\/lideranca-do-bonde-dos-13-sofre-nova-condenacao\/","name":"Lideran\u00e7a de fac\u00e7\u00e3o criminosa sofre nova condena\u00e7\u00e3o - Agazeta.net","isPartOf":{"@id":"https:\/\/nk7-testes.com.br\/agazeta\/#website"},"primaryImageOfPage":{"@id":"https:\/\/nk7-testes.com.br\/agazeta\/lideranca-do-bonde-dos-13-sofre-nova-condenacao\/#primaryimage"},"image":{"@id":"https:\/\/nk7-testes.com.br\/agazeta\/lideranca-do-bonde-dos-13-sofre-nova-condenacao\/#primaryimage"},"thumbnailUrl":"https:\/\/nk7-testes.com.br\/agazeta\/wp-content\/uploads\/2016\/09\/020916-policia-preso-condenado-b13.jpg","datePublished":"2016-09-02T20:27:28+00:00","author":{"@id":"https:\/\/nk7-testes.com.br\/agazeta\/#\/schema\/person\/6d6e25cb0435eb4a02fd44d30b4e3020"},"breadcrumb":{"@id":"https:\/\/nk7-testes.com.br\/agazeta\/lideranca-do-bonde-dos-13-sofre-nova-condenacao\/#breadcrumb"},"inLanguage":"pt-BR","potentialAction":[{"@type":"ReadAction","target":["https:\/\/nk7-testes.com.br\/agazeta\/lideranca-do-bonde-dos-13-sofre-nova-condenacao\/"]}]},{"@type":"ImageObject","inLanguage":"pt-BR","@id":"https:\/\/nk7-testes.com.br\/agazeta\/lideranca-do-bonde-dos-13-sofre-nova-condenacao\/#primaryimage","url":"https:\/\/nk7-testes.com.br\/agazeta\/wp-content\/uploads\/2016\/09\/020916-policia-preso-condenado-b13.jpg","contentUrl":"https:\/\/nk7-testes.com.br\/agazeta\/wp-content\/uploads\/2016\/09\/020916-policia-preso-condenado-b13.jpg","width":458,"height":340,"caption":"020916-policia-preso-condenado-b13"},{"@type":"BreadcrumbList","@id":"https:\/\/nk7-testes.com.br\/agazeta\/lideranca-do-bonde-dos-13-sofre-nova-condenacao\/#breadcrumb","itemListElement":[{"@type":"ListItem","position":1,"name":"In\u00edcio","item":"https:\/\/nk7-testes.com.br\/agazeta\/"},{"@type":"ListItem","position":2,"name":"Lideran\u00e7a de fac\u00e7\u00e3o criminosa sofre nova condena\u00e7\u00e3o"}]},{"@type":"WebSite","@id":"https:\/\/nk7-testes.com.br\/agazeta\/#website","url":"https:\/\/nk7-testes.com.br\/agazeta\/","name":"Agazeta.net","description":"Agazeta.net - Not\u00edcias de Rio Branco\/AC","potentialAction":[{"@type":"SearchAction","target":{"@type":"EntryPoint","urlTemplate":"https:\/\/nk7-testes.com.br\/agazeta\/?s={search_term_string}"},"query-input":{"@type":"PropertyValueSpecification","valueRequired":true,"valueName":"search_term_string"}}],"inLanguage":"pt-BR"},{"@type":"Person","@id":"https:\/\/nk7-testes.com.br\/agazeta\/#\/schema\/person\/6d6e25cb0435eb4a02fd44d30b4e3020","name":"Agazeta.Net","url":"https:\/\/nk7-testes.com.br\/agazeta\/author\/agazeta\/"}]}},"_links":{"self":[{"href":"https:\/\/nk7-testes.com.br\/agazeta\/wp-json\/wp\/v2\/posts\/24943","targetHints":{"allow":["GET"]}}],"collection":[{"href":"https:\/\/nk7-testes.com.br\/agazeta\/wp-json\/wp\/v2\/posts"}],"about":[{"href":"https:\/\/nk7-testes.com.br\/agazeta\/wp-json\/wp\/v2\/types\/post"}],"author":[{"embeddable":true,"href":"https:\/\/nk7-testes.com.br\/agazeta\/wp-json\/wp\/v2\/users\/4"}],"replies":[{"embeddable":true,"href":"https:\/\/nk7-testes.com.br\/agazeta\/wp-json\/wp\/v2\/comments?post=24943"}],"version-history":[{"count":0,"href":"https:\/\/nk7-testes.com.br\/agazeta\/wp-json\/wp\/v2\/posts\/24943\/revisions"}],"wp:featuredmedia":[{"embeddable":true,"href":"https:\/\/nk7-testes.com.br\/agazeta\/wp-json\/wp\/v2\/media\/24942"}],"wp:attachment":[{"href":"https:\/\/nk7-testes.com.br\/agazeta\/wp-json\/wp\/v2\/media?parent=24943"}],"wp:term":[{"taxonomy":"category","embeddable":true,"href":"https:\/\/nk7-testes.com.br\/agazeta\/wp-json\/wp\/v2\/categories?post=24943"},{"taxonomy":"post_tag","embeddable":true,"href":"https:\/\/nk7-testes.com.br\/agazeta\/wp-json\/wp\/v2\/tags?post=24943"}],"curies":[{"name":"wp","href":"https:\/\/api.w.org\/{rel}","templated":true}]}}