{"id":24941,"date":"2016-09-02T20:11:36","date_gmt":"2016-09-02T20:11:36","guid":{"rendered":"https:\/\/abarevegan.com.br\/index.php\/2016\/09\/02\/recomendacao-do-mpf-e-mpe-expoe-lentidao-do-executivo\/"},"modified":"2016-09-02T20:11:36","modified_gmt":"2016-09-02T20:11:36","slug":"recomendacao-do-mpf-e-mpe-expoe-lentidao-do-executivo","status":"publish","type":"post","link":"https:\/\/nk7-testes.com.br\/agazeta\/recomendacao-do-mpf-e-mpe-expoe-lentidao-do-executivo\/","title":{"rendered":"Recomenda\u00e7\u00e3o do MPF e MPE exp\u00f5e lentid\u00e3o do Executivo"},"content":{"rendered":"<p style=\"text-align: justify;\">Oshiro: prioridade em observar a estrutura da maternidade<\/p>\n<p style=\"text-align: justify;\">As fam\u00edlias que entraram com a\u00e7\u00f5es judiciais de repara\u00e7\u00e3o de danos contra o Estado, por causa da morte de beb\u00eas na maternidade Barbara Heliodora, v\u00e3o ter uma prova a seu favor: basta conseguir os relat\u00f3rios do Denasus, o Departamento Nacional de auditorias do sistema \u00fanico de sa\u00fade e dos minist\u00e9rios p\u00fablicos estadual e federal.<\/p>\n<p style=\"text-align: justify;\">Os documentos apontam diversas irregularidades: n\u00e3o existem m\u00e9dicos suficientes para o atendimento, assim como \u00e9 reduzido o n\u00famero de leitos.<\/p>\n<p style=\"text-align: justify;\">Os t\u00e9cnicos descobriram que faltavam medicamento e equipamentos essenciais para o atendimento das gr\u00e1vidas. Um dos itens mais preocupantes foi a descoberta da demora no atendimento m\u00e9dico \u00e0s gr\u00e1vidas, fato que j\u00e1 era conhecido por causas das reclama\u00e7\u00f5es das fam\u00edlias.<\/p>\n<p style=\"text-align: justify;\">De acordo com o promotor de Justi\u00e7a Glaucio Oshiro, quando a gr\u00e1vida chega para ter o filho ela deve passar por uma avalia\u00e7\u00e3o. Dependo do caso, recebe uma classifica\u00e7\u00e3o de risco que determina o tempo que deve ser atendida pelo m\u00e9dico.<\/p>\n<p style=\"text-align: justify;\">\u201cS\u00f3 que muitas vezes as complica\u00e7\u00f5es podem vir nesse espa\u00e7o de tempo e a maternidade n\u00e3o fazia esse monitoramento, e a mulher o filho, terminavam com complica\u00e7\u00f5es s\u00e9rias ou at\u00e9 a morte\u201d, explicou.<\/p>\n<p style=\"text-align: justify;\">Os minist\u00e9rios p\u00fablicos fizeram uma s\u00e9rie de recomenda\u00e7\u00f5es e deram prazos para que a dire\u00e7\u00e3o da maternidade melhore ou mude os procedimentos. O primeiro \u00e9 mudar completamente o atendimento na classifica\u00e7\u00e3o de risco. N\u00e3o podem faltar medicamentos e equipamentos.<\/p>\n<p style=\"text-align: justify;\">Os procuradores e promotores exigiram o funcionamento da comiss\u00e3o de \u00f3bitos que vai investigar todos os casos de mortes na maternidade.<\/p>\n<p style=\"text-align: justify;\">Os minist\u00e9rios p\u00fablicos n\u00e3o investigaram as mortes dos bebes, apenas a estrutura da maternidade. O Estado foi intimado a melhorar os hospitais do interior do estado. Fora o munic\u00edpio de Sena Madureira, as unidades do Alto e Baixo Acre n\u00e3o est\u00e3o disponibilizando os leitos obst\u00e9tricos. \u201cCom isso todos os trabalhos de parto s\u00e3o enviados para Rio Branco o que sobrecarrega a Maternidade Barbara Heliodora\u201d, explicou Oshiro.<\/p>\n<p style=\"text-align: justify;\">A gerente da maternidade Giza Lopes informou que 90% das recomenda\u00e7\u00f5es j\u00e1 foram atendidas. Equipamentos e rem\u00e9dios foram comprados e os servidores passaram por reciclagem.<\/p>\n<p style=\"text-align: justify;\">No relat\u00f3rio constam os nomes das vitimas e aponta que algumas mortes de beb\u00eas eram evit\u00e1veis. Na \u00e9poca, a dire\u00e7\u00e3o da maternidade sempre afirmava que os procedimentos eram corretos.<\/p>\n<p style=\"text-align: justify;\">A investiga\u00e7\u00e3o apontou que os erros come\u00e7avam na chegada da gr\u00e1vida a maternidade. A demora na classifica\u00e7\u00e3o de risco levou dor e tristeza a muitas fam\u00edlias.<\/p>\n","protected":false},"excerpt":{"rendered":"<p style=\"text-align: justify;\">Oshiro: prioridade em observar a estrutura da maternidade<\/p>\n","protected":false},"author":4,"featured_media":24940,"comment_status":"open","ping_status":"open","sticky":false,"template":"","format":"standard","meta":{"jnews-multi-image_gallery":[],"jnews_single_post":[],"jnews_primary_category":[],"jnews_social_meta":[],"jnews_review":[],"enable_review":"","type":"","name":"","summary":"","brand":"","sku":"","good":[],"bad":[],"score_override":"","override_value":"","rating":[],"price":[],"footnotes":""},"categories":[54],"tags":[],"class_list":["post-24941","post","type-post","status-publish","format-standard","has-post-thumbnail","hentry","category-cotidiano"],"yoast_head":"<!-- This site is optimized with the Yoast SEO plugin v26.5 - https:\/\/yoast.com\/wordpress\/plugins\/seo\/ -->\n<title>Recomenda\u00e7\u00e3o do MPF e MPE exp\u00f5e lentid\u00e3o do Executivo - Agazeta.net<\/title>\n<meta name=\"robots\" content=\"index, follow, max-snippet:-1, max-image-preview:large, max-video-preview:-1\" \/>\n<link rel=\"canonical\" href=\"https:\/\/nk7-testes.com.br\/agazeta\/recomendacao-do-mpf-e-mpe-expoe-lentidao-do-executivo\/\" \/>\n<meta property=\"og:locale\" content=\"pt_BR\" \/>\n<meta property=\"og:type\" content=\"article\" \/>\n<meta property=\"og:title\" content=\"Recomenda\u00e7\u00e3o do MPF e MPE exp\u00f5e lentid\u00e3o do Executivo - Agazeta.net\" \/>\n<meta property=\"og:description\" content=\"Oshiro: prioridade em observar a estrutura da maternidade\" \/>\n<meta property=\"og:url\" content=\"https:\/\/nk7-testes.com.br\/agazeta\/recomendacao-do-mpf-e-mpe-expoe-lentidao-do-executivo\/\" \/>\n<meta property=\"og:site_name\" content=\"Agazeta.net\" \/>\n<meta property=\"article:published_time\" content=\"2016-09-02T20:11:36+00:00\" \/>\n<meta property=\"og:image\" content=\"https:\/\/nk7-testes.com.br\/agazeta\/wp-content\/uploads\/2016\/09\/020916-cotidiano-oshiro-mpac2.jpg\" \/>\n\t<meta property=\"og:image:width\" content=\"458\" \/>\n\t<meta property=\"og:image:height\" content=\"340\" \/>\n\t<meta property=\"og:image:type\" content=\"image\/jpeg\" \/>\n<meta name=\"author\" content=\"Agazeta.Net\" \/>\n<meta name=\"twitter:card\" content=\"summary_large_image\" \/>\n<meta name=\"twitter:label1\" content=\"Escrito por\" \/>\n\t<meta name=\"twitter:data1\" content=\"Agazeta.Net\" \/>\n\t<meta name=\"twitter:label2\" content=\"Est. tempo de leitura\" \/>\n\t<meta name=\"twitter:data2\" content=\"2 minutos\" \/>\n<script type=\"application\/ld+json\" class=\"yoast-schema-graph\">{\"@context\":\"https:\/\/schema.org\",\"@graph\":[{\"@type\":\"WebPage\",\"@id\":\"https:\/\/nk7-testes.com.br\/agazeta\/recomendacao-do-mpf-e-mpe-expoe-lentidao-do-executivo\/\",\"url\":\"https:\/\/nk7-testes.com.br\/agazeta\/recomendacao-do-mpf-e-mpe-expoe-lentidao-do-executivo\/\",\"name\":\"Recomenda\u00e7\u00e3o do MPF e MPE exp\u00f5e lentid\u00e3o do Executivo - Agazeta.net\",\"isPartOf\":{\"@id\":\"https:\/\/nk7-testes.com.br\/agazeta\/#website\"},\"primaryImageOfPage\":{\"@id\":\"https:\/\/nk7-testes.com.br\/agazeta\/recomendacao-do-mpf-e-mpe-expoe-lentidao-do-executivo\/#primaryimage\"},\"image\":{\"@id\":\"https:\/\/nk7-testes.com.br\/agazeta\/recomendacao-do-mpf-e-mpe-expoe-lentidao-do-executivo\/#primaryimage\"},\"thumbnailUrl\":\"https:\/\/nk7-testes.com.br\/agazeta\/wp-content\/uploads\/2016\/09\/020916-cotidiano-oshiro-mpac2.jpg\",\"datePublished\":\"2016-09-02T20:11:36+00:00\",\"author\":{\"@id\":\"https:\/\/nk7-testes.com.br\/agazeta\/#\/schema\/person\/ff6b39d54d6973bfc57f4140f659b23f\"},\"breadcrumb\":{\"@id\":\"https:\/\/nk7-testes.com.br\/agazeta\/recomendacao-do-mpf-e-mpe-expoe-lentidao-do-executivo\/#breadcrumb\"},\"inLanguage\":\"pt-BR\",\"potentialAction\":[{\"@type\":\"ReadAction\",\"target\":[\"https:\/\/nk7-testes.com.br\/agazeta\/recomendacao-do-mpf-e-mpe-expoe-lentidao-do-executivo\/\"]}]},{\"@type\":\"ImageObject\",\"inLanguage\":\"pt-BR\",\"@id\":\"https:\/\/nk7-testes.com.br\/agazeta\/recomendacao-do-mpf-e-mpe-expoe-lentidao-do-executivo\/#primaryimage\",\"url\":\"https:\/\/nk7-testes.com.br\/agazeta\/wp-content\/uploads\/2016\/09\/020916-cotidiano-oshiro-mpac2.jpg\",\"contentUrl\":\"https:\/\/nk7-testes.com.br\/agazeta\/wp-content\/uploads\/2016\/09\/020916-cotidiano-oshiro-mpac2.jpg\",\"width\":458,\"height\":340,\"caption\":\"020916-cotidiano-oshiro-mpac2\"},{\"@type\":\"BreadcrumbList\",\"@id\":\"https:\/\/nk7-testes.com.br\/agazeta\/recomendacao-do-mpf-e-mpe-expoe-lentidao-do-executivo\/#breadcrumb\",\"itemListElement\":[{\"@type\":\"ListItem\",\"position\":1,\"name\":\"In\u00edcio\",\"item\":\"https:\/\/nk7-testes.com.br\/agazeta\/\"},{\"@type\":\"ListItem\",\"position\":2,\"name\":\"Recomenda\u00e7\u00e3o do MPF e MPE exp\u00f5e lentid\u00e3o do Executivo\"}]},{\"@type\":\"WebSite\",\"@id\":\"https:\/\/nk7-testes.com.br\/agazeta\/#website\",\"url\":\"https:\/\/nk7-testes.com.br\/agazeta\/\",\"name\":\"Agazeta.net\",\"description\":\"Agazeta.net - Not\u00edcias de Rio Branco\/AC\",\"potentialAction\":[{\"@type\":\"SearchAction\",\"target\":{\"@type\":\"EntryPoint\",\"urlTemplate\":\"https:\/\/nk7-testes.com.br\/agazeta\/?s={search_term_string}\"},\"query-input\":{\"@type\":\"PropertyValueSpecification\",\"valueRequired\":true,\"valueName\":\"search_term_string\"}}],\"inLanguage\":\"pt-BR\"},{\"@type\":\"Person\",\"@id\":\"https:\/\/nk7-testes.com.br\/agazeta\/#\/schema\/person\/ff6b39d54d6973bfc57f4140f659b23f\",\"name\":\"Agazeta.Net\",\"url\":\"https:\/\/nk7-testes.com.br\/agazeta\/author\/agazeta\/\"}]}<\/script>\n<!-- \/ Yoast SEO plugin. -->","yoast_head_json":{"title":"Recomenda\u00e7\u00e3o do MPF e MPE exp\u00f5e lentid\u00e3o do Executivo - Agazeta.net","robots":{"index":"index","follow":"follow","max-snippet":"max-snippet:-1","max-image-preview":"max-image-preview:large","max-video-preview":"max-video-preview:-1"},"canonical":"https:\/\/nk7-testes.com.br\/agazeta\/recomendacao-do-mpf-e-mpe-expoe-lentidao-do-executivo\/","og_locale":"pt_BR","og_type":"article","og_title":"Recomenda\u00e7\u00e3o do MPF e MPE exp\u00f5e lentid\u00e3o do Executivo - Agazeta.net","og_description":"Oshiro: prioridade em observar a estrutura da maternidade","og_url":"https:\/\/nk7-testes.com.br\/agazeta\/recomendacao-do-mpf-e-mpe-expoe-lentidao-do-executivo\/","og_site_name":"Agazeta.net","article_published_time":"2016-09-02T20:11:36+00:00","og_image":[{"width":458,"height":340,"url":"https:\/\/nk7-testes.com.br\/agazeta\/wp-content\/uploads\/2016\/09\/020916-cotidiano-oshiro-mpac2.jpg","type":"image\/jpeg"}],"author":"Agazeta.Net","twitter_card":"summary_large_image","twitter_misc":{"Escrito por":"Agazeta.Net","Est. tempo de leitura":"2 minutos"},"schema":{"@context":"https:\/\/schema.org","@graph":[{"@type":"WebPage","@id":"https:\/\/nk7-testes.com.br\/agazeta\/recomendacao-do-mpf-e-mpe-expoe-lentidao-do-executivo\/","url":"https:\/\/nk7-testes.com.br\/agazeta\/recomendacao-do-mpf-e-mpe-expoe-lentidao-do-executivo\/","name":"Recomenda\u00e7\u00e3o do MPF e MPE exp\u00f5e lentid\u00e3o do Executivo - Agazeta.net","isPartOf":{"@id":"https:\/\/nk7-testes.com.br\/agazeta\/#website"},"primaryImageOfPage":{"@id":"https:\/\/nk7-testes.com.br\/agazeta\/recomendacao-do-mpf-e-mpe-expoe-lentidao-do-executivo\/#primaryimage"},"image":{"@id":"https:\/\/nk7-testes.com.br\/agazeta\/recomendacao-do-mpf-e-mpe-expoe-lentidao-do-executivo\/#primaryimage"},"thumbnailUrl":"https:\/\/nk7-testes.com.br\/agazeta\/wp-content\/uploads\/2016\/09\/020916-cotidiano-oshiro-mpac2.jpg","datePublished":"2016-09-02T20:11:36+00:00","author":{"@id":"https:\/\/nk7-testes.com.br\/agazeta\/#\/schema\/person\/ff6b39d54d6973bfc57f4140f659b23f"},"breadcrumb":{"@id":"https:\/\/nk7-testes.com.br\/agazeta\/recomendacao-do-mpf-e-mpe-expoe-lentidao-do-executivo\/#breadcrumb"},"inLanguage":"pt-BR","potentialAction":[{"@type":"ReadAction","target":["https:\/\/nk7-testes.com.br\/agazeta\/recomendacao-do-mpf-e-mpe-expoe-lentidao-do-executivo\/"]}]},{"@type":"ImageObject","inLanguage":"pt-BR","@id":"https:\/\/nk7-testes.com.br\/agazeta\/recomendacao-do-mpf-e-mpe-expoe-lentidao-do-executivo\/#primaryimage","url":"https:\/\/nk7-testes.com.br\/agazeta\/wp-content\/uploads\/2016\/09\/020916-cotidiano-oshiro-mpac2.jpg","contentUrl":"https:\/\/nk7-testes.com.br\/agazeta\/wp-content\/uploads\/2016\/09\/020916-cotidiano-oshiro-mpac2.jpg","width":458,"height":340,"caption":"020916-cotidiano-oshiro-mpac2"},{"@type":"BreadcrumbList","@id":"https:\/\/nk7-testes.com.br\/agazeta\/recomendacao-do-mpf-e-mpe-expoe-lentidao-do-executivo\/#breadcrumb","itemListElement":[{"@type":"ListItem","position":1,"name":"In\u00edcio","item":"https:\/\/nk7-testes.com.br\/agazeta\/"},{"@type":"ListItem","position":2,"name":"Recomenda\u00e7\u00e3o do MPF e MPE exp\u00f5e lentid\u00e3o do Executivo"}]},{"@type":"WebSite","@id":"https:\/\/nk7-testes.com.br\/agazeta\/#website","url":"https:\/\/nk7-testes.com.br\/agazeta\/","name":"Agazeta.net","description":"Agazeta.net - Not\u00edcias de Rio Branco\/AC","potentialAction":[{"@type":"SearchAction","target":{"@type":"EntryPoint","urlTemplate":"https:\/\/nk7-testes.com.br\/agazeta\/?s={search_term_string}"},"query-input":{"@type":"PropertyValueSpecification","valueRequired":true,"valueName":"search_term_string"}}],"inLanguage":"pt-BR"},{"@type":"Person","@id":"https:\/\/nk7-testes.com.br\/agazeta\/#\/schema\/person\/ff6b39d54d6973bfc57f4140f659b23f","name":"Agazeta.Net","url":"https:\/\/nk7-testes.com.br\/agazeta\/author\/agazeta\/"}]}},"_links":{"self":[{"href":"https:\/\/nk7-testes.com.br\/agazeta\/wp-json\/wp\/v2\/posts\/24941","targetHints":{"allow":["GET"]}}],"collection":[{"href":"https:\/\/nk7-testes.com.br\/agazeta\/wp-json\/wp\/v2\/posts"}],"about":[{"href":"https:\/\/nk7-testes.com.br\/agazeta\/wp-json\/wp\/v2\/types\/post"}],"author":[{"embeddable":true,"href":"https:\/\/nk7-testes.com.br\/agazeta\/wp-json\/wp\/v2\/users\/4"}],"replies":[{"embeddable":true,"href":"https:\/\/nk7-testes.com.br\/agazeta\/wp-json\/wp\/v2\/comments?post=24941"}],"version-history":[{"count":0,"href":"https:\/\/nk7-testes.com.br\/agazeta\/wp-json\/wp\/v2\/posts\/24941\/revisions"}],"wp:featuredmedia":[{"embeddable":true,"href":"https:\/\/nk7-testes.com.br\/agazeta\/wp-json\/wp\/v2\/media\/24940"}],"wp:attachment":[{"href":"https:\/\/nk7-testes.com.br\/agazeta\/wp-json\/wp\/v2\/media?parent=24941"}],"wp:term":[{"taxonomy":"category","embeddable":true,"href":"https:\/\/nk7-testes.com.br\/agazeta\/wp-json\/wp\/v2\/categories?post=24941"},{"taxonomy":"post_tag","embeddable":true,"href":"https:\/\/nk7-testes.com.br\/agazeta\/wp-json\/wp\/v2\/tags?post=24941"}],"curies":[{"name":"wp","href":"https:\/\/api.w.org\/{rel}","templated":true}]}}