{"id":24934,"date":"2016-09-02T19:23:40","date_gmt":"2016-09-02T19:23:40","guid":{"rendered":"https:\/\/abarevegan.com.br\/index.php\/2016\/09\/02\/policia-civil-prende-suspeitos-de-assalto-a-loja-gazin\/"},"modified":"2016-09-02T19:23:40","modified_gmt":"2016-09-02T19:23:40","slug":"policia-civil-prende-suspeitos-de-assalto-a-loja-gazin","status":"publish","type":"post","link":"https:\/\/nk7-testes.com.br\/agazeta\/policia-civil-prende-suspeitos-de-assalto-a-loja-gazin\/","title":{"rendered":"Pol\u00edcia Civil prende suspeitos de assalto \u00e0 loja Gazin"},"content":{"rendered":"<p>Marcos e Thiago tiveram ajuda e um terceiro suspeito<\/p>\n<p>A Pol\u00edcia Civil, por meio da Delegacia de Combate a Roubos e Extors\u00f5es (Decore), prendeu, na manh\u00e3 desta quinta-feira (1\u00ba) Marcos Naseu Bessa da Silva, 19 anos, e Thiago Gomes da Silva, 18, por suspeita de envolvimento na tentativa de assalto a uma loja de eletrodom\u00e9sticos, na \u00faltima ter\u00e7a-feira, 30, onde um policial foi atingido por um disparo de arma de fogo.<\/p>\n<p>O trabalho de investiga\u00e7\u00e3o foi auxiliado pelo videomonitoramento, dentro e fora da loja, possibilitando a identifica\u00e7\u00e3o dos autores, inclusive de Eduardo Freitas da Silva, 19, autor do disparo.<\/p>\n<p>Marcos e Thiago foram presos no baixada da Sobral, enquanto que Eduardo se apresentou a unidade de pol\u00edcia acompanhado de seu advogado. \u201c\u00c9 mais um trabalho bem sucedido da investiga\u00e7\u00e3o que de forma c\u00e9lere conseguiu prender os envolvidos. A partir de agora formalizaremos a pris\u00e3o preventiva e os colocaremos a disposi\u00e7\u00e3o da justi\u00e7a\u201d, disse odelegado Karlesso Nespoli, que preside o inqu\u00e9rito.<\/p>\n","protected":false},"excerpt":{"rendered":"<p>Marcos e Thiago tiveram ajuda e um terceiro suspeito<\/p>\n","protected":false},"author":4,"featured_media":24933,"comment_status":"open","ping_status":"open","sticky":false,"template":"","format":"standard","meta":{"jnews-multi-image_gallery":[],"jnews_single_post":[],"jnews_primary_category":[],"jnews_social_meta":[],"jnews_review":[],"enable_review":"","type":"","name":"","summary":"","brand":"","sku":"","good":[],"bad":[],"score_override":"","override_value":"","rating":[],"price":[],"footnotes":""},"categories":[44],"tags":[],"class_list":["post-24934","post","type-post","status-publish","format-standard","has-post-thumbnail","hentry","category-policia"],"yoast_head":"<!-- This site is optimized with the Yoast SEO plugin v26.5 - https:\/\/yoast.com\/wordpress\/plugins\/seo\/ -->\n<title>Pol\u00edcia Civil prende suspeitos de assalto \u00e0 loja Gazin - Agazeta.net<\/title>\n<meta name=\"robots\" content=\"index, follow, max-snippet:-1, max-image-preview:large, max-video-preview:-1\" \/>\n<link rel=\"canonical\" href=\"https:\/\/nk7-testes.com.br\/agazeta\/policia-civil-prende-suspeitos-de-assalto-a-loja-gazin\/\" \/>\n<meta property=\"og:locale\" content=\"pt_BR\" \/>\n<meta property=\"og:type\" content=\"article\" \/>\n<meta property=\"og:title\" content=\"Pol\u00edcia Civil prende suspeitos de assalto \u00e0 loja Gazin - Agazeta.net\" \/>\n<meta property=\"og:description\" content=\"Marcos e Thiago tiveram ajuda e um terceiro suspeito\" \/>\n<meta property=\"og:url\" content=\"https:\/\/nk7-testes.com.br\/agazeta\/policia-civil-prende-suspeitos-de-assalto-a-loja-gazin\/\" \/>\n<meta property=\"og:site_name\" content=\"Agazeta.net\" \/>\n<meta property=\"article:published_time\" content=\"2016-09-02T19:23:40+00:00\" \/>\n<meta property=\"og:image\" content=\"https:\/\/nk7-testes.com.br\/agazeta\/wp-content\/uploads\/2016\/09\/020916-policia-presos-assaltogazin.jpg\" \/>\n\t<meta property=\"og:image:width\" content=\"458\" \/>\n\t<meta property=\"og:image:height\" content=\"340\" \/>\n\t<meta property=\"og:image:type\" content=\"image\/jpeg\" \/>\n<meta name=\"author\" content=\"Agazeta.Net\" \/>\n<meta name=\"twitter:card\" content=\"summary_large_image\" \/>\n<meta name=\"twitter:label1\" content=\"Escrito por\" \/>\n\t<meta name=\"twitter:data1\" content=\"Agazeta.Net\" \/>\n\t<meta name=\"twitter:label2\" content=\"Est. tempo de leitura\" \/>\n\t<meta name=\"twitter:data2\" content=\"1 minuto\" \/>\n<script type=\"application\/ld+json\" class=\"yoast-schema-graph\">{\"@context\":\"https:\/\/schema.org\",\"@graph\":[{\"@type\":\"WebPage\",\"@id\":\"https:\/\/nk7-testes.com.br\/agazeta\/policia-civil-prende-suspeitos-de-assalto-a-loja-gazin\/\",\"url\":\"https:\/\/nk7-testes.com.br\/agazeta\/policia-civil-prende-suspeitos-de-assalto-a-loja-gazin\/\",\"name\":\"Pol\u00edcia Civil prende suspeitos de assalto \u00e0 loja Gazin - Agazeta.net\",\"isPartOf\":{\"@id\":\"https:\/\/nk7-testes.com.br\/agazeta\/#website\"},\"primaryImageOfPage\":{\"@id\":\"https:\/\/nk7-testes.com.br\/agazeta\/policia-civil-prende-suspeitos-de-assalto-a-loja-gazin\/#primaryimage\"},\"image\":{\"@id\":\"https:\/\/nk7-testes.com.br\/agazeta\/policia-civil-prende-suspeitos-de-assalto-a-loja-gazin\/#primaryimage\"},\"thumbnailUrl\":\"https:\/\/nk7-testes.com.br\/agazeta\/wp-content\/uploads\/2016\/09\/020916-policia-presos-assaltogazin.jpg\",\"datePublished\":\"2016-09-02T19:23:40+00:00\",\"author\":{\"@id\":\"https:\/\/nk7-testes.com.br\/agazeta\/#\/schema\/person\/6d6e25cb0435eb4a02fd44d30b4e3020\"},\"breadcrumb\":{\"@id\":\"https:\/\/nk7-testes.com.br\/agazeta\/policia-civil-prende-suspeitos-de-assalto-a-loja-gazin\/#breadcrumb\"},\"inLanguage\":\"pt-BR\",\"potentialAction\":[{\"@type\":\"ReadAction\",\"target\":[\"https:\/\/nk7-testes.com.br\/agazeta\/policia-civil-prende-suspeitos-de-assalto-a-loja-gazin\/\"]}]},{\"@type\":\"ImageObject\",\"inLanguage\":\"pt-BR\",\"@id\":\"https:\/\/nk7-testes.com.br\/agazeta\/policia-civil-prende-suspeitos-de-assalto-a-loja-gazin\/#primaryimage\",\"url\":\"https:\/\/nk7-testes.com.br\/agazeta\/wp-content\/uploads\/2016\/09\/020916-policia-presos-assaltogazin.jpg\",\"contentUrl\":\"https:\/\/nk7-testes.com.br\/agazeta\/wp-content\/uploads\/2016\/09\/020916-policia-presos-assaltogazin.jpg\",\"width\":458,\"height\":340,\"caption\":\"020916-policia-presos-assaltogazin\"},{\"@type\":\"BreadcrumbList\",\"@id\":\"https:\/\/nk7-testes.com.br\/agazeta\/policia-civil-prende-suspeitos-de-assalto-a-loja-gazin\/#breadcrumb\",\"itemListElement\":[{\"@type\":\"ListItem\",\"position\":1,\"name\":\"In\u00edcio\",\"item\":\"https:\/\/nk7-testes.com.br\/agazeta\/\"},{\"@type\":\"ListItem\",\"position\":2,\"name\":\"Pol\u00edcia Civil prende suspeitos de assalto \u00e0 loja Gazin\"}]},{\"@type\":\"WebSite\",\"@id\":\"https:\/\/nk7-testes.com.br\/agazeta\/#website\",\"url\":\"https:\/\/nk7-testes.com.br\/agazeta\/\",\"name\":\"Agazeta.net\",\"description\":\"Agazeta.net - Not\u00edcias de Rio Branco\/AC\",\"potentialAction\":[{\"@type\":\"SearchAction\",\"target\":{\"@type\":\"EntryPoint\",\"urlTemplate\":\"https:\/\/nk7-testes.com.br\/agazeta\/?s={search_term_string}\"},\"query-input\":{\"@type\":\"PropertyValueSpecification\",\"valueRequired\":true,\"valueName\":\"search_term_string\"}}],\"inLanguage\":\"pt-BR\"},{\"@type\":\"Person\",\"@id\":\"https:\/\/nk7-testes.com.br\/agazeta\/#\/schema\/person\/6d6e25cb0435eb4a02fd44d30b4e3020\",\"name\":\"Agazeta.Net\",\"url\":\"https:\/\/nk7-testes.com.br\/agazeta\/author\/agazeta\/\"}]}<\/script>\n<!-- \/ Yoast SEO plugin. -->","yoast_head_json":{"title":"Pol\u00edcia Civil prende suspeitos de assalto \u00e0 loja Gazin - Agazeta.net","robots":{"index":"index","follow":"follow","max-snippet":"max-snippet:-1","max-image-preview":"max-image-preview:large","max-video-preview":"max-video-preview:-1"},"canonical":"https:\/\/nk7-testes.com.br\/agazeta\/policia-civil-prende-suspeitos-de-assalto-a-loja-gazin\/","og_locale":"pt_BR","og_type":"article","og_title":"Pol\u00edcia Civil prende suspeitos de assalto \u00e0 loja Gazin - Agazeta.net","og_description":"Marcos e Thiago tiveram ajuda e um terceiro suspeito","og_url":"https:\/\/nk7-testes.com.br\/agazeta\/policia-civil-prende-suspeitos-de-assalto-a-loja-gazin\/","og_site_name":"Agazeta.net","article_published_time":"2016-09-02T19:23:40+00:00","og_image":[{"width":458,"height":340,"url":"https:\/\/nk7-testes.com.br\/agazeta\/wp-content\/uploads\/2016\/09\/020916-policia-presos-assaltogazin.jpg","type":"image\/jpeg"}],"author":"Agazeta.Net","twitter_card":"summary_large_image","twitter_misc":{"Escrito por":"Agazeta.Net","Est. tempo de leitura":"1 minuto"},"schema":{"@context":"https:\/\/schema.org","@graph":[{"@type":"WebPage","@id":"https:\/\/nk7-testes.com.br\/agazeta\/policia-civil-prende-suspeitos-de-assalto-a-loja-gazin\/","url":"https:\/\/nk7-testes.com.br\/agazeta\/policia-civil-prende-suspeitos-de-assalto-a-loja-gazin\/","name":"Pol\u00edcia Civil prende suspeitos de assalto \u00e0 loja Gazin - Agazeta.net","isPartOf":{"@id":"https:\/\/nk7-testes.com.br\/agazeta\/#website"},"primaryImageOfPage":{"@id":"https:\/\/nk7-testes.com.br\/agazeta\/policia-civil-prende-suspeitos-de-assalto-a-loja-gazin\/#primaryimage"},"image":{"@id":"https:\/\/nk7-testes.com.br\/agazeta\/policia-civil-prende-suspeitos-de-assalto-a-loja-gazin\/#primaryimage"},"thumbnailUrl":"https:\/\/nk7-testes.com.br\/agazeta\/wp-content\/uploads\/2016\/09\/020916-policia-presos-assaltogazin.jpg","datePublished":"2016-09-02T19:23:40+00:00","author":{"@id":"https:\/\/nk7-testes.com.br\/agazeta\/#\/schema\/person\/6d6e25cb0435eb4a02fd44d30b4e3020"},"breadcrumb":{"@id":"https:\/\/nk7-testes.com.br\/agazeta\/policia-civil-prende-suspeitos-de-assalto-a-loja-gazin\/#breadcrumb"},"inLanguage":"pt-BR","potentialAction":[{"@type":"ReadAction","target":["https:\/\/nk7-testes.com.br\/agazeta\/policia-civil-prende-suspeitos-de-assalto-a-loja-gazin\/"]}]},{"@type":"ImageObject","inLanguage":"pt-BR","@id":"https:\/\/nk7-testes.com.br\/agazeta\/policia-civil-prende-suspeitos-de-assalto-a-loja-gazin\/#primaryimage","url":"https:\/\/nk7-testes.com.br\/agazeta\/wp-content\/uploads\/2016\/09\/020916-policia-presos-assaltogazin.jpg","contentUrl":"https:\/\/nk7-testes.com.br\/agazeta\/wp-content\/uploads\/2016\/09\/020916-policia-presos-assaltogazin.jpg","width":458,"height":340,"caption":"020916-policia-presos-assaltogazin"},{"@type":"BreadcrumbList","@id":"https:\/\/nk7-testes.com.br\/agazeta\/policia-civil-prende-suspeitos-de-assalto-a-loja-gazin\/#breadcrumb","itemListElement":[{"@type":"ListItem","position":1,"name":"In\u00edcio","item":"https:\/\/nk7-testes.com.br\/agazeta\/"},{"@type":"ListItem","position":2,"name":"Pol\u00edcia Civil prende suspeitos de assalto \u00e0 loja Gazin"}]},{"@type":"WebSite","@id":"https:\/\/nk7-testes.com.br\/agazeta\/#website","url":"https:\/\/nk7-testes.com.br\/agazeta\/","name":"Agazeta.net","description":"Agazeta.net - Not\u00edcias de Rio Branco\/AC","potentialAction":[{"@type":"SearchAction","target":{"@type":"EntryPoint","urlTemplate":"https:\/\/nk7-testes.com.br\/agazeta\/?s={search_term_string}"},"query-input":{"@type":"PropertyValueSpecification","valueRequired":true,"valueName":"search_term_string"}}],"inLanguage":"pt-BR"},{"@type":"Person","@id":"https:\/\/nk7-testes.com.br\/agazeta\/#\/schema\/person\/6d6e25cb0435eb4a02fd44d30b4e3020","name":"Agazeta.Net","url":"https:\/\/nk7-testes.com.br\/agazeta\/author\/agazeta\/"}]}},"_links":{"self":[{"href":"https:\/\/nk7-testes.com.br\/agazeta\/wp-json\/wp\/v2\/posts\/24934","targetHints":{"allow":["GET"]}}],"collection":[{"href":"https:\/\/nk7-testes.com.br\/agazeta\/wp-json\/wp\/v2\/posts"}],"about":[{"href":"https:\/\/nk7-testes.com.br\/agazeta\/wp-json\/wp\/v2\/types\/post"}],"author":[{"embeddable":true,"href":"https:\/\/nk7-testes.com.br\/agazeta\/wp-json\/wp\/v2\/users\/4"}],"replies":[{"embeddable":true,"href":"https:\/\/nk7-testes.com.br\/agazeta\/wp-json\/wp\/v2\/comments?post=24934"}],"version-history":[{"count":0,"href":"https:\/\/nk7-testes.com.br\/agazeta\/wp-json\/wp\/v2\/posts\/24934\/revisions"}],"wp:featuredmedia":[{"embeddable":true,"href":"https:\/\/nk7-testes.com.br\/agazeta\/wp-json\/wp\/v2\/media\/24933"}],"wp:attachment":[{"href":"https:\/\/nk7-testes.com.br\/agazeta\/wp-json\/wp\/v2\/media?parent=24934"}],"wp:term":[{"taxonomy":"category","embeddable":true,"href":"https:\/\/nk7-testes.com.br\/agazeta\/wp-json\/wp\/v2\/categories?post=24934"},{"taxonomy":"post_tag","embeddable":true,"href":"https:\/\/nk7-testes.com.br\/agazeta\/wp-json\/wp\/v2\/tags?post=24934"}],"curies":[{"name":"wp","href":"https:\/\/api.w.org\/{rel}","templated":true}]}}