{"id":24926,"date":"2016-09-02T14:37:27","date_gmt":"2016-09-02T14:37:27","guid":{"rendered":"https:\/\/abarevegan.com.br\/index.php\/2016\/09\/02\/motos-de-detentos-sao-queimadas-na-papudinha\/"},"modified":"2016-09-02T14:37:27","modified_gmt":"2016-09-02T14:37:27","slug":"motos-de-detentos-sao-queimadas-na-papudinha","status":"publish","type":"post","link":"https:\/\/nk7-testes.com.br\/agazeta\/motos-de-detentos-sao-queimadas-na-papudinha\/","title":{"rendered":"Motos de detentos s\u00e3o queimadas na Papudinha"},"content":{"rendered":"<p style=\"text-align: justify;\">Oito motos destru\u00eddas e dois carros parcialmente danificados<\/p>\n<p style=\"text-align: justify;\">Na madrugada desta sexta-feira, as motos dos detentos que cumprem pena no regime semiaberto na Papudinha foram queimadas. Oito motos ficaram completamente destru\u00eddas. Carros que estavam estacionados no p\u00e1tio da Papudinha (o pres\u00eddio que acolhe os presos) tamb\u00e9m foram parcialmente danificados.<\/p>\n<p style=\"text-align: justify;\">A pol\u00edcia ainda n\u00e3o sabe a autoria do crime. Uma investiga\u00e7\u00e3o deve ser iniciada.<\/p>\n","protected":false},"excerpt":{"rendered":"<p style=\"text-align: justify;\">Oito motos destru\u00eddas e dois carros parcialmente danificados<\/p>\n","protected":false},"author":4,"featured_media":24925,"comment_status":"open","ping_status":"open","sticky":false,"template":"","format":"standard","meta":{"jnews-multi-image_gallery":[],"jnews_single_post":[],"jnews_primary_category":[],"jnews_social_meta":[],"jnews_review":[],"enable_review":"","type":"","name":"","summary":"","brand":"","sku":"","good":[],"bad":[],"score_override":"","override_value":"","rating":[],"price":[],"footnotes":""},"categories":[44],"tags":[],"class_list":["post-24926","post","type-post","status-publish","format-standard","has-post-thumbnail","hentry","category-policia"],"yoast_head":"<!-- This site is optimized with the Yoast SEO plugin v26.5 - https:\/\/yoast.com\/wordpress\/plugins\/seo\/ -->\n<title>Motos de detentos s\u00e3o queimadas na Papudinha - Agazeta.net<\/title>\n<meta name=\"robots\" content=\"index, follow, max-snippet:-1, max-image-preview:large, max-video-preview:-1\" \/>\n<link rel=\"canonical\" href=\"https:\/\/nk7-testes.com.br\/agazeta\/motos-de-detentos-sao-queimadas-na-papudinha\/\" \/>\n<meta property=\"og:locale\" content=\"pt_BR\" \/>\n<meta property=\"og:type\" content=\"article\" \/>\n<meta property=\"og:title\" content=\"Motos de detentos s\u00e3o queimadas na Papudinha - Agazeta.net\" \/>\n<meta property=\"og:description\" content=\"Oito motos destru\u00eddas e dois carros parcialmente danificados\" \/>\n<meta property=\"og:url\" content=\"https:\/\/nk7-testes.com.br\/agazeta\/motos-de-detentos-sao-queimadas-na-papudinha\/\" \/>\n<meta property=\"og:site_name\" content=\"Agazeta.net\" \/>\n<meta property=\"article:published_time\" content=\"2016-09-02T14:37:27+00:00\" \/>\n<meta property=\"og:image\" content=\"https:\/\/nk7-testes.com.br\/agazeta\/wp-content\/uploads\/2016\/09\/020916-policia-motosqueimadas-cedida.jpg\" \/>\n\t<meta property=\"og:image:width\" content=\"458\" \/>\n\t<meta property=\"og:image:height\" content=\"340\" \/>\n\t<meta property=\"og:image:type\" content=\"image\/jpeg\" \/>\n<meta name=\"author\" content=\"Agazeta.Net\" \/>\n<meta name=\"twitter:card\" content=\"summary_large_image\" \/>\n<meta name=\"twitter:label1\" content=\"Escrito por\" \/>\n\t<meta name=\"twitter:data1\" content=\"Agazeta.Net\" \/>\n<script type=\"application\/ld+json\" class=\"yoast-schema-graph\">{\"@context\":\"https:\/\/schema.org\",\"@graph\":[{\"@type\":\"WebPage\",\"@id\":\"https:\/\/nk7-testes.com.br\/agazeta\/motos-de-detentos-sao-queimadas-na-papudinha\/\",\"url\":\"https:\/\/nk7-testes.com.br\/agazeta\/motos-de-detentos-sao-queimadas-na-papudinha\/\",\"name\":\"Motos de detentos s\u00e3o queimadas na Papudinha - Agazeta.net\",\"isPartOf\":{\"@id\":\"https:\/\/nk7-testes.com.br\/agazeta\/#website\"},\"primaryImageOfPage\":{\"@id\":\"https:\/\/nk7-testes.com.br\/agazeta\/motos-de-detentos-sao-queimadas-na-papudinha\/#primaryimage\"},\"image\":{\"@id\":\"https:\/\/nk7-testes.com.br\/agazeta\/motos-de-detentos-sao-queimadas-na-papudinha\/#primaryimage\"},\"thumbnailUrl\":\"https:\/\/nk7-testes.com.br\/agazeta\/wp-content\/uploads\/2016\/09\/020916-policia-motosqueimadas-cedida.jpg\",\"datePublished\":\"2016-09-02T14:37:27+00:00\",\"author\":{\"@id\":\"https:\/\/nk7-testes.com.br\/agazeta\/#\/schema\/person\/6d6e25cb0435eb4a02fd44d30b4e3020\"},\"breadcrumb\":{\"@id\":\"https:\/\/nk7-testes.com.br\/agazeta\/motos-de-detentos-sao-queimadas-na-papudinha\/#breadcrumb\"},\"inLanguage\":\"pt-BR\",\"potentialAction\":[{\"@type\":\"ReadAction\",\"target\":[\"https:\/\/nk7-testes.com.br\/agazeta\/motos-de-detentos-sao-queimadas-na-papudinha\/\"]}]},{\"@type\":\"ImageObject\",\"inLanguage\":\"pt-BR\",\"@id\":\"https:\/\/nk7-testes.com.br\/agazeta\/motos-de-detentos-sao-queimadas-na-papudinha\/#primaryimage\",\"url\":\"https:\/\/nk7-testes.com.br\/agazeta\/wp-content\/uploads\/2016\/09\/020916-policia-motosqueimadas-cedida.jpg\",\"contentUrl\":\"https:\/\/nk7-testes.com.br\/agazeta\/wp-content\/uploads\/2016\/09\/020916-policia-motosqueimadas-cedida.jpg\",\"width\":458,\"height\":340,\"caption\":\"020916-policia-motosqueimadas-cedida\"},{\"@type\":\"BreadcrumbList\",\"@id\":\"https:\/\/nk7-testes.com.br\/agazeta\/motos-de-detentos-sao-queimadas-na-papudinha\/#breadcrumb\",\"itemListElement\":[{\"@type\":\"ListItem\",\"position\":1,\"name\":\"In\u00edcio\",\"item\":\"https:\/\/nk7-testes.com.br\/agazeta\/\"},{\"@type\":\"ListItem\",\"position\":2,\"name\":\"Motos de detentos s\u00e3o queimadas na Papudinha\"}]},{\"@type\":\"WebSite\",\"@id\":\"https:\/\/nk7-testes.com.br\/agazeta\/#website\",\"url\":\"https:\/\/nk7-testes.com.br\/agazeta\/\",\"name\":\"Agazeta.net\",\"description\":\"Agazeta.net - Not\u00edcias de Rio Branco\/AC\",\"potentialAction\":[{\"@type\":\"SearchAction\",\"target\":{\"@type\":\"EntryPoint\",\"urlTemplate\":\"https:\/\/nk7-testes.com.br\/agazeta\/?s={search_term_string}\"},\"query-input\":{\"@type\":\"PropertyValueSpecification\",\"valueRequired\":true,\"valueName\":\"search_term_string\"}}],\"inLanguage\":\"pt-BR\"},{\"@type\":\"Person\",\"@id\":\"https:\/\/nk7-testes.com.br\/agazeta\/#\/schema\/person\/6d6e25cb0435eb4a02fd44d30b4e3020\",\"name\":\"Agazeta.Net\",\"url\":\"https:\/\/nk7-testes.com.br\/agazeta\/author\/agazeta\/\"}]}<\/script>\n<!-- \/ Yoast SEO plugin. -->","yoast_head_json":{"title":"Motos de detentos s\u00e3o queimadas na Papudinha - Agazeta.net","robots":{"index":"index","follow":"follow","max-snippet":"max-snippet:-1","max-image-preview":"max-image-preview:large","max-video-preview":"max-video-preview:-1"},"canonical":"https:\/\/nk7-testes.com.br\/agazeta\/motos-de-detentos-sao-queimadas-na-papudinha\/","og_locale":"pt_BR","og_type":"article","og_title":"Motos de detentos s\u00e3o queimadas na Papudinha - Agazeta.net","og_description":"Oito motos destru\u00eddas e dois carros parcialmente danificados","og_url":"https:\/\/nk7-testes.com.br\/agazeta\/motos-de-detentos-sao-queimadas-na-papudinha\/","og_site_name":"Agazeta.net","article_published_time":"2016-09-02T14:37:27+00:00","og_image":[{"width":458,"height":340,"url":"https:\/\/nk7-testes.com.br\/agazeta\/wp-content\/uploads\/2016\/09\/020916-policia-motosqueimadas-cedida.jpg","type":"image\/jpeg"}],"author":"Agazeta.Net","twitter_card":"summary_large_image","twitter_misc":{"Escrito por":"Agazeta.Net"},"schema":{"@context":"https:\/\/schema.org","@graph":[{"@type":"WebPage","@id":"https:\/\/nk7-testes.com.br\/agazeta\/motos-de-detentos-sao-queimadas-na-papudinha\/","url":"https:\/\/nk7-testes.com.br\/agazeta\/motos-de-detentos-sao-queimadas-na-papudinha\/","name":"Motos de detentos s\u00e3o queimadas na Papudinha - Agazeta.net","isPartOf":{"@id":"https:\/\/nk7-testes.com.br\/agazeta\/#website"},"primaryImageOfPage":{"@id":"https:\/\/nk7-testes.com.br\/agazeta\/motos-de-detentos-sao-queimadas-na-papudinha\/#primaryimage"},"image":{"@id":"https:\/\/nk7-testes.com.br\/agazeta\/motos-de-detentos-sao-queimadas-na-papudinha\/#primaryimage"},"thumbnailUrl":"https:\/\/nk7-testes.com.br\/agazeta\/wp-content\/uploads\/2016\/09\/020916-policia-motosqueimadas-cedida.jpg","datePublished":"2016-09-02T14:37:27+00:00","author":{"@id":"https:\/\/nk7-testes.com.br\/agazeta\/#\/schema\/person\/6d6e25cb0435eb4a02fd44d30b4e3020"},"breadcrumb":{"@id":"https:\/\/nk7-testes.com.br\/agazeta\/motos-de-detentos-sao-queimadas-na-papudinha\/#breadcrumb"},"inLanguage":"pt-BR","potentialAction":[{"@type":"ReadAction","target":["https:\/\/nk7-testes.com.br\/agazeta\/motos-de-detentos-sao-queimadas-na-papudinha\/"]}]},{"@type":"ImageObject","inLanguage":"pt-BR","@id":"https:\/\/nk7-testes.com.br\/agazeta\/motos-de-detentos-sao-queimadas-na-papudinha\/#primaryimage","url":"https:\/\/nk7-testes.com.br\/agazeta\/wp-content\/uploads\/2016\/09\/020916-policia-motosqueimadas-cedida.jpg","contentUrl":"https:\/\/nk7-testes.com.br\/agazeta\/wp-content\/uploads\/2016\/09\/020916-policia-motosqueimadas-cedida.jpg","width":458,"height":340,"caption":"020916-policia-motosqueimadas-cedida"},{"@type":"BreadcrumbList","@id":"https:\/\/nk7-testes.com.br\/agazeta\/motos-de-detentos-sao-queimadas-na-papudinha\/#breadcrumb","itemListElement":[{"@type":"ListItem","position":1,"name":"In\u00edcio","item":"https:\/\/nk7-testes.com.br\/agazeta\/"},{"@type":"ListItem","position":2,"name":"Motos de detentos s\u00e3o queimadas na Papudinha"}]},{"@type":"WebSite","@id":"https:\/\/nk7-testes.com.br\/agazeta\/#website","url":"https:\/\/nk7-testes.com.br\/agazeta\/","name":"Agazeta.net","description":"Agazeta.net - Not\u00edcias de Rio Branco\/AC","potentialAction":[{"@type":"SearchAction","target":{"@type":"EntryPoint","urlTemplate":"https:\/\/nk7-testes.com.br\/agazeta\/?s={search_term_string}"},"query-input":{"@type":"PropertyValueSpecification","valueRequired":true,"valueName":"search_term_string"}}],"inLanguage":"pt-BR"},{"@type":"Person","@id":"https:\/\/nk7-testes.com.br\/agazeta\/#\/schema\/person\/6d6e25cb0435eb4a02fd44d30b4e3020","name":"Agazeta.Net","url":"https:\/\/nk7-testes.com.br\/agazeta\/author\/agazeta\/"}]}},"_links":{"self":[{"href":"https:\/\/nk7-testes.com.br\/agazeta\/wp-json\/wp\/v2\/posts\/24926","targetHints":{"allow":["GET"]}}],"collection":[{"href":"https:\/\/nk7-testes.com.br\/agazeta\/wp-json\/wp\/v2\/posts"}],"about":[{"href":"https:\/\/nk7-testes.com.br\/agazeta\/wp-json\/wp\/v2\/types\/post"}],"author":[{"embeddable":true,"href":"https:\/\/nk7-testes.com.br\/agazeta\/wp-json\/wp\/v2\/users\/4"}],"replies":[{"embeddable":true,"href":"https:\/\/nk7-testes.com.br\/agazeta\/wp-json\/wp\/v2\/comments?post=24926"}],"version-history":[{"count":0,"href":"https:\/\/nk7-testes.com.br\/agazeta\/wp-json\/wp\/v2\/posts\/24926\/revisions"}],"wp:featuredmedia":[{"embeddable":true,"href":"https:\/\/nk7-testes.com.br\/agazeta\/wp-json\/wp\/v2\/media\/24925"}],"wp:attachment":[{"href":"https:\/\/nk7-testes.com.br\/agazeta\/wp-json\/wp\/v2\/media?parent=24926"}],"wp:term":[{"taxonomy":"category","embeddable":true,"href":"https:\/\/nk7-testes.com.br\/agazeta\/wp-json\/wp\/v2\/categories?post=24926"},{"taxonomy":"post_tag","embeddable":true,"href":"https:\/\/nk7-testes.com.br\/agazeta\/wp-json\/wp\/v2\/tags?post=24926"}],"curies":[{"name":"wp","href":"https:\/\/api.w.org\/{rel}","templated":true}]}}