{"id":24915,"date":"2016-09-01T21:27:29","date_gmt":"2016-09-01T21:27:29","guid":{"rendered":"https:\/\/abarevegan.com.br\/index.php\/2016\/09\/01\/inaugurada-primeira-fabrica-de-calcados-do-acre\/"},"modified":"2016-09-01T21:27:29","modified_gmt":"2016-09-01T21:27:29","slug":"inaugurada-primeira-fabrica-de-calcados-do-acre","status":"publish","type":"post","link":"https:\/\/nk7-testes.com.br\/agazeta\/inaugurada-primeira-fabrica-de-calcados-do-acre\/","title":{"rendered":"Inaugurada primeira f\u00e1brica de cal\u00e7ados do Acre"},"content":{"rendered":"<p style=\"text-align: justify;\">Empres\u00e1rio teve incentivos para se instalar no Acre<\/p>\n<p style=\"text-align: justify;\">Inaugurou em Rio Branco, nesta quinta-feira, a f\u00e1brica de cal\u00e7ados de seguran\u00e7a do trabalho, Boot Norte. A empresa com sede em Guaxup\u00e9\/Minas Gerais se instala no Acre, com proje\u00e7\u00e3o futura de gerar 80 postos de trabalho.<\/p>\n<p style=\"text-align: justify;\">Ricardo fez um curso de confec\u00e7\u00f5es de cal\u00e7ados ofertado pelo Senai e isso lhe garantiu a oportunidade de trabalho. \u201cComo pintor, n\u00e3o tinha carteira assinada agora tenho essa seguran\u00e7a. Eu estou muito feliz\u201d, disse.<\/p>\n<p style=\"text-align: justify;\">O jovem e mais 13 pessoas fazem parte do primeiro grupo de empregados da Boot Norte, que confecciona uma linha voltada a seguran\u00e7a no trabalho. A empresa que tem sede em Minas Gerais pretende gerar at\u00e9 80 postos de trabalho no Acre.<\/p>\n<p style=\"text-align: justify;\">A f\u00e1brica vai produzir inicialmente 200 pares de cal\u00e7ados por dia, mas a meta dos empres\u00e1rios, com o aumento das vendas e a m\u00e9dio prazo, \u00e9 produzir 500 pares.<\/p>\n<p style=\"text-align: justify;\">Segundo um dos s\u00f3cios, Esmerino Ribeiro, v\u00e1rios fatores levaram o grupo a se instalar no Acre. \u201c\u00c9 uma regi\u00e3o promissora, um mercado interessante. Aqui temos Acre, Rond\u00f4nia, Manaus, Peru, Bol\u00edvia\u201d, disse.<\/p>\n<p style=\"text-align: justify;\">O governador Ti\u00e3o Viana participou da inaugura\u00e7\u00e3o e visitou os espa\u00e7os da f\u00e1brica que j\u00e1 vai come\u00e7ar a produzir cal\u00e7ados. O governo, segundo ele, garantiu incentivos importantes para a instala\u00e7\u00e3o da empresa em Rio Branco.<\/p>\n<p style=\"text-align: justify;\">\u201cO governo ofereceu o terreno que vale como hipoteca no banco e o governo faz todos os incentivos atrav\u00e9s da Copiai e da Ag\u00eancia de Neg\u00f3cios do Acre. Agora nosso pedido \u00e9 que outros empres\u00e1rios beneficiem o couro aqui, pra que o couro n\u00e3o mandar quase in natura, pra voltar a ser industrializado aqui\u201d, disse.<\/p>\n<p style=\"text-align: justify;\">O empres\u00e1rio Sebasti\u00e3o Carlos est\u00e1 no Acre h\u00e1 11 anos e incentivou o s\u00f3cio de Minas a abrir o neg\u00f3cio no estado. De acordo com ele, a empresa especializada na fabrica\u00e7\u00e3o de botas, coturnos e botinas tem o objetivo de fazer com que o mercado local absorva a maior parte da produ\u00e7\u00e3o. \u201cAcreditamos que 80% ser\u00e1 pra dentro do estado e pretendemos futuramente exportar\u201d, afirmou.<\/p>\n","protected":false},"excerpt":{"rendered":"<p style=\"text-align: justify;\">Empres\u00e1rio teve incentivos para se instalar no Acre<\/p>\n","protected":false},"author":4,"featured_media":24914,"comment_status":"open","ping_status":"open","sticky":false,"template":"","format":"standard","meta":{"jnews-multi-image_gallery":[],"jnews_single_post":[],"jnews_primary_category":[],"jnews_social_meta":[],"jnews_review":[],"enable_review":"","type":"","name":"","summary":"","brand":"","sku":"","good":[],"bad":[],"score_override":"","override_value":"","rating":[],"price":[],"footnotes":""},"categories":[54],"tags":[],"class_list":["post-24915","post","type-post","status-publish","format-standard","has-post-thumbnail","hentry","category-cotidiano"],"yoast_head":"<!-- This site is optimized with the Yoast SEO plugin v26.5 - https:\/\/yoast.com\/wordpress\/plugins\/seo\/ -->\n<title>Inaugurada primeira f\u00e1brica de cal\u00e7ados do Acre - Agazeta.net<\/title>\n<meta name=\"robots\" content=\"index, follow, max-snippet:-1, max-image-preview:large, max-video-preview:-1\" \/>\n<link rel=\"canonical\" href=\"https:\/\/nk7-testes.com.br\/agazeta\/inaugurada-primeira-fabrica-de-calcados-do-acre\/\" \/>\n<meta property=\"og:locale\" content=\"pt_BR\" \/>\n<meta property=\"og:type\" content=\"article\" \/>\n<meta property=\"og:title\" content=\"Inaugurada primeira f\u00e1brica de cal\u00e7ados do Acre - Agazeta.net\" \/>\n<meta property=\"og:description\" content=\"Empres\u00e1rio teve incentivos para se instalar no Acre\" \/>\n<meta property=\"og:url\" content=\"https:\/\/nk7-testes.com.br\/agazeta\/inaugurada-primeira-fabrica-de-calcados-do-acre\/\" \/>\n<meta property=\"og:site_name\" content=\"Agazeta.net\" \/>\n<meta property=\"article:published_time\" content=\"2016-09-01T21:27:29+00:00\" \/>\n<meta property=\"og:image\" content=\"https:\/\/nk7-testes.com.br\/agazeta\/wp-content\/uploads\/2016\/09\/010916-cotidiano-fabricadecalcados-gislainevidal2.jpg\" \/>\n\t<meta property=\"og:image:width\" content=\"458\" \/>\n\t<meta property=\"og:image:height\" content=\"340\" \/>\n\t<meta property=\"og:image:type\" content=\"image\/jpeg\" \/>\n<meta name=\"author\" content=\"Agazeta.Net\" \/>\n<meta name=\"twitter:card\" content=\"summary_large_image\" \/>\n<meta name=\"twitter:label1\" content=\"Escrito por\" \/>\n\t<meta name=\"twitter:data1\" content=\"Agazeta.Net\" \/>\n\t<meta name=\"twitter:label2\" content=\"Est. tempo de leitura\" \/>\n\t<meta name=\"twitter:data2\" content=\"2 minutos\" \/>\n<script type=\"application\/ld+json\" class=\"yoast-schema-graph\">{\"@context\":\"https:\/\/schema.org\",\"@graph\":[{\"@type\":\"WebPage\",\"@id\":\"https:\/\/nk7-testes.com.br\/agazeta\/inaugurada-primeira-fabrica-de-calcados-do-acre\/\",\"url\":\"https:\/\/nk7-testes.com.br\/agazeta\/inaugurada-primeira-fabrica-de-calcados-do-acre\/\",\"name\":\"Inaugurada primeira f\u00e1brica de cal\u00e7ados do Acre - Agazeta.net\",\"isPartOf\":{\"@id\":\"https:\/\/nk7-testes.com.br\/agazeta\/#website\"},\"primaryImageOfPage\":{\"@id\":\"https:\/\/nk7-testes.com.br\/agazeta\/inaugurada-primeira-fabrica-de-calcados-do-acre\/#primaryimage\"},\"image\":{\"@id\":\"https:\/\/nk7-testes.com.br\/agazeta\/inaugurada-primeira-fabrica-de-calcados-do-acre\/#primaryimage\"},\"thumbnailUrl\":\"https:\/\/nk7-testes.com.br\/agazeta\/wp-content\/uploads\/2016\/09\/010916-cotidiano-fabricadecalcados-gislainevidal2.jpg\",\"datePublished\":\"2016-09-01T21:27:29+00:00\",\"author\":{\"@id\":\"https:\/\/nk7-testes.com.br\/agazeta\/#\/schema\/person\/ff6b39d54d6973bfc57f4140f659b23f\"},\"breadcrumb\":{\"@id\":\"https:\/\/nk7-testes.com.br\/agazeta\/inaugurada-primeira-fabrica-de-calcados-do-acre\/#breadcrumb\"},\"inLanguage\":\"pt-BR\",\"potentialAction\":[{\"@type\":\"ReadAction\",\"target\":[\"https:\/\/nk7-testes.com.br\/agazeta\/inaugurada-primeira-fabrica-de-calcados-do-acre\/\"]}]},{\"@type\":\"ImageObject\",\"inLanguage\":\"pt-BR\",\"@id\":\"https:\/\/nk7-testes.com.br\/agazeta\/inaugurada-primeira-fabrica-de-calcados-do-acre\/#primaryimage\",\"url\":\"https:\/\/nk7-testes.com.br\/agazeta\/wp-content\/uploads\/2016\/09\/010916-cotidiano-fabricadecalcados-gislainevidal2.jpg\",\"contentUrl\":\"https:\/\/nk7-testes.com.br\/agazeta\/wp-content\/uploads\/2016\/09\/010916-cotidiano-fabricadecalcados-gislainevidal2.jpg\",\"width\":458,\"height\":340,\"caption\":\"010916-cotidiano-fabricadecalcados-gislainevidal2\"},{\"@type\":\"BreadcrumbList\",\"@id\":\"https:\/\/nk7-testes.com.br\/agazeta\/inaugurada-primeira-fabrica-de-calcados-do-acre\/#breadcrumb\",\"itemListElement\":[{\"@type\":\"ListItem\",\"position\":1,\"name\":\"In\u00edcio\",\"item\":\"https:\/\/nk7-testes.com.br\/agazeta\/\"},{\"@type\":\"ListItem\",\"position\":2,\"name\":\"Inaugurada primeira f\u00e1brica de cal\u00e7ados do Acre\"}]},{\"@type\":\"WebSite\",\"@id\":\"https:\/\/nk7-testes.com.br\/agazeta\/#website\",\"url\":\"https:\/\/nk7-testes.com.br\/agazeta\/\",\"name\":\"Agazeta.net\",\"description\":\"Agazeta.net - Not\u00edcias de Rio Branco\/AC\",\"potentialAction\":[{\"@type\":\"SearchAction\",\"target\":{\"@type\":\"EntryPoint\",\"urlTemplate\":\"https:\/\/nk7-testes.com.br\/agazeta\/?s={search_term_string}\"},\"query-input\":{\"@type\":\"PropertyValueSpecification\",\"valueRequired\":true,\"valueName\":\"search_term_string\"}}],\"inLanguage\":\"pt-BR\"},{\"@type\":\"Person\",\"@id\":\"https:\/\/nk7-testes.com.br\/agazeta\/#\/schema\/person\/ff6b39d54d6973bfc57f4140f659b23f\",\"name\":\"Agazeta.Net\",\"url\":\"https:\/\/nk7-testes.com.br\/agazeta\/author\/agazeta\/\"}]}<\/script>\n<!-- \/ Yoast SEO plugin. -->","yoast_head_json":{"title":"Inaugurada primeira f\u00e1brica de cal\u00e7ados do Acre - Agazeta.net","robots":{"index":"index","follow":"follow","max-snippet":"max-snippet:-1","max-image-preview":"max-image-preview:large","max-video-preview":"max-video-preview:-1"},"canonical":"https:\/\/nk7-testes.com.br\/agazeta\/inaugurada-primeira-fabrica-de-calcados-do-acre\/","og_locale":"pt_BR","og_type":"article","og_title":"Inaugurada primeira f\u00e1brica de cal\u00e7ados do Acre - Agazeta.net","og_description":"Empres\u00e1rio teve incentivos para se instalar no Acre","og_url":"https:\/\/nk7-testes.com.br\/agazeta\/inaugurada-primeira-fabrica-de-calcados-do-acre\/","og_site_name":"Agazeta.net","article_published_time":"2016-09-01T21:27:29+00:00","og_image":[{"width":458,"height":340,"url":"https:\/\/nk7-testes.com.br\/agazeta\/wp-content\/uploads\/2016\/09\/010916-cotidiano-fabricadecalcados-gislainevidal2.jpg","type":"image\/jpeg"}],"author":"Agazeta.Net","twitter_card":"summary_large_image","twitter_misc":{"Escrito por":"Agazeta.Net","Est. tempo de leitura":"2 minutos"},"schema":{"@context":"https:\/\/schema.org","@graph":[{"@type":"WebPage","@id":"https:\/\/nk7-testes.com.br\/agazeta\/inaugurada-primeira-fabrica-de-calcados-do-acre\/","url":"https:\/\/nk7-testes.com.br\/agazeta\/inaugurada-primeira-fabrica-de-calcados-do-acre\/","name":"Inaugurada primeira f\u00e1brica de cal\u00e7ados do Acre - Agazeta.net","isPartOf":{"@id":"https:\/\/nk7-testes.com.br\/agazeta\/#website"},"primaryImageOfPage":{"@id":"https:\/\/nk7-testes.com.br\/agazeta\/inaugurada-primeira-fabrica-de-calcados-do-acre\/#primaryimage"},"image":{"@id":"https:\/\/nk7-testes.com.br\/agazeta\/inaugurada-primeira-fabrica-de-calcados-do-acre\/#primaryimage"},"thumbnailUrl":"https:\/\/nk7-testes.com.br\/agazeta\/wp-content\/uploads\/2016\/09\/010916-cotidiano-fabricadecalcados-gislainevidal2.jpg","datePublished":"2016-09-01T21:27:29+00:00","author":{"@id":"https:\/\/nk7-testes.com.br\/agazeta\/#\/schema\/person\/ff6b39d54d6973bfc57f4140f659b23f"},"breadcrumb":{"@id":"https:\/\/nk7-testes.com.br\/agazeta\/inaugurada-primeira-fabrica-de-calcados-do-acre\/#breadcrumb"},"inLanguage":"pt-BR","potentialAction":[{"@type":"ReadAction","target":["https:\/\/nk7-testes.com.br\/agazeta\/inaugurada-primeira-fabrica-de-calcados-do-acre\/"]}]},{"@type":"ImageObject","inLanguage":"pt-BR","@id":"https:\/\/nk7-testes.com.br\/agazeta\/inaugurada-primeira-fabrica-de-calcados-do-acre\/#primaryimage","url":"https:\/\/nk7-testes.com.br\/agazeta\/wp-content\/uploads\/2016\/09\/010916-cotidiano-fabricadecalcados-gislainevidal2.jpg","contentUrl":"https:\/\/nk7-testes.com.br\/agazeta\/wp-content\/uploads\/2016\/09\/010916-cotidiano-fabricadecalcados-gislainevidal2.jpg","width":458,"height":340,"caption":"010916-cotidiano-fabricadecalcados-gislainevidal2"},{"@type":"BreadcrumbList","@id":"https:\/\/nk7-testes.com.br\/agazeta\/inaugurada-primeira-fabrica-de-calcados-do-acre\/#breadcrumb","itemListElement":[{"@type":"ListItem","position":1,"name":"In\u00edcio","item":"https:\/\/nk7-testes.com.br\/agazeta\/"},{"@type":"ListItem","position":2,"name":"Inaugurada primeira f\u00e1brica de cal\u00e7ados do Acre"}]},{"@type":"WebSite","@id":"https:\/\/nk7-testes.com.br\/agazeta\/#website","url":"https:\/\/nk7-testes.com.br\/agazeta\/","name":"Agazeta.net","description":"Agazeta.net - Not\u00edcias de Rio Branco\/AC","potentialAction":[{"@type":"SearchAction","target":{"@type":"EntryPoint","urlTemplate":"https:\/\/nk7-testes.com.br\/agazeta\/?s={search_term_string}"},"query-input":{"@type":"PropertyValueSpecification","valueRequired":true,"valueName":"search_term_string"}}],"inLanguage":"pt-BR"},{"@type":"Person","@id":"https:\/\/nk7-testes.com.br\/agazeta\/#\/schema\/person\/ff6b39d54d6973bfc57f4140f659b23f","name":"Agazeta.Net","url":"https:\/\/nk7-testes.com.br\/agazeta\/author\/agazeta\/"}]}},"_links":{"self":[{"href":"https:\/\/nk7-testes.com.br\/agazeta\/wp-json\/wp\/v2\/posts\/24915","targetHints":{"allow":["GET"]}}],"collection":[{"href":"https:\/\/nk7-testes.com.br\/agazeta\/wp-json\/wp\/v2\/posts"}],"about":[{"href":"https:\/\/nk7-testes.com.br\/agazeta\/wp-json\/wp\/v2\/types\/post"}],"author":[{"embeddable":true,"href":"https:\/\/nk7-testes.com.br\/agazeta\/wp-json\/wp\/v2\/users\/4"}],"replies":[{"embeddable":true,"href":"https:\/\/nk7-testes.com.br\/agazeta\/wp-json\/wp\/v2\/comments?post=24915"}],"version-history":[{"count":0,"href":"https:\/\/nk7-testes.com.br\/agazeta\/wp-json\/wp\/v2\/posts\/24915\/revisions"}],"wp:featuredmedia":[{"embeddable":true,"href":"https:\/\/nk7-testes.com.br\/agazeta\/wp-json\/wp\/v2\/media\/24914"}],"wp:attachment":[{"href":"https:\/\/nk7-testes.com.br\/agazeta\/wp-json\/wp\/v2\/media?parent=24915"}],"wp:term":[{"taxonomy":"category","embeddable":true,"href":"https:\/\/nk7-testes.com.br\/agazeta\/wp-json\/wp\/v2\/categories?post=24915"},{"taxonomy":"post_tag","embeddable":true,"href":"https:\/\/nk7-testes.com.br\/agazeta\/wp-json\/wp\/v2\/tags?post=24915"}],"curies":[{"name":"wp","href":"https:\/\/api.w.org\/{rel}","templated":true}]}}