{"id":24877,"date":"2016-08-31T21:06:45","date_gmt":"2016-08-31T21:06:45","guid":{"rendered":"https:\/\/abarevegan.com.br\/index.php\/2016\/08\/31\/ibge-calcula-diminuicao-da-populacao-de-feijo\/"},"modified":"2016-08-31T21:06:45","modified_gmt":"2016-08-31T21:06:45","slug":"ibge-calcula-diminuicao-da-populacao-de-feijo","status":"publish","type":"post","link":"https:\/\/nk7-testes.com.br\/agazeta\/ibge-calcula-diminuicao-da-populacao-de-feijo\/","title":{"rendered":"IBGE calcula diminui\u00e7\u00e3o da popula\u00e7\u00e3o de Feij\u00f3"},"content":{"rendered":"<p style=\"text-align: justify;\">Munic\u00edpio foi \u00fanico que diminuiu n\u00famero de habitantes<\/p>\n<p style=\"text-align: justify;\">Pelo segundo ano consecutivo o munic\u00edpio de Feij\u00f3 apresenta queda no \u00edndice de crescimento populacional medido pelo IBGE. Dos 22 munic\u00edpios do Acre, Feij\u00f3 foi o \u00fanico que teve decr\u00e9scimo no n\u00famero de habitantes. A perda parece pequena, s\u00e3o apenas 13 pessoas a menos ou -0,04%, diferente do restante do estado que mostrou crescimento populacional.<\/p>\n<p style=\"text-align: justify;\">Em todo o Estado, o crescimento populacional ficou em 1,7%, ou seja, moram no Acre 816.687 pessoas. Em alguns munic\u00edpios, principalmente os menores e mais isolados, o percentual de crescimento \u00e9 bem maior que o do Estado.<\/p>\n<p style=\"text-align: justify;\">Em Capixaba e Marechal Thaumaturgo, o crescimento foi de 3%; Porto Walter e Rodrigues Alves ficaram em 2,8%. O recordista \u00e9 Santa Rosa do Purus que aumentou os moradores em 3,65%, passou de 5.809 para 6.021 habitantes. Na maioria dos munic\u00edpios, o \u00edndice de crescimento populacional varia de 1.4% a 1.9%.<\/p>\n<p style=\"text-align: justify;\">Os dados do IBGE servem como refer\u00eancia para forma\u00e7\u00e3o da cota de recursos como o fundo de participa\u00e7\u00e3o dos munic\u00edpios. Em Cruzeiro do Sul, o crescimento tamb\u00e9m foi pequeno: 0,6%, a segunda maior cidade do estado tem 82.075 habitantes. Rio Branco aumentou em 2% a popula\u00e7\u00e3o, s\u00e3o 377.057 moradores.<\/p>\n<p style=\"text-align: justify;\">A estimativa da popula\u00e7\u00e3o \u00e9 feita todos os anos pelo IBGE e os lan\u00e7amentos em cart\u00f3rios s\u00e3o as fontes para os dados.<\/p>\n","protected":false},"excerpt":{"rendered":"<p style=\"text-align: justify;\">Munic\u00edpio foi \u00fanico que diminuiu n\u00famero de habitantes<\/p>\n","protected":false},"author":4,"featured_media":24876,"comment_status":"open","ping_status":"open","sticky":false,"template":"","format":"standard","meta":{"jnews-multi-image_gallery":[],"jnews_single_post":[],"jnews_primary_category":[],"jnews_social_meta":[],"jnews_review":[],"enable_review":"","type":"","name":"","summary":"","brand":"","sku":"","good":[],"bad":[],"score_override":"","override_value":"","rating":[],"price":[],"footnotes":""},"categories":[54],"tags":[],"class_list":["post-24877","post","type-post","status-publish","format-standard","has-post-thumbnail","hentry","category-cotidiano"],"yoast_head":"<!-- This site is optimized with the Yoast SEO plugin v26.5 - https:\/\/yoast.com\/wordpress\/plugins\/seo\/ -->\n<title>IBGE calcula diminui\u00e7\u00e3o da popula\u00e7\u00e3o de Feij\u00f3 - Agazeta.net<\/title>\n<meta name=\"robots\" content=\"index, follow, max-snippet:-1, max-image-preview:large, max-video-preview:-1\" \/>\n<link rel=\"canonical\" href=\"https:\/\/nk7-testes.com.br\/agazeta\/ibge-calcula-diminuicao-da-populacao-de-feijo\/\" \/>\n<meta property=\"og:locale\" content=\"pt_BR\" \/>\n<meta property=\"og:type\" content=\"article\" \/>\n<meta property=\"og:title\" content=\"IBGE calcula diminui\u00e7\u00e3o da popula\u00e7\u00e3o de Feij\u00f3 - Agazeta.net\" \/>\n<meta property=\"og:description\" content=\"Munic\u00edpio foi \u00fanico que diminuiu n\u00famero de habitantes\" \/>\n<meta property=\"og:url\" content=\"https:\/\/nk7-testes.com.br\/agazeta\/ibge-calcula-diminuicao-da-populacao-de-feijo\/\" \/>\n<meta property=\"og:site_name\" content=\"Agazeta.net\" \/>\n<meta property=\"article:published_time\" content=\"2016-08-31T21:06:45+00:00\" \/>\n<meta property=\"og:image\" content=\"https:\/\/nk7-testes.com.br\/agazeta\/wp-content\/uploads\/2016\/08\/310816-cotidiano-ibgefachada-tvgazeta.jpg\" \/>\n\t<meta property=\"og:image:width\" content=\"458\" \/>\n\t<meta property=\"og:image:height\" content=\"340\" \/>\n\t<meta property=\"og:image:type\" content=\"image\/jpeg\" \/>\n<meta name=\"author\" content=\"Agazeta.Net\" \/>\n<meta name=\"twitter:card\" content=\"summary_large_image\" \/>\n<meta name=\"twitter:label1\" content=\"Escrito por\" \/>\n\t<meta name=\"twitter:data1\" content=\"Agazeta.Net\" \/>\n\t<meta name=\"twitter:label2\" content=\"Est. tempo de leitura\" \/>\n\t<meta name=\"twitter:data2\" content=\"1 minuto\" \/>\n<script type=\"application\/ld+json\" class=\"yoast-schema-graph\">{\"@context\":\"https:\/\/schema.org\",\"@graph\":[{\"@type\":\"WebPage\",\"@id\":\"https:\/\/nk7-testes.com.br\/agazeta\/ibge-calcula-diminuicao-da-populacao-de-feijo\/\",\"url\":\"https:\/\/nk7-testes.com.br\/agazeta\/ibge-calcula-diminuicao-da-populacao-de-feijo\/\",\"name\":\"IBGE calcula diminui\u00e7\u00e3o da popula\u00e7\u00e3o de Feij\u00f3 - Agazeta.net\",\"isPartOf\":{\"@id\":\"https:\/\/nk7-testes.com.br\/agazeta\/#website\"},\"primaryImageOfPage\":{\"@id\":\"https:\/\/nk7-testes.com.br\/agazeta\/ibge-calcula-diminuicao-da-populacao-de-feijo\/#primaryimage\"},\"image\":{\"@id\":\"https:\/\/nk7-testes.com.br\/agazeta\/ibge-calcula-diminuicao-da-populacao-de-feijo\/#primaryimage\"},\"thumbnailUrl\":\"https:\/\/nk7-testes.com.br\/agazeta\/wp-content\/uploads\/2016\/08\/310816-cotidiano-ibgefachada-tvgazeta.jpg\",\"datePublished\":\"2016-08-31T21:06:45+00:00\",\"author\":{\"@id\":\"https:\/\/nk7-testes.com.br\/agazeta\/#\/schema\/person\/ff6b39d54d6973bfc57f4140f659b23f\"},\"breadcrumb\":{\"@id\":\"https:\/\/nk7-testes.com.br\/agazeta\/ibge-calcula-diminuicao-da-populacao-de-feijo\/#breadcrumb\"},\"inLanguage\":\"pt-BR\",\"potentialAction\":[{\"@type\":\"ReadAction\",\"target\":[\"https:\/\/nk7-testes.com.br\/agazeta\/ibge-calcula-diminuicao-da-populacao-de-feijo\/\"]}]},{\"@type\":\"ImageObject\",\"inLanguage\":\"pt-BR\",\"@id\":\"https:\/\/nk7-testes.com.br\/agazeta\/ibge-calcula-diminuicao-da-populacao-de-feijo\/#primaryimage\",\"url\":\"https:\/\/nk7-testes.com.br\/agazeta\/wp-content\/uploads\/2016\/08\/310816-cotidiano-ibgefachada-tvgazeta.jpg\",\"contentUrl\":\"https:\/\/nk7-testes.com.br\/agazeta\/wp-content\/uploads\/2016\/08\/310816-cotidiano-ibgefachada-tvgazeta.jpg\",\"width\":458,\"height\":340,\"caption\":\"310816-cotidiano-ibgefachada-tvgazeta\"},{\"@type\":\"BreadcrumbList\",\"@id\":\"https:\/\/nk7-testes.com.br\/agazeta\/ibge-calcula-diminuicao-da-populacao-de-feijo\/#breadcrumb\",\"itemListElement\":[{\"@type\":\"ListItem\",\"position\":1,\"name\":\"In\u00edcio\",\"item\":\"https:\/\/nk7-testes.com.br\/agazeta\/\"},{\"@type\":\"ListItem\",\"position\":2,\"name\":\"IBGE calcula diminui\u00e7\u00e3o da popula\u00e7\u00e3o de Feij\u00f3\"}]},{\"@type\":\"WebSite\",\"@id\":\"https:\/\/nk7-testes.com.br\/agazeta\/#website\",\"url\":\"https:\/\/nk7-testes.com.br\/agazeta\/\",\"name\":\"Agazeta.net\",\"description\":\"Agazeta.net - Not\u00edcias de Rio Branco\/AC\",\"potentialAction\":[{\"@type\":\"SearchAction\",\"target\":{\"@type\":\"EntryPoint\",\"urlTemplate\":\"https:\/\/nk7-testes.com.br\/agazeta\/?s={search_term_string}\"},\"query-input\":{\"@type\":\"PropertyValueSpecification\",\"valueRequired\":true,\"valueName\":\"search_term_string\"}}],\"inLanguage\":\"pt-BR\"},{\"@type\":\"Person\",\"@id\":\"https:\/\/nk7-testes.com.br\/agazeta\/#\/schema\/person\/ff6b39d54d6973bfc57f4140f659b23f\",\"name\":\"Agazeta.Net\",\"url\":\"https:\/\/nk7-testes.com.br\/agazeta\/author\/agazeta\/\"}]}<\/script>\n<!-- \/ Yoast SEO plugin. -->","yoast_head_json":{"title":"IBGE calcula diminui\u00e7\u00e3o da popula\u00e7\u00e3o de Feij\u00f3 - Agazeta.net","robots":{"index":"index","follow":"follow","max-snippet":"max-snippet:-1","max-image-preview":"max-image-preview:large","max-video-preview":"max-video-preview:-1"},"canonical":"https:\/\/nk7-testes.com.br\/agazeta\/ibge-calcula-diminuicao-da-populacao-de-feijo\/","og_locale":"pt_BR","og_type":"article","og_title":"IBGE calcula diminui\u00e7\u00e3o da popula\u00e7\u00e3o de Feij\u00f3 - Agazeta.net","og_description":"Munic\u00edpio foi \u00fanico que diminuiu n\u00famero de habitantes","og_url":"https:\/\/nk7-testes.com.br\/agazeta\/ibge-calcula-diminuicao-da-populacao-de-feijo\/","og_site_name":"Agazeta.net","article_published_time":"2016-08-31T21:06:45+00:00","og_image":[{"width":458,"height":340,"url":"https:\/\/nk7-testes.com.br\/agazeta\/wp-content\/uploads\/2016\/08\/310816-cotidiano-ibgefachada-tvgazeta.jpg","type":"image\/jpeg"}],"author":"Agazeta.Net","twitter_card":"summary_large_image","twitter_misc":{"Escrito por":"Agazeta.Net","Est. tempo de leitura":"1 minuto"},"schema":{"@context":"https:\/\/schema.org","@graph":[{"@type":"WebPage","@id":"https:\/\/nk7-testes.com.br\/agazeta\/ibge-calcula-diminuicao-da-populacao-de-feijo\/","url":"https:\/\/nk7-testes.com.br\/agazeta\/ibge-calcula-diminuicao-da-populacao-de-feijo\/","name":"IBGE calcula diminui\u00e7\u00e3o da popula\u00e7\u00e3o de Feij\u00f3 - Agazeta.net","isPartOf":{"@id":"https:\/\/nk7-testes.com.br\/agazeta\/#website"},"primaryImageOfPage":{"@id":"https:\/\/nk7-testes.com.br\/agazeta\/ibge-calcula-diminuicao-da-populacao-de-feijo\/#primaryimage"},"image":{"@id":"https:\/\/nk7-testes.com.br\/agazeta\/ibge-calcula-diminuicao-da-populacao-de-feijo\/#primaryimage"},"thumbnailUrl":"https:\/\/nk7-testes.com.br\/agazeta\/wp-content\/uploads\/2016\/08\/310816-cotidiano-ibgefachada-tvgazeta.jpg","datePublished":"2016-08-31T21:06:45+00:00","author":{"@id":"https:\/\/nk7-testes.com.br\/agazeta\/#\/schema\/person\/ff6b39d54d6973bfc57f4140f659b23f"},"breadcrumb":{"@id":"https:\/\/nk7-testes.com.br\/agazeta\/ibge-calcula-diminuicao-da-populacao-de-feijo\/#breadcrumb"},"inLanguage":"pt-BR","potentialAction":[{"@type":"ReadAction","target":["https:\/\/nk7-testes.com.br\/agazeta\/ibge-calcula-diminuicao-da-populacao-de-feijo\/"]}]},{"@type":"ImageObject","inLanguage":"pt-BR","@id":"https:\/\/nk7-testes.com.br\/agazeta\/ibge-calcula-diminuicao-da-populacao-de-feijo\/#primaryimage","url":"https:\/\/nk7-testes.com.br\/agazeta\/wp-content\/uploads\/2016\/08\/310816-cotidiano-ibgefachada-tvgazeta.jpg","contentUrl":"https:\/\/nk7-testes.com.br\/agazeta\/wp-content\/uploads\/2016\/08\/310816-cotidiano-ibgefachada-tvgazeta.jpg","width":458,"height":340,"caption":"310816-cotidiano-ibgefachada-tvgazeta"},{"@type":"BreadcrumbList","@id":"https:\/\/nk7-testes.com.br\/agazeta\/ibge-calcula-diminuicao-da-populacao-de-feijo\/#breadcrumb","itemListElement":[{"@type":"ListItem","position":1,"name":"In\u00edcio","item":"https:\/\/nk7-testes.com.br\/agazeta\/"},{"@type":"ListItem","position":2,"name":"IBGE calcula diminui\u00e7\u00e3o da popula\u00e7\u00e3o de Feij\u00f3"}]},{"@type":"WebSite","@id":"https:\/\/nk7-testes.com.br\/agazeta\/#website","url":"https:\/\/nk7-testes.com.br\/agazeta\/","name":"Agazeta.net","description":"Agazeta.net - Not\u00edcias de Rio Branco\/AC","potentialAction":[{"@type":"SearchAction","target":{"@type":"EntryPoint","urlTemplate":"https:\/\/nk7-testes.com.br\/agazeta\/?s={search_term_string}"},"query-input":{"@type":"PropertyValueSpecification","valueRequired":true,"valueName":"search_term_string"}}],"inLanguage":"pt-BR"},{"@type":"Person","@id":"https:\/\/nk7-testes.com.br\/agazeta\/#\/schema\/person\/ff6b39d54d6973bfc57f4140f659b23f","name":"Agazeta.Net","url":"https:\/\/nk7-testes.com.br\/agazeta\/author\/agazeta\/"}]}},"_links":{"self":[{"href":"https:\/\/nk7-testes.com.br\/agazeta\/wp-json\/wp\/v2\/posts\/24877","targetHints":{"allow":["GET"]}}],"collection":[{"href":"https:\/\/nk7-testes.com.br\/agazeta\/wp-json\/wp\/v2\/posts"}],"about":[{"href":"https:\/\/nk7-testes.com.br\/agazeta\/wp-json\/wp\/v2\/types\/post"}],"author":[{"embeddable":true,"href":"https:\/\/nk7-testes.com.br\/agazeta\/wp-json\/wp\/v2\/users\/4"}],"replies":[{"embeddable":true,"href":"https:\/\/nk7-testes.com.br\/agazeta\/wp-json\/wp\/v2\/comments?post=24877"}],"version-history":[{"count":0,"href":"https:\/\/nk7-testes.com.br\/agazeta\/wp-json\/wp\/v2\/posts\/24877\/revisions"}],"wp:featuredmedia":[{"embeddable":true,"href":"https:\/\/nk7-testes.com.br\/agazeta\/wp-json\/wp\/v2\/media\/24876"}],"wp:attachment":[{"href":"https:\/\/nk7-testes.com.br\/agazeta\/wp-json\/wp\/v2\/media?parent=24877"}],"wp:term":[{"taxonomy":"category","embeddable":true,"href":"https:\/\/nk7-testes.com.br\/agazeta\/wp-json\/wp\/v2\/categories?post=24877"},{"taxonomy":"post_tag","embeddable":true,"href":"https:\/\/nk7-testes.com.br\/agazeta\/wp-json\/wp\/v2\/tags?post=24877"}],"curies":[{"name":"wp","href":"https:\/\/api.w.org\/{rel}","templated":true}]}}