{"id":24861,"date":"2016-08-31T13:27:51","date_gmt":"2016-08-31T13:27:51","guid":{"rendered":"https:\/\/abarevegan.com.br\/index.php\/2016\/08\/31\/justica-condena-assassinos-do-vereador-pinte\/"},"modified":"2016-08-31T13:27:51","modified_gmt":"2016-08-31T13:27:51","slug":"justica-condena-assassinos-do-vereador-pinte","status":"publish","type":"post","link":"https:\/\/nk7-testes.com.br\/agazeta\/justica-condena-assassinos-do-vereador-pinte\/","title":{"rendered":"Justi\u00e7a condena assassinos do vereador Pint\u00e9"},"content":{"rendered":"<p style=\"text-align: justify;\">Somadas, as penas chegam a 44 anos de pris\u00e3o<\/p>\n<p style=\"text-align: justify;\">Seis anos ap\u00f3s o assassinato do vereador Fernando Jos\u00e9 da Costa o Pint\u00e9, os tr\u00eas \u00faltimos acusados pela morte foram a julgamento. O crime ocorrido em 1\u00ba de maio de 2010 marcou Acrel\u00e2ndia porque os atores envolvidos eram as maiores autoridades do munic\u00edpio. Pint\u00e9 foi morto por ordem do prefeito, \u00e1 \u00e9poca, Carlinhos Ara\u00fajo, que foi condenado a 18 anos de pris\u00e3o.<\/p>\n<p style=\"text-align: justify;\">A Justi\u00e7a condenou Jhonatas Alves de Silva a 14 anos e seis meses de reclus\u00e3o; Ivando da Silva Lang a 12 anos e seis meses e Carlos Henrique Pereira, o \u201cCarlinhos Granada\u201d, a 17 anos de pris\u00e3o.<\/p>\n<p style=\"text-align: justify;\">Nessa ter\u00e7a-feira, estavam no j\u00fari os acusados de serem os executores do assassinato: Jhonatas Alves da Silva e Ivando da Silva Lang. De acordo com a den\u00fancia, a dupla invadiu a casa do Pint\u00e9, e esperou a vitima chegar de uma partida de futebol para execut\u00e1-la com v\u00e1rios tiros. As armas do crime foram mostradas pelo minist\u00e9rio p\u00fablico.<\/p>\n<p style=\"text-align: justify;\">O terceiro acusado \u00e9 a Carlos Henrique Pereira, o Carlinhos Granada. De acordo com a promotoria, ele foi o primeiro pistoleiro contratado para por fim a vida de Pint\u00e9, mas decidiu \u201cterceirizar o servi\u00e7o\u201d, chamando Jhonatan e Ivando.<\/p>\n<p style=\"text-align: justify;\">De acordo com o promotor de Justi\u00e7a Theot\u00f4nio Rodrigues, Carlinhos Granada recebeu R$ 35 mil para matar o vereador, que era o presidente da C\u00e2mara.<\/p>\n<p style=\"text-align: justify;\">A defesa alega que os tr\u00eas s\u00e3o inocentes. O defensor p\u00fablico Eufr\u00e1sio Moraes explicou que o rev\u00f3lver usado no crime pertence a um homem chamado \u201cZez\u00e3o\u201d, que est\u00e1 foragido. \u201cN\u00e3o existe prova que fa\u00e7a a liga\u00e7\u00e3o das armas com os Jhonatan e o Ivando, que nem conheciam o Granada\u201d, defendeu.<\/p>\n<p style=\"text-align: justify;\">O dinheiro para matar Pint\u00e9 foi repassado por Carlinhos Ara\u00fajo, prefeito a \u00e9poca, tr\u00eas secret\u00e1rios municipais e a vereadora Maria da Concei\u00e7\u00e3o, m\u00e3e do prefeito. Carlinhos e o ex-secret\u00e1rio de administra\u00e7\u00e3o Jonas Prado foram condenados a 18 anos de pris\u00e3o, no primeiro julgamento.<\/p>\n<p style=\"text-align: justify;\">Os secret\u00e1rios Joaba Carneiro e Jos\u00e9 Valcir e m\u00e3e do prefeito foram absolvidos. Jos\u00e9 Valcir faleceu em 2012 quando sofreu um acidente automobil\u00edstico.<\/p>\n<p style=\"text-align: justify;\">Atualmente, o ex-prefeito e o secret\u00e1rio foram beneficiados com progress\u00e3o de regime e cumprem pena no semiaberto. Os dois usam tornozeleiras eletr\u00f4nicas. Jonas Prado est\u00e1 matriculado numa faculdade particular fazendo o curso de Direito.<\/p>\n<p style=\"text-align: justify;\">O julgamento dos executores durou dois dias. Nesse per\u00edodo, o f\u00f3rum de Acrel\u00e2ndia foi cercado por policiais civis e militares. O promotor Theot\u00f4nio Rodrigues Soares explicou que Pint\u00e9 foi assassinado porque amea\u00e7ou denunciar o prefeito por desvios de recursos da Educa\u00e7\u00e3o.<\/p>\n<p style=\"text-align: justify;\">Durante a fala, a filha de Pint\u00e9 n\u00e3o parava de chorar quando foram narrados os detalhes do esquema para matar a vitima. At\u00e9 o promotor ficou emocionado.<\/p>\n<p style=\"text-align: justify;\">\u201c\u00c9 preciso acabar com esse processo e impor uma senten\u00e7a para os acusados. No caso dos tr\u00eas executores, mesmo com uma pena alta, eles correm o risco de ficar em liberdade nos pr\u00f3ximos dias. Ficaram seis anos presos e podem ser beneficiados com a progress\u00e3o de regime\u201d, disse o promotor.<\/p>\n","protected":false},"excerpt":{"rendered":"<p style=\"text-align: justify;\">Somadas, as penas chegam a 44 anos de pris\u00e3o<\/p>\n","protected":false},"author":4,"featured_media":24860,"comment_status":"open","ping_status":"open","sticky":false,"template":"","format":"standard","meta":{"jnews-multi-image_gallery":[],"jnews_single_post":[],"jnews_primary_category":[],"jnews_social_meta":[],"jnews_review":[],"enable_review":"","type":"","name":"","summary":"","brand":"","sku":"","good":[],"bad":[],"score_override":"","override_value":"","rating":[],"price":[],"footnotes":""},"categories":[44],"tags":[],"class_list":["post-24861","post","type-post","status-publish","format-standard","has-post-thumbnail","hentry","category-policia"],"yoast_head":"<!-- This site is optimized with the Yoast SEO plugin v26.5 - https:\/\/yoast.com\/wordpress\/plugins\/seo\/ -->\n<title>Justi\u00e7a condena assassinos do vereador Pint\u00e9 - Agazeta.net<\/title>\n<meta name=\"robots\" content=\"index, follow, max-snippet:-1, max-image-preview:large, max-video-preview:-1\" \/>\n<link rel=\"canonical\" href=\"https:\/\/nk7-testes.com.br\/agazeta\/justica-condena-assassinos-do-vereador-pinte\/\" \/>\n<meta property=\"og:locale\" content=\"pt_BR\" \/>\n<meta property=\"og:type\" content=\"article\" \/>\n<meta property=\"og:title\" content=\"Justi\u00e7a condena assassinos do vereador Pint\u00e9 - Agazeta.net\" \/>\n<meta property=\"og:description\" content=\"Somadas, as penas chegam a 44 anos de pris\u00e3o\" \/>\n<meta property=\"og:url\" content=\"https:\/\/nk7-testes.com.br\/agazeta\/justica-condena-assassinos-do-vereador-pinte\/\" \/>\n<meta property=\"og:site_name\" content=\"Agazeta.net\" \/>\n<meta property=\"article:published_time\" content=\"2016-08-31T13:27:51+00:00\" \/>\n<meta property=\"og:image\" content=\"https:\/\/nk7-testes.com.br\/agazeta\/wp-content\/uploads\/2016\/08\/310816-policia-casopinte-tvgazeta.jpg\" \/>\n\t<meta property=\"og:image:width\" content=\"458\" \/>\n\t<meta property=\"og:image:height\" content=\"340\" \/>\n\t<meta property=\"og:image:type\" content=\"image\/jpeg\" \/>\n<meta name=\"author\" content=\"Agazeta.Net\" \/>\n<meta name=\"twitter:card\" content=\"summary_large_image\" \/>\n<meta name=\"twitter:label1\" content=\"Escrito por\" \/>\n\t<meta name=\"twitter:data1\" content=\"Agazeta.Net\" \/>\n\t<meta name=\"twitter:label2\" content=\"Est. tempo de leitura\" \/>\n\t<meta name=\"twitter:data2\" content=\"3 minutos\" \/>\n<script type=\"application\/ld+json\" class=\"yoast-schema-graph\">{\"@context\":\"https:\/\/schema.org\",\"@graph\":[{\"@type\":\"WebPage\",\"@id\":\"https:\/\/nk7-testes.com.br\/agazeta\/justica-condena-assassinos-do-vereador-pinte\/\",\"url\":\"https:\/\/nk7-testes.com.br\/agazeta\/justica-condena-assassinos-do-vereador-pinte\/\",\"name\":\"Justi\u00e7a condena assassinos do vereador Pint\u00e9 - Agazeta.net\",\"isPartOf\":{\"@id\":\"https:\/\/nk7-testes.com.br\/agazeta\/#website\"},\"primaryImageOfPage\":{\"@id\":\"https:\/\/nk7-testes.com.br\/agazeta\/justica-condena-assassinos-do-vereador-pinte\/#primaryimage\"},\"image\":{\"@id\":\"https:\/\/nk7-testes.com.br\/agazeta\/justica-condena-assassinos-do-vereador-pinte\/#primaryimage\"},\"thumbnailUrl\":\"https:\/\/nk7-testes.com.br\/agazeta\/wp-content\/uploads\/2016\/08\/310816-policia-casopinte-tvgazeta.jpg\",\"datePublished\":\"2016-08-31T13:27:51+00:00\",\"author\":{\"@id\":\"https:\/\/nk7-testes.com.br\/agazeta\/#\/schema\/person\/6d6e25cb0435eb4a02fd44d30b4e3020\"},\"breadcrumb\":{\"@id\":\"https:\/\/nk7-testes.com.br\/agazeta\/justica-condena-assassinos-do-vereador-pinte\/#breadcrumb\"},\"inLanguage\":\"pt-BR\",\"potentialAction\":[{\"@type\":\"ReadAction\",\"target\":[\"https:\/\/nk7-testes.com.br\/agazeta\/justica-condena-assassinos-do-vereador-pinte\/\"]}]},{\"@type\":\"ImageObject\",\"inLanguage\":\"pt-BR\",\"@id\":\"https:\/\/nk7-testes.com.br\/agazeta\/justica-condena-assassinos-do-vereador-pinte\/#primaryimage\",\"url\":\"https:\/\/nk7-testes.com.br\/agazeta\/wp-content\/uploads\/2016\/08\/310816-policia-casopinte-tvgazeta.jpg\",\"contentUrl\":\"https:\/\/nk7-testes.com.br\/agazeta\/wp-content\/uploads\/2016\/08\/310816-policia-casopinte-tvgazeta.jpg\",\"width\":458,\"height\":340,\"caption\":\"310816-policia-casopinte-tvgazeta\"},{\"@type\":\"BreadcrumbList\",\"@id\":\"https:\/\/nk7-testes.com.br\/agazeta\/justica-condena-assassinos-do-vereador-pinte\/#breadcrumb\",\"itemListElement\":[{\"@type\":\"ListItem\",\"position\":1,\"name\":\"In\u00edcio\",\"item\":\"https:\/\/nk7-testes.com.br\/agazeta\/\"},{\"@type\":\"ListItem\",\"position\":2,\"name\":\"Justi\u00e7a condena assassinos do vereador Pint\u00e9\"}]},{\"@type\":\"WebSite\",\"@id\":\"https:\/\/nk7-testes.com.br\/agazeta\/#website\",\"url\":\"https:\/\/nk7-testes.com.br\/agazeta\/\",\"name\":\"Agazeta.net\",\"description\":\"Agazeta.net - Not\u00edcias de Rio Branco\/AC\",\"potentialAction\":[{\"@type\":\"SearchAction\",\"target\":{\"@type\":\"EntryPoint\",\"urlTemplate\":\"https:\/\/nk7-testes.com.br\/agazeta\/?s={search_term_string}\"},\"query-input\":{\"@type\":\"PropertyValueSpecification\",\"valueRequired\":true,\"valueName\":\"search_term_string\"}}],\"inLanguage\":\"pt-BR\"},{\"@type\":\"Person\",\"@id\":\"https:\/\/nk7-testes.com.br\/agazeta\/#\/schema\/person\/6d6e25cb0435eb4a02fd44d30b4e3020\",\"name\":\"Agazeta.Net\",\"url\":\"https:\/\/nk7-testes.com.br\/agazeta\/author\/agazeta\/\"}]}<\/script>\n<!-- \/ Yoast SEO plugin. -->","yoast_head_json":{"title":"Justi\u00e7a condena assassinos do vereador Pint\u00e9 - Agazeta.net","robots":{"index":"index","follow":"follow","max-snippet":"max-snippet:-1","max-image-preview":"max-image-preview:large","max-video-preview":"max-video-preview:-1"},"canonical":"https:\/\/nk7-testes.com.br\/agazeta\/justica-condena-assassinos-do-vereador-pinte\/","og_locale":"pt_BR","og_type":"article","og_title":"Justi\u00e7a condena assassinos do vereador Pint\u00e9 - Agazeta.net","og_description":"Somadas, as penas chegam a 44 anos de pris\u00e3o","og_url":"https:\/\/nk7-testes.com.br\/agazeta\/justica-condena-assassinos-do-vereador-pinte\/","og_site_name":"Agazeta.net","article_published_time":"2016-08-31T13:27:51+00:00","og_image":[{"width":458,"height":340,"url":"https:\/\/nk7-testes.com.br\/agazeta\/wp-content\/uploads\/2016\/08\/310816-policia-casopinte-tvgazeta.jpg","type":"image\/jpeg"}],"author":"Agazeta.Net","twitter_card":"summary_large_image","twitter_misc":{"Escrito por":"Agazeta.Net","Est. tempo de leitura":"3 minutos"},"schema":{"@context":"https:\/\/schema.org","@graph":[{"@type":"WebPage","@id":"https:\/\/nk7-testes.com.br\/agazeta\/justica-condena-assassinos-do-vereador-pinte\/","url":"https:\/\/nk7-testes.com.br\/agazeta\/justica-condena-assassinos-do-vereador-pinte\/","name":"Justi\u00e7a condena assassinos do vereador Pint\u00e9 - Agazeta.net","isPartOf":{"@id":"https:\/\/nk7-testes.com.br\/agazeta\/#website"},"primaryImageOfPage":{"@id":"https:\/\/nk7-testes.com.br\/agazeta\/justica-condena-assassinos-do-vereador-pinte\/#primaryimage"},"image":{"@id":"https:\/\/nk7-testes.com.br\/agazeta\/justica-condena-assassinos-do-vereador-pinte\/#primaryimage"},"thumbnailUrl":"https:\/\/nk7-testes.com.br\/agazeta\/wp-content\/uploads\/2016\/08\/310816-policia-casopinte-tvgazeta.jpg","datePublished":"2016-08-31T13:27:51+00:00","author":{"@id":"https:\/\/nk7-testes.com.br\/agazeta\/#\/schema\/person\/6d6e25cb0435eb4a02fd44d30b4e3020"},"breadcrumb":{"@id":"https:\/\/nk7-testes.com.br\/agazeta\/justica-condena-assassinos-do-vereador-pinte\/#breadcrumb"},"inLanguage":"pt-BR","potentialAction":[{"@type":"ReadAction","target":["https:\/\/nk7-testes.com.br\/agazeta\/justica-condena-assassinos-do-vereador-pinte\/"]}]},{"@type":"ImageObject","inLanguage":"pt-BR","@id":"https:\/\/nk7-testes.com.br\/agazeta\/justica-condena-assassinos-do-vereador-pinte\/#primaryimage","url":"https:\/\/nk7-testes.com.br\/agazeta\/wp-content\/uploads\/2016\/08\/310816-policia-casopinte-tvgazeta.jpg","contentUrl":"https:\/\/nk7-testes.com.br\/agazeta\/wp-content\/uploads\/2016\/08\/310816-policia-casopinte-tvgazeta.jpg","width":458,"height":340,"caption":"310816-policia-casopinte-tvgazeta"},{"@type":"BreadcrumbList","@id":"https:\/\/nk7-testes.com.br\/agazeta\/justica-condena-assassinos-do-vereador-pinte\/#breadcrumb","itemListElement":[{"@type":"ListItem","position":1,"name":"In\u00edcio","item":"https:\/\/nk7-testes.com.br\/agazeta\/"},{"@type":"ListItem","position":2,"name":"Justi\u00e7a condena assassinos do vereador Pint\u00e9"}]},{"@type":"WebSite","@id":"https:\/\/nk7-testes.com.br\/agazeta\/#website","url":"https:\/\/nk7-testes.com.br\/agazeta\/","name":"Agazeta.net","description":"Agazeta.net - Not\u00edcias de Rio Branco\/AC","potentialAction":[{"@type":"SearchAction","target":{"@type":"EntryPoint","urlTemplate":"https:\/\/nk7-testes.com.br\/agazeta\/?s={search_term_string}"},"query-input":{"@type":"PropertyValueSpecification","valueRequired":true,"valueName":"search_term_string"}}],"inLanguage":"pt-BR"},{"@type":"Person","@id":"https:\/\/nk7-testes.com.br\/agazeta\/#\/schema\/person\/6d6e25cb0435eb4a02fd44d30b4e3020","name":"Agazeta.Net","url":"https:\/\/nk7-testes.com.br\/agazeta\/author\/agazeta\/"}]}},"_links":{"self":[{"href":"https:\/\/nk7-testes.com.br\/agazeta\/wp-json\/wp\/v2\/posts\/24861","targetHints":{"allow":["GET"]}}],"collection":[{"href":"https:\/\/nk7-testes.com.br\/agazeta\/wp-json\/wp\/v2\/posts"}],"about":[{"href":"https:\/\/nk7-testes.com.br\/agazeta\/wp-json\/wp\/v2\/types\/post"}],"author":[{"embeddable":true,"href":"https:\/\/nk7-testes.com.br\/agazeta\/wp-json\/wp\/v2\/users\/4"}],"replies":[{"embeddable":true,"href":"https:\/\/nk7-testes.com.br\/agazeta\/wp-json\/wp\/v2\/comments?post=24861"}],"version-history":[{"count":0,"href":"https:\/\/nk7-testes.com.br\/agazeta\/wp-json\/wp\/v2\/posts\/24861\/revisions"}],"wp:featuredmedia":[{"embeddable":true,"href":"https:\/\/nk7-testes.com.br\/agazeta\/wp-json\/wp\/v2\/media\/24860"}],"wp:attachment":[{"href":"https:\/\/nk7-testes.com.br\/agazeta\/wp-json\/wp\/v2\/media?parent=24861"}],"wp:term":[{"taxonomy":"category","embeddable":true,"href":"https:\/\/nk7-testes.com.br\/agazeta\/wp-json\/wp\/v2\/categories?post=24861"},{"taxonomy":"post_tag","embeddable":true,"href":"https:\/\/nk7-testes.com.br\/agazeta\/wp-json\/wp\/v2\/tags?post=24861"}],"curies":[{"name":"wp","href":"https:\/\/api.w.org\/{rel}","templated":true}]}}