{"id":24838,"date":"2016-08-30T15:07:27","date_gmt":"2016-08-30T15:07:27","guid":{"rendered":"https:\/\/abarevegan.com.br\/index.php\/2016\/08\/30\/banco-da-amazonia-amplia-atuacao-da-zona-franca-verde\/"},"modified":"2016-08-30T15:07:27","modified_gmt":"2016-08-30T15:07:27","slug":"banco-da-amazonia-amplia-atuacao-da-zona-franca-verde","status":"publish","type":"post","link":"https:\/\/nk7-testes.com.br\/agazeta\/banco-da-amazonia-amplia-atuacao-da-zona-franca-verde\/","title":{"rendered":"Banco da Amaz\u00f4nia amplia atua\u00e7\u00e3o da Zona Franca Verde"},"content":{"rendered":"<p style=\"text-align: justify;\">Redu\u00e7\u00e3o de ICMS para quem comercializar da ZFV<\/p>\n<p style=\"text-align: justify;\">Com a regulamenta\u00e7\u00e3o da Zona Franca Verde (ZFV) em dezembro do ano passado pelo Governo Federal, empreendimentos que atuam com mat\u00e9ria-prima regional, s\u00e3o ambientalmente sustent\u00e1veis e se encontram nas chamadas \u00c1reas de Livre Com\u00e9rcio dos Estados do Acre, Amap\u00e1, Amazonas, Rond\u00f4nia e Roraima, passaram a ter a seguran\u00e7a jur\u00eddica necess\u00e1ria para desenvolverem seus neg\u00f3cios em longo prazo.<\/p>\n<p style=\"text-align: justify;\">Essa \u00e9 a opini\u00e3o do empres\u00e1rio Paulo Santoyo Antunes, diretor presidente da Dom Porquito Agroind\u00fastria LTDA, empresa de abate de su\u00ednos e elabora\u00e7\u00e3o de produtos industrializados de carne, localizada no munic\u00edpio de Brasileia, no Acre.<\/p>\n<p style=\"text-align: justify;\">\u201cMontamos um parque industrial robusto, gerando 300 empregos diretos. Um investimento desse porte n\u00e3o pode ser pensado em curto prazo, at\u00e9 porque a tend\u00eancia \u00e9 de crescimento e expans\u00e3o. Da\u00ed porque a regulamenta\u00e7\u00e3o ser de extrema import\u00e2ncia para quem quer seguir investindo na Amaz\u00f4nia\u201d, explica Antunes, cujo grupo \u00e9 dono, ainda, da Acreaves Alimentos LTDA.<\/p>\n<p style=\"text-align: justify;\">Financiada pelo Banco da Amaz\u00f4nia com recursos do Fundo Constitucional de Financiamento do Norte (FNO), a Dom Porquito recebeu incentivos fiscais, sendo isenta do pagamento do Imposto sobre Produtos Industrializados (IPI). Com a isen\u00e7\u00e3o, a empresa pode maximizar os recursos do FNO, comprando mais m\u00e1quinas e equipamentos, inclusive importados.<\/p>\n<p style=\"text-align: justify;\">Al\u00e9m de Brasileia, a ZFV alcan\u00e7a empreendedores acreanos de Epitaciol\u00e2ndia e Cruzeiro do Sul e, ainda, os de Tabatinga (AM), Macap\u00e1 e Santana (AP), Guajar\u00e1-Mirim (RO), Boa Vista e Bonfim (RR), munic\u00edpios tamb\u00e9m atendidos pelo Banco da Amaz\u00f4nia.<\/p>\n<p style=\"text-align: justify;\">A institui\u00e7\u00e3o financeira pretende ampliar sua atua\u00e7\u00e3o nessas localidades j\u00e1 vislumbrando o potencial de neg\u00f3cios criado a partir da medida do Governo Federal que implantou a Zona Franca Verde.<\/p>\n<p style=\"text-align: justify;\">\u201cNossos clientes agora sabem que o benef\u00edcio fiscal est\u00e1 consolidado, criando, assim, in\u00fameras possibilidades de neg\u00f3cios e de crescimento \u00e0 regi\u00e3o. \u00c9 poss\u00edvel incrementar toda uma cadeia produtiva, beneficiando do pequeno produtor ao grande empres\u00e1rio. E todos ganham, pois h\u00e1 mais gera\u00e7\u00e3o de emprego e renda\u201d, ressalta Andr\u00e9 Luiz Vargas, superintendente regional do Banco da Amaz\u00f4nia no Acre.<\/p>\n<p style=\"text-align: justify;\"><strong>Isen\u00e7\u00e3o de impostos<\/strong><\/p>\n<p style=\"text-align: justify;\">Semelhante ao que ocorre na Zona Franca de Manaus, os neg\u00f3cios realizados na Zona Franca Verde com produtos industrializados a partir do uso de mat\u00e9ria-prima de origem regional recebem benef\u00edcios fiscais.<\/p>\n<p style=\"text-align: justify;\">A isen\u00e7\u00e3o abrange produtos resultantes da extra\u00e7\u00e3o, coleta, cultivo ou cria\u00e7\u00e3o animal, incluindo frutos, sementes, animais e madeiras, dentre outras atividades. As empresas que se enquadrem nesse perfil s\u00e3o isentas do pagamento do IPI e podem, ainda, se beneficiar da isen\u00e7\u00e3o do Imposto sobre Circula\u00e7\u00e3o de Mercadorias e Presta\u00e7\u00e3o de Servi\u00e7os.<\/p>\n<p style=\"text-align: justify;\">No Amap\u00e1, por exemplo, o governo j\u00e1 planeja diminuir de 17% para 7% o ICMS \u00e0s empresas que comercializarem produtos oriundos da Zona Franca Verde.<\/p>\n<p style=\"text-align: justify;\">\u00c9 nessa nova configura\u00e7\u00e3o geogr\u00e1fica, comercial e tribut\u00e1ria que o Banco da Amaz\u00f4nia pretende aumentar os neg\u00f3cios com os empreendedores. &#8220;Os financiamentos gerados a partir desse novo cen\u00e1rio v\u00eam para reafirmar nosso compromisso com a promo\u00e7\u00e3o do desenvolvimento sustent\u00e1vel da regi\u00e3o e o cumprimento de nossa miss\u00e3o, que envolve a execu\u00e7\u00e3o de pol\u00edticas p\u00fablicas e a oferta de produtos e servi\u00e7os financeiros\u201d, informa Marivaldo Melo, presidente do Banco da Amaz\u00f4nia. Dentre os produtos que os empres\u00e1rios da ZFV podem fazer uso est\u00e3o o FNO Amaz\u00f4nia Sustent\u00e1vel N\u00e3o Rural, para investimentos em equipamentos, m\u00e1quinas e ve\u00edculos utilit\u00e1rios, e o FNO Amaz\u00f4nia Sustent\u00e1vel Rural, para amplia\u00e7\u00e3o da produ\u00e7\u00e3o e custeio.<\/p>\n<p style=\"text-align: justify;\"><strong>Cria\u00e7\u00e3o da ZFV<\/strong><\/p>\n<p style=\"text-align: justify;\">A Zona Franca Verde foi criada pelo Governo Federal por meio dos decretos n\u00ba 8.597, de 18 de dezembro de 2015, e n\u00ba 6.614, de 28 de outubro de 2008, e regulamentada pelo Conselho de Administra\u00e7\u00e3o da Superintend\u00eancia da Zona Franca de Manaus (CAS-Suframa) em 26 de fevereiro de 2016.<\/p>\n<p style=\"text-align: justify;\">\u00c0 Suframa cabe definir os crit\u00e9rios que ir\u00e1 reconhecer a preponder\u00e2ncia de mat\u00e9ria-prima regional nos produtos que poder\u00e3o receber a isen\u00e7\u00e3o tribut\u00e1ria. A isen\u00e7\u00e3o aplica-se exclusivamente aos produtos elaborados por estabelecimentos industriais cujos projetos t\u00e9cnico-econ\u00f4micos tenham sido aprovados pelo CAS Suframa, ouvido o Minist\u00e9rio do Desenvolvimento, Ind\u00fastria e Com\u00e9rcio Exterior.<\/p>\n","protected":false},"excerpt":{"rendered":"<p style=\"text-align: justify;\">Redu\u00e7\u00e3o de ICMS para quem comercializar da ZFV<\/p>\n","protected":false},"author":4,"featured_media":24837,"comment_status":"open","ping_status":"open","sticky":false,"template":"","format":"standard","meta":{"jnews-multi-image_gallery":[],"jnews_single_post":[],"jnews_primary_category":[],"jnews_social_meta":[],"jnews_review":[],"enable_review":"","type":"","name":"","summary":"","brand":"","sku":"","good":[],"bad":[],"score_override":"","override_value":"","rating":[],"price":[],"footnotes":""},"categories":[54],"tags":[],"class_list":["post-24838","post","type-post","status-publish","format-standard","has-post-thumbnail","hentry","category-cotidiano"],"yoast_head":"<!-- This site is optimized with the Yoast SEO plugin v26.5 - https:\/\/yoast.com\/wordpress\/plugins\/seo\/ -->\n<title>Banco da Amaz\u00f4nia amplia atua\u00e7\u00e3o da Zona Franca Verde - Agazeta.net<\/title>\n<meta name=\"robots\" content=\"index, follow, max-snippet:-1, max-image-preview:large, max-video-preview:-1\" \/>\n<link rel=\"canonical\" href=\"https:\/\/nk7-testes.com.br\/agazeta\/banco-da-amazonia-amplia-atuacao-da-zona-franca-verde\/\" \/>\n<meta property=\"og:locale\" content=\"pt_BR\" \/>\n<meta property=\"og:type\" content=\"article\" \/>\n<meta property=\"og:title\" content=\"Banco da Amaz\u00f4nia amplia atua\u00e7\u00e3o da Zona Franca Verde - Agazeta.net\" \/>\n<meta property=\"og:description\" content=\"Redu\u00e7\u00e3o de ICMS para quem comercializar da ZFV\" \/>\n<meta property=\"og:url\" content=\"https:\/\/nk7-testes.com.br\/agazeta\/banco-da-amazonia-amplia-atuacao-da-zona-franca-verde\/\" \/>\n<meta property=\"og:site_name\" content=\"Agazeta.net\" \/>\n<meta property=\"article:published_time\" content=\"2016-08-30T15:07:27+00:00\" \/>\n<meta property=\"og:image\" content=\"https:\/\/nk7-testes.com.br\/agazeta\/wp-content\/uploads\/2016\/08\/300816-cotidiano-bancodaamazonia-divulgacao.jpg\" \/>\n\t<meta property=\"og:image:width\" content=\"458\" \/>\n\t<meta property=\"og:image:height\" content=\"340\" \/>\n\t<meta property=\"og:image:type\" content=\"image\/jpeg\" \/>\n<meta name=\"author\" content=\"Agazeta.Net\" \/>\n<meta name=\"twitter:card\" content=\"summary_large_image\" \/>\n<meta name=\"twitter:label1\" content=\"Escrito por\" \/>\n\t<meta name=\"twitter:data1\" content=\"Agazeta.Net\" \/>\n\t<meta name=\"twitter:label2\" content=\"Est. tempo de leitura\" \/>\n\t<meta name=\"twitter:data2\" content=\"4 minutos\" \/>\n<script type=\"application\/ld+json\" class=\"yoast-schema-graph\">{\"@context\":\"https:\/\/schema.org\",\"@graph\":[{\"@type\":\"WebPage\",\"@id\":\"https:\/\/nk7-testes.com.br\/agazeta\/banco-da-amazonia-amplia-atuacao-da-zona-franca-verde\/\",\"url\":\"https:\/\/nk7-testes.com.br\/agazeta\/banco-da-amazonia-amplia-atuacao-da-zona-franca-verde\/\",\"name\":\"Banco da Amaz\u00f4nia amplia atua\u00e7\u00e3o da Zona Franca Verde - Agazeta.net\",\"isPartOf\":{\"@id\":\"https:\/\/nk7-testes.com.br\/agazeta\/#website\"},\"primaryImageOfPage\":{\"@id\":\"https:\/\/nk7-testes.com.br\/agazeta\/banco-da-amazonia-amplia-atuacao-da-zona-franca-verde\/#primaryimage\"},\"image\":{\"@id\":\"https:\/\/nk7-testes.com.br\/agazeta\/banco-da-amazonia-amplia-atuacao-da-zona-franca-verde\/#primaryimage\"},\"thumbnailUrl\":\"https:\/\/nk7-testes.com.br\/agazeta\/wp-content\/uploads\/2016\/08\/300816-cotidiano-bancodaamazonia-divulgacao.jpg\",\"datePublished\":\"2016-08-30T15:07:27+00:00\",\"author\":{\"@id\":\"https:\/\/nk7-testes.com.br\/agazeta\/#\/schema\/person\/ff6b39d54d6973bfc57f4140f659b23f\"},\"breadcrumb\":{\"@id\":\"https:\/\/nk7-testes.com.br\/agazeta\/banco-da-amazonia-amplia-atuacao-da-zona-franca-verde\/#breadcrumb\"},\"inLanguage\":\"pt-BR\",\"potentialAction\":[{\"@type\":\"ReadAction\",\"target\":[\"https:\/\/nk7-testes.com.br\/agazeta\/banco-da-amazonia-amplia-atuacao-da-zona-franca-verde\/\"]}]},{\"@type\":\"ImageObject\",\"inLanguage\":\"pt-BR\",\"@id\":\"https:\/\/nk7-testes.com.br\/agazeta\/banco-da-amazonia-amplia-atuacao-da-zona-franca-verde\/#primaryimage\",\"url\":\"https:\/\/nk7-testes.com.br\/agazeta\/wp-content\/uploads\/2016\/08\/300816-cotidiano-bancodaamazonia-divulgacao.jpg\",\"contentUrl\":\"https:\/\/nk7-testes.com.br\/agazeta\/wp-content\/uploads\/2016\/08\/300816-cotidiano-bancodaamazonia-divulgacao.jpg\",\"width\":458,\"height\":340,\"caption\":\"300816-cotidiano-bancodaamazonia-divulgacao\"},{\"@type\":\"BreadcrumbList\",\"@id\":\"https:\/\/nk7-testes.com.br\/agazeta\/banco-da-amazonia-amplia-atuacao-da-zona-franca-verde\/#breadcrumb\",\"itemListElement\":[{\"@type\":\"ListItem\",\"position\":1,\"name\":\"In\u00edcio\",\"item\":\"https:\/\/nk7-testes.com.br\/agazeta\/\"},{\"@type\":\"ListItem\",\"position\":2,\"name\":\"Banco da Amaz\u00f4nia amplia atua\u00e7\u00e3o da Zona Franca Verde\"}]},{\"@type\":\"WebSite\",\"@id\":\"https:\/\/nk7-testes.com.br\/agazeta\/#website\",\"url\":\"https:\/\/nk7-testes.com.br\/agazeta\/\",\"name\":\"Agazeta.net\",\"description\":\"Agazeta.net - Not\u00edcias de Rio Branco\/AC\",\"potentialAction\":[{\"@type\":\"SearchAction\",\"target\":{\"@type\":\"EntryPoint\",\"urlTemplate\":\"https:\/\/nk7-testes.com.br\/agazeta\/?s={search_term_string}\"},\"query-input\":{\"@type\":\"PropertyValueSpecification\",\"valueRequired\":true,\"valueName\":\"search_term_string\"}}],\"inLanguage\":\"pt-BR\"},{\"@type\":\"Person\",\"@id\":\"https:\/\/nk7-testes.com.br\/agazeta\/#\/schema\/person\/ff6b39d54d6973bfc57f4140f659b23f\",\"name\":\"Agazeta.Net\",\"url\":\"https:\/\/nk7-testes.com.br\/agazeta\/author\/agazeta\/\"}]}<\/script>\n<!-- \/ Yoast SEO plugin. -->","yoast_head_json":{"title":"Banco da Amaz\u00f4nia amplia atua\u00e7\u00e3o da Zona Franca Verde - Agazeta.net","robots":{"index":"index","follow":"follow","max-snippet":"max-snippet:-1","max-image-preview":"max-image-preview:large","max-video-preview":"max-video-preview:-1"},"canonical":"https:\/\/nk7-testes.com.br\/agazeta\/banco-da-amazonia-amplia-atuacao-da-zona-franca-verde\/","og_locale":"pt_BR","og_type":"article","og_title":"Banco da Amaz\u00f4nia amplia atua\u00e7\u00e3o da Zona Franca Verde - Agazeta.net","og_description":"Redu\u00e7\u00e3o de ICMS para quem comercializar da ZFV","og_url":"https:\/\/nk7-testes.com.br\/agazeta\/banco-da-amazonia-amplia-atuacao-da-zona-franca-verde\/","og_site_name":"Agazeta.net","article_published_time":"2016-08-30T15:07:27+00:00","og_image":[{"width":458,"height":340,"url":"https:\/\/nk7-testes.com.br\/agazeta\/wp-content\/uploads\/2016\/08\/300816-cotidiano-bancodaamazonia-divulgacao.jpg","type":"image\/jpeg"}],"author":"Agazeta.Net","twitter_card":"summary_large_image","twitter_misc":{"Escrito por":"Agazeta.Net","Est. tempo de leitura":"4 minutos"},"schema":{"@context":"https:\/\/schema.org","@graph":[{"@type":"WebPage","@id":"https:\/\/nk7-testes.com.br\/agazeta\/banco-da-amazonia-amplia-atuacao-da-zona-franca-verde\/","url":"https:\/\/nk7-testes.com.br\/agazeta\/banco-da-amazonia-amplia-atuacao-da-zona-franca-verde\/","name":"Banco da Amaz\u00f4nia amplia atua\u00e7\u00e3o da Zona Franca Verde - Agazeta.net","isPartOf":{"@id":"https:\/\/nk7-testes.com.br\/agazeta\/#website"},"primaryImageOfPage":{"@id":"https:\/\/nk7-testes.com.br\/agazeta\/banco-da-amazonia-amplia-atuacao-da-zona-franca-verde\/#primaryimage"},"image":{"@id":"https:\/\/nk7-testes.com.br\/agazeta\/banco-da-amazonia-amplia-atuacao-da-zona-franca-verde\/#primaryimage"},"thumbnailUrl":"https:\/\/nk7-testes.com.br\/agazeta\/wp-content\/uploads\/2016\/08\/300816-cotidiano-bancodaamazonia-divulgacao.jpg","datePublished":"2016-08-30T15:07:27+00:00","author":{"@id":"https:\/\/nk7-testes.com.br\/agazeta\/#\/schema\/person\/ff6b39d54d6973bfc57f4140f659b23f"},"breadcrumb":{"@id":"https:\/\/nk7-testes.com.br\/agazeta\/banco-da-amazonia-amplia-atuacao-da-zona-franca-verde\/#breadcrumb"},"inLanguage":"pt-BR","potentialAction":[{"@type":"ReadAction","target":["https:\/\/nk7-testes.com.br\/agazeta\/banco-da-amazonia-amplia-atuacao-da-zona-franca-verde\/"]}]},{"@type":"ImageObject","inLanguage":"pt-BR","@id":"https:\/\/nk7-testes.com.br\/agazeta\/banco-da-amazonia-amplia-atuacao-da-zona-franca-verde\/#primaryimage","url":"https:\/\/nk7-testes.com.br\/agazeta\/wp-content\/uploads\/2016\/08\/300816-cotidiano-bancodaamazonia-divulgacao.jpg","contentUrl":"https:\/\/nk7-testes.com.br\/agazeta\/wp-content\/uploads\/2016\/08\/300816-cotidiano-bancodaamazonia-divulgacao.jpg","width":458,"height":340,"caption":"300816-cotidiano-bancodaamazonia-divulgacao"},{"@type":"BreadcrumbList","@id":"https:\/\/nk7-testes.com.br\/agazeta\/banco-da-amazonia-amplia-atuacao-da-zona-franca-verde\/#breadcrumb","itemListElement":[{"@type":"ListItem","position":1,"name":"In\u00edcio","item":"https:\/\/nk7-testes.com.br\/agazeta\/"},{"@type":"ListItem","position":2,"name":"Banco da Amaz\u00f4nia amplia atua\u00e7\u00e3o da Zona Franca Verde"}]},{"@type":"WebSite","@id":"https:\/\/nk7-testes.com.br\/agazeta\/#website","url":"https:\/\/nk7-testes.com.br\/agazeta\/","name":"Agazeta.net","description":"Agazeta.net - Not\u00edcias de Rio Branco\/AC","potentialAction":[{"@type":"SearchAction","target":{"@type":"EntryPoint","urlTemplate":"https:\/\/nk7-testes.com.br\/agazeta\/?s={search_term_string}"},"query-input":{"@type":"PropertyValueSpecification","valueRequired":true,"valueName":"search_term_string"}}],"inLanguage":"pt-BR"},{"@type":"Person","@id":"https:\/\/nk7-testes.com.br\/agazeta\/#\/schema\/person\/ff6b39d54d6973bfc57f4140f659b23f","name":"Agazeta.Net","url":"https:\/\/nk7-testes.com.br\/agazeta\/author\/agazeta\/"}]}},"_links":{"self":[{"href":"https:\/\/nk7-testes.com.br\/agazeta\/wp-json\/wp\/v2\/posts\/24838","targetHints":{"allow":["GET"]}}],"collection":[{"href":"https:\/\/nk7-testes.com.br\/agazeta\/wp-json\/wp\/v2\/posts"}],"about":[{"href":"https:\/\/nk7-testes.com.br\/agazeta\/wp-json\/wp\/v2\/types\/post"}],"author":[{"embeddable":true,"href":"https:\/\/nk7-testes.com.br\/agazeta\/wp-json\/wp\/v2\/users\/4"}],"replies":[{"embeddable":true,"href":"https:\/\/nk7-testes.com.br\/agazeta\/wp-json\/wp\/v2\/comments?post=24838"}],"version-history":[{"count":0,"href":"https:\/\/nk7-testes.com.br\/agazeta\/wp-json\/wp\/v2\/posts\/24838\/revisions"}],"wp:featuredmedia":[{"embeddable":true,"href":"https:\/\/nk7-testes.com.br\/agazeta\/wp-json\/wp\/v2\/media\/24837"}],"wp:attachment":[{"href":"https:\/\/nk7-testes.com.br\/agazeta\/wp-json\/wp\/v2\/media?parent=24838"}],"wp:term":[{"taxonomy":"category","embeddable":true,"href":"https:\/\/nk7-testes.com.br\/agazeta\/wp-json\/wp\/v2\/categories?post=24838"},{"taxonomy":"post_tag","embeddable":true,"href":"https:\/\/nk7-testes.com.br\/agazeta\/wp-json\/wp\/v2\/tags?post=24838"}],"curies":[{"name":"wp","href":"https:\/\/api.w.org\/{rel}","templated":true}]}}