{"id":24817,"date":"2016-08-29T14:24:04","date_gmt":"2016-08-29T14:24:04","guid":{"rendered":"https:\/\/abarevegan.com.br\/index.php\/2016\/08\/29\/queimadas-impactam-diretamente-na-saude-de-criancas\/"},"modified":"2016-08-29T14:24:04","modified_gmt":"2016-08-29T14:24:04","slug":"queimadas-impactam-diretamente-na-saude-de-criancas","status":"publish","type":"post","link":"https:\/\/nk7-testes.com.br\/agazeta\/queimadas-impactam-diretamente-na-saude-de-criancas\/","title":{"rendered":"Queimadas impactam diretamente na sa\u00fade de crian\u00e7as"},"content":{"rendered":"<p style=\"text-align: justify;\">Elas e os idosos s\u00e3o os que mais sofrem<\/p>\n<p style=\"text-align: justify;\">As unidades de sa\u00fade est\u00e3o registrando aumento no n\u00famero de atendimento de pessoas com problemas respirat\u00f3rios. Al\u00e9m do clima seco, as fuma\u00e7as ajudam a agravar a situa\u00e7\u00e3o.<\/p>\n<p style=\"text-align: justify;\">De acordo com uma avalia\u00e7\u00e3o feita pelo Grupo de estudos e servi\u00e7os ambientais do Acre, o Acre Bioclima da Ufac, na quinta-feira (25) da semana passada, o \u00edndice de poluentes na atmosfera local era 8x maior que o limite aceit\u00e1vel estipulado pela organiza\u00e7\u00e3o mundial da sa\u00fade (OMS).<\/p>\n<p style=\"text-align: justify;\">A cortina de fuma\u00e7a encobriu a cidade praticamente todos os dias da semana. Segundo cientistas a fuma\u00e7a mais intensa foi provocada por inc\u00eandios no estado e tamb\u00e9m em outras regi\u00f5es do pa\u00eds como Amazonas, Rond\u00f4nia e Mato Grosso, al\u00e9m da Bol\u00edvia.<\/p>\n<p style=\"text-align: justify;\">Sem chuva, com umidade relativa do ar baixa, tudo fica prop\u00edcio para prejudicar a sa\u00fade humana, especificamente as vias respirat\u00f3rias.<\/p>\n<p style=\"text-align: justify;\">As unidades de sa\u00fade v\u00eam registrando desde o m\u00eas de junho aumento no n\u00famero de atendimento de pessoas com problemas respirat\u00f3rios. Na UPA do segundo distrito, por exemplo, entre os dias 1 e 24 de agosto aumentou em mais de 30% a procura de atendimento por esse tipo de agravo.<\/p>\n<p style=\"text-align: justify;\">Um plano de conting\u00eancia foi montado pela Secretaria Estadual de Sa\u00fade (Sesacre), para suprir o aumento da demanda. Idosos e crian\u00e7as s\u00e3o mais fr\u00e1geis as mudan\u00e7as de temperatura, clima seco e fuma\u00e7as. Est\u00e3o suscept\u00edveis a falta de ar e as rea\u00e7\u00f5es al\u00e9rgicas como tosse seca, chiado, crises de rinite, ressecamento da pele com coceiras, por exemplo.<\/p>\n<p style=\"text-align: justify;\">Segundo o pediatra Gibson Moura, a primeira dica come\u00e7a em evitar a automedica\u00e7\u00e3o. \u201cUma automedica\u00e7\u00e3o pode levar a um quadro grave ou at\u00e9 \u00e0 morte por rea\u00e7\u00e3o al\u00e9rgica grave\u201d, alerta. \u201cEnt\u00e3o \u00e9 preciso procurar um profissional\u201d.<\/p>\n<p style=\"text-align: justify;\">Entre v\u00e1rios cuidados para se proteger da fuma\u00e7a e outros fatores prejudiciais \u00e0 sa\u00fade, est\u00e1 a hidrata\u00e7\u00e3o. \u201cMuita \u00e1gua e suco. Refrigerante n\u00e3o vai adiantar, e ainda fechar as janelas nas horas com mais fuma\u00e7a\u201d, sugere o m\u00e9dico.<\/p>\n<p style=\"text-align: justify;\">Em menos de dois meses, essa \u00e9 a segunda vez que a pequena Maria Clara vai ao m\u00e9dico. O aparelho de nebuliza\u00e7\u00e3o da fam\u00edlia n\u00e3o foi suficiente pra amenizar a rea\u00e7\u00e3o al\u00e9rgica. \u201cA partir do momento em que come\u00e7aram as queimadas, tivemos que trazer ela no hospital. Alergia, problema de respira\u00e7\u00e3o\u201d, comentou o pai da menina Luiz Paulo.<\/p>\n<p style=\"text-align: justify;\">O pai faz a voz de muita gente e lembra que as fuma\u00e7as s\u00f3 trazem preju\u00edzos. \u201cO pessoal tem que se conscientizar de que as queimadas s\u00f3 prejudicam. Empobrecem o solo e prejudicam a sa\u00fade da popula\u00e7\u00e3o\u201d, disse.<\/p>\n","protected":false},"excerpt":{"rendered":"<p style=\"text-align: justify;\">Elas e os idosos s\u00e3o os que mais sofrem<\/p>\n","protected":false},"author":4,"featured_media":24816,"comment_status":"open","ping_status":"open","sticky":false,"template":"","format":"standard","meta":{"jnews-multi-image_gallery":[],"jnews_single_post":[],"jnews_primary_category":[],"jnews_social_meta":[],"jnews_review":[],"enable_review":"","type":"","name":"","summary":"","brand":"","sku":"","good":[],"bad":[],"score_override":"","override_value":"","rating":[],"price":[],"footnotes":""},"categories":[54],"tags":[],"class_list":["post-24817","post","type-post","status-publish","format-standard","has-post-thumbnail","hentry","category-cotidiano"],"yoast_head":"<!-- This site is optimized with the Yoast SEO plugin v26.5 - https:\/\/yoast.com\/wordpress\/plugins\/seo\/ -->\n<title>Queimadas impactam diretamente na sa\u00fade de crian\u00e7as - Agazeta.net<\/title>\n<meta name=\"robots\" content=\"index, follow, max-snippet:-1, max-image-preview:large, max-video-preview:-1\" \/>\n<link rel=\"canonical\" href=\"https:\/\/nk7-testes.com.br\/agazeta\/queimadas-impactam-diretamente-na-saude-de-criancas\/\" \/>\n<meta property=\"og:locale\" content=\"pt_BR\" \/>\n<meta property=\"og:type\" content=\"article\" \/>\n<meta property=\"og:title\" content=\"Queimadas impactam diretamente na sa\u00fade de crian\u00e7as - Agazeta.net\" \/>\n<meta property=\"og:description\" content=\"Elas e os idosos s\u00e3o os que mais sofrem\" \/>\n<meta property=\"og:url\" content=\"https:\/\/nk7-testes.com.br\/agazeta\/queimadas-impactam-diretamente-na-saude-de-criancas\/\" \/>\n<meta property=\"og:site_name\" content=\"Agazeta.net\" \/>\n<meta property=\"article:published_time\" content=\"2016-08-29T14:24:04+00:00\" \/>\n<meta property=\"og:image\" content=\"https:\/\/nk7-testes.com.br\/agazeta\/wp-content\/uploads\/2016\/08\/290816-cotidiano-saudecriancas-tvgazeta.jpg\" \/>\n\t<meta property=\"og:image:width\" content=\"458\" \/>\n\t<meta property=\"og:image:height\" content=\"340\" \/>\n\t<meta property=\"og:image:type\" content=\"image\/jpeg\" \/>\n<meta name=\"author\" content=\"Agazeta.Net\" \/>\n<meta name=\"twitter:card\" content=\"summary_large_image\" \/>\n<meta name=\"twitter:label1\" content=\"Escrito por\" \/>\n\t<meta name=\"twitter:data1\" content=\"Agazeta.Net\" \/>\n\t<meta name=\"twitter:label2\" content=\"Est. tempo de leitura\" \/>\n\t<meta name=\"twitter:data2\" content=\"2 minutos\" \/>\n<script type=\"application\/ld+json\" class=\"yoast-schema-graph\">{\"@context\":\"https:\/\/schema.org\",\"@graph\":[{\"@type\":\"WebPage\",\"@id\":\"https:\/\/nk7-testes.com.br\/agazeta\/queimadas-impactam-diretamente-na-saude-de-criancas\/\",\"url\":\"https:\/\/nk7-testes.com.br\/agazeta\/queimadas-impactam-diretamente-na-saude-de-criancas\/\",\"name\":\"Queimadas impactam diretamente na sa\u00fade de crian\u00e7as - Agazeta.net\",\"isPartOf\":{\"@id\":\"https:\/\/nk7-testes.com.br\/agazeta\/#website\"},\"primaryImageOfPage\":{\"@id\":\"https:\/\/nk7-testes.com.br\/agazeta\/queimadas-impactam-diretamente-na-saude-de-criancas\/#primaryimage\"},\"image\":{\"@id\":\"https:\/\/nk7-testes.com.br\/agazeta\/queimadas-impactam-diretamente-na-saude-de-criancas\/#primaryimage\"},\"thumbnailUrl\":\"https:\/\/nk7-testes.com.br\/agazeta\/wp-content\/uploads\/2016\/08\/290816-cotidiano-saudecriancas-tvgazeta.jpg\",\"datePublished\":\"2016-08-29T14:24:04+00:00\",\"author\":{\"@id\":\"https:\/\/nk7-testes.com.br\/agazeta\/#\/schema\/person\/ff6b39d54d6973bfc57f4140f659b23f\"},\"breadcrumb\":{\"@id\":\"https:\/\/nk7-testes.com.br\/agazeta\/queimadas-impactam-diretamente-na-saude-de-criancas\/#breadcrumb\"},\"inLanguage\":\"pt-BR\",\"potentialAction\":[{\"@type\":\"ReadAction\",\"target\":[\"https:\/\/nk7-testes.com.br\/agazeta\/queimadas-impactam-diretamente-na-saude-de-criancas\/\"]}]},{\"@type\":\"ImageObject\",\"inLanguage\":\"pt-BR\",\"@id\":\"https:\/\/nk7-testes.com.br\/agazeta\/queimadas-impactam-diretamente-na-saude-de-criancas\/#primaryimage\",\"url\":\"https:\/\/nk7-testes.com.br\/agazeta\/wp-content\/uploads\/2016\/08\/290816-cotidiano-saudecriancas-tvgazeta.jpg\",\"contentUrl\":\"https:\/\/nk7-testes.com.br\/agazeta\/wp-content\/uploads\/2016\/08\/290816-cotidiano-saudecriancas-tvgazeta.jpg\",\"width\":458,\"height\":340,\"caption\":\"290816-cotidiano-saudecriancas-tvgazeta\"},{\"@type\":\"BreadcrumbList\",\"@id\":\"https:\/\/nk7-testes.com.br\/agazeta\/queimadas-impactam-diretamente-na-saude-de-criancas\/#breadcrumb\",\"itemListElement\":[{\"@type\":\"ListItem\",\"position\":1,\"name\":\"In\u00edcio\",\"item\":\"https:\/\/nk7-testes.com.br\/agazeta\/\"},{\"@type\":\"ListItem\",\"position\":2,\"name\":\"Queimadas impactam diretamente na sa\u00fade de crian\u00e7as\"}]},{\"@type\":\"WebSite\",\"@id\":\"https:\/\/nk7-testes.com.br\/agazeta\/#website\",\"url\":\"https:\/\/nk7-testes.com.br\/agazeta\/\",\"name\":\"Agazeta.net\",\"description\":\"Agazeta.net - Not\u00edcias de Rio Branco\/AC\",\"potentialAction\":[{\"@type\":\"SearchAction\",\"target\":{\"@type\":\"EntryPoint\",\"urlTemplate\":\"https:\/\/nk7-testes.com.br\/agazeta\/?s={search_term_string}\"},\"query-input\":{\"@type\":\"PropertyValueSpecification\",\"valueRequired\":true,\"valueName\":\"search_term_string\"}}],\"inLanguage\":\"pt-BR\"},{\"@type\":\"Person\",\"@id\":\"https:\/\/nk7-testes.com.br\/agazeta\/#\/schema\/person\/ff6b39d54d6973bfc57f4140f659b23f\",\"name\":\"Agazeta.Net\",\"url\":\"https:\/\/nk7-testes.com.br\/agazeta\/author\/agazeta\/\"}]}<\/script>\n<!-- \/ Yoast SEO plugin. -->","yoast_head_json":{"title":"Queimadas impactam diretamente na sa\u00fade de crian\u00e7as - Agazeta.net","robots":{"index":"index","follow":"follow","max-snippet":"max-snippet:-1","max-image-preview":"max-image-preview:large","max-video-preview":"max-video-preview:-1"},"canonical":"https:\/\/nk7-testes.com.br\/agazeta\/queimadas-impactam-diretamente-na-saude-de-criancas\/","og_locale":"pt_BR","og_type":"article","og_title":"Queimadas impactam diretamente na sa\u00fade de crian\u00e7as - Agazeta.net","og_description":"Elas e os idosos s\u00e3o os que mais sofrem","og_url":"https:\/\/nk7-testes.com.br\/agazeta\/queimadas-impactam-diretamente-na-saude-de-criancas\/","og_site_name":"Agazeta.net","article_published_time":"2016-08-29T14:24:04+00:00","og_image":[{"width":458,"height":340,"url":"https:\/\/nk7-testes.com.br\/agazeta\/wp-content\/uploads\/2016\/08\/290816-cotidiano-saudecriancas-tvgazeta.jpg","type":"image\/jpeg"}],"author":"Agazeta.Net","twitter_card":"summary_large_image","twitter_misc":{"Escrito por":"Agazeta.Net","Est. tempo de leitura":"2 minutos"},"schema":{"@context":"https:\/\/schema.org","@graph":[{"@type":"WebPage","@id":"https:\/\/nk7-testes.com.br\/agazeta\/queimadas-impactam-diretamente-na-saude-de-criancas\/","url":"https:\/\/nk7-testes.com.br\/agazeta\/queimadas-impactam-diretamente-na-saude-de-criancas\/","name":"Queimadas impactam diretamente na sa\u00fade de crian\u00e7as - Agazeta.net","isPartOf":{"@id":"https:\/\/nk7-testes.com.br\/agazeta\/#website"},"primaryImageOfPage":{"@id":"https:\/\/nk7-testes.com.br\/agazeta\/queimadas-impactam-diretamente-na-saude-de-criancas\/#primaryimage"},"image":{"@id":"https:\/\/nk7-testes.com.br\/agazeta\/queimadas-impactam-diretamente-na-saude-de-criancas\/#primaryimage"},"thumbnailUrl":"https:\/\/nk7-testes.com.br\/agazeta\/wp-content\/uploads\/2016\/08\/290816-cotidiano-saudecriancas-tvgazeta.jpg","datePublished":"2016-08-29T14:24:04+00:00","author":{"@id":"https:\/\/nk7-testes.com.br\/agazeta\/#\/schema\/person\/ff6b39d54d6973bfc57f4140f659b23f"},"breadcrumb":{"@id":"https:\/\/nk7-testes.com.br\/agazeta\/queimadas-impactam-diretamente-na-saude-de-criancas\/#breadcrumb"},"inLanguage":"pt-BR","potentialAction":[{"@type":"ReadAction","target":["https:\/\/nk7-testes.com.br\/agazeta\/queimadas-impactam-diretamente-na-saude-de-criancas\/"]}]},{"@type":"ImageObject","inLanguage":"pt-BR","@id":"https:\/\/nk7-testes.com.br\/agazeta\/queimadas-impactam-diretamente-na-saude-de-criancas\/#primaryimage","url":"https:\/\/nk7-testes.com.br\/agazeta\/wp-content\/uploads\/2016\/08\/290816-cotidiano-saudecriancas-tvgazeta.jpg","contentUrl":"https:\/\/nk7-testes.com.br\/agazeta\/wp-content\/uploads\/2016\/08\/290816-cotidiano-saudecriancas-tvgazeta.jpg","width":458,"height":340,"caption":"290816-cotidiano-saudecriancas-tvgazeta"},{"@type":"BreadcrumbList","@id":"https:\/\/nk7-testes.com.br\/agazeta\/queimadas-impactam-diretamente-na-saude-de-criancas\/#breadcrumb","itemListElement":[{"@type":"ListItem","position":1,"name":"In\u00edcio","item":"https:\/\/nk7-testes.com.br\/agazeta\/"},{"@type":"ListItem","position":2,"name":"Queimadas impactam diretamente na sa\u00fade de crian\u00e7as"}]},{"@type":"WebSite","@id":"https:\/\/nk7-testes.com.br\/agazeta\/#website","url":"https:\/\/nk7-testes.com.br\/agazeta\/","name":"Agazeta.net","description":"Agazeta.net - Not\u00edcias de Rio Branco\/AC","potentialAction":[{"@type":"SearchAction","target":{"@type":"EntryPoint","urlTemplate":"https:\/\/nk7-testes.com.br\/agazeta\/?s={search_term_string}"},"query-input":{"@type":"PropertyValueSpecification","valueRequired":true,"valueName":"search_term_string"}}],"inLanguage":"pt-BR"},{"@type":"Person","@id":"https:\/\/nk7-testes.com.br\/agazeta\/#\/schema\/person\/ff6b39d54d6973bfc57f4140f659b23f","name":"Agazeta.Net","url":"https:\/\/nk7-testes.com.br\/agazeta\/author\/agazeta\/"}]}},"_links":{"self":[{"href":"https:\/\/nk7-testes.com.br\/agazeta\/wp-json\/wp\/v2\/posts\/24817","targetHints":{"allow":["GET"]}}],"collection":[{"href":"https:\/\/nk7-testes.com.br\/agazeta\/wp-json\/wp\/v2\/posts"}],"about":[{"href":"https:\/\/nk7-testes.com.br\/agazeta\/wp-json\/wp\/v2\/types\/post"}],"author":[{"embeddable":true,"href":"https:\/\/nk7-testes.com.br\/agazeta\/wp-json\/wp\/v2\/users\/4"}],"replies":[{"embeddable":true,"href":"https:\/\/nk7-testes.com.br\/agazeta\/wp-json\/wp\/v2\/comments?post=24817"}],"version-history":[{"count":0,"href":"https:\/\/nk7-testes.com.br\/agazeta\/wp-json\/wp\/v2\/posts\/24817\/revisions"}],"wp:featuredmedia":[{"embeddable":true,"href":"https:\/\/nk7-testes.com.br\/agazeta\/wp-json\/wp\/v2\/media\/24816"}],"wp:attachment":[{"href":"https:\/\/nk7-testes.com.br\/agazeta\/wp-json\/wp\/v2\/media?parent=24817"}],"wp:term":[{"taxonomy":"category","embeddable":true,"href":"https:\/\/nk7-testes.com.br\/agazeta\/wp-json\/wp\/v2\/categories?post=24817"},{"taxonomy":"post_tag","embeddable":true,"href":"https:\/\/nk7-testes.com.br\/agazeta\/wp-json\/wp\/v2\/tags?post=24817"}],"curies":[{"name":"wp","href":"https:\/\/api.w.org\/{rel}","templated":true}]}}