{"id":24803,"date":"2016-08-27T17:31:15","date_gmt":"2016-08-27T17:31:15","guid":{"rendered":"https:\/\/abarevegan.com.br\/index.php\/2016\/08\/27\/energia-solar-reduz-conta-praticamente-a-zero\/"},"modified":"2016-08-27T17:31:15","modified_gmt":"2016-08-27T17:31:15","slug":"energia-solar-reduz-conta-praticamente-a-zero","status":"publish","type":"post","link":"https:\/\/nk7-testes.com.br\/agazeta\/energia-solar-reduz-conta-praticamente-a-zero\/","title":{"rendered":"Energia solar reduz conta praticamente a zero"},"content":{"rendered":"<p style=\"text-align: justify;\">Excedentes podem at\u00e9 gerar cr\u00e9ditos<\/p>\n<p style=\"text-align: justify;\">Voc\u00ea sabe como funciona o sistema que converte energia solar em energia el\u00e9trica? Nossa reportagem foi ouvir os pioneiros dessa tecnologia no Acre, que explicam inclusive a viabilidade do produto para quem quer reduzir a conta de luz, praticamente, a zero.<\/p>\n<p style=\"text-align: justify;\">Os engenheiros eletricistas Leonardo Fonseca e Marco Aur\u00e9lio formaram-se juntos na universidade e resolveram empreender na carreira. H\u00e1 seis anos eles montaram uma empresa que trabalha com o sistema fotovoltaico, que \u00e9 a convers\u00e3o de luz solar em energia el\u00e9trica.<\/p>\n<p style=\"text-align: justify;\">Na sede do empreendimento, um cont\u00eainer exemplifica aos clientes como tudo funciona. Em cima do telhado, as placas solares absorvem os raios do sol e o calor armazenado \u00e9 convertido em energia el\u00e9trica.<\/p>\n<p style=\"text-align: justify;\">\u201cO sistema \u00e9 instalado no telhado, conectado ao quadro de distribui\u00e7\u00e3o e a gera\u00e7\u00e3o \u00e9 dimensionada de acordo com o consumo da fam\u00edlia. A inten\u00e7\u00e3o \u00e9 abater a conta de energia, zerar a fatura de energia\u201d, explica Leonardo Fonseca.<\/p>\n<p style=\"text-align: justify;\">Num m\u00eas com muito sol, a energia excedente gera cr\u00e9ditos que podem ser usados no m\u00eas seguinte. O consumidor tem at\u00e9 5 anos para usar a energia que sobrou.<\/p>\n<p style=\"text-align: justify;\">Em locais onde n\u00e3o \u00e9 poss\u00edvel instalar as placas solares, existe alternativa. \u201c\u00c0s vezes no condom\u00ednio n\u00e3o pode instalar por que o espa\u00e7o \u00e9 insuficiente, ou em casa n\u00e3o por que h\u00e1 sombreamento dos vizinhos, ent\u00e3o vai disponibilizar outro espa\u00e7o em outra regi\u00e3o, vai repassar para a Eletrobr\u00e1s o CPF ao qual vai ser creditado essa energia e isso \u00e9 suficiente para monitorar o sistema\u201d, explica Marco Aur\u00e9lio.<\/p>\n<p style=\"text-align: justify;\">Cada projeto \u00e9 baseado no consumo da resid\u00eancia, mas em m\u00e9dia, a instala\u00e7\u00e3o das placas com os complementos \u00e9 de R$ 25 a R$ 30 mil. Contudo, algumas fam\u00edlias optam em economizar 50% do consumo el\u00e9trico e o valor da implanta\u00e7\u00e3o do sistema cai para R$ 10 ou R$ 15 mil.<\/p>\n<p style=\"text-align: justify;\">Os empres\u00e1rios aguardam a possibilidade de bancos financiarem, pra que o produto esteja mais acess\u00edvel, j\u00e1 que temos calor suficiente para ser convertido em energia. \u201cA gente tem em Rio Branco 11 horas de gera\u00e7\u00e3o di\u00e1ria\u201d, afirma Leonardo.<\/p>\n<p style=\"text-align: justify;\">A durabilidade do sistema fotovoltaico \u00e9 de 25 anos e o c\u00e1lculo \u00e9 que ele se pague entre 5 e 8 anos de uso. Num estado com uma das tarifas mais altas do pa\u00eds, n\u00e3o custa sonhar em ter a conta de luz zerada no final do m\u00eas.<\/p>\n","protected":false},"excerpt":{"rendered":"<p style=\"text-align: justify;\">Excedentes podem at\u00e9 gerar cr\u00e9ditos<\/p>\n","protected":false},"author":4,"featured_media":24802,"comment_status":"open","ping_status":"open","sticky":false,"template":"","format":"standard","meta":{"jnews-multi-image_gallery":[],"jnews_single_post":[],"jnews_primary_category":[],"jnews_social_meta":[],"jnews_review":[],"enable_review":"","type":"","name":"","summary":"","brand":"","sku":"","good":[],"bad":[],"score_override":"","override_value":"","rating":[],"price":[],"footnotes":""},"categories":[54],"tags":[],"class_list":["post-24803","post","type-post","status-publish","format-standard","has-post-thumbnail","hentry","category-cotidiano"],"yoast_head":"<!-- This site is optimized with the Yoast SEO plugin v26.5 - https:\/\/yoast.com\/wordpress\/plugins\/seo\/ -->\n<title>Energia solar reduz conta praticamente a zero - Agazeta.net<\/title>\n<meta name=\"robots\" content=\"index, follow, max-snippet:-1, max-image-preview:large, max-video-preview:-1\" \/>\n<link rel=\"canonical\" href=\"https:\/\/nk7-testes.com.br\/agazeta\/energia-solar-reduz-conta-praticamente-a-zero\/\" \/>\n<meta property=\"og:locale\" content=\"pt_BR\" \/>\n<meta property=\"og:type\" content=\"article\" \/>\n<meta property=\"og:title\" content=\"Energia solar reduz conta praticamente a zero - Agazeta.net\" \/>\n<meta property=\"og:description\" content=\"Excedentes podem at\u00e9 gerar cr\u00e9ditos\" \/>\n<meta property=\"og:url\" content=\"https:\/\/nk7-testes.com.br\/agazeta\/energia-solar-reduz-conta-praticamente-a-zero\/\" \/>\n<meta property=\"og:site_name\" content=\"Agazeta.net\" \/>\n<meta property=\"article:published_time\" content=\"2016-08-27T17:31:15+00:00\" \/>\n<meta property=\"og:image\" content=\"https:\/\/nk7-testes.com.br\/agazeta\/wp-content\/uploads\/2016\/08\/270816-cotidiano-energiasolar-divulgacao.jpg\" \/>\n\t<meta property=\"og:image:width\" content=\"458\" \/>\n\t<meta property=\"og:image:height\" content=\"340\" \/>\n\t<meta property=\"og:image:type\" content=\"image\/jpeg\" \/>\n<meta name=\"author\" content=\"Agazeta.Net\" \/>\n<meta name=\"twitter:card\" content=\"summary_large_image\" \/>\n<meta name=\"twitter:label1\" content=\"Escrito por\" \/>\n\t<meta name=\"twitter:data1\" content=\"Agazeta.Net\" \/>\n\t<meta name=\"twitter:label2\" content=\"Est. tempo de leitura\" \/>\n\t<meta name=\"twitter:data2\" content=\"2 minutos\" \/>\n<script type=\"application\/ld+json\" class=\"yoast-schema-graph\">{\"@context\":\"https:\/\/schema.org\",\"@graph\":[{\"@type\":\"WebPage\",\"@id\":\"https:\/\/nk7-testes.com.br\/agazeta\/energia-solar-reduz-conta-praticamente-a-zero\/\",\"url\":\"https:\/\/nk7-testes.com.br\/agazeta\/energia-solar-reduz-conta-praticamente-a-zero\/\",\"name\":\"Energia solar reduz conta praticamente a zero - Agazeta.net\",\"isPartOf\":{\"@id\":\"https:\/\/nk7-testes.com.br\/agazeta\/#website\"},\"primaryImageOfPage\":{\"@id\":\"https:\/\/nk7-testes.com.br\/agazeta\/energia-solar-reduz-conta-praticamente-a-zero\/#primaryimage\"},\"image\":{\"@id\":\"https:\/\/nk7-testes.com.br\/agazeta\/energia-solar-reduz-conta-praticamente-a-zero\/#primaryimage\"},\"thumbnailUrl\":\"https:\/\/nk7-testes.com.br\/agazeta\/wp-content\/uploads\/2016\/08\/270816-cotidiano-energiasolar-divulgacao.jpg\",\"datePublished\":\"2016-08-27T17:31:15+00:00\",\"author\":{\"@id\":\"https:\/\/nk7-testes.com.br\/agazeta\/#\/schema\/person\/ff6b39d54d6973bfc57f4140f659b23f\"},\"breadcrumb\":{\"@id\":\"https:\/\/nk7-testes.com.br\/agazeta\/energia-solar-reduz-conta-praticamente-a-zero\/#breadcrumb\"},\"inLanguage\":\"pt-BR\",\"potentialAction\":[{\"@type\":\"ReadAction\",\"target\":[\"https:\/\/nk7-testes.com.br\/agazeta\/energia-solar-reduz-conta-praticamente-a-zero\/\"]}]},{\"@type\":\"ImageObject\",\"inLanguage\":\"pt-BR\",\"@id\":\"https:\/\/nk7-testes.com.br\/agazeta\/energia-solar-reduz-conta-praticamente-a-zero\/#primaryimage\",\"url\":\"https:\/\/nk7-testes.com.br\/agazeta\/wp-content\/uploads\/2016\/08\/270816-cotidiano-energiasolar-divulgacao.jpg\",\"contentUrl\":\"https:\/\/nk7-testes.com.br\/agazeta\/wp-content\/uploads\/2016\/08\/270816-cotidiano-energiasolar-divulgacao.jpg\",\"width\":458,\"height\":340,\"caption\":\"270816-cotidiano-energiasolar-divulgacao\"},{\"@type\":\"BreadcrumbList\",\"@id\":\"https:\/\/nk7-testes.com.br\/agazeta\/energia-solar-reduz-conta-praticamente-a-zero\/#breadcrumb\",\"itemListElement\":[{\"@type\":\"ListItem\",\"position\":1,\"name\":\"In\u00edcio\",\"item\":\"https:\/\/nk7-testes.com.br\/agazeta\/\"},{\"@type\":\"ListItem\",\"position\":2,\"name\":\"Energia solar reduz conta praticamente a zero\"}]},{\"@type\":\"WebSite\",\"@id\":\"https:\/\/nk7-testes.com.br\/agazeta\/#website\",\"url\":\"https:\/\/nk7-testes.com.br\/agazeta\/\",\"name\":\"Agazeta.net\",\"description\":\"Agazeta.net - Not\u00edcias de Rio Branco\/AC\",\"potentialAction\":[{\"@type\":\"SearchAction\",\"target\":{\"@type\":\"EntryPoint\",\"urlTemplate\":\"https:\/\/nk7-testes.com.br\/agazeta\/?s={search_term_string}\"},\"query-input\":{\"@type\":\"PropertyValueSpecification\",\"valueRequired\":true,\"valueName\":\"search_term_string\"}}],\"inLanguage\":\"pt-BR\"},{\"@type\":\"Person\",\"@id\":\"https:\/\/nk7-testes.com.br\/agazeta\/#\/schema\/person\/ff6b39d54d6973bfc57f4140f659b23f\",\"name\":\"Agazeta.Net\",\"url\":\"https:\/\/nk7-testes.com.br\/agazeta\/author\/agazeta\/\"}]}<\/script>\n<!-- \/ Yoast SEO plugin. -->","yoast_head_json":{"title":"Energia solar reduz conta praticamente a zero - Agazeta.net","robots":{"index":"index","follow":"follow","max-snippet":"max-snippet:-1","max-image-preview":"max-image-preview:large","max-video-preview":"max-video-preview:-1"},"canonical":"https:\/\/nk7-testes.com.br\/agazeta\/energia-solar-reduz-conta-praticamente-a-zero\/","og_locale":"pt_BR","og_type":"article","og_title":"Energia solar reduz conta praticamente a zero - Agazeta.net","og_description":"Excedentes podem at\u00e9 gerar cr\u00e9ditos","og_url":"https:\/\/nk7-testes.com.br\/agazeta\/energia-solar-reduz-conta-praticamente-a-zero\/","og_site_name":"Agazeta.net","article_published_time":"2016-08-27T17:31:15+00:00","og_image":[{"width":458,"height":340,"url":"https:\/\/nk7-testes.com.br\/agazeta\/wp-content\/uploads\/2016\/08\/270816-cotidiano-energiasolar-divulgacao.jpg","type":"image\/jpeg"}],"author":"Agazeta.Net","twitter_card":"summary_large_image","twitter_misc":{"Escrito por":"Agazeta.Net","Est. tempo de leitura":"2 minutos"},"schema":{"@context":"https:\/\/schema.org","@graph":[{"@type":"WebPage","@id":"https:\/\/nk7-testes.com.br\/agazeta\/energia-solar-reduz-conta-praticamente-a-zero\/","url":"https:\/\/nk7-testes.com.br\/agazeta\/energia-solar-reduz-conta-praticamente-a-zero\/","name":"Energia solar reduz conta praticamente a zero - Agazeta.net","isPartOf":{"@id":"https:\/\/nk7-testes.com.br\/agazeta\/#website"},"primaryImageOfPage":{"@id":"https:\/\/nk7-testes.com.br\/agazeta\/energia-solar-reduz-conta-praticamente-a-zero\/#primaryimage"},"image":{"@id":"https:\/\/nk7-testes.com.br\/agazeta\/energia-solar-reduz-conta-praticamente-a-zero\/#primaryimage"},"thumbnailUrl":"https:\/\/nk7-testes.com.br\/agazeta\/wp-content\/uploads\/2016\/08\/270816-cotidiano-energiasolar-divulgacao.jpg","datePublished":"2016-08-27T17:31:15+00:00","author":{"@id":"https:\/\/nk7-testes.com.br\/agazeta\/#\/schema\/person\/ff6b39d54d6973bfc57f4140f659b23f"},"breadcrumb":{"@id":"https:\/\/nk7-testes.com.br\/agazeta\/energia-solar-reduz-conta-praticamente-a-zero\/#breadcrumb"},"inLanguage":"pt-BR","potentialAction":[{"@type":"ReadAction","target":["https:\/\/nk7-testes.com.br\/agazeta\/energia-solar-reduz-conta-praticamente-a-zero\/"]}]},{"@type":"ImageObject","inLanguage":"pt-BR","@id":"https:\/\/nk7-testes.com.br\/agazeta\/energia-solar-reduz-conta-praticamente-a-zero\/#primaryimage","url":"https:\/\/nk7-testes.com.br\/agazeta\/wp-content\/uploads\/2016\/08\/270816-cotidiano-energiasolar-divulgacao.jpg","contentUrl":"https:\/\/nk7-testes.com.br\/agazeta\/wp-content\/uploads\/2016\/08\/270816-cotidiano-energiasolar-divulgacao.jpg","width":458,"height":340,"caption":"270816-cotidiano-energiasolar-divulgacao"},{"@type":"BreadcrumbList","@id":"https:\/\/nk7-testes.com.br\/agazeta\/energia-solar-reduz-conta-praticamente-a-zero\/#breadcrumb","itemListElement":[{"@type":"ListItem","position":1,"name":"In\u00edcio","item":"https:\/\/nk7-testes.com.br\/agazeta\/"},{"@type":"ListItem","position":2,"name":"Energia solar reduz conta praticamente a zero"}]},{"@type":"WebSite","@id":"https:\/\/nk7-testes.com.br\/agazeta\/#website","url":"https:\/\/nk7-testes.com.br\/agazeta\/","name":"Agazeta.net","description":"Agazeta.net - Not\u00edcias de Rio Branco\/AC","potentialAction":[{"@type":"SearchAction","target":{"@type":"EntryPoint","urlTemplate":"https:\/\/nk7-testes.com.br\/agazeta\/?s={search_term_string}"},"query-input":{"@type":"PropertyValueSpecification","valueRequired":true,"valueName":"search_term_string"}}],"inLanguage":"pt-BR"},{"@type":"Person","@id":"https:\/\/nk7-testes.com.br\/agazeta\/#\/schema\/person\/ff6b39d54d6973bfc57f4140f659b23f","name":"Agazeta.Net","url":"https:\/\/nk7-testes.com.br\/agazeta\/author\/agazeta\/"}]}},"_links":{"self":[{"href":"https:\/\/nk7-testes.com.br\/agazeta\/wp-json\/wp\/v2\/posts\/24803","targetHints":{"allow":["GET"]}}],"collection":[{"href":"https:\/\/nk7-testes.com.br\/agazeta\/wp-json\/wp\/v2\/posts"}],"about":[{"href":"https:\/\/nk7-testes.com.br\/agazeta\/wp-json\/wp\/v2\/types\/post"}],"author":[{"embeddable":true,"href":"https:\/\/nk7-testes.com.br\/agazeta\/wp-json\/wp\/v2\/users\/4"}],"replies":[{"embeddable":true,"href":"https:\/\/nk7-testes.com.br\/agazeta\/wp-json\/wp\/v2\/comments?post=24803"}],"version-history":[{"count":0,"href":"https:\/\/nk7-testes.com.br\/agazeta\/wp-json\/wp\/v2\/posts\/24803\/revisions"}],"wp:featuredmedia":[{"embeddable":true,"href":"https:\/\/nk7-testes.com.br\/agazeta\/wp-json\/wp\/v2\/media\/24802"}],"wp:attachment":[{"href":"https:\/\/nk7-testes.com.br\/agazeta\/wp-json\/wp\/v2\/media?parent=24803"}],"wp:term":[{"taxonomy":"category","embeddable":true,"href":"https:\/\/nk7-testes.com.br\/agazeta\/wp-json\/wp\/v2\/categories?post=24803"},{"taxonomy":"post_tag","embeddable":true,"href":"https:\/\/nk7-testes.com.br\/agazeta\/wp-json\/wp\/v2\/tags?post=24803"}],"curies":[{"name":"wp","href":"https:\/\/api.w.org\/{rel}","templated":true}]}}