{"id":24801,"date":"2016-08-27T17:23:24","date_gmt":"2016-08-27T17:23:24","guid":{"rendered":"https:\/\/abarevegan.com.br\/index.php\/2016\/08\/27\/cinco-agentes-penitenciarios-sofreram-atentados\/"},"modified":"2016-08-27T17:23:24","modified_gmt":"2016-08-27T17:23:24","slug":"cinco-agentes-penitenciarios-sofreram-atentados","status":"publish","type":"post","link":"https:\/\/nk7-testes.com.br\/agazeta\/cinco-agentes-penitenciarios-sofreram-atentados\/","title":{"rendered":"Cinco agentes penitenci\u00e1rios sofreram atentados"},"content":{"rendered":"<p style=\"text-align: justify;\">Balan\u00e7o \u00e9 anterior \u00e0 transfer\u00eancia de presos<\/p>\n<p style=\"text-align: justify;\">Nos \u00faltimos sete dias, cinco agentes penitenci\u00e1rios sofreram atentados. Ataques incendi\u00e1rios e tiros a resid\u00eancias dos agentes foram registrados nesse per\u00edodo. Entre a categoria foi montada at\u00e9 campana para reagir a uma suposta amea\u00e7a de morte e os trabalhadores est\u00e3o promovendo seguran\u00e7a privada entre eles, para se resguardar.<\/p>\n<p style=\"text-align: justify;\">No dia 16 de agosto dois assaltantes entraram em um mercado no bairro Conquista e elevaram todo dinheiro apurado do dia. Era por volta de 12 horas e 30 minutos quando o assalto aconteceu. Mas dentro do estabelecimento estava um agente penitenci\u00e1rio.&nbsp;<\/p>\n<p style=\"text-align: justify;\">Assim que a dupla saiu, Rafael Sussuarana foi atr\u00e1s. Houve troca de tiros e o agente foi atingido na barriga. Na fuga, uma mulher em uma moto ficou encurralada, mas n\u00e3o foi ferida. Toda a\u00e7\u00e3o foi registrada por c\u00e2meras de vigil\u00e2ncia, em v\u00e1rios \u00e2ngulos.<\/p>\n<p style=\"text-align: justify;\">O assalto aconteceu poucas horas antes de um criminoso ser morto pela pol\u00edcia na regi\u00e3o da Vila Acre. Ap\u00f3s um assalto com ref\u00e9m mal sucedido a pol\u00edcia interceptou dois criminosos. Um era menor de idade e foi apreendido e o outro que foi baleado e n\u00e3o resistiu, seria membro de uma fac\u00e7\u00e3o criminosa.<\/p>\n<p style=\"text-align: justify;\">Um dia antes, repercutia a morte de um policial militar, durante uma abordagem. O cabo da Pol\u00edcia Militar do Acre Alexandro Aparecido dos Santos, de 36 anos, foi atingido por um tiro no pesco\u00e7o ap\u00f3s a pr\u00f3pria arma ter sido roubada pelo suspeito.<\/p>\n<p style=\"text-align: justify;\">Ap\u00f3s esses acontecimentos, uma s\u00e9rie de ataques criminosos foi desencadeada no Acre. Im\u00f3veis e ve\u00edculos foram incendiados e a popula\u00e7\u00e3o mais uma vez ficou apreensiva diante da ousadia do crime organizado.<\/p>\n<p style=\"text-align: justify;\">Segundo o agente penitenci\u00e1rio Sussuarana, a iniciativa em tentar parar os assaltantes foi motivada por inconformismo. \u201cEu pensei em tanta coisa, mas a revolta e a raiva foi maior. Isso fez com que eu agisse por impulso de tentar deter o meliante. N\u00e3o sei o que faria se isso acontecesse novamente\u201d, declarou.<\/p>\n<p style=\"text-align: justify;\">Junto com os ataques articulados por fac\u00e7\u00f5es criminosas, justamente a categoria de Rafael, come\u00e7ou a sofrer retalia\u00e7\u00f5es tamb\u00e9m.<\/p>\n<p style=\"text-align: justify;\">Nos \u00faltimos sete dias, cinco agentes penitenci\u00e1rios sofreram atentados, \u00e9 o que denuncia a associa\u00e7\u00e3o que representa a categoria. Nos bairros Calafate, Sobral e Vit\u00f3ria, marginais&nbsp; incendiaram casas e ve\u00edculos e agentes. Em outras resid\u00eancias, os bandidos atiraram.<\/p>\n<p style=\"text-align: justify;\">&nbsp;O \u00faltimo atentado aconteceu no domingo passado em uma casa no bairro Caladinho. O agente penitenci\u00e1rio estava com a mulher o os dois filhos descansando. O proj\u00e9til atingiu o port\u00e3o e atravessou o quarto do casal, por sorte, ningu\u00e9m se feriu. \u201cFiquei mais assim com medo por causa da minha fam\u00edlia por que vi o desespero da minha esposa e dos meus filhos. \u00c9 muito chato pra um pai de fam\u00edlia passar por essa situa\u00e7\u00e3o\u201d, disse o servidor que pediu para n\u00e3o ser identificado.<\/p>\n<p style=\"text-align: justify;\">O agente penitenci\u00e1rio levou a fam\u00edlia para outro bairro, mas j\u00e1 recebeu amea\u00e7as de que a casa no Caladinho ser\u00e1 incendiada. Ele morava no local h\u00e1 quase 10 anos e afirma que n\u00e3o tinha rixa com ningu\u00e9m. Agora, paga aluguel e vive escondido. \u201cAt\u00e9 agora o Estado n\u00e3o me deu nenhum suporte. O Instituto ao qual trabalho n\u00e3o me deu suporte. S\u00f3 meus amigos est\u00e3o me ajudando. Ningu\u00e9m dos direitos humanos veio me assistir. Eu estou a merc\u00ea\u201d, lamentou.<\/p>\n<p style=\"text-align: justify;\">A onda de viol\u00eancia e atentados fez com que a categoria se unisse. Eles est\u00e3o fazendo rondas a noite, nas casas dos colegas. Equipes de 6 pessoas vigiam, tentam garantir a seguran\u00e7a. At\u00e9 campana contra criminosas esses grupos j\u00e1 chegaram a fazer.<\/p>\n<p style=\"text-align: justify;\">\u201cNo bairro Vit\u00f3ria um companheiro nosso, tinha receptamos liga\u00e7\u00e3o dos bandidos, que a pol\u00edcia civil passou pra gente, disse que ia matar ele no s\u00e1bado. Ficamos na casa dele esperando o momento certo\u201d, disse o presidente da associa\u00e7\u00e3o da categoria, Jos\u00e9 Janes.<\/p>\n<p style=\"text-align: justify;\">Diante de um saldo t\u00e3o preocupante de atentados, a categoria reivindica agora, rea\u00e7\u00e3o do Estado. \u201cO governo tem que dar uma resposta e essa resposta tem que ser dura\u201d, completou Janes.<\/p>\n","protected":false},"excerpt":{"rendered":"<p style=\"text-align: justify;\">Balan\u00e7o \u00e9 anterior \u00e0 transfer\u00eancia de presos<\/p>\n","protected":false},"author":4,"featured_media":24800,"comment_status":"open","ping_status":"open","sticky":false,"template":"","format":"standard","meta":{"jnews-multi-image_gallery":[],"jnews_single_post":[],"jnews_primary_category":[],"jnews_social_meta":[],"jnews_review":[],"enable_review":"","type":"","name":"","summary":"","brand":"","sku":"","good":[],"bad":[],"score_override":"","override_value":"","rating":[],"price":[],"footnotes":""},"categories":[44],"tags":[],"class_list":["post-24801","post","type-post","status-publish","format-standard","has-post-thumbnail","hentry","category-policia"],"yoast_head":"<!-- This site is optimized with the Yoast SEO plugin v26.5 - https:\/\/yoast.com\/wordpress\/plugins\/seo\/ -->\n<title>Cinco agentes penitenci\u00e1rios sofreram atentados - Agazeta.net<\/title>\n<meta name=\"robots\" content=\"index, follow, max-snippet:-1, max-image-preview:large, max-video-preview:-1\" \/>\n<link rel=\"canonical\" href=\"https:\/\/nk7-testes.com.br\/agazeta\/cinco-agentes-penitenciarios-sofreram-atentados\/\" \/>\n<meta property=\"og:locale\" content=\"pt_BR\" \/>\n<meta property=\"og:type\" content=\"article\" \/>\n<meta property=\"og:title\" content=\"Cinco agentes penitenci\u00e1rios sofreram atentados - Agazeta.net\" \/>\n<meta property=\"og:description\" content=\"Balan\u00e7o \u00e9 anterior \u00e0 transfer\u00eancia de presos\" \/>\n<meta property=\"og:url\" content=\"https:\/\/nk7-testes.com.br\/agazeta\/cinco-agentes-penitenciarios-sofreram-atentados\/\" \/>\n<meta property=\"og:site_name\" content=\"Agazeta.net\" \/>\n<meta property=\"article:published_time\" content=\"2016-08-27T17:23:24+00:00\" \/>\n<meta property=\"og:image\" content=\"https:\/\/nk7-testes.com.br\/agazeta\/wp-content\/uploads\/2016\/08\/270816-policia-iapen-agenciadenoticias.jpg\" \/>\n\t<meta property=\"og:image:width\" content=\"458\" \/>\n\t<meta property=\"og:image:height\" content=\"340\" \/>\n\t<meta property=\"og:image:type\" content=\"image\/jpeg\" \/>\n<meta name=\"author\" content=\"Agazeta.Net\" \/>\n<meta name=\"twitter:card\" content=\"summary_large_image\" \/>\n<meta name=\"twitter:label1\" content=\"Escrito por\" \/>\n\t<meta name=\"twitter:data1\" content=\"Agazeta.Net\" \/>\n\t<meta name=\"twitter:label2\" content=\"Est. tempo de leitura\" \/>\n\t<meta name=\"twitter:data2\" content=\"4 minutos\" \/>\n<script type=\"application\/ld+json\" class=\"yoast-schema-graph\">{\"@context\":\"https:\/\/schema.org\",\"@graph\":[{\"@type\":\"WebPage\",\"@id\":\"https:\/\/nk7-testes.com.br\/agazeta\/cinco-agentes-penitenciarios-sofreram-atentados\/\",\"url\":\"https:\/\/nk7-testes.com.br\/agazeta\/cinco-agentes-penitenciarios-sofreram-atentados\/\",\"name\":\"Cinco agentes penitenci\u00e1rios sofreram atentados - Agazeta.net\",\"isPartOf\":{\"@id\":\"https:\/\/nk7-testes.com.br\/agazeta\/#website\"},\"primaryImageOfPage\":{\"@id\":\"https:\/\/nk7-testes.com.br\/agazeta\/cinco-agentes-penitenciarios-sofreram-atentados\/#primaryimage\"},\"image\":{\"@id\":\"https:\/\/nk7-testes.com.br\/agazeta\/cinco-agentes-penitenciarios-sofreram-atentados\/#primaryimage\"},\"thumbnailUrl\":\"https:\/\/nk7-testes.com.br\/agazeta\/wp-content\/uploads\/2016\/08\/270816-policia-iapen-agenciadenoticias.jpg\",\"datePublished\":\"2016-08-27T17:23:24+00:00\",\"author\":{\"@id\":\"https:\/\/nk7-testes.com.br\/agazeta\/#\/schema\/person\/6d6e25cb0435eb4a02fd44d30b4e3020\"},\"breadcrumb\":{\"@id\":\"https:\/\/nk7-testes.com.br\/agazeta\/cinco-agentes-penitenciarios-sofreram-atentados\/#breadcrumb\"},\"inLanguage\":\"pt-BR\",\"potentialAction\":[{\"@type\":\"ReadAction\",\"target\":[\"https:\/\/nk7-testes.com.br\/agazeta\/cinco-agentes-penitenciarios-sofreram-atentados\/\"]}]},{\"@type\":\"ImageObject\",\"inLanguage\":\"pt-BR\",\"@id\":\"https:\/\/nk7-testes.com.br\/agazeta\/cinco-agentes-penitenciarios-sofreram-atentados\/#primaryimage\",\"url\":\"https:\/\/nk7-testes.com.br\/agazeta\/wp-content\/uploads\/2016\/08\/270816-policia-iapen-agenciadenoticias.jpg\",\"contentUrl\":\"https:\/\/nk7-testes.com.br\/agazeta\/wp-content\/uploads\/2016\/08\/270816-policia-iapen-agenciadenoticias.jpg\",\"width\":458,\"height\":340,\"caption\":\"270816-policia-iapen-agenciadenoticias\"},{\"@type\":\"BreadcrumbList\",\"@id\":\"https:\/\/nk7-testes.com.br\/agazeta\/cinco-agentes-penitenciarios-sofreram-atentados\/#breadcrumb\",\"itemListElement\":[{\"@type\":\"ListItem\",\"position\":1,\"name\":\"In\u00edcio\",\"item\":\"https:\/\/nk7-testes.com.br\/agazeta\/\"},{\"@type\":\"ListItem\",\"position\":2,\"name\":\"Cinco agentes penitenci\u00e1rios sofreram atentados\"}]},{\"@type\":\"WebSite\",\"@id\":\"https:\/\/nk7-testes.com.br\/agazeta\/#website\",\"url\":\"https:\/\/nk7-testes.com.br\/agazeta\/\",\"name\":\"Agazeta.net\",\"description\":\"Agazeta.net - Not\u00edcias de Rio Branco\/AC\",\"potentialAction\":[{\"@type\":\"SearchAction\",\"target\":{\"@type\":\"EntryPoint\",\"urlTemplate\":\"https:\/\/nk7-testes.com.br\/agazeta\/?s={search_term_string}\"},\"query-input\":{\"@type\":\"PropertyValueSpecification\",\"valueRequired\":true,\"valueName\":\"search_term_string\"}}],\"inLanguage\":\"pt-BR\"},{\"@type\":\"Person\",\"@id\":\"https:\/\/nk7-testes.com.br\/agazeta\/#\/schema\/person\/6d6e25cb0435eb4a02fd44d30b4e3020\",\"name\":\"Agazeta.Net\",\"url\":\"https:\/\/nk7-testes.com.br\/agazeta\/author\/agazeta\/\"}]}<\/script>\n<!-- \/ Yoast SEO plugin. -->","yoast_head_json":{"title":"Cinco agentes penitenci\u00e1rios sofreram atentados - Agazeta.net","robots":{"index":"index","follow":"follow","max-snippet":"max-snippet:-1","max-image-preview":"max-image-preview:large","max-video-preview":"max-video-preview:-1"},"canonical":"https:\/\/nk7-testes.com.br\/agazeta\/cinco-agentes-penitenciarios-sofreram-atentados\/","og_locale":"pt_BR","og_type":"article","og_title":"Cinco agentes penitenci\u00e1rios sofreram atentados - Agazeta.net","og_description":"Balan\u00e7o \u00e9 anterior \u00e0 transfer\u00eancia de presos","og_url":"https:\/\/nk7-testes.com.br\/agazeta\/cinco-agentes-penitenciarios-sofreram-atentados\/","og_site_name":"Agazeta.net","article_published_time":"2016-08-27T17:23:24+00:00","og_image":[{"width":458,"height":340,"url":"https:\/\/nk7-testes.com.br\/agazeta\/wp-content\/uploads\/2016\/08\/270816-policia-iapen-agenciadenoticias.jpg","type":"image\/jpeg"}],"author":"Agazeta.Net","twitter_card":"summary_large_image","twitter_misc":{"Escrito por":"Agazeta.Net","Est. tempo de leitura":"4 minutos"},"schema":{"@context":"https:\/\/schema.org","@graph":[{"@type":"WebPage","@id":"https:\/\/nk7-testes.com.br\/agazeta\/cinco-agentes-penitenciarios-sofreram-atentados\/","url":"https:\/\/nk7-testes.com.br\/agazeta\/cinco-agentes-penitenciarios-sofreram-atentados\/","name":"Cinco agentes penitenci\u00e1rios sofreram atentados - Agazeta.net","isPartOf":{"@id":"https:\/\/nk7-testes.com.br\/agazeta\/#website"},"primaryImageOfPage":{"@id":"https:\/\/nk7-testes.com.br\/agazeta\/cinco-agentes-penitenciarios-sofreram-atentados\/#primaryimage"},"image":{"@id":"https:\/\/nk7-testes.com.br\/agazeta\/cinco-agentes-penitenciarios-sofreram-atentados\/#primaryimage"},"thumbnailUrl":"https:\/\/nk7-testes.com.br\/agazeta\/wp-content\/uploads\/2016\/08\/270816-policia-iapen-agenciadenoticias.jpg","datePublished":"2016-08-27T17:23:24+00:00","author":{"@id":"https:\/\/nk7-testes.com.br\/agazeta\/#\/schema\/person\/6d6e25cb0435eb4a02fd44d30b4e3020"},"breadcrumb":{"@id":"https:\/\/nk7-testes.com.br\/agazeta\/cinco-agentes-penitenciarios-sofreram-atentados\/#breadcrumb"},"inLanguage":"pt-BR","potentialAction":[{"@type":"ReadAction","target":["https:\/\/nk7-testes.com.br\/agazeta\/cinco-agentes-penitenciarios-sofreram-atentados\/"]}]},{"@type":"ImageObject","inLanguage":"pt-BR","@id":"https:\/\/nk7-testes.com.br\/agazeta\/cinco-agentes-penitenciarios-sofreram-atentados\/#primaryimage","url":"https:\/\/nk7-testes.com.br\/agazeta\/wp-content\/uploads\/2016\/08\/270816-policia-iapen-agenciadenoticias.jpg","contentUrl":"https:\/\/nk7-testes.com.br\/agazeta\/wp-content\/uploads\/2016\/08\/270816-policia-iapen-agenciadenoticias.jpg","width":458,"height":340,"caption":"270816-policia-iapen-agenciadenoticias"},{"@type":"BreadcrumbList","@id":"https:\/\/nk7-testes.com.br\/agazeta\/cinco-agentes-penitenciarios-sofreram-atentados\/#breadcrumb","itemListElement":[{"@type":"ListItem","position":1,"name":"In\u00edcio","item":"https:\/\/nk7-testes.com.br\/agazeta\/"},{"@type":"ListItem","position":2,"name":"Cinco agentes penitenci\u00e1rios sofreram atentados"}]},{"@type":"WebSite","@id":"https:\/\/nk7-testes.com.br\/agazeta\/#website","url":"https:\/\/nk7-testes.com.br\/agazeta\/","name":"Agazeta.net","description":"Agazeta.net - Not\u00edcias de Rio Branco\/AC","potentialAction":[{"@type":"SearchAction","target":{"@type":"EntryPoint","urlTemplate":"https:\/\/nk7-testes.com.br\/agazeta\/?s={search_term_string}"},"query-input":{"@type":"PropertyValueSpecification","valueRequired":true,"valueName":"search_term_string"}}],"inLanguage":"pt-BR"},{"@type":"Person","@id":"https:\/\/nk7-testes.com.br\/agazeta\/#\/schema\/person\/6d6e25cb0435eb4a02fd44d30b4e3020","name":"Agazeta.Net","url":"https:\/\/nk7-testes.com.br\/agazeta\/author\/agazeta\/"}]}},"_links":{"self":[{"href":"https:\/\/nk7-testes.com.br\/agazeta\/wp-json\/wp\/v2\/posts\/24801","targetHints":{"allow":["GET"]}}],"collection":[{"href":"https:\/\/nk7-testes.com.br\/agazeta\/wp-json\/wp\/v2\/posts"}],"about":[{"href":"https:\/\/nk7-testes.com.br\/agazeta\/wp-json\/wp\/v2\/types\/post"}],"author":[{"embeddable":true,"href":"https:\/\/nk7-testes.com.br\/agazeta\/wp-json\/wp\/v2\/users\/4"}],"replies":[{"embeddable":true,"href":"https:\/\/nk7-testes.com.br\/agazeta\/wp-json\/wp\/v2\/comments?post=24801"}],"version-history":[{"count":0,"href":"https:\/\/nk7-testes.com.br\/agazeta\/wp-json\/wp\/v2\/posts\/24801\/revisions"}],"wp:featuredmedia":[{"embeddable":true,"href":"https:\/\/nk7-testes.com.br\/agazeta\/wp-json\/wp\/v2\/media\/24800"}],"wp:attachment":[{"href":"https:\/\/nk7-testes.com.br\/agazeta\/wp-json\/wp\/v2\/media?parent=24801"}],"wp:term":[{"taxonomy":"category","embeddable":true,"href":"https:\/\/nk7-testes.com.br\/agazeta\/wp-json\/wp\/v2\/categories?post=24801"},{"taxonomy":"post_tag","embeddable":true,"href":"https:\/\/nk7-testes.com.br\/agazeta\/wp-json\/wp\/v2\/tags?post=24801"}],"curies":[{"name":"wp","href":"https:\/\/api.w.org\/{rel}","templated":true}]}}