{"id":24797,"date":"2016-08-26T22:19:43","date_gmt":"2016-08-26T22:19:43","guid":{"rendered":"https:\/\/abarevegan.com.br\/index.php\/2016\/08\/26\/estudantes-fazem-protesto-contra-queimadas-na-capital\/"},"modified":"2016-08-26T22:19:43","modified_gmt":"2016-08-26T22:19:43","slug":"estudantes-fazem-protesto-contra-queimadas-na-capital","status":"publish","type":"post","link":"https:\/\/nk7-testes.com.br\/agazeta\/estudantes-fazem-protesto-contra-queimadas-na-capital\/","title":{"rendered":"Estudantes fazem protesto contra queimadas na capital"},"content":{"rendered":"<p style=\"text-align: justify;\">Motiva\u00e7\u00e3o veio ap\u00f3s alunos e funcion\u00e1rios passarem mal<\/p>\n<p style=\"text-align: justify;\">As nuvens de fuma\u00e7a e a quantidade de queimadas realizadas no Acre exp\u00f5em a falta de consci\u00eancia de parte da popula\u00e7\u00e3o que ainda insiste em realizar esse tipo de crime ambiental. Florestas inteiras j\u00e1 foram devastadas pelos inc\u00eandios. At\u00e9 agora a Defesa Civil registrou 17.170 focos de calor s\u00f3 esse ano.<\/p>\n<p style=\"text-align: justify;\">Diante disso, os alunos da escola Neutel Maia, no bairro do Bosque, resolveram fazer cartazes para realizar um manifesto e assim chamar a aten\u00e7\u00e3o da sociedade para o tema.<\/p>\n<p style=\"text-align: justify;\">Conforme a diretora da escola, Raquele Nasserala, muitos estudantes chegaram a passar mal durante as aulas e por esse motivo tiveram a iniciativa de fazer o manifesto. \u201cOntem n\u00f3s tivemos uma serie de problemas aqui na escola, alguns alunos passaram mal, dificuldade de respirar, alguns desmaiaram. Professores passaram mal, funcion\u00e1rio da escola, todos apresentando os mesmo sintomas, e hoje eles pediram pra organizar esse manifesto.\u201d<\/p>\n<p style=\"text-align: justify;\">Preocupados com o pr\u00f3prio futuro, para evitar a destrui\u00e7\u00e3o da natureza e cuidar da sa\u00fade de todos, eles decidiram agir e por isso pedem a colabora\u00e7\u00e3o dos adultos. \u201cEst\u00e1 afetando alguns alunos e tamb\u00e9m os idosos, todo mundo, ent\u00e3o precisamos parar de queimar.\u201d Disse a estudante Geovana Rodrigues.<\/p>\n<p style=\"text-align: justify;\">A estudante Lorrana Camili tamb\u00e9m fez o apelo, \u201cest\u00e1 muito dif\u00edcil de estudar por causa da fuma\u00e7a, os alunos ficam passando mal, a gente n\u00e3o se concentra. S\u00f3 quer\u00edamos que parassem de queimar.\u201d<\/p>\n","protected":false},"excerpt":{"rendered":"<p style=\"text-align: justify;\">Motiva\u00e7\u00e3o veio ap\u00f3s alunos e funcion\u00e1rios passarem mal<\/p>\n","protected":false},"author":4,"featured_media":24796,"comment_status":"open","ping_status":"open","sticky":false,"template":"","format":"standard","meta":{"jnews-multi-image_gallery":[],"jnews_single_post":[],"jnews_primary_category":[],"jnews_social_meta":[],"jnews_review":[],"enable_review":"","type":"","name":"","summary":"","brand":"","sku":"","good":[],"bad":[],"score_override":"","override_value":"","rating":[],"price":[],"footnotes":""},"categories":[54],"tags":[],"class_list":["post-24797","post","type-post","status-publish","format-standard","has-post-thumbnail","hentry","category-cotidiano"],"yoast_head":"<!-- This site is optimized with the Yoast SEO plugin v26.5 - https:\/\/yoast.com\/wordpress\/plugins\/seo\/ -->\n<title>Estudantes fazem protesto contra queimadas na capital - Agazeta.net<\/title>\n<meta name=\"robots\" content=\"index, follow, max-snippet:-1, max-image-preview:large, max-video-preview:-1\" \/>\n<link rel=\"canonical\" href=\"https:\/\/nk7-testes.com.br\/agazeta\/estudantes-fazem-protesto-contra-queimadas-na-capital\/\" \/>\n<meta property=\"og:locale\" content=\"pt_BR\" \/>\n<meta property=\"og:type\" content=\"article\" \/>\n<meta property=\"og:title\" content=\"Estudantes fazem protesto contra queimadas na capital - Agazeta.net\" \/>\n<meta property=\"og:description\" content=\"Motiva\u00e7\u00e3o veio ap\u00f3s alunos e funcion\u00e1rios passarem mal\" \/>\n<meta property=\"og:url\" content=\"https:\/\/nk7-testes.com.br\/agazeta\/estudantes-fazem-protesto-contra-queimadas-na-capital\/\" \/>\n<meta property=\"og:site_name\" content=\"Agazeta.net\" \/>\n<meta property=\"article:published_time\" content=\"2016-08-26T22:19:43+00:00\" \/>\n<meta property=\"og:image\" content=\"https:\/\/nk7-testes.com.br\/agazeta\/wp-content\/uploads\/2016\/08\/260816-cotidiano-protesto-fumaca.jpg\" \/>\n\t<meta property=\"og:image:width\" content=\"458\" \/>\n\t<meta property=\"og:image:height\" content=\"340\" \/>\n\t<meta property=\"og:image:type\" content=\"image\/jpeg\" \/>\n<meta name=\"author\" content=\"Agazeta.Net\" \/>\n<meta name=\"twitter:card\" content=\"summary_large_image\" \/>\n<meta name=\"twitter:label1\" content=\"Escrito por\" \/>\n\t<meta name=\"twitter:data1\" content=\"Agazeta.Net\" \/>\n\t<meta name=\"twitter:label2\" content=\"Est. tempo de leitura\" \/>\n\t<meta name=\"twitter:data2\" content=\"1 minuto\" \/>\n<script type=\"application\/ld+json\" class=\"yoast-schema-graph\">{\"@context\":\"https:\/\/schema.org\",\"@graph\":[{\"@type\":\"WebPage\",\"@id\":\"https:\/\/nk7-testes.com.br\/agazeta\/estudantes-fazem-protesto-contra-queimadas-na-capital\/\",\"url\":\"https:\/\/nk7-testes.com.br\/agazeta\/estudantes-fazem-protesto-contra-queimadas-na-capital\/\",\"name\":\"Estudantes fazem protesto contra queimadas na capital - Agazeta.net\",\"isPartOf\":{\"@id\":\"https:\/\/nk7-testes.com.br\/agazeta\/#website\"},\"primaryImageOfPage\":{\"@id\":\"https:\/\/nk7-testes.com.br\/agazeta\/estudantes-fazem-protesto-contra-queimadas-na-capital\/#primaryimage\"},\"image\":{\"@id\":\"https:\/\/nk7-testes.com.br\/agazeta\/estudantes-fazem-protesto-contra-queimadas-na-capital\/#primaryimage\"},\"thumbnailUrl\":\"https:\/\/nk7-testes.com.br\/agazeta\/wp-content\/uploads\/2016\/08\/260816-cotidiano-protesto-fumaca.jpg\",\"datePublished\":\"2016-08-26T22:19:43+00:00\",\"author\":{\"@id\":\"https:\/\/nk7-testes.com.br\/agazeta\/#\/schema\/person\/ff6b39d54d6973bfc57f4140f659b23f\"},\"breadcrumb\":{\"@id\":\"https:\/\/nk7-testes.com.br\/agazeta\/estudantes-fazem-protesto-contra-queimadas-na-capital\/#breadcrumb\"},\"inLanguage\":\"pt-BR\",\"potentialAction\":[{\"@type\":\"ReadAction\",\"target\":[\"https:\/\/nk7-testes.com.br\/agazeta\/estudantes-fazem-protesto-contra-queimadas-na-capital\/\"]}]},{\"@type\":\"ImageObject\",\"inLanguage\":\"pt-BR\",\"@id\":\"https:\/\/nk7-testes.com.br\/agazeta\/estudantes-fazem-protesto-contra-queimadas-na-capital\/#primaryimage\",\"url\":\"https:\/\/nk7-testes.com.br\/agazeta\/wp-content\/uploads\/2016\/08\/260816-cotidiano-protesto-fumaca.jpg\",\"contentUrl\":\"https:\/\/nk7-testes.com.br\/agazeta\/wp-content\/uploads\/2016\/08\/260816-cotidiano-protesto-fumaca.jpg\",\"width\":458,\"height\":340,\"caption\":\"260816-cotidiano-protesto-fumaca\"},{\"@type\":\"BreadcrumbList\",\"@id\":\"https:\/\/nk7-testes.com.br\/agazeta\/estudantes-fazem-protesto-contra-queimadas-na-capital\/#breadcrumb\",\"itemListElement\":[{\"@type\":\"ListItem\",\"position\":1,\"name\":\"In\u00edcio\",\"item\":\"https:\/\/nk7-testes.com.br\/agazeta\/\"},{\"@type\":\"ListItem\",\"position\":2,\"name\":\"Estudantes fazem protesto contra queimadas na capital\"}]},{\"@type\":\"WebSite\",\"@id\":\"https:\/\/nk7-testes.com.br\/agazeta\/#website\",\"url\":\"https:\/\/nk7-testes.com.br\/agazeta\/\",\"name\":\"Agazeta.net\",\"description\":\"Agazeta.net - Not\u00edcias de Rio Branco\/AC\",\"potentialAction\":[{\"@type\":\"SearchAction\",\"target\":{\"@type\":\"EntryPoint\",\"urlTemplate\":\"https:\/\/nk7-testes.com.br\/agazeta\/?s={search_term_string}\"},\"query-input\":{\"@type\":\"PropertyValueSpecification\",\"valueRequired\":true,\"valueName\":\"search_term_string\"}}],\"inLanguage\":\"pt-BR\"},{\"@type\":\"Person\",\"@id\":\"https:\/\/nk7-testes.com.br\/agazeta\/#\/schema\/person\/ff6b39d54d6973bfc57f4140f659b23f\",\"name\":\"Agazeta.Net\",\"url\":\"https:\/\/nk7-testes.com.br\/agazeta\/author\/agazeta\/\"}]}<\/script>\n<!-- \/ Yoast SEO plugin. -->","yoast_head_json":{"title":"Estudantes fazem protesto contra queimadas na capital - Agazeta.net","robots":{"index":"index","follow":"follow","max-snippet":"max-snippet:-1","max-image-preview":"max-image-preview:large","max-video-preview":"max-video-preview:-1"},"canonical":"https:\/\/nk7-testes.com.br\/agazeta\/estudantes-fazem-protesto-contra-queimadas-na-capital\/","og_locale":"pt_BR","og_type":"article","og_title":"Estudantes fazem protesto contra queimadas na capital - Agazeta.net","og_description":"Motiva\u00e7\u00e3o veio ap\u00f3s alunos e funcion\u00e1rios passarem mal","og_url":"https:\/\/nk7-testes.com.br\/agazeta\/estudantes-fazem-protesto-contra-queimadas-na-capital\/","og_site_name":"Agazeta.net","article_published_time":"2016-08-26T22:19:43+00:00","og_image":[{"width":458,"height":340,"url":"https:\/\/nk7-testes.com.br\/agazeta\/wp-content\/uploads\/2016\/08\/260816-cotidiano-protesto-fumaca.jpg","type":"image\/jpeg"}],"author":"Agazeta.Net","twitter_card":"summary_large_image","twitter_misc":{"Escrito por":"Agazeta.Net","Est. tempo de leitura":"1 minuto"},"schema":{"@context":"https:\/\/schema.org","@graph":[{"@type":"WebPage","@id":"https:\/\/nk7-testes.com.br\/agazeta\/estudantes-fazem-protesto-contra-queimadas-na-capital\/","url":"https:\/\/nk7-testes.com.br\/agazeta\/estudantes-fazem-protesto-contra-queimadas-na-capital\/","name":"Estudantes fazem protesto contra queimadas na capital - Agazeta.net","isPartOf":{"@id":"https:\/\/nk7-testes.com.br\/agazeta\/#website"},"primaryImageOfPage":{"@id":"https:\/\/nk7-testes.com.br\/agazeta\/estudantes-fazem-protesto-contra-queimadas-na-capital\/#primaryimage"},"image":{"@id":"https:\/\/nk7-testes.com.br\/agazeta\/estudantes-fazem-protesto-contra-queimadas-na-capital\/#primaryimage"},"thumbnailUrl":"https:\/\/nk7-testes.com.br\/agazeta\/wp-content\/uploads\/2016\/08\/260816-cotidiano-protesto-fumaca.jpg","datePublished":"2016-08-26T22:19:43+00:00","author":{"@id":"https:\/\/nk7-testes.com.br\/agazeta\/#\/schema\/person\/ff6b39d54d6973bfc57f4140f659b23f"},"breadcrumb":{"@id":"https:\/\/nk7-testes.com.br\/agazeta\/estudantes-fazem-protesto-contra-queimadas-na-capital\/#breadcrumb"},"inLanguage":"pt-BR","potentialAction":[{"@type":"ReadAction","target":["https:\/\/nk7-testes.com.br\/agazeta\/estudantes-fazem-protesto-contra-queimadas-na-capital\/"]}]},{"@type":"ImageObject","inLanguage":"pt-BR","@id":"https:\/\/nk7-testes.com.br\/agazeta\/estudantes-fazem-protesto-contra-queimadas-na-capital\/#primaryimage","url":"https:\/\/nk7-testes.com.br\/agazeta\/wp-content\/uploads\/2016\/08\/260816-cotidiano-protesto-fumaca.jpg","contentUrl":"https:\/\/nk7-testes.com.br\/agazeta\/wp-content\/uploads\/2016\/08\/260816-cotidiano-protesto-fumaca.jpg","width":458,"height":340,"caption":"260816-cotidiano-protesto-fumaca"},{"@type":"BreadcrumbList","@id":"https:\/\/nk7-testes.com.br\/agazeta\/estudantes-fazem-protesto-contra-queimadas-na-capital\/#breadcrumb","itemListElement":[{"@type":"ListItem","position":1,"name":"In\u00edcio","item":"https:\/\/nk7-testes.com.br\/agazeta\/"},{"@type":"ListItem","position":2,"name":"Estudantes fazem protesto contra queimadas na capital"}]},{"@type":"WebSite","@id":"https:\/\/nk7-testes.com.br\/agazeta\/#website","url":"https:\/\/nk7-testes.com.br\/agazeta\/","name":"Agazeta.net","description":"Agazeta.net - Not\u00edcias de Rio Branco\/AC","potentialAction":[{"@type":"SearchAction","target":{"@type":"EntryPoint","urlTemplate":"https:\/\/nk7-testes.com.br\/agazeta\/?s={search_term_string}"},"query-input":{"@type":"PropertyValueSpecification","valueRequired":true,"valueName":"search_term_string"}}],"inLanguage":"pt-BR"},{"@type":"Person","@id":"https:\/\/nk7-testes.com.br\/agazeta\/#\/schema\/person\/ff6b39d54d6973bfc57f4140f659b23f","name":"Agazeta.Net","url":"https:\/\/nk7-testes.com.br\/agazeta\/author\/agazeta\/"}]}},"_links":{"self":[{"href":"https:\/\/nk7-testes.com.br\/agazeta\/wp-json\/wp\/v2\/posts\/24797","targetHints":{"allow":["GET"]}}],"collection":[{"href":"https:\/\/nk7-testes.com.br\/agazeta\/wp-json\/wp\/v2\/posts"}],"about":[{"href":"https:\/\/nk7-testes.com.br\/agazeta\/wp-json\/wp\/v2\/types\/post"}],"author":[{"embeddable":true,"href":"https:\/\/nk7-testes.com.br\/agazeta\/wp-json\/wp\/v2\/users\/4"}],"replies":[{"embeddable":true,"href":"https:\/\/nk7-testes.com.br\/agazeta\/wp-json\/wp\/v2\/comments?post=24797"}],"version-history":[{"count":0,"href":"https:\/\/nk7-testes.com.br\/agazeta\/wp-json\/wp\/v2\/posts\/24797\/revisions"}],"wp:featuredmedia":[{"embeddable":true,"href":"https:\/\/nk7-testes.com.br\/agazeta\/wp-json\/wp\/v2\/media\/24796"}],"wp:attachment":[{"href":"https:\/\/nk7-testes.com.br\/agazeta\/wp-json\/wp\/v2\/media?parent=24797"}],"wp:term":[{"taxonomy":"category","embeddable":true,"href":"https:\/\/nk7-testes.com.br\/agazeta\/wp-json\/wp\/v2\/categories?post=24797"},{"taxonomy":"post_tag","embeddable":true,"href":"https:\/\/nk7-testes.com.br\/agazeta\/wp-json\/wp\/v2\/tags?post=24797"}],"curies":[{"name":"wp","href":"https:\/\/api.w.org\/{rel}","templated":true}]}}