{"id":24795,"date":"2016-08-26T22:12:13","date_gmt":"2016-08-26T22:12:13","guid":{"rendered":"https:\/\/abarevegan.com.br\/index.php\/2016\/08\/26\/falta-de-chuvas-prejudica-pecuaria-no-acre\/"},"modified":"2016-08-26T22:12:13","modified_gmt":"2016-08-26T22:12:13","slug":"falta-de-chuvas-prejudica-pecuaria-no-acre","status":"publish","type":"post","link":"https:\/\/nk7-testes.com.br\/agazeta\/falta-de-chuvas-prejudica-pecuaria-no-acre\/","title":{"rendered":"Falta de chuvas prejudica pecu\u00e1ria no Acre"},"content":{"rendered":"<p style=\"text-align: justify;\">Sem capim gado come\u00e7a a &#8216;definhar&#8217; nos pastos<\/p>\n<p style=\"text-align: justify;\">A falta de chuvas tem trazido preju\u00edzos para a pecu\u00e1ria acreana e cresce o medo de que a seca no pasto e nos a\u00e7udes leve os produtores a perder o rebanho. Na regi\u00e3o de Porto Acre, os produtores est\u00e3o cortando o capim que est\u00e1 \u00e0 margem dos ramais e dos igarap\u00e9s. Como nessa regi\u00e3o o solo ainda est\u00e1 \u00famido o capim resistiu \u00e0 falta de chuvas, mas essa alternativa come\u00e7ou a ficar escassa, \u00e9 que s\u00e3o poucos os locais com a vegeta\u00e7\u00e3o verde e outros foram destru\u00eddos com as queimadas.<\/p>\n<p style=\"text-align: justify;\">Flagramos o produtor rural Manoel Bezerra, tirando capim \u00e0s margens de um igarap\u00e9 que fica pr\u00f3ximo a sua propriedade no ramal do A\u00e7a\u00ed, em Porto Acre. Na fazenda o pasto est\u00e1 seco, os animais est\u00e3o passando fome, e para n\u00e3o perder o rebanho, todos os dias ele sai em busca de capim nas estradas.<\/p>\n<p style=\"text-align: justify;\">Mas s\u00f3 o capim n\u00e3o basta, para manter os animais em p\u00e9, Manoel precisa misturar o capim cortado com sal mineral. \u201cSe a gente n\u00e3o misturar, os animais n\u00e3o aguentam, as vacas n\u00e3o produzem. Eu preciso buscar alternativa para n\u00e3o perder meu gado. Tenho a esperan\u00e7a que logo vai chover\u201d, acredita.<\/p>\n<p style=\"text-align: justify;\">Mesmo assim todo o trabalho do Manoel n\u00e3o \u00e9 suficiente: os animais perderam peso, as vacas que produziam 8 litros de leite por dia, agora s\u00f3 conseguem tr\u00eas litros. Sem o capim o produtor dobrou a compra de sal mineral o que gerou um custo a mais.<\/p>\n<p style=\"text-align: justify;\">Na regi\u00e3o de Porto Acre os pastos est\u00e3o sumindo, a fome do gado \u00e9 t\u00e3o grande que ele come aquele broto seco do capim que fica junto ao solo. Em alguns locais ficou apenas a terra.<\/p>\n<p style=\"text-align: justify;\">At\u00e9 o capim que ficava a beira da estrada e nos locais pr\u00f3ximos aos igarap\u00e9s est\u00e3o escassos, ou porque j\u00e1 foi retirado ou destru\u00eddo pelo fogo. O gado foge em busca de alimento, mas n\u00e3o encontra.<\/p>\n<p style=\"text-align: justify;\">O gado n\u00e3o procura s\u00f3 comida, com a falta de chuvas, os a\u00e7udes est\u00e3o secando. Numa propriedade encontramos um jacar\u00e9 morto no meio do a\u00e7ude. Em outras propriedades os a\u00e7udes secaram. Quem ainda tem \u00e1gua abre a cerca para que o gado do vizinho possa matar a sede.<\/p>\n<p style=\"text-align: justify;\">O presidente da federa\u00e7\u00e3o da agricultura do Acre, Assuero Veronez, disse que essa \u00e9 uma das maiores secas j\u00e1 enfrentadas pelos produtores. Segundo ele, ainda n\u00e3o d\u00e1 para medir os preju\u00edzos. \u201cPara piorar, os frigor\u00edficos n\u00e3o est\u00e3o comprando o gado e a fila para se vender um animal \u00e9 grande, com isso eles v\u00e3o perdendo peso\u201d, reclamou.<\/p>\n<p style=\"text-align: justify;\">O medo \u00e9 que se as chuvas n\u00e3o voltem logo e o Acre comece a contar a morte de gado no pasto por fome e sede.<\/p>\n<p style=\"text-align: justify;\">Na pr\u00f3xima ter\u00e7a-feira (30) o governo do estado vai se reunir com a federa\u00e7\u00e3o da agricultura, na pauta a prorroga\u00e7\u00e3o de um decreto que baixou em 80% o valor de ICMS para a venda de bovinos para os estado de Rond\u00f4nia e Amazonas. Se o governo reeditar o decreto pode ser uma alternativa para retirar o gado que est\u00e1 secando no pasto.<\/p>\n<p style=\"text-align: justify;\"><img decoding=\"async\" class=\" size-full wp-image-24781\" alt=\"1secapasto260816\" src=\"https:\/\/nk7-testes.com.br\/wp-content\/uploads\/2016\/08\/1secapasto260816.png\" height=\"340\" width=\"458\" \/><\/p>\n<p style=\"text-align: justify;\"><img decoding=\"async\" class=\" size-full wp-image-24782\" alt=\"2secapasto260816\" src=\"https:\/\/nk7-testes.com.br\/wp-content\/uploads\/2016\/08\/2secapasto260816.png\" height=\"340\" width=\"458\" \/><\/p>\n<p style=\"text-align: justify;\"><img decoding=\"async\" class=\" size-full wp-image-24783\" alt=\"3secapasto260816\" src=\"https:\/\/nk7-testes.com.br\/wp-content\/uploads\/2016\/08\/3secapasto260816.png\" height=\"340\" width=\"458\" \/><\/p>\n<p style=\"text-align: justify;\"><img decoding=\"async\" class=\" size-full wp-image-24784\" alt=\"4secapasto260816\" src=\"https:\/\/nk7-testes.com.br\/wp-content\/uploads\/2016\/08\/4secapasto260816.png\" height=\"340\" width=\"458\" \/><\/p>\n<p style=\"text-align: justify;\"><img decoding=\"async\" class=\" size-full wp-image-24785\" alt=\"5secapasto260816\" src=\"https:\/\/nk7-testes.com.br\/wp-content\/uploads\/2016\/08\/5secapasto260816.png\" height=\"340\" width=\"458\" \/><\/p>\n<p style=\"text-align: justify;\"><img decoding=\"async\" class=\" size-full wp-image-24786\" alt=\"6secapasto260816\" src=\"https:\/\/nk7-testes.com.br\/wp-content\/uploads\/2016\/08\/6secapasto260816.png\" height=\"340\" width=\"458\" \/><\/p>\n<p style=\"text-align: justify;\"><img decoding=\"async\" class=\" size-full wp-image-24787\" alt=\"8secapasto260816\" src=\"https:\/\/nk7-testes.com.br\/wp-content\/uploads\/2016\/08\/8secapasto260816.png\" height=\"340\" width=\"458\" \/><\/p>\n<p style=\"text-align: justify;\"><img decoding=\"async\" class=\" size-full wp-image-24788\" alt=\"9secapasto260816\" src=\"https:\/\/nk7-testes.com.br\/wp-content\/uploads\/2016\/08\/9secapasto260816.png\" height=\"340\" width=\"458\" \/><\/p>\n<p style=\"text-align: justify;\"><img decoding=\"async\" class=\" size-full wp-image-24789\" alt=\"10secapasto260816\" src=\"https:\/\/nk7-testes.com.br\/wp-content\/uploads\/2016\/08\/10secapasto260816.png\" height=\"340\" width=\"458\" \/><\/p>\n<p style=\"text-align: justify;\"><img decoding=\"async\" class=\" size-full wp-image-24790\" alt=\"13secapasto260816\" src=\"https:\/\/nk7-testes.com.br\/wp-content\/uploads\/2016\/08\/13secapasto260816.png\" height=\"340\" width=\"458\" \/><\/p>\n<p style=\"text-align: justify;\"><img decoding=\"async\" class=\" size-full wp-image-24791\" alt=\"14secapasto260816\" src=\"https:\/\/nk7-testes.com.br\/wp-content\/uploads\/2016\/08\/14secapasto260816.png\" height=\"340\" width=\"458\" \/><\/p>\n<p style=\"text-align: justify;\"><img decoding=\"async\" class=\" size-full wp-image-24792\" alt=\"15secapasto260816\" src=\"https:\/\/nk7-testes.com.br\/wp-content\/uploads\/2016\/08\/15secapasto260816.png\" height=\"340\" width=\"458\" \/><\/p>\n<p style=\"text-align: justify;\"><img decoding=\"async\" class=\" size-full wp-image-24793\" alt=\"16secapasto260816\" src=\"https:\/\/nk7-testes.com.br\/wp-content\/uploads\/2016\/08\/16secapasto260816.png\" height=\"340\" width=\"458\" \/><\/p>\n<p style=\"text-align: justify;\"><img decoding=\"async\" class=\" size-full wp-image-24794\" alt=\"17secapasto260816\" src=\"https:\/\/nk7-testes.com.br\/wp-content\/uploads\/2016\/08\/17secapasto260816.png\" height=\"340\" width=\"458\" \/><\/p>\n","protected":false},"excerpt":{"rendered":"<p style=\"text-align: justify;\">Sem capim gado come\u00e7a a &#8216;definhar&#8217; nos pastos<\/p>\n","protected":false},"author":4,"featured_media":24780,"comment_status":"open","ping_status":"open","sticky":false,"template":"","format":"standard","meta":{"jnews-multi-image_gallery":[],"jnews_single_post":[],"jnews_primary_category":[],"jnews_social_meta":[],"jnews_review":[],"enable_review":"","type":"","name":"","summary":"","brand":"","sku":"","good":[],"bad":[],"score_override":"","override_value":"","rating":[],"price":[],"footnotes":""},"categories":[54],"tags":[],"class_list":["post-24795","post","type-post","status-publish","format-standard","has-post-thumbnail","hentry","category-cotidiano"],"yoast_head":"<!-- This site is optimized with the Yoast SEO plugin v26.5 - https:\/\/yoast.com\/wordpress\/plugins\/seo\/ -->\n<title>Falta de chuvas prejudica pecu\u00e1ria no Acre - Agazeta.net<\/title>\n<meta name=\"robots\" content=\"index, follow, max-snippet:-1, max-image-preview:large, max-video-preview:-1\" \/>\n<link rel=\"canonical\" href=\"https:\/\/nk7-testes.com.br\/agazeta\/falta-de-chuvas-prejudica-pecuaria-no-acre\/\" \/>\n<meta property=\"og:locale\" content=\"pt_BR\" \/>\n<meta property=\"og:type\" content=\"article\" \/>\n<meta property=\"og:title\" content=\"Falta de chuvas prejudica pecu\u00e1ria no Acre - Agazeta.net\" \/>\n<meta property=\"og:description\" content=\"Sem capim gado come\u00e7a a &#039;definhar&#039; nos pastos\" \/>\n<meta property=\"og:url\" content=\"https:\/\/nk7-testes.com.br\/agazeta\/falta-de-chuvas-prejudica-pecuaria-no-acre\/\" \/>\n<meta property=\"og:site_name\" content=\"Agazeta.net\" \/>\n<meta property=\"article:published_time\" content=\"2016-08-26T22:12:13+00:00\" \/>\n<meta property=\"og:image\" content=\"https:\/\/nk7-testes.com.br\/agazeta\/wp-content\/uploads\/2016\/08\/260816-cotidiano-gado-sempasto.jpg\" \/>\n\t<meta property=\"og:image:width\" content=\"458\" \/>\n\t<meta property=\"og:image:height\" content=\"340\" \/>\n\t<meta property=\"og:image:type\" content=\"image\/jpeg\" \/>\n<meta name=\"author\" content=\"Agazeta.Net\" \/>\n<meta name=\"twitter:card\" content=\"summary_large_image\" \/>\n<meta name=\"twitter:label1\" content=\"Escrito por\" \/>\n\t<meta name=\"twitter:data1\" content=\"Agazeta.Net\" \/>\n\t<meta name=\"twitter:label2\" content=\"Est. tempo de leitura\" \/>\n\t<meta name=\"twitter:data2\" content=\"3 minutos\" \/>\n<script type=\"application\/ld+json\" class=\"yoast-schema-graph\">{\"@context\":\"https:\/\/schema.org\",\"@graph\":[{\"@type\":\"WebPage\",\"@id\":\"https:\/\/nk7-testes.com.br\/agazeta\/falta-de-chuvas-prejudica-pecuaria-no-acre\/\",\"url\":\"https:\/\/nk7-testes.com.br\/agazeta\/falta-de-chuvas-prejudica-pecuaria-no-acre\/\",\"name\":\"Falta de chuvas prejudica pecu\u00e1ria no Acre - Agazeta.net\",\"isPartOf\":{\"@id\":\"https:\/\/nk7-testes.com.br\/agazeta\/#website\"},\"primaryImageOfPage\":{\"@id\":\"https:\/\/nk7-testes.com.br\/agazeta\/falta-de-chuvas-prejudica-pecuaria-no-acre\/#primaryimage\"},\"image\":{\"@id\":\"https:\/\/nk7-testes.com.br\/agazeta\/falta-de-chuvas-prejudica-pecuaria-no-acre\/#primaryimage\"},\"thumbnailUrl\":\"https:\/\/nk7-testes.com.br\/agazeta\/wp-content\/uploads\/2016\/08\/260816-cotidiano-gado-sempasto.jpg\",\"datePublished\":\"2016-08-26T22:12:13+00:00\",\"author\":{\"@id\":\"https:\/\/nk7-testes.com.br\/agazeta\/#\/schema\/person\/ff6b39d54d6973bfc57f4140f659b23f\"},\"breadcrumb\":{\"@id\":\"https:\/\/nk7-testes.com.br\/agazeta\/falta-de-chuvas-prejudica-pecuaria-no-acre\/#breadcrumb\"},\"inLanguage\":\"pt-BR\",\"potentialAction\":[{\"@type\":\"ReadAction\",\"target\":[\"https:\/\/nk7-testes.com.br\/agazeta\/falta-de-chuvas-prejudica-pecuaria-no-acre\/\"]}]},{\"@type\":\"ImageObject\",\"inLanguage\":\"pt-BR\",\"@id\":\"https:\/\/nk7-testes.com.br\/agazeta\/falta-de-chuvas-prejudica-pecuaria-no-acre\/#primaryimage\",\"url\":\"https:\/\/nk7-testes.com.br\/agazeta\/wp-content\/uploads\/2016\/08\/260816-cotidiano-gado-sempasto.jpg\",\"contentUrl\":\"https:\/\/nk7-testes.com.br\/agazeta\/wp-content\/uploads\/2016\/08\/260816-cotidiano-gado-sempasto.jpg\",\"width\":458,\"height\":340,\"caption\":\"260816-cotidiano-gado-sempasto\"},{\"@type\":\"BreadcrumbList\",\"@id\":\"https:\/\/nk7-testes.com.br\/agazeta\/falta-de-chuvas-prejudica-pecuaria-no-acre\/#breadcrumb\",\"itemListElement\":[{\"@type\":\"ListItem\",\"position\":1,\"name\":\"In\u00edcio\",\"item\":\"https:\/\/nk7-testes.com.br\/agazeta\/\"},{\"@type\":\"ListItem\",\"position\":2,\"name\":\"Falta de chuvas prejudica pecu\u00e1ria no Acre\"}]},{\"@type\":\"WebSite\",\"@id\":\"https:\/\/nk7-testes.com.br\/agazeta\/#website\",\"url\":\"https:\/\/nk7-testes.com.br\/agazeta\/\",\"name\":\"Agazeta.net\",\"description\":\"Agazeta.net - Not\u00edcias de Rio Branco\/AC\",\"potentialAction\":[{\"@type\":\"SearchAction\",\"target\":{\"@type\":\"EntryPoint\",\"urlTemplate\":\"https:\/\/nk7-testes.com.br\/agazeta\/?s={search_term_string}\"},\"query-input\":{\"@type\":\"PropertyValueSpecification\",\"valueRequired\":true,\"valueName\":\"search_term_string\"}}],\"inLanguage\":\"pt-BR\"},{\"@type\":\"Person\",\"@id\":\"https:\/\/nk7-testes.com.br\/agazeta\/#\/schema\/person\/ff6b39d54d6973bfc57f4140f659b23f\",\"name\":\"Agazeta.Net\",\"url\":\"https:\/\/nk7-testes.com.br\/agazeta\/author\/agazeta\/\"}]}<\/script>\n<!-- \/ Yoast SEO plugin. -->","yoast_head_json":{"title":"Falta de chuvas prejudica pecu\u00e1ria no Acre - Agazeta.net","robots":{"index":"index","follow":"follow","max-snippet":"max-snippet:-1","max-image-preview":"max-image-preview:large","max-video-preview":"max-video-preview:-1"},"canonical":"https:\/\/nk7-testes.com.br\/agazeta\/falta-de-chuvas-prejudica-pecuaria-no-acre\/","og_locale":"pt_BR","og_type":"article","og_title":"Falta de chuvas prejudica pecu\u00e1ria no Acre - Agazeta.net","og_description":"Sem capim gado come\u00e7a a 'definhar' nos pastos","og_url":"https:\/\/nk7-testes.com.br\/agazeta\/falta-de-chuvas-prejudica-pecuaria-no-acre\/","og_site_name":"Agazeta.net","article_published_time":"2016-08-26T22:12:13+00:00","og_image":[{"width":458,"height":340,"url":"https:\/\/nk7-testes.com.br\/agazeta\/wp-content\/uploads\/2016\/08\/260816-cotidiano-gado-sempasto.jpg","type":"image\/jpeg"}],"author":"Agazeta.Net","twitter_card":"summary_large_image","twitter_misc":{"Escrito por":"Agazeta.Net","Est. tempo de leitura":"3 minutos"},"schema":{"@context":"https:\/\/schema.org","@graph":[{"@type":"WebPage","@id":"https:\/\/nk7-testes.com.br\/agazeta\/falta-de-chuvas-prejudica-pecuaria-no-acre\/","url":"https:\/\/nk7-testes.com.br\/agazeta\/falta-de-chuvas-prejudica-pecuaria-no-acre\/","name":"Falta de chuvas prejudica pecu\u00e1ria no Acre - Agazeta.net","isPartOf":{"@id":"https:\/\/nk7-testes.com.br\/agazeta\/#website"},"primaryImageOfPage":{"@id":"https:\/\/nk7-testes.com.br\/agazeta\/falta-de-chuvas-prejudica-pecuaria-no-acre\/#primaryimage"},"image":{"@id":"https:\/\/nk7-testes.com.br\/agazeta\/falta-de-chuvas-prejudica-pecuaria-no-acre\/#primaryimage"},"thumbnailUrl":"https:\/\/nk7-testes.com.br\/agazeta\/wp-content\/uploads\/2016\/08\/260816-cotidiano-gado-sempasto.jpg","datePublished":"2016-08-26T22:12:13+00:00","author":{"@id":"https:\/\/nk7-testes.com.br\/agazeta\/#\/schema\/person\/ff6b39d54d6973bfc57f4140f659b23f"},"breadcrumb":{"@id":"https:\/\/nk7-testes.com.br\/agazeta\/falta-de-chuvas-prejudica-pecuaria-no-acre\/#breadcrumb"},"inLanguage":"pt-BR","potentialAction":[{"@type":"ReadAction","target":["https:\/\/nk7-testes.com.br\/agazeta\/falta-de-chuvas-prejudica-pecuaria-no-acre\/"]}]},{"@type":"ImageObject","inLanguage":"pt-BR","@id":"https:\/\/nk7-testes.com.br\/agazeta\/falta-de-chuvas-prejudica-pecuaria-no-acre\/#primaryimage","url":"https:\/\/nk7-testes.com.br\/agazeta\/wp-content\/uploads\/2016\/08\/260816-cotidiano-gado-sempasto.jpg","contentUrl":"https:\/\/nk7-testes.com.br\/agazeta\/wp-content\/uploads\/2016\/08\/260816-cotidiano-gado-sempasto.jpg","width":458,"height":340,"caption":"260816-cotidiano-gado-sempasto"},{"@type":"BreadcrumbList","@id":"https:\/\/nk7-testes.com.br\/agazeta\/falta-de-chuvas-prejudica-pecuaria-no-acre\/#breadcrumb","itemListElement":[{"@type":"ListItem","position":1,"name":"In\u00edcio","item":"https:\/\/nk7-testes.com.br\/agazeta\/"},{"@type":"ListItem","position":2,"name":"Falta de chuvas prejudica pecu\u00e1ria no Acre"}]},{"@type":"WebSite","@id":"https:\/\/nk7-testes.com.br\/agazeta\/#website","url":"https:\/\/nk7-testes.com.br\/agazeta\/","name":"Agazeta.net","description":"Agazeta.net - Not\u00edcias de Rio Branco\/AC","potentialAction":[{"@type":"SearchAction","target":{"@type":"EntryPoint","urlTemplate":"https:\/\/nk7-testes.com.br\/agazeta\/?s={search_term_string}"},"query-input":{"@type":"PropertyValueSpecification","valueRequired":true,"valueName":"search_term_string"}}],"inLanguage":"pt-BR"},{"@type":"Person","@id":"https:\/\/nk7-testes.com.br\/agazeta\/#\/schema\/person\/ff6b39d54d6973bfc57f4140f659b23f","name":"Agazeta.Net","url":"https:\/\/nk7-testes.com.br\/agazeta\/author\/agazeta\/"}]}},"_links":{"self":[{"href":"https:\/\/nk7-testes.com.br\/agazeta\/wp-json\/wp\/v2\/posts\/24795","targetHints":{"allow":["GET"]}}],"collection":[{"href":"https:\/\/nk7-testes.com.br\/agazeta\/wp-json\/wp\/v2\/posts"}],"about":[{"href":"https:\/\/nk7-testes.com.br\/agazeta\/wp-json\/wp\/v2\/types\/post"}],"author":[{"embeddable":true,"href":"https:\/\/nk7-testes.com.br\/agazeta\/wp-json\/wp\/v2\/users\/4"}],"replies":[{"embeddable":true,"href":"https:\/\/nk7-testes.com.br\/agazeta\/wp-json\/wp\/v2\/comments?post=24795"}],"version-history":[{"count":0,"href":"https:\/\/nk7-testes.com.br\/agazeta\/wp-json\/wp\/v2\/posts\/24795\/revisions"}],"wp:featuredmedia":[{"embeddable":true,"href":"https:\/\/nk7-testes.com.br\/agazeta\/wp-json\/wp\/v2\/media\/24780"}],"wp:attachment":[{"href":"https:\/\/nk7-testes.com.br\/agazeta\/wp-json\/wp\/v2\/media?parent=24795"}],"wp:term":[{"taxonomy":"category","embeddable":true,"href":"https:\/\/nk7-testes.com.br\/agazeta\/wp-json\/wp\/v2\/categories?post=24795"},{"taxonomy":"post_tag","embeddable":true,"href":"https:\/\/nk7-testes.com.br\/agazeta\/wp-json\/wp\/v2\/tags?post=24795"}],"curies":[{"name":"wp","href":"https:\/\/api.w.org\/{rel}","templated":true}]}}