{"id":24773,"date":"2016-08-26T19:59:10","date_gmt":"2016-08-26T19:59:10","guid":{"rendered":"https:\/\/abarevegan.com.br\/index.php\/2016\/08\/26\/quase-4-mil-hectares-ja-foram-queimadas-na-capital\/"},"modified":"2016-08-26T19:59:10","modified_gmt":"2016-08-26T19:59:10","slug":"quase-4-mil-hectares-ja-foram-queimadas-na-capital","status":"publish","type":"post","link":"https:\/\/nk7-testes.com.br\/agazeta\/quase-4-mil-hectares-ja-foram-queimadas-na-capital\/","title":{"rendered":"Quase 4 mil hectares j\u00e1 foram queimados na Capital"},"content":{"rendered":"<p style=\"text-align: justify;\">C\u00e1lculo \u00e9 feito por pesquisadores do Inpa e Ufac<\/p>\n<p style=\"text-align: justify;\">Imagens de sat\u00e9lites analisadas por pesquisadores do Setor de Estudos da Terra e Mudan\u00e7as Clim\u00e1ticas Globais (SETEM) do Parque Zoobot\u00e2nico da UFAC revelaram que desde o dia 27 de julho passado quase 4 mil hectares de florestas localizadas no entorno da cidade de Rio Branco e em munic\u00edpios vizinhos j\u00e1 foram destru\u00eddas por inc\u00eandios causados por agricultores ou surgidos espontaneamente em raz\u00e3o da seca severa que afeta a regi\u00e3o.<\/p>\n<p style=\"text-align: justify;\">Segundo Sonaira Souza da Silva, pesquisadora do SETEM\/PZ\/UFAC e Doutoranda no INPA, do dia 27 de julho passado at\u00e9 a tarde de hoje (26\/08) j\u00e1 foram contabilizadas 3.850 ha de florestas incendiadas apenas nos munic\u00edpios de Rio Branco, Bujari, Capixaba e Porto Acre. At\u00e9 agora, Capixaba e Bujari foram os munic\u00edpios mais afetados pelos inc\u00eandios florestais, com 1.450 e 1.200 hectares de floresta queimadas.<\/p>\n<p style=\"text-align: justify;\">Segundo a pesquisadora, a maior parte das florestas queimadas em Capixaba localiza-se no entorno da Usina Alcobr\u00e1s e existe a possibilidade de que esses inc\u00eandios florestais tenham se iniciado com a queima ocorrida nos canaviais adjacentes \u00e0 usina.<\/p>\n<p style=\"text-align: justify;\">Suspeita-se que parte da fuma\u00e7a que tem polu\u00eddo severamente a cidade de Rio Branco nestes \u00faltimos tr\u00eas dias seja oriunda da queima dos canaviais e das florestas do entorno da Alcobr\u00e1s.<\/p>\n<p style=\"text-align: justify;\">Sonaira Silva alertou que \u00e9 preciso agir com firmeza para combater os inc\u00eandios nas florestas da regi\u00e3o e evitar que a situa\u00e7\u00e3o fique fora de controle. De outra forma, \u00e9 poss\u00edvel que o desastre ocorrido durante a seca de 2005 possa se repetir neste ano.<\/p>\n<p style=\"text-align: justify;\">Segundo a pesquisadora, em 2005, a maior parte dos inc\u00eandios que afetaram mais de 200 mil hectares de florestas nativas na regi\u00e3o leste do Acre aconteceu a partir de meados de setembro. Em 2016, entretanto, os inc\u00eandios florestais t\u00eam sido detectados desde o final de julho e poder\u00e3o, em raz\u00e3o da seca extrema que estamos vivenciando, se estender at\u00e9 outubro.<\/p>\n<p style=\"text-align: justify;\">Questionada se a \u2018crise da fuma\u00e7a\u2019 em Rio Branco poder\u00e1 ser superada rapidamente, a pesquisadora e outros membros da equipe de pesquisa do SETEM\/PZ\/UFAC acreditam que tudo depender\u00e1 da diminui\u00e7\u00e3o no n\u00famero de focos de calor na regi\u00e3o leste do Acre e em estados e pa\u00edses vizinhos. Outra esperan\u00e7a \u00e9 que a seca severa seja interrompida por chuvas abundantes que possam interromper a atual escalada de inc\u00eandios florestais observados na regi\u00e3o.<\/p>\n","protected":false},"excerpt":{"rendered":"<p style=\"text-align: justify;\">C\u00e1lculo \u00e9 feito por pesquisadores do Inpa e Ufac<\/p>\n","protected":false},"author":4,"featured_media":24772,"comment_status":"open","ping_status":"open","sticky":false,"template":"","format":"standard","meta":{"jnews-multi-image_gallery":[],"jnews_single_post":[],"jnews_primary_category":[],"jnews_social_meta":[],"jnews_review":[],"enable_review":"","type":"","name":"","summary":"","brand":"","sku":"","good":[],"bad":[],"score_override":"","override_value":"","rating":[],"price":[],"footnotes":""},"categories":[54],"tags":[],"class_list":["post-24773","post","type-post","status-publish","format-standard","has-post-thumbnail","hentry","category-cotidiano"],"yoast_head":"<!-- This site is optimized with the Yoast SEO plugin v26.5 - https:\/\/yoast.com\/wordpress\/plugins\/seo\/ -->\n<title>Quase 4 mil hectares j\u00e1 foram queimados na Capital - Agazeta.net<\/title>\n<meta name=\"robots\" content=\"index, follow, max-snippet:-1, max-image-preview:large, max-video-preview:-1\" \/>\n<link rel=\"canonical\" href=\"https:\/\/nk7-testes.com.br\/agazeta\/quase-4-mil-hectares-ja-foram-queimadas-na-capital\/\" \/>\n<meta property=\"og:locale\" content=\"pt_BR\" \/>\n<meta property=\"og:type\" content=\"article\" \/>\n<meta property=\"og:title\" content=\"Quase 4 mil hectares j\u00e1 foram queimados na Capital - Agazeta.net\" \/>\n<meta property=\"og:description\" content=\"C\u00e1lculo \u00e9 feito por pesquisadores do Inpa e Ufac\" \/>\n<meta property=\"og:url\" content=\"https:\/\/nk7-testes.com.br\/agazeta\/quase-4-mil-hectares-ja-foram-queimadas-na-capital\/\" \/>\n<meta property=\"og:site_name\" content=\"Agazeta.net\" \/>\n<meta property=\"article:published_time\" content=\"2016-08-26T19:59:10+00:00\" \/>\n<meta property=\"og:image\" content=\"https:\/\/nk7-testes.com.br\/agazeta\/wp-content\/uploads\/2016\/08\/260816-cotidiano-incendio-cleriston3.jpg\" \/>\n\t<meta property=\"og:image:width\" content=\"458\" \/>\n\t<meta property=\"og:image:height\" content=\"340\" \/>\n\t<meta property=\"og:image:type\" content=\"image\/jpeg\" \/>\n<meta name=\"author\" content=\"Agazeta.Net\" \/>\n<meta name=\"twitter:card\" content=\"summary_large_image\" \/>\n<meta name=\"twitter:label1\" content=\"Escrito por\" \/>\n\t<meta name=\"twitter:data1\" content=\"Agazeta.Net\" \/>\n\t<meta name=\"twitter:label2\" content=\"Est. tempo de leitura\" \/>\n\t<meta name=\"twitter:data2\" content=\"2 minutos\" \/>\n<script type=\"application\/ld+json\" class=\"yoast-schema-graph\">{\"@context\":\"https:\/\/schema.org\",\"@graph\":[{\"@type\":\"WebPage\",\"@id\":\"https:\/\/nk7-testes.com.br\/agazeta\/quase-4-mil-hectares-ja-foram-queimadas-na-capital\/\",\"url\":\"https:\/\/nk7-testes.com.br\/agazeta\/quase-4-mil-hectares-ja-foram-queimadas-na-capital\/\",\"name\":\"Quase 4 mil hectares j\u00e1 foram queimados na Capital - Agazeta.net\",\"isPartOf\":{\"@id\":\"https:\/\/nk7-testes.com.br\/agazeta\/#website\"},\"primaryImageOfPage\":{\"@id\":\"https:\/\/nk7-testes.com.br\/agazeta\/quase-4-mil-hectares-ja-foram-queimadas-na-capital\/#primaryimage\"},\"image\":{\"@id\":\"https:\/\/nk7-testes.com.br\/agazeta\/quase-4-mil-hectares-ja-foram-queimadas-na-capital\/#primaryimage\"},\"thumbnailUrl\":\"https:\/\/nk7-testes.com.br\/agazeta\/wp-content\/uploads\/2016\/08\/260816-cotidiano-incendio-cleriston3.jpg\",\"datePublished\":\"2016-08-26T19:59:10+00:00\",\"author\":{\"@id\":\"https:\/\/nk7-testes.com.br\/agazeta\/#\/schema\/person\/6d6e25cb0435eb4a02fd44d30b4e3020\"},\"breadcrumb\":{\"@id\":\"https:\/\/nk7-testes.com.br\/agazeta\/quase-4-mil-hectares-ja-foram-queimadas-na-capital\/#breadcrumb\"},\"inLanguage\":\"pt-BR\",\"potentialAction\":[{\"@type\":\"ReadAction\",\"target\":[\"https:\/\/nk7-testes.com.br\/agazeta\/quase-4-mil-hectares-ja-foram-queimadas-na-capital\/\"]}]},{\"@type\":\"ImageObject\",\"inLanguage\":\"pt-BR\",\"@id\":\"https:\/\/nk7-testes.com.br\/agazeta\/quase-4-mil-hectares-ja-foram-queimadas-na-capital\/#primaryimage\",\"url\":\"https:\/\/nk7-testes.com.br\/agazeta\/wp-content\/uploads\/2016\/08\/260816-cotidiano-incendio-cleriston3.jpg\",\"contentUrl\":\"https:\/\/nk7-testes.com.br\/agazeta\/wp-content\/uploads\/2016\/08\/260816-cotidiano-incendio-cleriston3.jpg\",\"width\":458,\"height\":340,\"caption\":\"260816-cotidiano-incendio-cleriston3\"},{\"@type\":\"BreadcrumbList\",\"@id\":\"https:\/\/nk7-testes.com.br\/agazeta\/quase-4-mil-hectares-ja-foram-queimadas-na-capital\/#breadcrumb\",\"itemListElement\":[{\"@type\":\"ListItem\",\"position\":1,\"name\":\"In\u00edcio\",\"item\":\"https:\/\/nk7-testes.com.br\/agazeta\/\"},{\"@type\":\"ListItem\",\"position\":2,\"name\":\"Quase 4 mil hectares j\u00e1 foram queimados na Capital\"}]},{\"@type\":\"WebSite\",\"@id\":\"https:\/\/nk7-testes.com.br\/agazeta\/#website\",\"url\":\"https:\/\/nk7-testes.com.br\/agazeta\/\",\"name\":\"Agazeta.net\",\"description\":\"Agazeta.net - Not\u00edcias de Rio Branco\/AC\",\"potentialAction\":[{\"@type\":\"SearchAction\",\"target\":{\"@type\":\"EntryPoint\",\"urlTemplate\":\"https:\/\/nk7-testes.com.br\/agazeta\/?s={search_term_string}\"},\"query-input\":{\"@type\":\"PropertyValueSpecification\",\"valueRequired\":true,\"valueName\":\"search_term_string\"}}],\"inLanguage\":\"pt-BR\"},{\"@type\":\"Person\",\"@id\":\"https:\/\/nk7-testes.com.br\/agazeta\/#\/schema\/person\/6d6e25cb0435eb4a02fd44d30b4e3020\",\"name\":\"Agazeta.Net\",\"url\":\"https:\/\/nk7-testes.com.br\/agazeta\/author\/agazeta\/\"}]}<\/script>\n<!-- \/ Yoast SEO plugin. -->","yoast_head_json":{"title":"Quase 4 mil hectares j\u00e1 foram queimados na Capital - Agazeta.net","robots":{"index":"index","follow":"follow","max-snippet":"max-snippet:-1","max-image-preview":"max-image-preview:large","max-video-preview":"max-video-preview:-1"},"canonical":"https:\/\/nk7-testes.com.br\/agazeta\/quase-4-mil-hectares-ja-foram-queimadas-na-capital\/","og_locale":"pt_BR","og_type":"article","og_title":"Quase 4 mil hectares j\u00e1 foram queimados na Capital - Agazeta.net","og_description":"C\u00e1lculo \u00e9 feito por pesquisadores do Inpa e Ufac","og_url":"https:\/\/nk7-testes.com.br\/agazeta\/quase-4-mil-hectares-ja-foram-queimadas-na-capital\/","og_site_name":"Agazeta.net","article_published_time":"2016-08-26T19:59:10+00:00","og_image":[{"width":458,"height":340,"url":"https:\/\/nk7-testes.com.br\/agazeta\/wp-content\/uploads\/2016\/08\/260816-cotidiano-incendio-cleriston3.jpg","type":"image\/jpeg"}],"author":"Agazeta.Net","twitter_card":"summary_large_image","twitter_misc":{"Escrito por":"Agazeta.Net","Est. tempo de leitura":"2 minutos"},"schema":{"@context":"https:\/\/schema.org","@graph":[{"@type":"WebPage","@id":"https:\/\/nk7-testes.com.br\/agazeta\/quase-4-mil-hectares-ja-foram-queimadas-na-capital\/","url":"https:\/\/nk7-testes.com.br\/agazeta\/quase-4-mil-hectares-ja-foram-queimadas-na-capital\/","name":"Quase 4 mil hectares j\u00e1 foram queimados na Capital - Agazeta.net","isPartOf":{"@id":"https:\/\/nk7-testes.com.br\/agazeta\/#website"},"primaryImageOfPage":{"@id":"https:\/\/nk7-testes.com.br\/agazeta\/quase-4-mil-hectares-ja-foram-queimadas-na-capital\/#primaryimage"},"image":{"@id":"https:\/\/nk7-testes.com.br\/agazeta\/quase-4-mil-hectares-ja-foram-queimadas-na-capital\/#primaryimage"},"thumbnailUrl":"https:\/\/nk7-testes.com.br\/agazeta\/wp-content\/uploads\/2016\/08\/260816-cotidiano-incendio-cleriston3.jpg","datePublished":"2016-08-26T19:59:10+00:00","author":{"@id":"https:\/\/nk7-testes.com.br\/agazeta\/#\/schema\/person\/6d6e25cb0435eb4a02fd44d30b4e3020"},"breadcrumb":{"@id":"https:\/\/nk7-testes.com.br\/agazeta\/quase-4-mil-hectares-ja-foram-queimadas-na-capital\/#breadcrumb"},"inLanguage":"pt-BR","potentialAction":[{"@type":"ReadAction","target":["https:\/\/nk7-testes.com.br\/agazeta\/quase-4-mil-hectares-ja-foram-queimadas-na-capital\/"]}]},{"@type":"ImageObject","inLanguage":"pt-BR","@id":"https:\/\/nk7-testes.com.br\/agazeta\/quase-4-mil-hectares-ja-foram-queimadas-na-capital\/#primaryimage","url":"https:\/\/nk7-testes.com.br\/agazeta\/wp-content\/uploads\/2016\/08\/260816-cotidiano-incendio-cleriston3.jpg","contentUrl":"https:\/\/nk7-testes.com.br\/agazeta\/wp-content\/uploads\/2016\/08\/260816-cotidiano-incendio-cleriston3.jpg","width":458,"height":340,"caption":"260816-cotidiano-incendio-cleriston3"},{"@type":"BreadcrumbList","@id":"https:\/\/nk7-testes.com.br\/agazeta\/quase-4-mil-hectares-ja-foram-queimadas-na-capital\/#breadcrumb","itemListElement":[{"@type":"ListItem","position":1,"name":"In\u00edcio","item":"https:\/\/nk7-testes.com.br\/agazeta\/"},{"@type":"ListItem","position":2,"name":"Quase 4 mil hectares j\u00e1 foram queimados na Capital"}]},{"@type":"WebSite","@id":"https:\/\/nk7-testes.com.br\/agazeta\/#website","url":"https:\/\/nk7-testes.com.br\/agazeta\/","name":"Agazeta.net","description":"Agazeta.net - Not\u00edcias de Rio Branco\/AC","potentialAction":[{"@type":"SearchAction","target":{"@type":"EntryPoint","urlTemplate":"https:\/\/nk7-testes.com.br\/agazeta\/?s={search_term_string}"},"query-input":{"@type":"PropertyValueSpecification","valueRequired":true,"valueName":"search_term_string"}}],"inLanguage":"pt-BR"},{"@type":"Person","@id":"https:\/\/nk7-testes.com.br\/agazeta\/#\/schema\/person\/6d6e25cb0435eb4a02fd44d30b4e3020","name":"Agazeta.Net","url":"https:\/\/nk7-testes.com.br\/agazeta\/author\/agazeta\/"}]}},"_links":{"self":[{"href":"https:\/\/nk7-testes.com.br\/agazeta\/wp-json\/wp\/v2\/posts\/24773","targetHints":{"allow":["GET"]}}],"collection":[{"href":"https:\/\/nk7-testes.com.br\/agazeta\/wp-json\/wp\/v2\/posts"}],"about":[{"href":"https:\/\/nk7-testes.com.br\/agazeta\/wp-json\/wp\/v2\/types\/post"}],"author":[{"embeddable":true,"href":"https:\/\/nk7-testes.com.br\/agazeta\/wp-json\/wp\/v2\/users\/4"}],"replies":[{"embeddable":true,"href":"https:\/\/nk7-testes.com.br\/agazeta\/wp-json\/wp\/v2\/comments?post=24773"}],"version-history":[{"count":0,"href":"https:\/\/nk7-testes.com.br\/agazeta\/wp-json\/wp\/v2\/posts\/24773\/revisions"}],"wp:featuredmedia":[{"embeddable":true,"href":"https:\/\/nk7-testes.com.br\/agazeta\/wp-json\/wp\/v2\/media\/24772"}],"wp:attachment":[{"href":"https:\/\/nk7-testes.com.br\/agazeta\/wp-json\/wp\/v2\/media?parent=24773"}],"wp:term":[{"taxonomy":"category","embeddable":true,"href":"https:\/\/nk7-testes.com.br\/agazeta\/wp-json\/wp\/v2\/categories?post=24773"},{"taxonomy":"post_tag","embeddable":true,"href":"https:\/\/nk7-testes.com.br\/agazeta\/wp-json\/wp\/v2\/tags?post=24773"}],"curies":[{"name":"wp","href":"https:\/\/api.w.org\/{rel}","templated":true}]}}