{"id":24753,"date":"2016-08-25T22:37:46","date_gmt":"2016-08-25T22:37:46","guid":{"rendered":"https:\/\/abarevegan.com.br\/index.php\/2016\/08\/25\/produtores-contam-prejuizos-por-causa-da-seca\/"},"modified":"2016-08-25T22:37:46","modified_gmt":"2016-08-25T22:37:46","slug":"produtores-contam-prejuizos-por-causa-da-seca","status":"publish","type":"post","link":"https:\/\/nk7-testes.com.br\/agazeta\/produtores-contam-prejuizos-por-causa-da-seca\/","title":{"rendered":"Produtores contam preju\u00edzos por causa da seca"},"content":{"rendered":"<p style=\"text-align: justify;\">\u201cComo \u00e9 que vou alimentar meus meninos?\u201d<\/p>\n<p style=\"text-align: justify;\">O agricultor Jos\u00e9 Ferreira tenta cuidar dos \u00fanicos p\u00e9s de macaxeira que restaram na propriedade que possui. Para manter a principal fonte de renda, uma casa de farinha, ele teve que comprar o produto de outras regi\u00f5es.<\/p>\n<p style=\"text-align: justify;\">Sem chuva h\u00e1 90 dias, os produtores da zona rural de Rio Branco amargam os preju\u00edzos. \u201cFiquei no preju\u00edzo porque eu n\u00e3o esperava, estou comprando a macaxeira porque na minha terra n\u00e3o est\u00e1 dando para colher. Fico triste, como \u00e9 que eu vou alimentar meus meninos?\u201d, lamentou o agricultor.<\/p>\n<p style=\"text-align: justify;\">Mesmo morando \u00e0s margens do Rio Acre, o produtor rural Edmir Evangelista n\u00e3o consegue captar a \u00e1gua por causa do baixo n\u00edvel. At\u00e9 o po\u00e7o est\u00e1 raso e a \u00e1gua est\u00e1 racionada. Resultado: as hortali\u00e7as est\u00e3o morrendo.<\/p>\n<p style=\"text-align: justify;\">No pomar, as frutas tamb\u00e9m secaram. \u201cA planta\u00e7\u00e3o a gente planta e t\u00e1 morrendo. Tenho um ro\u00e7ado que plantei e t\u00e1 todo morrendo. A \u00e1gua \u00e9 ouro, porque sem \u00e1gua ningu\u00e9m vive. (&#8230;) Tenho tr\u00eas po\u00e7os, est\u00e1 tudo seco. Estou dependendo agora do rio\u201d.<\/p>\n<p style=\"text-align: justify;\">O preju\u00edzo j\u00e1 \u00e9 sentido tamb\u00e9m nos mercados da cidade. Na Central de Abastecimento, alguns produtos est\u00e3o em falta e os pre\u00e7os dispararam. A saca com 20 quilos de lim\u00e3o, que at\u00e9 junho custava R$ 10, n\u00e3o sai por menos de R$ 100.<\/p>\n<p style=\"text-align: justify;\">A maior parte das frutas passou a ser importada. Al\u00e9m disso, escoar a produ\u00e7\u00e3o por meio do rio j\u00e1 n\u00e3o \u00e9 poss\u00edvel.<\/p>\n<p style=\"text-align: justify;\">\u201cA gente j\u00e1 tem falta de \u00e1gua para alguns produtos, como as frutas, lim\u00e3o que saiu de dez reais pra cem reais, o abacaxi que a gente quase n\u00e3o encontra&#8230; a melancia. As frutas s\u00e3o mais exigentes em quantidade de \u00e1gua, e essa quantidade de \u00e1gua est\u00e1 muito afetada nesse per\u00edodo de seca\u201d, explicou o Secret\u00e1rio de Agricultura de Rio Branco, Mario Jorge Fadell.<\/p>\n<p style=\"text-align: justify;\">A falta de chuva ainda deixa o ambiente mais prop\u00edcio para as queimadas que destroem florestas e planta\u00e7\u00f5es. Desde o in\u00edcio da semana, Rio Branco sofre com uma densa nuvem de fuma\u00e7a que afeta a sa\u00fade das pessoas.<\/p>\n","protected":false},"excerpt":{"rendered":"<p style=\"text-align: justify;\">\u201cComo \u00e9 que vou alimentar meus meninos?\u201d<\/p>\n","protected":false},"author":4,"featured_media":24752,"comment_status":"open","ping_status":"open","sticky":false,"template":"","format":"standard","meta":{"jnews-multi-image_gallery":[],"jnews_single_post":[],"jnews_primary_category":[],"jnews_social_meta":[],"jnews_review":[],"enable_review":"","type":"","name":"","summary":"","brand":"","sku":"","good":[],"bad":[],"score_override":"","override_value":"","rating":[],"price":[],"footnotes":""},"categories":[54],"tags":[],"class_list":["post-24753","post","type-post","status-publish","format-standard","has-post-thumbnail","hentry","category-cotidiano"],"yoast_head":"<!-- This site is optimized with the Yoast SEO plugin v26.5 - https:\/\/yoast.com\/wordpress\/plugins\/seo\/ -->\n<title>Produtores contam preju\u00edzos por causa da seca - Agazeta.net<\/title>\n<meta name=\"robots\" content=\"index, follow, max-snippet:-1, max-image-preview:large, max-video-preview:-1\" \/>\n<link rel=\"canonical\" href=\"https:\/\/nk7-testes.com.br\/agazeta\/produtores-contam-prejuizos-por-causa-da-seca\/\" \/>\n<meta property=\"og:locale\" content=\"pt_BR\" \/>\n<meta property=\"og:type\" content=\"article\" \/>\n<meta property=\"og:title\" content=\"Produtores contam preju\u00edzos por causa da seca - Agazeta.net\" \/>\n<meta property=\"og:description\" content=\"\u201cComo \u00e9 que vou alimentar meus meninos?\u201d\" \/>\n<meta property=\"og:url\" content=\"https:\/\/nk7-testes.com.br\/agazeta\/produtores-contam-prejuizos-por-causa-da-seca\/\" \/>\n<meta property=\"og:site_name\" content=\"Agazeta.net\" \/>\n<meta property=\"article:published_time\" content=\"2016-08-25T22:37:46+00:00\" \/>\n<meta property=\"og:image\" content=\"https:\/\/nk7-testes.com.br\/agazeta\/wp-content\/uploads\/2016\/08\/250816-cotidiano-seca-tvgazeta.jpg\" \/>\n\t<meta property=\"og:image:width\" content=\"458\" \/>\n\t<meta property=\"og:image:height\" content=\"340\" \/>\n\t<meta property=\"og:image:type\" content=\"image\/jpeg\" \/>\n<meta name=\"author\" content=\"Agazeta.Net\" \/>\n<meta name=\"twitter:card\" content=\"summary_large_image\" \/>\n<meta name=\"twitter:label1\" content=\"Escrito por\" \/>\n\t<meta name=\"twitter:data1\" content=\"Agazeta.Net\" \/>\n\t<meta name=\"twitter:label2\" content=\"Est. tempo de leitura\" \/>\n\t<meta name=\"twitter:data2\" content=\"2 minutos\" \/>\n<script type=\"application\/ld+json\" class=\"yoast-schema-graph\">{\"@context\":\"https:\/\/schema.org\",\"@graph\":[{\"@type\":\"WebPage\",\"@id\":\"https:\/\/nk7-testes.com.br\/agazeta\/produtores-contam-prejuizos-por-causa-da-seca\/\",\"url\":\"https:\/\/nk7-testes.com.br\/agazeta\/produtores-contam-prejuizos-por-causa-da-seca\/\",\"name\":\"Produtores contam preju\u00edzos por causa da seca - Agazeta.net\",\"isPartOf\":{\"@id\":\"https:\/\/nk7-testes.com.br\/agazeta\/#website\"},\"primaryImageOfPage\":{\"@id\":\"https:\/\/nk7-testes.com.br\/agazeta\/produtores-contam-prejuizos-por-causa-da-seca\/#primaryimage\"},\"image\":{\"@id\":\"https:\/\/nk7-testes.com.br\/agazeta\/produtores-contam-prejuizos-por-causa-da-seca\/#primaryimage\"},\"thumbnailUrl\":\"https:\/\/nk7-testes.com.br\/agazeta\/wp-content\/uploads\/2016\/08\/250816-cotidiano-seca-tvgazeta.jpg\",\"datePublished\":\"2016-08-25T22:37:46+00:00\",\"author\":{\"@id\":\"https:\/\/nk7-testes.com.br\/agazeta\/#\/schema\/person\/6d6e25cb0435eb4a02fd44d30b4e3020\"},\"breadcrumb\":{\"@id\":\"https:\/\/nk7-testes.com.br\/agazeta\/produtores-contam-prejuizos-por-causa-da-seca\/#breadcrumb\"},\"inLanguage\":\"pt-BR\",\"potentialAction\":[{\"@type\":\"ReadAction\",\"target\":[\"https:\/\/nk7-testes.com.br\/agazeta\/produtores-contam-prejuizos-por-causa-da-seca\/\"]}]},{\"@type\":\"ImageObject\",\"inLanguage\":\"pt-BR\",\"@id\":\"https:\/\/nk7-testes.com.br\/agazeta\/produtores-contam-prejuizos-por-causa-da-seca\/#primaryimage\",\"url\":\"https:\/\/nk7-testes.com.br\/agazeta\/wp-content\/uploads\/2016\/08\/250816-cotidiano-seca-tvgazeta.jpg\",\"contentUrl\":\"https:\/\/nk7-testes.com.br\/agazeta\/wp-content\/uploads\/2016\/08\/250816-cotidiano-seca-tvgazeta.jpg\",\"width\":458,\"height\":340,\"caption\":\"250816-cotidiano-seca-tvgazeta\"},{\"@type\":\"BreadcrumbList\",\"@id\":\"https:\/\/nk7-testes.com.br\/agazeta\/produtores-contam-prejuizos-por-causa-da-seca\/#breadcrumb\",\"itemListElement\":[{\"@type\":\"ListItem\",\"position\":1,\"name\":\"In\u00edcio\",\"item\":\"https:\/\/nk7-testes.com.br\/agazeta\/\"},{\"@type\":\"ListItem\",\"position\":2,\"name\":\"Produtores contam preju\u00edzos por causa da seca\"}]},{\"@type\":\"WebSite\",\"@id\":\"https:\/\/nk7-testes.com.br\/agazeta\/#website\",\"url\":\"https:\/\/nk7-testes.com.br\/agazeta\/\",\"name\":\"Agazeta.net\",\"description\":\"Agazeta.net - Not\u00edcias de Rio Branco\/AC\",\"potentialAction\":[{\"@type\":\"SearchAction\",\"target\":{\"@type\":\"EntryPoint\",\"urlTemplate\":\"https:\/\/nk7-testes.com.br\/agazeta\/?s={search_term_string}\"},\"query-input\":{\"@type\":\"PropertyValueSpecification\",\"valueRequired\":true,\"valueName\":\"search_term_string\"}}],\"inLanguage\":\"pt-BR\"},{\"@type\":\"Person\",\"@id\":\"https:\/\/nk7-testes.com.br\/agazeta\/#\/schema\/person\/6d6e25cb0435eb4a02fd44d30b4e3020\",\"name\":\"Agazeta.Net\",\"url\":\"https:\/\/nk7-testes.com.br\/agazeta\/author\/agazeta\/\"}]}<\/script>\n<!-- \/ Yoast SEO plugin. -->","yoast_head_json":{"title":"Produtores contam preju\u00edzos por causa da seca - Agazeta.net","robots":{"index":"index","follow":"follow","max-snippet":"max-snippet:-1","max-image-preview":"max-image-preview:large","max-video-preview":"max-video-preview:-1"},"canonical":"https:\/\/nk7-testes.com.br\/agazeta\/produtores-contam-prejuizos-por-causa-da-seca\/","og_locale":"pt_BR","og_type":"article","og_title":"Produtores contam preju\u00edzos por causa da seca - Agazeta.net","og_description":"\u201cComo \u00e9 que vou alimentar meus meninos?\u201d","og_url":"https:\/\/nk7-testes.com.br\/agazeta\/produtores-contam-prejuizos-por-causa-da-seca\/","og_site_name":"Agazeta.net","article_published_time":"2016-08-25T22:37:46+00:00","og_image":[{"width":458,"height":340,"url":"https:\/\/nk7-testes.com.br\/agazeta\/wp-content\/uploads\/2016\/08\/250816-cotidiano-seca-tvgazeta.jpg","type":"image\/jpeg"}],"author":"Agazeta.Net","twitter_card":"summary_large_image","twitter_misc":{"Escrito por":"Agazeta.Net","Est. tempo de leitura":"2 minutos"},"schema":{"@context":"https:\/\/schema.org","@graph":[{"@type":"WebPage","@id":"https:\/\/nk7-testes.com.br\/agazeta\/produtores-contam-prejuizos-por-causa-da-seca\/","url":"https:\/\/nk7-testes.com.br\/agazeta\/produtores-contam-prejuizos-por-causa-da-seca\/","name":"Produtores contam preju\u00edzos por causa da seca - Agazeta.net","isPartOf":{"@id":"https:\/\/nk7-testes.com.br\/agazeta\/#website"},"primaryImageOfPage":{"@id":"https:\/\/nk7-testes.com.br\/agazeta\/produtores-contam-prejuizos-por-causa-da-seca\/#primaryimage"},"image":{"@id":"https:\/\/nk7-testes.com.br\/agazeta\/produtores-contam-prejuizos-por-causa-da-seca\/#primaryimage"},"thumbnailUrl":"https:\/\/nk7-testes.com.br\/agazeta\/wp-content\/uploads\/2016\/08\/250816-cotidiano-seca-tvgazeta.jpg","datePublished":"2016-08-25T22:37:46+00:00","author":{"@id":"https:\/\/nk7-testes.com.br\/agazeta\/#\/schema\/person\/6d6e25cb0435eb4a02fd44d30b4e3020"},"breadcrumb":{"@id":"https:\/\/nk7-testes.com.br\/agazeta\/produtores-contam-prejuizos-por-causa-da-seca\/#breadcrumb"},"inLanguage":"pt-BR","potentialAction":[{"@type":"ReadAction","target":["https:\/\/nk7-testes.com.br\/agazeta\/produtores-contam-prejuizos-por-causa-da-seca\/"]}]},{"@type":"ImageObject","inLanguage":"pt-BR","@id":"https:\/\/nk7-testes.com.br\/agazeta\/produtores-contam-prejuizos-por-causa-da-seca\/#primaryimage","url":"https:\/\/nk7-testes.com.br\/agazeta\/wp-content\/uploads\/2016\/08\/250816-cotidiano-seca-tvgazeta.jpg","contentUrl":"https:\/\/nk7-testes.com.br\/agazeta\/wp-content\/uploads\/2016\/08\/250816-cotidiano-seca-tvgazeta.jpg","width":458,"height":340,"caption":"250816-cotidiano-seca-tvgazeta"},{"@type":"BreadcrumbList","@id":"https:\/\/nk7-testes.com.br\/agazeta\/produtores-contam-prejuizos-por-causa-da-seca\/#breadcrumb","itemListElement":[{"@type":"ListItem","position":1,"name":"In\u00edcio","item":"https:\/\/nk7-testes.com.br\/agazeta\/"},{"@type":"ListItem","position":2,"name":"Produtores contam preju\u00edzos por causa da seca"}]},{"@type":"WebSite","@id":"https:\/\/nk7-testes.com.br\/agazeta\/#website","url":"https:\/\/nk7-testes.com.br\/agazeta\/","name":"Agazeta.net","description":"Agazeta.net - Not\u00edcias de Rio Branco\/AC","potentialAction":[{"@type":"SearchAction","target":{"@type":"EntryPoint","urlTemplate":"https:\/\/nk7-testes.com.br\/agazeta\/?s={search_term_string}"},"query-input":{"@type":"PropertyValueSpecification","valueRequired":true,"valueName":"search_term_string"}}],"inLanguage":"pt-BR"},{"@type":"Person","@id":"https:\/\/nk7-testes.com.br\/agazeta\/#\/schema\/person\/6d6e25cb0435eb4a02fd44d30b4e3020","name":"Agazeta.Net","url":"https:\/\/nk7-testes.com.br\/agazeta\/author\/agazeta\/"}]}},"_links":{"self":[{"href":"https:\/\/nk7-testes.com.br\/agazeta\/wp-json\/wp\/v2\/posts\/24753","targetHints":{"allow":["GET"]}}],"collection":[{"href":"https:\/\/nk7-testes.com.br\/agazeta\/wp-json\/wp\/v2\/posts"}],"about":[{"href":"https:\/\/nk7-testes.com.br\/agazeta\/wp-json\/wp\/v2\/types\/post"}],"author":[{"embeddable":true,"href":"https:\/\/nk7-testes.com.br\/agazeta\/wp-json\/wp\/v2\/users\/4"}],"replies":[{"embeddable":true,"href":"https:\/\/nk7-testes.com.br\/agazeta\/wp-json\/wp\/v2\/comments?post=24753"}],"version-history":[{"count":0,"href":"https:\/\/nk7-testes.com.br\/agazeta\/wp-json\/wp\/v2\/posts\/24753\/revisions"}],"wp:featuredmedia":[{"embeddable":true,"href":"https:\/\/nk7-testes.com.br\/agazeta\/wp-json\/wp\/v2\/media\/24752"}],"wp:attachment":[{"href":"https:\/\/nk7-testes.com.br\/agazeta\/wp-json\/wp\/v2\/media?parent=24753"}],"wp:term":[{"taxonomy":"category","embeddable":true,"href":"https:\/\/nk7-testes.com.br\/agazeta\/wp-json\/wp\/v2\/categories?post=24753"},{"taxonomy":"post_tag","embeddable":true,"href":"https:\/\/nk7-testes.com.br\/agazeta\/wp-json\/wp\/v2\/tags?post=24753"}],"curies":[{"name":"wp","href":"https:\/\/api.w.org\/{rel}","templated":true}]}}