{"id":24715,"date":"2016-08-24T17:12:09","date_gmt":"2016-08-24T17:12:09","guid":{"rendered":"https:\/\/abarevegan.com.br\/index.php\/2016\/08\/24\/candidato-a-vereador-de-porto-acre-e-assassinado-ao-sair-de-casa\/"},"modified":"2016-08-24T17:12:09","modified_gmt":"2016-08-24T17:12:09","slug":"candidato-a-vereador-de-porto-acre-e-assassinado-ao-sair-de-casa","status":"publish","type":"post","link":"https:\/\/nk7-testes.com.br\/agazeta\/candidato-a-vereador-de-porto-acre-e-assassinado-ao-sair-de-casa\/","title":{"rendered":"Candidato a vereador de Porto Acre \u00e9 assassinado"},"content":{"rendered":"<p style=\"text-align: justify;\">Amigo acredita em morte encomendada<\/p>\n<p style=\"text-align: justify;\">Acusados de matarem candidato a vereador em Porto Acre mostraram que n\u00e3o est\u00e3o com medo de nada, chegaram \u00e0 fazenda da v\u00edtima de moto, sem capacete, dispararam quatro vezes contra o rosto de Elivaldo Santana, uma cena que foi assistida pelo funcion\u00e1rio da fazenda e de v\u00e1rios estudantes que estavam chegando \u00e0 escola na hora do crime. A escola fica em frente ao local do crime.<\/p>\n<p style=\"text-align: justify;\">Um v\u00eddeo, viralizado nas redes sociais, mostra Elivaldo Santana agonizando. O funcion\u00e1rio dele conta os detalhes do crime que chocou a comunidade do ramal do a\u00e7a\u00ed na Vila do V. Elivaldo era candidato a vereador pelo PSDB de Porto Acre, e foi morto na porteira da fazenda de sua propriedade.<\/p>\n<p style=\"text-align: justify;\">Eram seis horas da manh\u00e3 quando ele e um pe\u00e3o saiam pelo port\u00e3o principal. Quando o funcion\u00e1rio foi fechar a porteira, dois homens em uma moto se aproximaram e falaram com Elivaldo e depois dispararam quatro vezes. Em seguida os assassinos voltaram pelo ramal do A\u00e7a\u00ed abandonando a moto a beira da estrada.<\/p>\n<p style=\"text-align: justify;\">Segundo moradores da regi\u00e3o um carro preto foi visto no local e deu fuga a dupla de assassinos. A motocicleta tinha sido roubada um dia antes em Porto Acre. O produtor rural Ant\u00f4nio C\u00edcero, amigo da v\u00edtima disse que Elivaldo n\u00e3o tinha inimigos e n\u00e3o sabia se vinha sofrendo amea\u00e7as. \u201cEsse crime pode ter motiva\u00e7\u00e3o pol\u00edtica, Elivaldo tinha vit\u00f3ria certa nessa elei\u00e7\u00e3o\u201d, disse.<\/p>\n<p style=\"text-align: justify;\">A v\u00edtima de 35 anos era casada e tinha dois filhos, h\u00e1 dois anos morava no ramal do A\u00e7a\u00ed onde comprou uma fazenda. Nesse per\u00edodo conseguiu fazer amizade com os vizinhos e os moradores da vila do V, por isso, lan\u00e7ou seu nome para concorrer a uma das nove vagas da c\u00e2mara do munic\u00edpio.<\/p>\n<p style=\"text-align: justify;\">A fam\u00edlia muito abalada n\u00e3o quis falar com nossa equipe, mas em conversa reservada disse que quer uma investiga\u00e7\u00e3o r\u00e1pida para saber a verdadeira motiva\u00e7\u00e3o do crime e os respons\u00e1veis.<\/p>\n","protected":false},"excerpt":{"rendered":"<p style=\"text-align: justify;\">Amigo acredita em morte encomendada<\/p>\n","protected":false},"author":4,"featured_media":24714,"comment_status":"open","ping_status":"open","sticky":false,"template":"","format":"standard","meta":{"jnews-multi-image_gallery":[],"jnews_single_post":[],"jnews_primary_category":[],"jnews_social_meta":[],"jnews_review":[],"enable_review":"","type":"","name":"","summary":"","brand":"","sku":"","good":[],"bad":[],"score_override":"","override_value":"","rating":[],"price":[],"footnotes":""},"categories":[44],"tags":[],"class_list":["post-24715","post","type-post","status-publish","format-standard","has-post-thumbnail","hentry","category-policia"],"yoast_head":"<!-- This site is optimized with the Yoast SEO plugin v26.5 - https:\/\/yoast.com\/wordpress\/plugins\/seo\/ -->\n<title>Candidato a vereador de Porto Acre \u00e9 assassinado - Agazeta.net<\/title>\n<meta name=\"robots\" content=\"index, follow, max-snippet:-1, max-image-preview:large, max-video-preview:-1\" \/>\n<link rel=\"canonical\" href=\"https:\/\/nk7-testes.com.br\/agazeta\/candidato-a-vereador-de-porto-acre-e-assassinado-ao-sair-de-casa\/\" \/>\n<meta property=\"og:locale\" content=\"pt_BR\" \/>\n<meta property=\"og:type\" content=\"article\" \/>\n<meta property=\"og:title\" content=\"Candidato a vereador de Porto Acre \u00e9 assassinado - Agazeta.net\" \/>\n<meta property=\"og:description\" content=\"Amigo acredita em morte encomendada\" \/>\n<meta property=\"og:url\" content=\"https:\/\/nk7-testes.com.br\/agazeta\/candidato-a-vereador-de-porto-acre-e-assassinado-ao-sair-de-casa\/\" \/>\n<meta property=\"og:site_name\" content=\"Agazeta.net\" \/>\n<meta property=\"article:published_time\" content=\"2016-08-24T17:12:09+00:00\" \/>\n<meta property=\"og:image\" content=\"https:\/\/nk7-testes.com.br\/agazeta\/wp-content\/uploads\/2016\/08\/240816-policia-candidatommorto.jpg\" \/>\n\t<meta property=\"og:image:width\" content=\"458\" \/>\n\t<meta property=\"og:image:height\" content=\"340\" \/>\n\t<meta property=\"og:image:type\" content=\"image\/jpeg\" \/>\n<meta name=\"author\" content=\"Agazeta.Net\" \/>\n<meta name=\"twitter:card\" content=\"summary_large_image\" \/>\n<meta name=\"twitter:label1\" content=\"Escrito por\" \/>\n\t<meta name=\"twitter:data1\" content=\"Agazeta.Net\" \/>\n\t<meta name=\"twitter:label2\" content=\"Est. tempo de leitura\" \/>\n\t<meta name=\"twitter:data2\" content=\"2 minutos\" \/>\n<script type=\"application\/ld+json\" class=\"yoast-schema-graph\">{\"@context\":\"https:\/\/schema.org\",\"@graph\":[{\"@type\":\"WebPage\",\"@id\":\"https:\/\/nk7-testes.com.br\/agazeta\/candidato-a-vereador-de-porto-acre-e-assassinado-ao-sair-de-casa\/\",\"url\":\"https:\/\/nk7-testes.com.br\/agazeta\/candidato-a-vereador-de-porto-acre-e-assassinado-ao-sair-de-casa\/\",\"name\":\"Candidato a vereador de Porto Acre \u00e9 assassinado - Agazeta.net\",\"isPartOf\":{\"@id\":\"https:\/\/nk7-testes.com.br\/agazeta\/#website\"},\"primaryImageOfPage\":{\"@id\":\"https:\/\/nk7-testes.com.br\/agazeta\/candidato-a-vereador-de-porto-acre-e-assassinado-ao-sair-de-casa\/#primaryimage\"},\"image\":{\"@id\":\"https:\/\/nk7-testes.com.br\/agazeta\/candidato-a-vereador-de-porto-acre-e-assassinado-ao-sair-de-casa\/#primaryimage\"},\"thumbnailUrl\":\"https:\/\/nk7-testes.com.br\/agazeta\/wp-content\/uploads\/2016\/08\/240816-policia-candidatommorto.jpg\",\"datePublished\":\"2016-08-24T17:12:09+00:00\",\"author\":{\"@id\":\"https:\/\/nk7-testes.com.br\/agazeta\/#\/schema\/person\/6d6e25cb0435eb4a02fd44d30b4e3020\"},\"breadcrumb\":{\"@id\":\"https:\/\/nk7-testes.com.br\/agazeta\/candidato-a-vereador-de-porto-acre-e-assassinado-ao-sair-de-casa\/#breadcrumb\"},\"inLanguage\":\"pt-BR\",\"potentialAction\":[{\"@type\":\"ReadAction\",\"target\":[\"https:\/\/nk7-testes.com.br\/agazeta\/candidato-a-vereador-de-porto-acre-e-assassinado-ao-sair-de-casa\/\"]}]},{\"@type\":\"ImageObject\",\"inLanguage\":\"pt-BR\",\"@id\":\"https:\/\/nk7-testes.com.br\/agazeta\/candidato-a-vereador-de-porto-acre-e-assassinado-ao-sair-de-casa\/#primaryimage\",\"url\":\"https:\/\/nk7-testes.com.br\/agazeta\/wp-content\/uploads\/2016\/08\/240816-policia-candidatommorto.jpg\",\"contentUrl\":\"https:\/\/nk7-testes.com.br\/agazeta\/wp-content\/uploads\/2016\/08\/240816-policia-candidatommorto.jpg\",\"width\":458,\"height\":340,\"caption\":\"240816-policia-candidatommorto\"},{\"@type\":\"BreadcrumbList\",\"@id\":\"https:\/\/nk7-testes.com.br\/agazeta\/candidato-a-vereador-de-porto-acre-e-assassinado-ao-sair-de-casa\/#breadcrumb\",\"itemListElement\":[{\"@type\":\"ListItem\",\"position\":1,\"name\":\"In\u00edcio\",\"item\":\"https:\/\/nk7-testes.com.br\/agazeta\/\"},{\"@type\":\"ListItem\",\"position\":2,\"name\":\"Candidato a vereador de Porto Acre \u00e9 assassinado\"}]},{\"@type\":\"WebSite\",\"@id\":\"https:\/\/nk7-testes.com.br\/agazeta\/#website\",\"url\":\"https:\/\/nk7-testes.com.br\/agazeta\/\",\"name\":\"Agazeta.net\",\"description\":\"Agazeta.net - Not\u00edcias de Rio Branco\/AC\",\"potentialAction\":[{\"@type\":\"SearchAction\",\"target\":{\"@type\":\"EntryPoint\",\"urlTemplate\":\"https:\/\/nk7-testes.com.br\/agazeta\/?s={search_term_string}\"},\"query-input\":{\"@type\":\"PropertyValueSpecification\",\"valueRequired\":true,\"valueName\":\"search_term_string\"}}],\"inLanguage\":\"pt-BR\"},{\"@type\":\"Person\",\"@id\":\"https:\/\/nk7-testes.com.br\/agazeta\/#\/schema\/person\/6d6e25cb0435eb4a02fd44d30b4e3020\",\"name\":\"Agazeta.Net\",\"url\":\"https:\/\/nk7-testes.com.br\/agazeta\/author\/agazeta\/\"}]}<\/script>\n<!-- \/ Yoast SEO plugin. -->","yoast_head_json":{"title":"Candidato a vereador de Porto Acre \u00e9 assassinado - Agazeta.net","robots":{"index":"index","follow":"follow","max-snippet":"max-snippet:-1","max-image-preview":"max-image-preview:large","max-video-preview":"max-video-preview:-1"},"canonical":"https:\/\/nk7-testes.com.br\/agazeta\/candidato-a-vereador-de-porto-acre-e-assassinado-ao-sair-de-casa\/","og_locale":"pt_BR","og_type":"article","og_title":"Candidato a vereador de Porto Acre \u00e9 assassinado - Agazeta.net","og_description":"Amigo acredita em morte encomendada","og_url":"https:\/\/nk7-testes.com.br\/agazeta\/candidato-a-vereador-de-porto-acre-e-assassinado-ao-sair-de-casa\/","og_site_name":"Agazeta.net","article_published_time":"2016-08-24T17:12:09+00:00","og_image":[{"width":458,"height":340,"url":"https:\/\/nk7-testes.com.br\/agazeta\/wp-content\/uploads\/2016\/08\/240816-policia-candidatommorto.jpg","type":"image\/jpeg"}],"author":"Agazeta.Net","twitter_card":"summary_large_image","twitter_misc":{"Escrito por":"Agazeta.Net","Est. tempo de leitura":"2 minutos"},"schema":{"@context":"https:\/\/schema.org","@graph":[{"@type":"WebPage","@id":"https:\/\/nk7-testes.com.br\/agazeta\/candidato-a-vereador-de-porto-acre-e-assassinado-ao-sair-de-casa\/","url":"https:\/\/nk7-testes.com.br\/agazeta\/candidato-a-vereador-de-porto-acre-e-assassinado-ao-sair-de-casa\/","name":"Candidato a vereador de Porto Acre \u00e9 assassinado - Agazeta.net","isPartOf":{"@id":"https:\/\/nk7-testes.com.br\/agazeta\/#website"},"primaryImageOfPage":{"@id":"https:\/\/nk7-testes.com.br\/agazeta\/candidato-a-vereador-de-porto-acre-e-assassinado-ao-sair-de-casa\/#primaryimage"},"image":{"@id":"https:\/\/nk7-testes.com.br\/agazeta\/candidato-a-vereador-de-porto-acre-e-assassinado-ao-sair-de-casa\/#primaryimage"},"thumbnailUrl":"https:\/\/nk7-testes.com.br\/agazeta\/wp-content\/uploads\/2016\/08\/240816-policia-candidatommorto.jpg","datePublished":"2016-08-24T17:12:09+00:00","author":{"@id":"https:\/\/nk7-testes.com.br\/agazeta\/#\/schema\/person\/6d6e25cb0435eb4a02fd44d30b4e3020"},"breadcrumb":{"@id":"https:\/\/nk7-testes.com.br\/agazeta\/candidato-a-vereador-de-porto-acre-e-assassinado-ao-sair-de-casa\/#breadcrumb"},"inLanguage":"pt-BR","potentialAction":[{"@type":"ReadAction","target":["https:\/\/nk7-testes.com.br\/agazeta\/candidato-a-vereador-de-porto-acre-e-assassinado-ao-sair-de-casa\/"]}]},{"@type":"ImageObject","inLanguage":"pt-BR","@id":"https:\/\/nk7-testes.com.br\/agazeta\/candidato-a-vereador-de-porto-acre-e-assassinado-ao-sair-de-casa\/#primaryimage","url":"https:\/\/nk7-testes.com.br\/agazeta\/wp-content\/uploads\/2016\/08\/240816-policia-candidatommorto.jpg","contentUrl":"https:\/\/nk7-testes.com.br\/agazeta\/wp-content\/uploads\/2016\/08\/240816-policia-candidatommorto.jpg","width":458,"height":340,"caption":"240816-policia-candidatommorto"},{"@type":"BreadcrumbList","@id":"https:\/\/nk7-testes.com.br\/agazeta\/candidato-a-vereador-de-porto-acre-e-assassinado-ao-sair-de-casa\/#breadcrumb","itemListElement":[{"@type":"ListItem","position":1,"name":"In\u00edcio","item":"https:\/\/nk7-testes.com.br\/agazeta\/"},{"@type":"ListItem","position":2,"name":"Candidato a vereador de Porto Acre \u00e9 assassinado"}]},{"@type":"WebSite","@id":"https:\/\/nk7-testes.com.br\/agazeta\/#website","url":"https:\/\/nk7-testes.com.br\/agazeta\/","name":"Agazeta.net","description":"Agazeta.net - Not\u00edcias de Rio Branco\/AC","potentialAction":[{"@type":"SearchAction","target":{"@type":"EntryPoint","urlTemplate":"https:\/\/nk7-testes.com.br\/agazeta\/?s={search_term_string}"},"query-input":{"@type":"PropertyValueSpecification","valueRequired":true,"valueName":"search_term_string"}}],"inLanguage":"pt-BR"},{"@type":"Person","@id":"https:\/\/nk7-testes.com.br\/agazeta\/#\/schema\/person\/6d6e25cb0435eb4a02fd44d30b4e3020","name":"Agazeta.Net","url":"https:\/\/nk7-testes.com.br\/agazeta\/author\/agazeta\/"}]}},"_links":{"self":[{"href":"https:\/\/nk7-testes.com.br\/agazeta\/wp-json\/wp\/v2\/posts\/24715","targetHints":{"allow":["GET"]}}],"collection":[{"href":"https:\/\/nk7-testes.com.br\/agazeta\/wp-json\/wp\/v2\/posts"}],"about":[{"href":"https:\/\/nk7-testes.com.br\/agazeta\/wp-json\/wp\/v2\/types\/post"}],"author":[{"embeddable":true,"href":"https:\/\/nk7-testes.com.br\/agazeta\/wp-json\/wp\/v2\/users\/4"}],"replies":[{"embeddable":true,"href":"https:\/\/nk7-testes.com.br\/agazeta\/wp-json\/wp\/v2\/comments?post=24715"}],"version-history":[{"count":0,"href":"https:\/\/nk7-testes.com.br\/agazeta\/wp-json\/wp\/v2\/posts\/24715\/revisions"}],"wp:featuredmedia":[{"embeddable":true,"href":"https:\/\/nk7-testes.com.br\/agazeta\/wp-json\/wp\/v2\/media\/24714"}],"wp:attachment":[{"href":"https:\/\/nk7-testes.com.br\/agazeta\/wp-json\/wp\/v2\/media?parent=24715"}],"wp:term":[{"taxonomy":"category","embeddable":true,"href":"https:\/\/nk7-testes.com.br\/agazeta\/wp-json\/wp\/v2\/categories?post=24715"},{"taxonomy":"post_tag","embeddable":true,"href":"https:\/\/nk7-testes.com.br\/agazeta\/wp-json\/wp\/v2\/tags?post=24715"}],"curies":[{"name":"wp","href":"https:\/\/api.w.org\/{rel}","templated":true}]}}