{"id":24692,"date":"2016-08-23T21:17:39","date_gmt":"2016-08-23T21:17:39","guid":{"rendered":"https:\/\/abarevegan.com.br\/index.php\/2016\/08\/23\/ibge-aponta-aumento-de-desemprego-no-acre\/"},"modified":"2016-08-23T21:17:39","modified_gmt":"2016-08-23T21:17:39","slug":"ibge-aponta-aumento-de-desemprego-no-acre","status":"publish","type":"post","link":"https:\/\/nk7-testes.com.br\/agazeta\/ibge-aponta-aumento-de-desemprego-no-acre\/","title":{"rendered":"IBGE aponta aumento de desemprego no Acre"},"content":{"rendered":"<p style=\"text-align: justify;\">Capital: desocupa\u00e7\u00e3o maior que a m\u00e9dia nacional<\/p>\n<p style=\"text-align: justify;\">Nas \u00faltimas pesquisas do Instituto Brasileiro de Geografia e Estat\u00edstica (IBGE) a taxa de desemprego no Acre se apresentava est\u00e1vel, no entanto, os indicadores mudaram essa semana com a divulga\u00e7\u00e3o de mais um levantamento. A taxa de desemprego no estado era 8,7% at\u00e9 mar\u00e7o desse ano, no final de junho chegou a 11% uma diferen\u00e7a de 2,3%.<\/p>\n<p style=\"text-align: justify;\">A outra margem da pesquisa revela que nos \u00faltimos tr\u00eas meses 4,2% dos trabalhadores perderam seus postos de trabalho. Os principais grupos de desempregados v\u00eam da \u00e1rea rural, setores importantes para a economia, como agricultura, pesca e pecu\u00e1ria, demitiram quase 5% dos trabalhadores at\u00e9 junho, em seguida vem os servi\u00e7os dom\u00e9sticos.<\/p>\n<p style=\"text-align: justify;\">Na escala, o munic\u00edpio que mais preocupa \u00e9 Rio Branco. A m\u00e9dia da Capital \u00e9 maior que e m\u00e9dia nacional. No Brasil, a estimativa de desocupa\u00e7\u00e3o fechou em 11,3% j\u00e1 Rio Branco 13,2%.<\/p>\n<p style=\"text-align: justify;\">Nos \u00faltimos tr\u00eas meses, o desemprego aumentou 3,3% na Capital, n\u00fameros mostram que n\u00e3o ser\u00e1 f\u00e1cil \u00e0 recupera\u00e7\u00e3o, j\u00e1 que estamos falando de um Estado que pouco produz e que perdeu um dos principais meios de gera\u00e7\u00e3o de emprego: a constru\u00e7\u00e3o civil.<\/p>\n<p style=\"text-align: justify;\">Em junho do ano passado, o setor de constru\u00e7\u00e3o apresentou estimativa de desemprego em torno de 14%. Em 2016, foi para 21%, quase 50% dos postos de trabalho desapareceram com o fim e paralisa\u00e7\u00e3o de muitas obras p\u00fablicas.<\/p>\n<p style=\"text-align: justify;\">Os pesquisadores do IBGE avaliam que os n\u00fameros \u201cmaiores\u201d em Rio Branco seguem um processo natural. \u00c9 na Capital que se concentra o maior n\u00famero de vagas abertas no mercado, com a crise econ\u00f4mica ela sente mais.<\/p>\n<p style=\"text-align: justify;\">Segundo a coordenadora pesquisa do IBGE, Lara Esteves, houve uma mudan\u00e7a nos gr\u00e1ficos que apontam o crescimento do desemprego no estado, o que ainda n\u00e3o tinha sido identificado nos levantamentos anteriores.<\/p>\n<p style=\"text-align: justify;\">\u201cPor isso essa pesquisa \u00e9 divulgada a cada tr\u00eas meses. Assim, os gestores p\u00fablicos podem conhecer como anda o quadro de emprego em cada regi\u00e3o\u201d, completou.<\/p>\n<p style=\"text-align: justify;\">Com as taxas de desemprego aumentando existe uma migra\u00e7\u00e3o para o mercado informal e os chamados bicos, que s\u00e3o os pequenos servi\u00e7os.<\/p>\n","protected":false},"excerpt":{"rendered":"<p style=\"text-align: justify;\">Capital: desocupa\u00e7\u00e3o maior que a m\u00e9dia nacional<\/p>\n","protected":false},"author":4,"featured_media":24691,"comment_status":"open","ping_status":"open","sticky":false,"template":"","format":"standard","meta":{"jnews-multi-image_gallery":[],"jnews_single_post":[],"jnews_primary_category":[],"jnews_social_meta":[],"jnews_review":[],"enable_review":"","type":"","name":"","summary":"","brand":"","sku":"","good":[],"bad":[],"score_override":"","override_value":"","rating":[],"price":[],"footnotes":""},"categories":[54],"tags":[],"class_list":["post-24692","post","type-post","status-publish","format-standard","has-post-thumbnail","hentry","category-cotidiano"],"yoast_head":"<!-- This site is optimized with the Yoast SEO plugin v26.5 - https:\/\/yoast.com\/wordpress\/plugins\/seo\/ -->\n<title>IBGE aponta aumento de desemprego no Acre - Agazeta.net<\/title>\n<meta name=\"robots\" content=\"index, follow, max-snippet:-1, max-image-preview:large, max-video-preview:-1\" \/>\n<link rel=\"canonical\" href=\"https:\/\/nk7-testes.com.br\/agazeta\/ibge-aponta-aumento-de-desemprego-no-acre\/\" \/>\n<meta property=\"og:locale\" content=\"pt_BR\" \/>\n<meta property=\"og:type\" content=\"article\" \/>\n<meta property=\"og:title\" content=\"IBGE aponta aumento de desemprego no Acre - Agazeta.net\" \/>\n<meta property=\"og:description\" content=\"Capital: desocupa\u00e7\u00e3o maior que a m\u00e9dia nacional\" \/>\n<meta property=\"og:url\" content=\"https:\/\/nk7-testes.com.br\/agazeta\/ibge-aponta-aumento-de-desemprego-no-acre\/\" \/>\n<meta property=\"og:site_name\" content=\"Agazeta.net\" \/>\n<meta property=\"article:published_time\" content=\"2016-08-23T21:17:39+00:00\" \/>\n<meta property=\"og:image\" content=\"https:\/\/nk7-testes.com.br\/agazeta\/wp-content\/uploads\/2016\/08\/230816-cotidiano-ibge-tvgazeta.jpg\" \/>\n\t<meta property=\"og:image:width\" content=\"458\" \/>\n\t<meta property=\"og:image:height\" content=\"340\" \/>\n\t<meta property=\"og:image:type\" content=\"image\/jpeg\" \/>\n<meta name=\"author\" content=\"Agazeta.Net\" \/>\n<meta name=\"twitter:card\" content=\"summary_large_image\" \/>\n<meta name=\"twitter:label1\" content=\"Escrito por\" \/>\n\t<meta name=\"twitter:data1\" content=\"Agazeta.Net\" \/>\n\t<meta name=\"twitter:label2\" content=\"Est. tempo de leitura\" \/>\n\t<meta name=\"twitter:data2\" content=\"2 minutos\" \/>\n<script type=\"application\/ld+json\" class=\"yoast-schema-graph\">{\"@context\":\"https:\/\/schema.org\",\"@graph\":[{\"@type\":\"WebPage\",\"@id\":\"https:\/\/nk7-testes.com.br\/agazeta\/ibge-aponta-aumento-de-desemprego-no-acre\/\",\"url\":\"https:\/\/nk7-testes.com.br\/agazeta\/ibge-aponta-aumento-de-desemprego-no-acre\/\",\"name\":\"IBGE aponta aumento de desemprego no Acre - Agazeta.net\",\"isPartOf\":{\"@id\":\"https:\/\/nk7-testes.com.br\/agazeta\/#website\"},\"primaryImageOfPage\":{\"@id\":\"https:\/\/nk7-testes.com.br\/agazeta\/ibge-aponta-aumento-de-desemprego-no-acre\/#primaryimage\"},\"image\":{\"@id\":\"https:\/\/nk7-testes.com.br\/agazeta\/ibge-aponta-aumento-de-desemprego-no-acre\/#primaryimage\"},\"thumbnailUrl\":\"https:\/\/nk7-testes.com.br\/agazeta\/wp-content\/uploads\/2016\/08\/230816-cotidiano-ibge-tvgazeta.jpg\",\"datePublished\":\"2016-08-23T21:17:39+00:00\",\"author\":{\"@id\":\"https:\/\/nk7-testes.com.br\/agazeta\/#\/schema\/person\/6d6e25cb0435eb4a02fd44d30b4e3020\"},\"breadcrumb\":{\"@id\":\"https:\/\/nk7-testes.com.br\/agazeta\/ibge-aponta-aumento-de-desemprego-no-acre\/#breadcrumb\"},\"inLanguage\":\"pt-BR\",\"potentialAction\":[{\"@type\":\"ReadAction\",\"target\":[\"https:\/\/nk7-testes.com.br\/agazeta\/ibge-aponta-aumento-de-desemprego-no-acre\/\"]}]},{\"@type\":\"ImageObject\",\"inLanguage\":\"pt-BR\",\"@id\":\"https:\/\/nk7-testes.com.br\/agazeta\/ibge-aponta-aumento-de-desemprego-no-acre\/#primaryimage\",\"url\":\"https:\/\/nk7-testes.com.br\/agazeta\/wp-content\/uploads\/2016\/08\/230816-cotidiano-ibge-tvgazeta.jpg\",\"contentUrl\":\"https:\/\/nk7-testes.com.br\/agazeta\/wp-content\/uploads\/2016\/08\/230816-cotidiano-ibge-tvgazeta.jpg\",\"width\":458,\"height\":340,\"caption\":\"230816-cotidiano-ibge-tvgazeta\"},{\"@type\":\"BreadcrumbList\",\"@id\":\"https:\/\/nk7-testes.com.br\/agazeta\/ibge-aponta-aumento-de-desemprego-no-acre\/#breadcrumb\",\"itemListElement\":[{\"@type\":\"ListItem\",\"position\":1,\"name\":\"In\u00edcio\",\"item\":\"https:\/\/nk7-testes.com.br\/agazeta\/\"},{\"@type\":\"ListItem\",\"position\":2,\"name\":\"IBGE aponta aumento de desemprego no Acre\"}]},{\"@type\":\"WebSite\",\"@id\":\"https:\/\/nk7-testes.com.br\/agazeta\/#website\",\"url\":\"https:\/\/nk7-testes.com.br\/agazeta\/\",\"name\":\"Agazeta.net\",\"description\":\"Agazeta.net - Not\u00edcias de Rio Branco\/AC\",\"potentialAction\":[{\"@type\":\"SearchAction\",\"target\":{\"@type\":\"EntryPoint\",\"urlTemplate\":\"https:\/\/nk7-testes.com.br\/agazeta\/?s={search_term_string}\"},\"query-input\":{\"@type\":\"PropertyValueSpecification\",\"valueRequired\":true,\"valueName\":\"search_term_string\"}}],\"inLanguage\":\"pt-BR\"},{\"@type\":\"Person\",\"@id\":\"https:\/\/nk7-testes.com.br\/agazeta\/#\/schema\/person\/6d6e25cb0435eb4a02fd44d30b4e3020\",\"name\":\"Agazeta.Net\",\"url\":\"https:\/\/nk7-testes.com.br\/agazeta\/author\/agazeta\/\"}]}<\/script>\n<!-- \/ Yoast SEO plugin. -->","yoast_head_json":{"title":"IBGE aponta aumento de desemprego no Acre - Agazeta.net","robots":{"index":"index","follow":"follow","max-snippet":"max-snippet:-1","max-image-preview":"max-image-preview:large","max-video-preview":"max-video-preview:-1"},"canonical":"https:\/\/nk7-testes.com.br\/agazeta\/ibge-aponta-aumento-de-desemprego-no-acre\/","og_locale":"pt_BR","og_type":"article","og_title":"IBGE aponta aumento de desemprego no Acre - Agazeta.net","og_description":"Capital: desocupa\u00e7\u00e3o maior que a m\u00e9dia nacional","og_url":"https:\/\/nk7-testes.com.br\/agazeta\/ibge-aponta-aumento-de-desemprego-no-acre\/","og_site_name":"Agazeta.net","article_published_time":"2016-08-23T21:17:39+00:00","og_image":[{"width":458,"height":340,"url":"https:\/\/nk7-testes.com.br\/agazeta\/wp-content\/uploads\/2016\/08\/230816-cotidiano-ibge-tvgazeta.jpg","type":"image\/jpeg"}],"author":"Agazeta.Net","twitter_card":"summary_large_image","twitter_misc":{"Escrito por":"Agazeta.Net","Est. tempo de leitura":"2 minutos"},"schema":{"@context":"https:\/\/schema.org","@graph":[{"@type":"WebPage","@id":"https:\/\/nk7-testes.com.br\/agazeta\/ibge-aponta-aumento-de-desemprego-no-acre\/","url":"https:\/\/nk7-testes.com.br\/agazeta\/ibge-aponta-aumento-de-desemprego-no-acre\/","name":"IBGE aponta aumento de desemprego no Acre - Agazeta.net","isPartOf":{"@id":"https:\/\/nk7-testes.com.br\/agazeta\/#website"},"primaryImageOfPage":{"@id":"https:\/\/nk7-testes.com.br\/agazeta\/ibge-aponta-aumento-de-desemprego-no-acre\/#primaryimage"},"image":{"@id":"https:\/\/nk7-testes.com.br\/agazeta\/ibge-aponta-aumento-de-desemprego-no-acre\/#primaryimage"},"thumbnailUrl":"https:\/\/nk7-testes.com.br\/agazeta\/wp-content\/uploads\/2016\/08\/230816-cotidiano-ibge-tvgazeta.jpg","datePublished":"2016-08-23T21:17:39+00:00","author":{"@id":"https:\/\/nk7-testes.com.br\/agazeta\/#\/schema\/person\/6d6e25cb0435eb4a02fd44d30b4e3020"},"breadcrumb":{"@id":"https:\/\/nk7-testes.com.br\/agazeta\/ibge-aponta-aumento-de-desemprego-no-acre\/#breadcrumb"},"inLanguage":"pt-BR","potentialAction":[{"@type":"ReadAction","target":["https:\/\/nk7-testes.com.br\/agazeta\/ibge-aponta-aumento-de-desemprego-no-acre\/"]}]},{"@type":"ImageObject","inLanguage":"pt-BR","@id":"https:\/\/nk7-testes.com.br\/agazeta\/ibge-aponta-aumento-de-desemprego-no-acre\/#primaryimage","url":"https:\/\/nk7-testes.com.br\/agazeta\/wp-content\/uploads\/2016\/08\/230816-cotidiano-ibge-tvgazeta.jpg","contentUrl":"https:\/\/nk7-testes.com.br\/agazeta\/wp-content\/uploads\/2016\/08\/230816-cotidiano-ibge-tvgazeta.jpg","width":458,"height":340,"caption":"230816-cotidiano-ibge-tvgazeta"},{"@type":"BreadcrumbList","@id":"https:\/\/nk7-testes.com.br\/agazeta\/ibge-aponta-aumento-de-desemprego-no-acre\/#breadcrumb","itemListElement":[{"@type":"ListItem","position":1,"name":"In\u00edcio","item":"https:\/\/nk7-testes.com.br\/agazeta\/"},{"@type":"ListItem","position":2,"name":"IBGE aponta aumento de desemprego no Acre"}]},{"@type":"WebSite","@id":"https:\/\/nk7-testes.com.br\/agazeta\/#website","url":"https:\/\/nk7-testes.com.br\/agazeta\/","name":"Agazeta.net","description":"Agazeta.net - Not\u00edcias de Rio Branco\/AC","potentialAction":[{"@type":"SearchAction","target":{"@type":"EntryPoint","urlTemplate":"https:\/\/nk7-testes.com.br\/agazeta\/?s={search_term_string}"},"query-input":{"@type":"PropertyValueSpecification","valueRequired":true,"valueName":"search_term_string"}}],"inLanguage":"pt-BR"},{"@type":"Person","@id":"https:\/\/nk7-testes.com.br\/agazeta\/#\/schema\/person\/6d6e25cb0435eb4a02fd44d30b4e3020","name":"Agazeta.Net","url":"https:\/\/nk7-testes.com.br\/agazeta\/author\/agazeta\/"}]}},"_links":{"self":[{"href":"https:\/\/nk7-testes.com.br\/agazeta\/wp-json\/wp\/v2\/posts\/24692","targetHints":{"allow":["GET"]}}],"collection":[{"href":"https:\/\/nk7-testes.com.br\/agazeta\/wp-json\/wp\/v2\/posts"}],"about":[{"href":"https:\/\/nk7-testes.com.br\/agazeta\/wp-json\/wp\/v2\/types\/post"}],"author":[{"embeddable":true,"href":"https:\/\/nk7-testes.com.br\/agazeta\/wp-json\/wp\/v2\/users\/4"}],"replies":[{"embeddable":true,"href":"https:\/\/nk7-testes.com.br\/agazeta\/wp-json\/wp\/v2\/comments?post=24692"}],"version-history":[{"count":0,"href":"https:\/\/nk7-testes.com.br\/agazeta\/wp-json\/wp\/v2\/posts\/24692\/revisions"}],"wp:featuredmedia":[{"embeddable":true,"href":"https:\/\/nk7-testes.com.br\/agazeta\/wp-json\/wp\/v2\/media\/24691"}],"wp:attachment":[{"href":"https:\/\/nk7-testes.com.br\/agazeta\/wp-json\/wp\/v2\/media?parent=24692"}],"wp:term":[{"taxonomy":"category","embeddable":true,"href":"https:\/\/nk7-testes.com.br\/agazeta\/wp-json\/wp\/v2\/categories?post=24692"},{"taxonomy":"post_tag","embeddable":true,"href":"https:\/\/nk7-testes.com.br\/agazeta\/wp-json\/wp\/v2\/tags?post=24692"}],"curies":[{"name":"wp","href":"https:\/\/api.w.org\/{rel}","templated":true}]}}