{"id":24684,"date":"2016-08-23T16:01:56","date_gmt":"2016-08-23T16:01:56","guid":{"rendered":"https:\/\/abarevegan.com.br\/index.php\/2016\/08\/23\/ufac-sedia-6-forum-de-reitores-do-norte\/"},"modified":"2016-08-23T16:01:56","modified_gmt":"2016-08-23T16:01:56","slug":"ufac-sedia-6-forum-de-reitores-do-norte","status":"publish","type":"post","link":"https:\/\/nk7-testes.com.br\/agazeta\/ufac-sedia-6-forum-de-reitores-do-norte\/","title":{"rendered":"Ufac sedia 6\u00ba F\u00f3rum de Reitores do Norte"},"content":{"rendered":"<p style=\"text-align: justify;\">Integra\u00e7\u00e3o para defesa de interesses comuns<\/p>\n<p style=\"text-align: justify;\">Reitores de universidades federais de toda a regi\u00e3o re\u00fanem-se em Rio Branco, na pr\u00f3xima quinta-feira, 25, para o 6\u00ba F\u00f3rum de Reitores das Institui\u00e7\u00f5es Federais de Ensino Superior da Regi\u00e3o Norte. O evento ocorre no campus sede da Universidade Federal do Acre (Ufac).<\/p>\n<p style=\"text-align: justify;\">Entre os objetivos do f\u00f3rum, est\u00e1 a busca por uma maior aproxima\u00e7\u00e3o entre as institui\u00e7\u00f5es e o aprimoramento de debates que levem \u00e0 elabora\u00e7\u00e3o de pol\u00edticas que viabilizem a defesa coletiva dos interesses locais.<\/p>\n<p style=\"text-align: justify;\">\u201cEsse f\u00f3rum \u00e9 um espa\u00e7o criado para que todos os representantes das universidades federais da regi\u00e3o possam trocar conhecimentos e experi\u00eancias\u201d, disse a vice-reitora da Ufac e coordenadora do evento, Guida Aquino. \u201cA ideia \u00e9 que, coletivamente, possamos colaborar para identifica\u00e7\u00e3o de problemas que enfrentamos, com sugest\u00f5es sobre como solucion\u00e1-los.\u201d<\/p>\n<p>Durante o f\u00f3rum, o professor Renato Franc\u00eas, da Universidade Federal do Sul e Sudeste do Par\u00e1 (Unifesspa), e o professor Adalberto Grassi, da Coordena\u00e7\u00e3o de Aperfei\u00e7oamento de Pessoal de N\u00edvel Superior (Capes), ir\u00e3o explanar sobre o \u201cPlano de Ci\u00eancia, Tecnologia e Inova\u00e7\u00e3o para o desenvolvimento da Amaz\u00f4nia Legal e fixa\u00e7\u00e3o de doutores na regi\u00e3o\u201d. Tamb\u00e9m haver\u00e1 uma rodada de debate com o secret\u00e1rio de Ensino Superior, Paulo Barone, com o tema \u201cMulticampia no contexto da Amaz\u00f4nia: financiamento e consolida\u00e7\u00e3o\u201d. <br \/>Inaugura\u00e7\u00e3o<\/p>\n<p style=\"text-align: justify;\">Como parte da programa\u00e7\u00e3o, os reitores v\u00e3o participar, \u00e0s 8h30, da inaugura\u00e7\u00e3o do Centro de Conven\u00e7\u00f5es da Ufac. Localizado ao lado do Teatro Universit\u00e1rio, o espa\u00e7o ser\u00e1 mais um ambiente para realiza\u00e7\u00e3o de eventos.<\/p>\n<p style=\"text-align: justify;\">O pr\u00e9dio de dois pavimentos tem uma \u00e1rea de exposi\u00e7\u00e3o de 2.400 metros quadrados, seis salas de audit\u00f3rio com capacidade para 90 pessoas cada, salas de apoio, \u00e1rea de recep\u00e7\u00e3o, banheiros e um estacionamento com via de acesso reservado para autoridades.<\/p>\n","protected":false},"excerpt":{"rendered":"<p style=\"text-align: justify;\">Integra\u00e7\u00e3o para defesa de interesses comuns<\/p>\n","protected":false},"author":4,"featured_media":22264,"comment_status":"open","ping_status":"open","sticky":false,"template":"","format":"standard","meta":{"jnews-multi-image_gallery":[],"jnews_single_post":[],"jnews_primary_category":[],"jnews_social_meta":[],"jnews_review":[],"enable_review":"","type":"","name":"","summary":"","brand":"","sku":"","good":[],"bad":[],"score_override":"","override_value":"","rating":[],"price":[],"footnotes":""},"categories":[54],"tags":[],"class_list":["post-24684","post","type-post","status-publish","format-standard","has-post-thumbnail","hentry","category-cotidiano"],"yoast_head":"<!-- This site is optimized with the Yoast SEO plugin v26.5 - https:\/\/yoast.com\/wordpress\/plugins\/seo\/ -->\n<title>Ufac sedia 6\u00ba F\u00f3rum de Reitores do Norte - Agazeta.net<\/title>\n<meta name=\"robots\" content=\"index, follow, max-snippet:-1, max-image-preview:large, max-video-preview:-1\" \/>\n<link rel=\"canonical\" href=\"https:\/\/nk7-testes.com.br\/agazeta\/ufac-sedia-6-forum-de-reitores-do-norte\/\" \/>\n<meta property=\"og:locale\" content=\"pt_BR\" \/>\n<meta property=\"og:type\" content=\"article\" \/>\n<meta property=\"og:title\" content=\"Ufac sedia 6\u00ba F\u00f3rum de Reitores do Norte - Agazeta.net\" \/>\n<meta property=\"og:description\" content=\"Integra\u00e7\u00e3o para defesa de interesses comuns\" \/>\n<meta property=\"og:url\" content=\"https:\/\/nk7-testes.com.br\/agazeta\/ufac-sedia-6-forum-de-reitores-do-norte\/\" \/>\n<meta property=\"og:site_name\" content=\"Agazeta.net\" \/>\n<meta property=\"article:published_time\" content=\"2016-08-23T16:01:56+00:00\" \/>\n<meta property=\"og:image\" content=\"https:\/\/nk7-testes.com.br\/agazeta\/wp-content\/uploads\/2016\/04\/200416-politica-minoru-ufac.jpeg\" \/>\n\t<meta property=\"og:image:width\" content=\"458\" \/>\n\t<meta property=\"og:image:height\" content=\"340\" \/>\n\t<meta property=\"og:image:type\" content=\"image\/jpeg\" \/>\n<meta name=\"author\" content=\"Agazeta.Net\" \/>\n<meta name=\"twitter:card\" content=\"summary_large_image\" \/>\n<meta name=\"twitter:label1\" content=\"Escrito por\" \/>\n\t<meta name=\"twitter:data1\" content=\"Agazeta.Net\" \/>\n\t<meta name=\"twitter:label2\" content=\"Est. tempo de leitura\" \/>\n\t<meta name=\"twitter:data2\" content=\"2 minutos\" \/>\n<script type=\"application\/ld+json\" class=\"yoast-schema-graph\">{\"@context\":\"https:\/\/schema.org\",\"@graph\":[{\"@type\":\"WebPage\",\"@id\":\"https:\/\/nk7-testes.com.br\/agazeta\/ufac-sedia-6-forum-de-reitores-do-norte\/\",\"url\":\"https:\/\/nk7-testes.com.br\/agazeta\/ufac-sedia-6-forum-de-reitores-do-norte\/\",\"name\":\"Ufac sedia 6\u00ba F\u00f3rum de Reitores do Norte - Agazeta.net\",\"isPartOf\":{\"@id\":\"https:\/\/nk7-testes.com.br\/agazeta\/#website\"},\"primaryImageOfPage\":{\"@id\":\"https:\/\/nk7-testes.com.br\/agazeta\/ufac-sedia-6-forum-de-reitores-do-norte\/#primaryimage\"},\"image\":{\"@id\":\"https:\/\/nk7-testes.com.br\/agazeta\/ufac-sedia-6-forum-de-reitores-do-norte\/#primaryimage\"},\"thumbnailUrl\":\"https:\/\/nk7-testes.com.br\/agazeta\/wp-content\/uploads\/2016\/04\/200416-politica-minoru-ufac.jpeg\",\"datePublished\":\"2016-08-23T16:01:56+00:00\",\"author\":{\"@id\":\"https:\/\/nk7-testes.com.br\/agazeta\/#\/schema\/person\/6d6e25cb0435eb4a02fd44d30b4e3020\"},\"breadcrumb\":{\"@id\":\"https:\/\/nk7-testes.com.br\/agazeta\/ufac-sedia-6-forum-de-reitores-do-norte\/#breadcrumb\"},\"inLanguage\":\"pt-BR\",\"potentialAction\":[{\"@type\":\"ReadAction\",\"target\":[\"https:\/\/nk7-testes.com.br\/agazeta\/ufac-sedia-6-forum-de-reitores-do-norte\/\"]}]},{\"@type\":\"ImageObject\",\"inLanguage\":\"pt-BR\",\"@id\":\"https:\/\/nk7-testes.com.br\/agazeta\/ufac-sedia-6-forum-de-reitores-do-norte\/#primaryimage\",\"url\":\"https:\/\/nk7-testes.com.br\/agazeta\/wp-content\/uploads\/2016\/04\/200416-politica-minoru-ufac.jpeg\",\"contentUrl\":\"https:\/\/nk7-testes.com.br\/agazeta\/wp-content\/uploads\/2016\/04\/200416-politica-minoru-ufac.jpeg\",\"width\":458,\"height\":340,\"caption\":\"200416-politica-minoru-ufac\"},{\"@type\":\"BreadcrumbList\",\"@id\":\"https:\/\/nk7-testes.com.br\/agazeta\/ufac-sedia-6-forum-de-reitores-do-norte\/#breadcrumb\",\"itemListElement\":[{\"@type\":\"ListItem\",\"position\":1,\"name\":\"In\u00edcio\",\"item\":\"https:\/\/nk7-testes.com.br\/agazeta\/\"},{\"@type\":\"ListItem\",\"position\":2,\"name\":\"Ufac sedia 6\u00ba F\u00f3rum de Reitores do Norte\"}]},{\"@type\":\"WebSite\",\"@id\":\"https:\/\/nk7-testes.com.br\/agazeta\/#website\",\"url\":\"https:\/\/nk7-testes.com.br\/agazeta\/\",\"name\":\"Agazeta.net\",\"description\":\"Agazeta.net - Not\u00edcias de Rio Branco\/AC\",\"potentialAction\":[{\"@type\":\"SearchAction\",\"target\":{\"@type\":\"EntryPoint\",\"urlTemplate\":\"https:\/\/nk7-testes.com.br\/agazeta\/?s={search_term_string}\"},\"query-input\":{\"@type\":\"PropertyValueSpecification\",\"valueRequired\":true,\"valueName\":\"search_term_string\"}}],\"inLanguage\":\"pt-BR\"},{\"@type\":\"Person\",\"@id\":\"https:\/\/nk7-testes.com.br\/agazeta\/#\/schema\/person\/6d6e25cb0435eb4a02fd44d30b4e3020\",\"name\":\"Agazeta.Net\",\"url\":\"https:\/\/nk7-testes.com.br\/agazeta\/author\/agazeta\/\"}]}<\/script>\n<!-- \/ Yoast SEO plugin. -->","yoast_head_json":{"title":"Ufac sedia 6\u00ba F\u00f3rum de Reitores do Norte - Agazeta.net","robots":{"index":"index","follow":"follow","max-snippet":"max-snippet:-1","max-image-preview":"max-image-preview:large","max-video-preview":"max-video-preview:-1"},"canonical":"https:\/\/nk7-testes.com.br\/agazeta\/ufac-sedia-6-forum-de-reitores-do-norte\/","og_locale":"pt_BR","og_type":"article","og_title":"Ufac sedia 6\u00ba F\u00f3rum de Reitores do Norte - Agazeta.net","og_description":"Integra\u00e7\u00e3o para defesa de interesses comuns","og_url":"https:\/\/nk7-testes.com.br\/agazeta\/ufac-sedia-6-forum-de-reitores-do-norte\/","og_site_name":"Agazeta.net","article_published_time":"2016-08-23T16:01:56+00:00","og_image":[{"width":458,"height":340,"url":"https:\/\/nk7-testes.com.br\/agazeta\/wp-content\/uploads\/2016\/04\/200416-politica-minoru-ufac.jpeg","type":"image\/jpeg"}],"author":"Agazeta.Net","twitter_card":"summary_large_image","twitter_misc":{"Escrito por":"Agazeta.Net","Est. tempo de leitura":"2 minutos"},"schema":{"@context":"https:\/\/schema.org","@graph":[{"@type":"WebPage","@id":"https:\/\/nk7-testes.com.br\/agazeta\/ufac-sedia-6-forum-de-reitores-do-norte\/","url":"https:\/\/nk7-testes.com.br\/agazeta\/ufac-sedia-6-forum-de-reitores-do-norte\/","name":"Ufac sedia 6\u00ba F\u00f3rum de Reitores do Norte - Agazeta.net","isPartOf":{"@id":"https:\/\/nk7-testes.com.br\/agazeta\/#website"},"primaryImageOfPage":{"@id":"https:\/\/nk7-testes.com.br\/agazeta\/ufac-sedia-6-forum-de-reitores-do-norte\/#primaryimage"},"image":{"@id":"https:\/\/nk7-testes.com.br\/agazeta\/ufac-sedia-6-forum-de-reitores-do-norte\/#primaryimage"},"thumbnailUrl":"https:\/\/nk7-testes.com.br\/agazeta\/wp-content\/uploads\/2016\/04\/200416-politica-minoru-ufac.jpeg","datePublished":"2016-08-23T16:01:56+00:00","author":{"@id":"https:\/\/nk7-testes.com.br\/agazeta\/#\/schema\/person\/6d6e25cb0435eb4a02fd44d30b4e3020"},"breadcrumb":{"@id":"https:\/\/nk7-testes.com.br\/agazeta\/ufac-sedia-6-forum-de-reitores-do-norte\/#breadcrumb"},"inLanguage":"pt-BR","potentialAction":[{"@type":"ReadAction","target":["https:\/\/nk7-testes.com.br\/agazeta\/ufac-sedia-6-forum-de-reitores-do-norte\/"]}]},{"@type":"ImageObject","inLanguage":"pt-BR","@id":"https:\/\/nk7-testes.com.br\/agazeta\/ufac-sedia-6-forum-de-reitores-do-norte\/#primaryimage","url":"https:\/\/nk7-testes.com.br\/agazeta\/wp-content\/uploads\/2016\/04\/200416-politica-minoru-ufac.jpeg","contentUrl":"https:\/\/nk7-testes.com.br\/agazeta\/wp-content\/uploads\/2016\/04\/200416-politica-minoru-ufac.jpeg","width":458,"height":340,"caption":"200416-politica-minoru-ufac"},{"@type":"BreadcrumbList","@id":"https:\/\/nk7-testes.com.br\/agazeta\/ufac-sedia-6-forum-de-reitores-do-norte\/#breadcrumb","itemListElement":[{"@type":"ListItem","position":1,"name":"In\u00edcio","item":"https:\/\/nk7-testes.com.br\/agazeta\/"},{"@type":"ListItem","position":2,"name":"Ufac sedia 6\u00ba F\u00f3rum de Reitores do Norte"}]},{"@type":"WebSite","@id":"https:\/\/nk7-testes.com.br\/agazeta\/#website","url":"https:\/\/nk7-testes.com.br\/agazeta\/","name":"Agazeta.net","description":"Agazeta.net - Not\u00edcias de Rio Branco\/AC","potentialAction":[{"@type":"SearchAction","target":{"@type":"EntryPoint","urlTemplate":"https:\/\/nk7-testes.com.br\/agazeta\/?s={search_term_string}"},"query-input":{"@type":"PropertyValueSpecification","valueRequired":true,"valueName":"search_term_string"}}],"inLanguage":"pt-BR"},{"@type":"Person","@id":"https:\/\/nk7-testes.com.br\/agazeta\/#\/schema\/person\/6d6e25cb0435eb4a02fd44d30b4e3020","name":"Agazeta.Net","url":"https:\/\/nk7-testes.com.br\/agazeta\/author\/agazeta\/"}]}},"_links":{"self":[{"href":"https:\/\/nk7-testes.com.br\/agazeta\/wp-json\/wp\/v2\/posts\/24684","targetHints":{"allow":["GET"]}}],"collection":[{"href":"https:\/\/nk7-testes.com.br\/agazeta\/wp-json\/wp\/v2\/posts"}],"about":[{"href":"https:\/\/nk7-testes.com.br\/agazeta\/wp-json\/wp\/v2\/types\/post"}],"author":[{"embeddable":true,"href":"https:\/\/nk7-testes.com.br\/agazeta\/wp-json\/wp\/v2\/users\/4"}],"replies":[{"embeddable":true,"href":"https:\/\/nk7-testes.com.br\/agazeta\/wp-json\/wp\/v2\/comments?post=24684"}],"version-history":[{"count":0,"href":"https:\/\/nk7-testes.com.br\/agazeta\/wp-json\/wp\/v2\/posts\/24684\/revisions"}],"wp:featuredmedia":[{"embeddable":true,"href":"https:\/\/nk7-testes.com.br\/agazeta\/wp-json\/wp\/v2\/media\/22264"}],"wp:attachment":[{"href":"https:\/\/nk7-testes.com.br\/agazeta\/wp-json\/wp\/v2\/media?parent=24684"}],"wp:term":[{"taxonomy":"category","embeddable":true,"href":"https:\/\/nk7-testes.com.br\/agazeta\/wp-json\/wp\/v2\/categories?post=24684"},{"taxonomy":"post_tag","embeddable":true,"href":"https:\/\/nk7-testes.com.br\/agazeta\/wp-json\/wp\/v2\/tags?post=24684"}],"curies":[{"name":"wp","href":"https:\/\/api.w.org\/{rel}","templated":true}]}}