{"id":24675,"date":"2016-08-23T13:34:25","date_gmt":"2016-08-23T13:34:25","guid":{"rendered":"https:\/\/abarevegan.com.br\/index.php\/2016\/08\/23\/fogo-destroi-alojamento-da-pousada-aquiry\/"},"modified":"2016-08-23T13:34:25","modified_gmt":"2016-08-23T13:34:25","slug":"fogo-destroi-alojamento-da-pousada-aquiry","status":"publish","type":"post","link":"https:\/\/nk7-testes.com.br\/agazeta\/fogo-destroi-alojamento-da-pousada-aquiry\/","title":{"rendered":"Fogo destr\u00f3i alojamento da Pousada Acre"},"content":{"rendered":"<p style=\"text-align: justify;\">N\u00e3o houve registro de feridos durante inc\u00eandio<\/p>\n<p style=\"text-align: justify;\">No in\u00edcio da noite desta segunda feira (22), um inc\u00eandio foi registrado no alojamento (A) da Pousada Acre, que fica localizada no conjunto Altamira regi\u00e3o do Apol\u00f4nio Sales. Segundo informa\u00e7\u00f5es da pol\u00edcia, na hora do inc\u00eandio havia cerca de 34 adolescentes dentro do alojamento.<\/p>\n<p style=\"text-align: justify;\">Todos foram retirados pelos agentes socioeducadores. Ningu\u00e9m ficou ferido. O Corpo de Bombeiros foi acionado. V\u00e1rias viaturas estiveram no local. As chamas foram rapidamente controladas pela equipe de militares, mas destruiu todo o alojamento.<\/p>\n<p style=\"text-align: justify;\">Policiais do Bope e militares foram acionados para manter a seguran\u00e7a da pousada e ajudar na transfer\u00eancia dos adolescentes para outras unidades. Segundo o presidente do Instituto Socioeducativo, Rafael Almeida, as causas do inc\u00eandio s\u00f3 ser\u00e3o divulgadas apos sair o resultado da per\u00edcia que vai ser feita no local.<\/p>\n<p style=\"text-align: justify;\">Segundo ele, ningu\u00e9m teria ficado ferido no inc\u00eandio.<\/p>\n","protected":false},"excerpt":{"rendered":"<p style=\"text-align: justify;\">N\u00e3o houve registro de feridos durante inc\u00eandio<\/p>\n","protected":false},"author":4,"featured_media":24674,"comment_status":"open","ping_status":"open","sticky":false,"template":"","format":"standard","meta":{"jnews-multi-image_gallery":[],"jnews_single_post":[],"jnews_primary_category":[],"jnews_social_meta":[],"jnews_review":[],"enable_review":"","type":"","name":"","summary":"","brand":"","sku":"","good":[],"bad":[],"score_override":"","override_value":"","rating":[],"price":[],"footnotes":""},"categories":[44],"tags":[],"class_list":["post-24675","post","type-post","status-publish","format-standard","has-post-thumbnail","hentry","category-policia"],"yoast_head":"<!-- This site is optimized with the Yoast SEO plugin v26.5 - https:\/\/yoast.com\/wordpress\/plugins\/seo\/ -->\n<title>Fogo destr\u00f3i alojamento da Pousada Acre - Agazeta.net<\/title>\n<meta name=\"robots\" content=\"index, follow, max-snippet:-1, max-image-preview:large, max-video-preview:-1\" \/>\n<link rel=\"canonical\" href=\"https:\/\/nk7-testes.com.br\/agazeta\/fogo-destroi-alojamento-da-pousada-aquiry\/\" \/>\n<meta property=\"og:locale\" content=\"pt_BR\" \/>\n<meta property=\"og:type\" content=\"article\" \/>\n<meta property=\"og:title\" content=\"Fogo destr\u00f3i alojamento da Pousada Acre - Agazeta.net\" \/>\n<meta property=\"og:description\" content=\"N\u00e3o houve registro de feridos durante inc\u00eandio\" \/>\n<meta property=\"og:url\" content=\"https:\/\/nk7-testes.com.br\/agazeta\/fogo-destroi-alojamento-da-pousada-aquiry\/\" \/>\n<meta property=\"og:site_name\" content=\"Agazeta.net\" \/>\n<meta property=\"article:published_time\" content=\"2016-08-23T13:34:25+00:00\" \/>\n<meta property=\"og:image\" content=\"https:\/\/nk7-testes.com.br\/agazeta\/wp-content\/uploads\/2016\/08\/230816-policia-incendiopousada-cleriston.jpg\" \/>\n\t<meta property=\"og:image:width\" content=\"458\" \/>\n\t<meta property=\"og:image:height\" content=\"340\" \/>\n\t<meta property=\"og:image:type\" content=\"image\/jpeg\" \/>\n<meta name=\"author\" content=\"Agazeta.Net\" \/>\n<meta name=\"twitter:card\" content=\"summary_large_image\" \/>\n<meta name=\"twitter:label1\" content=\"Escrito por\" \/>\n\t<meta name=\"twitter:data1\" content=\"Agazeta.Net\" \/>\n\t<meta name=\"twitter:label2\" content=\"Est. tempo de leitura\" \/>\n\t<meta name=\"twitter:data2\" content=\"1 minuto\" \/>\n<script type=\"application\/ld+json\" class=\"yoast-schema-graph\">{\"@context\":\"https:\/\/schema.org\",\"@graph\":[{\"@type\":\"WebPage\",\"@id\":\"https:\/\/nk7-testes.com.br\/agazeta\/fogo-destroi-alojamento-da-pousada-aquiry\/\",\"url\":\"https:\/\/nk7-testes.com.br\/agazeta\/fogo-destroi-alojamento-da-pousada-aquiry\/\",\"name\":\"Fogo destr\u00f3i alojamento da Pousada Acre - Agazeta.net\",\"isPartOf\":{\"@id\":\"https:\/\/nk7-testes.com.br\/agazeta\/#website\"},\"primaryImageOfPage\":{\"@id\":\"https:\/\/nk7-testes.com.br\/agazeta\/fogo-destroi-alojamento-da-pousada-aquiry\/#primaryimage\"},\"image\":{\"@id\":\"https:\/\/nk7-testes.com.br\/agazeta\/fogo-destroi-alojamento-da-pousada-aquiry\/#primaryimage\"},\"thumbnailUrl\":\"https:\/\/nk7-testes.com.br\/agazeta\/wp-content\/uploads\/2016\/08\/230816-policia-incendiopousada-cleriston.jpg\",\"datePublished\":\"2016-08-23T13:34:25+00:00\",\"author\":{\"@id\":\"https:\/\/nk7-testes.com.br\/agazeta\/#\/schema\/person\/6d6e25cb0435eb4a02fd44d30b4e3020\"},\"breadcrumb\":{\"@id\":\"https:\/\/nk7-testes.com.br\/agazeta\/fogo-destroi-alojamento-da-pousada-aquiry\/#breadcrumb\"},\"inLanguage\":\"pt-BR\",\"potentialAction\":[{\"@type\":\"ReadAction\",\"target\":[\"https:\/\/nk7-testes.com.br\/agazeta\/fogo-destroi-alojamento-da-pousada-aquiry\/\"]}]},{\"@type\":\"ImageObject\",\"inLanguage\":\"pt-BR\",\"@id\":\"https:\/\/nk7-testes.com.br\/agazeta\/fogo-destroi-alojamento-da-pousada-aquiry\/#primaryimage\",\"url\":\"https:\/\/nk7-testes.com.br\/agazeta\/wp-content\/uploads\/2016\/08\/230816-policia-incendiopousada-cleriston.jpg\",\"contentUrl\":\"https:\/\/nk7-testes.com.br\/agazeta\/wp-content\/uploads\/2016\/08\/230816-policia-incendiopousada-cleriston.jpg\",\"width\":458,\"height\":340,\"caption\":\"230816-policia-incendiopousada-cleriston\"},{\"@type\":\"BreadcrumbList\",\"@id\":\"https:\/\/nk7-testes.com.br\/agazeta\/fogo-destroi-alojamento-da-pousada-aquiry\/#breadcrumb\",\"itemListElement\":[{\"@type\":\"ListItem\",\"position\":1,\"name\":\"In\u00edcio\",\"item\":\"https:\/\/nk7-testes.com.br\/agazeta\/\"},{\"@type\":\"ListItem\",\"position\":2,\"name\":\"Fogo destr\u00f3i alojamento da Pousada Acre\"}]},{\"@type\":\"WebSite\",\"@id\":\"https:\/\/nk7-testes.com.br\/agazeta\/#website\",\"url\":\"https:\/\/nk7-testes.com.br\/agazeta\/\",\"name\":\"Agazeta.net\",\"description\":\"Agazeta.net - Not\u00edcias de Rio Branco\/AC\",\"potentialAction\":[{\"@type\":\"SearchAction\",\"target\":{\"@type\":\"EntryPoint\",\"urlTemplate\":\"https:\/\/nk7-testes.com.br\/agazeta\/?s={search_term_string}\"},\"query-input\":{\"@type\":\"PropertyValueSpecification\",\"valueRequired\":true,\"valueName\":\"search_term_string\"}}],\"inLanguage\":\"pt-BR\"},{\"@type\":\"Person\",\"@id\":\"https:\/\/nk7-testes.com.br\/agazeta\/#\/schema\/person\/6d6e25cb0435eb4a02fd44d30b4e3020\",\"name\":\"Agazeta.Net\",\"url\":\"https:\/\/nk7-testes.com.br\/agazeta\/author\/agazeta\/\"}]}<\/script>\n<!-- \/ Yoast SEO plugin. -->","yoast_head_json":{"title":"Fogo destr\u00f3i alojamento da Pousada Acre - Agazeta.net","robots":{"index":"index","follow":"follow","max-snippet":"max-snippet:-1","max-image-preview":"max-image-preview:large","max-video-preview":"max-video-preview:-1"},"canonical":"https:\/\/nk7-testes.com.br\/agazeta\/fogo-destroi-alojamento-da-pousada-aquiry\/","og_locale":"pt_BR","og_type":"article","og_title":"Fogo destr\u00f3i alojamento da Pousada Acre - Agazeta.net","og_description":"N\u00e3o houve registro de feridos durante inc\u00eandio","og_url":"https:\/\/nk7-testes.com.br\/agazeta\/fogo-destroi-alojamento-da-pousada-aquiry\/","og_site_name":"Agazeta.net","article_published_time":"2016-08-23T13:34:25+00:00","og_image":[{"width":458,"height":340,"url":"https:\/\/nk7-testes.com.br\/agazeta\/wp-content\/uploads\/2016\/08\/230816-policia-incendiopousada-cleriston.jpg","type":"image\/jpeg"}],"author":"Agazeta.Net","twitter_card":"summary_large_image","twitter_misc":{"Escrito por":"Agazeta.Net","Est. tempo de leitura":"1 minuto"},"schema":{"@context":"https:\/\/schema.org","@graph":[{"@type":"WebPage","@id":"https:\/\/nk7-testes.com.br\/agazeta\/fogo-destroi-alojamento-da-pousada-aquiry\/","url":"https:\/\/nk7-testes.com.br\/agazeta\/fogo-destroi-alojamento-da-pousada-aquiry\/","name":"Fogo destr\u00f3i alojamento da Pousada Acre - Agazeta.net","isPartOf":{"@id":"https:\/\/nk7-testes.com.br\/agazeta\/#website"},"primaryImageOfPage":{"@id":"https:\/\/nk7-testes.com.br\/agazeta\/fogo-destroi-alojamento-da-pousada-aquiry\/#primaryimage"},"image":{"@id":"https:\/\/nk7-testes.com.br\/agazeta\/fogo-destroi-alojamento-da-pousada-aquiry\/#primaryimage"},"thumbnailUrl":"https:\/\/nk7-testes.com.br\/agazeta\/wp-content\/uploads\/2016\/08\/230816-policia-incendiopousada-cleriston.jpg","datePublished":"2016-08-23T13:34:25+00:00","author":{"@id":"https:\/\/nk7-testes.com.br\/agazeta\/#\/schema\/person\/6d6e25cb0435eb4a02fd44d30b4e3020"},"breadcrumb":{"@id":"https:\/\/nk7-testes.com.br\/agazeta\/fogo-destroi-alojamento-da-pousada-aquiry\/#breadcrumb"},"inLanguage":"pt-BR","potentialAction":[{"@type":"ReadAction","target":["https:\/\/nk7-testes.com.br\/agazeta\/fogo-destroi-alojamento-da-pousada-aquiry\/"]}]},{"@type":"ImageObject","inLanguage":"pt-BR","@id":"https:\/\/nk7-testes.com.br\/agazeta\/fogo-destroi-alojamento-da-pousada-aquiry\/#primaryimage","url":"https:\/\/nk7-testes.com.br\/agazeta\/wp-content\/uploads\/2016\/08\/230816-policia-incendiopousada-cleriston.jpg","contentUrl":"https:\/\/nk7-testes.com.br\/agazeta\/wp-content\/uploads\/2016\/08\/230816-policia-incendiopousada-cleriston.jpg","width":458,"height":340,"caption":"230816-policia-incendiopousada-cleriston"},{"@type":"BreadcrumbList","@id":"https:\/\/nk7-testes.com.br\/agazeta\/fogo-destroi-alojamento-da-pousada-aquiry\/#breadcrumb","itemListElement":[{"@type":"ListItem","position":1,"name":"In\u00edcio","item":"https:\/\/nk7-testes.com.br\/agazeta\/"},{"@type":"ListItem","position":2,"name":"Fogo destr\u00f3i alojamento da Pousada Acre"}]},{"@type":"WebSite","@id":"https:\/\/nk7-testes.com.br\/agazeta\/#website","url":"https:\/\/nk7-testes.com.br\/agazeta\/","name":"Agazeta.net","description":"Agazeta.net - Not\u00edcias de Rio Branco\/AC","potentialAction":[{"@type":"SearchAction","target":{"@type":"EntryPoint","urlTemplate":"https:\/\/nk7-testes.com.br\/agazeta\/?s={search_term_string}"},"query-input":{"@type":"PropertyValueSpecification","valueRequired":true,"valueName":"search_term_string"}}],"inLanguage":"pt-BR"},{"@type":"Person","@id":"https:\/\/nk7-testes.com.br\/agazeta\/#\/schema\/person\/6d6e25cb0435eb4a02fd44d30b4e3020","name":"Agazeta.Net","url":"https:\/\/nk7-testes.com.br\/agazeta\/author\/agazeta\/"}]}},"_links":{"self":[{"href":"https:\/\/nk7-testes.com.br\/agazeta\/wp-json\/wp\/v2\/posts\/24675","targetHints":{"allow":["GET"]}}],"collection":[{"href":"https:\/\/nk7-testes.com.br\/agazeta\/wp-json\/wp\/v2\/posts"}],"about":[{"href":"https:\/\/nk7-testes.com.br\/agazeta\/wp-json\/wp\/v2\/types\/post"}],"author":[{"embeddable":true,"href":"https:\/\/nk7-testes.com.br\/agazeta\/wp-json\/wp\/v2\/users\/4"}],"replies":[{"embeddable":true,"href":"https:\/\/nk7-testes.com.br\/agazeta\/wp-json\/wp\/v2\/comments?post=24675"}],"version-history":[{"count":0,"href":"https:\/\/nk7-testes.com.br\/agazeta\/wp-json\/wp\/v2\/posts\/24675\/revisions"}],"wp:featuredmedia":[{"embeddable":true,"href":"https:\/\/nk7-testes.com.br\/agazeta\/wp-json\/wp\/v2\/media\/24674"}],"wp:attachment":[{"href":"https:\/\/nk7-testes.com.br\/agazeta\/wp-json\/wp\/v2\/media?parent=24675"}],"wp:term":[{"taxonomy":"category","embeddable":true,"href":"https:\/\/nk7-testes.com.br\/agazeta\/wp-json\/wp\/v2\/categories?post=24675"},{"taxonomy":"post_tag","embeddable":true,"href":"https:\/\/nk7-testes.com.br\/agazeta\/wp-json\/wp\/v2\/tags?post=24675"}],"curies":[{"name":"wp","href":"https:\/\/api.w.org\/{rel}","templated":true}]}}